{"id":63271,"date":"2024-07-23T12:34:15","date_gmt":"2024-07-23T10:34:15","guid":{"rendered":"https:\/\/bertsch-holzbau.eu\/blog\/jak-ulozyc-folie-epdm-na-dachach-domkow\/"},"modified":"2024-11-25T11:50:37","modified_gmt":"2024-11-25T10:50:37","slug":"cum-asez-membrana-epdm-pe-acoperisuri-de-cabana","status":"publish","type":"post","link":"https:\/\/bertsch-holzbau.eu\/ro\/blog\/cum-asez-membrana-epdm-pe-acoperisuri-de-cabana\/","title":{"rendered":"Cum a\u0219ez membrana EPDM pe acoperi\u0219uri de caban\u0103?"},"content":{"rendered":"\n<p class=\"wp-block-paragraph\">Membranele de acoperi\u0219 EPDM sunt ideale pentru impermeabilizarea acoperi\u0219urilor \u0219i func\u021bioneaz\u0103 bine nu numai pe acoperi\u0219uri plate, ci \u0219i pe acoperi\u0219uri \u00eenclinate. Este important s\u0103 re\u021bine\u021bi c\u0103, pe acoperi\u0219urile \u00eenclinate, suprafa\u021ba acoperi\u0219ului trebuie preg\u0103tit\u0103 \u0219i trebuie utilizate metode de fixare adecvate pentru a v\u0103 asigura c\u0103 membrana nu se mi\u0219c\u0103 \u0219i r\u0103m\u00e2ne pe pozi\u021bie.<\/p>\n\n\n\n<h2 class=\"wp-block-heading\">Instalarea unei membrane EPDM pentru acoperi\u0219: cum pot s\u0103 o fac singur?<\/h2>\n\n\n\n<p class=\"wp-block-paragraph\">Membranele de acoperi\u0219 EPDM sunt un material din ce \u00een ce mai popular pentru impermeabilizarea acoperi\u0219urilor plate, iar instalarea nu ar trebui s\u0103 fie deosebit de dificil\u0103. Membranele de acoperi\u0219 EPDM sunt, de asemenea, cunoscute pentru durabilitatea lor. Mai jos vom explica pas cu pas punctele cheie ale instal\u0103rii membranelor de acoperi\u0219 EPDM pe acoperi\u0219urile \u0219oproanelor de gr\u0103din\u0103.(acoperi\u0219ul \u0219oproanelor)<\/p>\n\n\n\n<h2 class=\"wp-block-heading\">Preg\u0103tirea pentru a\u0219ezarea unei membrane EPDM pentru acoperi\u0219<\/h2>\n\n\n\n<p class=\"wp-block-paragraph\">\u00cenainte de a \u00eencepe a\u0219ezarea membranei de acoperi\u0219, trebuie s\u0103 v\u0103 asigura\u021bi cu \u00eembr\u0103c\u0103minte de lucru adecvat\u0103. M\u0103nu\u0219ile de lucru sunt esen\u021biale. De asemenea, asigura\u021bi-v\u0103 c\u0103 ave\u021bi accesoriile necesare, inclusiv: echipament de cur\u0103\u021bare a acoperi\u0219ului, adeziv.<\/p>\n\n\n\n<h3 class=\"wp-block-heading\">Cur\u0103\u021barea acoperi\u0219ului<\/h3>\n\n\n\n<p class=\"wp-block-paragraph\">Este deosebit de important s\u0103 preg\u0103ti\u021bi suprafa\u021ba pe care urmeaz\u0103 s\u0103 fie aplicat\u0103 membrana EPDM pentru acoperi\u0219. Aceasta trebuie s\u0103 fie curat\u0103, uscat\u0103 \u0219i, mai presus de toate, lipsit\u0103 de reziduuri de pe alte substraturi, cum ar fi gudronul. Aceasta este singura modalitate de a v\u0103 asigura c\u0103 membrana EPDM pentru acoperi\u0219uri va adera perfect \u0219i va dura mult timp.<\/p>\n\n\n\n<h3 class=\"wp-block-heading\">Cum cur\u0103\u021b acoperi\u0219ul?<\/h3>\n\n\n\n<p class=\"wp-block-paragraph\">\u00cendep\u0103rta\u021bi manual resturile mai mari, de exemplu: crengi, frunze \u0219i alte elemente mai mari de pe suprafa\u021ba acoperi\u0219ului. Pute\u021bi folosi o m\u0103tur\u0103 sau o grebl\u0103 pentru a \u00eendep\u0103rta murd\u0103ria liber\u0103.<\/p>\n\n\n\n<p class=\"wp-block-paragraph\"><\/p>\n\n\n\n<div class=\"wp-block-columns is-layout-flex wp-container-core-columns-is-layout-8f761849 wp-block-columns-is-layout-flex\">\n<div class=\"wp-block-column is-layout-flow wp-block-column-is-layout-flow\">\n<p class=\"wp-block-paragraph\">De asemenea, pute\u021bi utiliza un aparat de sp\u0103lat cu presiune, acesta fiind un instrument eficient pentru \u00eendep\u0103rtarea murd\u0103riei mai mici, a prafului \u0219i a murd\u0103riei de pe suprafa\u021ba acoperi\u0219ului. Jetul de ap\u0103 de \u00eenalt\u0103 presiune va cur\u0103\u021ba bine suprafa\u021ba, preg\u0103tind-o pentru lucr\u0103rile ulterioare. Asigura\u021bi-v\u0103 c\u0103 toate cr\u0103p\u0103turile \u0219i col\u021burile sunt bine cur\u0103\u021bate.<\/p>\n\n\n\n<p class=\"wp-block-paragraph\">Apoi verifica\u021bi starea suprafe\u021bei acoperi\u0219ului:<\/p>\n\n\n\n<p class=\"wp-block-paragraph\">Dup\u0103 sp\u0103larea acoperi\u0219ului, inspecta\u021bi cu aten\u021bie suprafa\u021ba. Asigura\u021bi-v\u0103 c\u0103 nu exist\u0103 fisuri, g\u0103uri sau alte deterior\u0103ri care ar putea afecta instalarea membranei. Orice deteriorare trebuie reparat\u0103 \u00eenainte de lipirea foliei.<\/p>\n\n\n\n<p class=\"wp-block-paragraph\">L\u0103sa\u021bi s\u0103 se usuce:<br>Dup\u0103 cur\u0103\u021barea temeinic\u0103, suprafa\u021ba acoperi\u0219ului trebuie s\u0103 se usuce complet \u00eenainte de a trece la urm\u0103torii pa\u0219i ai instal\u0103rii. O suprafa\u021b\u0103 umed\u0103 sau ud\u0103 poate sl\u0103bi ac\u021biunea adeziv\u0103 \u0219i aderen\u021ba peliculei.<\/p>\n<\/div>\n\n\n\n<div class=\"wp-block-column is-vertically-aligned-center is-layout-flow wp-block-column-is-layout-flow\">\n<figure class=\"wp-block-image size-large\"><img loading=\"lazy\" decoding=\"async\" width=\"1024\" height=\"683\" src=\"https:\/\/bertsch-holzbau.eu\/wp-content\/uploads\/2024\/07\/000605-01-1024x683.jpg\" alt=\"\" class=\"wp-image-70647\" srcset=\"https:\/\/bertsch-holzbau.eu\/wp-content\/uploads\/2024\/07\/000605-01-1024x683.jpg 1024w, https:\/\/bertsch-holzbau.eu\/wp-content\/uploads\/2024\/07\/000605-01-300x200.jpg 300w, https:\/\/bertsch-holzbau.eu\/wp-content\/uploads\/2024\/07\/000605-01-768x512.jpg 768w, https:\/\/bertsch-holzbau.eu\/wp-content\/uploads\/2024\/07\/000605-01-400x267.jpg 400w, https:\/\/bertsch-holzbau.eu\/wp-content\/uploads\/2024\/07\/000605-01-600x400.jpg 600w, https:\/\/bertsch-holzbau.eu\/wp-content\/uploads\/2024\/07\/000605-01-800x534.jpg 800w, https:\/\/bertsch-holzbau.eu\/wp-content\/uploads\/2024\/07\/000605-01-1200x801.jpg 1200w, https:\/\/bertsch-holzbau.eu\/wp-content\/uploads\/2024\/07\/000605-01.jpg 1331w\" sizes=\"auto, (max-width: 1024px) 100vw, 1024px\" \/><\/figure>\n<\/div>\n<\/div>\n\n\n\n<h2 class=\"wp-block-heading\">A\u0219ezarea membranei EPDM pentru acoperi\u0219<\/h2>\n\n\n\n<p class=\"wp-block-paragraph\">A\u0219ezarea membranei EPDM pentru acoperi\u0219 este un pas esen\u021bial \u00een procesul de instalare. A\u0219ezarea corect\u0103 a membranei asigur\u0103 o potrivire optim\u0103 \u0219i durabilitate.<\/p>\n\n\n\n<h3 class=\"wp-block-heading\"><strong>Preg\u0103tirea membranei EPDM<\/strong><\/h3>\n\n\n\n<p class=\"wp-block-paragraph\">Despacheta\u021bi membrana EPDM \u0219i \u00eentinde\u021bi-o pe o suprafa\u021b\u0103 plan\u0103 \u00een apropierea acoperi\u0219ului. Asigura\u021bi-v\u0103 c\u0103 pelicula este lipsit\u0103 de cute \u0219i pliuri.<\/p>\n\n\n\n<h3 class=\"wp-block-heading\"><strong>Derularea foliei<\/strong><\/h3>\n\n\n\n<p class=\"wp-block-paragraph\">Cu ajutorul unei a doua persoane, muta\u021bi cu grij\u0103 folia EPDM pe acoperi\u0219. \u00cencepe\u021bi derularea foliei de la un cap\u0103t al acoperi\u0219ului, deplas\u00e2ndu-v\u0103 treptat de-a lungul \u00eentregii suprafe\u021be.<\/p>\n\n\n\n<h3 class=\"wp-block-heading\">Montarea:<\/h3>\n\n\n\n<p class=\"wp-block-paragraph\">Asigura\u021bi-v\u0103 c\u0103 membrana acoper\u0103 exact \u00eentreaga suprafa\u021b\u0103 a acoperi\u0219ului, cu o mic\u0103 toleran\u021b\u0103 la margini. Aceast\u0103 toleran\u021b\u0103 va permite peliculei s\u0103 adere bine la margini \u0219i va preveni alunecarea acesteia.<\/p>\n\n\n\n<h3 class=\"wp-block-heading\"><strong>Evitarea tensiunii<\/strong><\/h3>\n\n\n\n<p class=\"wp-block-paragraph\">La \u00eentindere, \u00eencerca\u021bi s\u0103 evita\u021bi tensionarea excesiv\u0103 a foliei pentru a evita pliurile \u0219i ridurile care pot afecta durabilitatea \u0219i aspectul acesteia.<\/p>\n\n\n\n<h3 class=\"wp-block-heading\">Preg\u0103tirea pentru lipire:<\/h3>\n\n\n\n<p class=\"wp-block-paragraph\">Dup\u0103 ce membrana EPDM a fost atent desf\u0103\u0219urat\u0103 \u0219i montat\u0103, l\u0103sa\u021bi-o s\u0103 se a\u0219eze \u0219i s\u0103 se adapteze la temperatura ambiant\u0103 timp de c\u00e2teva minute. Apoi trece\u021bi la etapa de lipire.<\/p>\n\n\n\n<h2 class=\"wp-block-heading\">Aplicarea adezivului pe suprafa\u021b\u0103<\/h2>\n\n\n\n<h3 class=\"wp-block-heading\">Preg\u0103tirea adezivului<\/h3>\n\n\n\n<p class=\"wp-block-paragraph\">Alege\u021bi adezivul potrivit pentru folia EPDM, \u00een conformitate cu recomand\u0103rile produc\u0103torului. Amesteca\u021bi bine adezivul \u00eenainte de utilizare pentru a ob\u021bine o consisten\u021b\u0103 omogen\u0103.<\/p>\n\n\n\n<h3 class=\"wp-block-heading\">Aplicarea adezivului<\/h3>\n\n\n\n<p class=\"wp-block-paragraph\">Folosind o rol\u0103 sau o pensul\u0103, aplica\u021bi adezivul uniform pe suprafa\u021ba acoperi\u0219ului. Aplica\u021bi adezivul \u00een sec\u021biuni mici pentru a evita uscarea adezivului \u00eenainte de aplicarea foliei.<\/p>\n\n\n\n<h3 class=\"wp-block-heading\">Evita\u021bi excesul de adeziv<\/h3>\n\n\n\n<p class=\"wp-block-paragraph\">\u00cencerca\u021bi s\u0103 evita\u021bi aplicarea \u00een exces a adezivului, astfel \u00eenc\u00e2t s\u0103 nu se formeze cocoloa\u0219e sau pete. Adezivul trebuie aplicat uniform pentru a asigura aderen\u021ba complet\u0103 a foliei la suprafa\u021b\u0103.<\/p>\n\n\n\n<h3 class=\"wp-block-heading\"><\/h3>\n\n\n\n<p class=\"wp-block-paragraph\"><\/p>\n\n\n\n<div class=\"wp-block-group green-box\"><div class=\"wp-block-group__inner-container is-layout-constrained wp-block-group-is-layout-constrained\">\n<h2 class=\"wp-block-heading\">Timp de uscare<\/h2>\n\n\n\n<p class=\"wp-block-paragraph\">L\u0103sa\u021bi adezivul s\u0103 se usuce u\u0219or (\u00een conformitate cu instruc\u021biunile produc\u0103torului) p\u00e2n\u0103 c\u00e2nd devine lipicios la atingere. Acest lucru va asigura o mai bun\u0103 aderen\u021b\u0103 a foliei la suprafa\u021ba acoperi\u0219ului.<\/p>\n<\/div><\/div>\n\n\n\n<h2 class=\"wp-block-heading\">Lipirea foliei de suprafa\u021b\u0103<\/h2>\n\n\n\n<h3 class=\"wp-block-heading\">\u00cencepe\u021bi lipirea<\/h3>\n\n\n\n<p class=\"wp-block-paragraph\">\u00cencepe\u021bi s\u0103 lipi\u021bi membrana EPDM de la un cap\u0103t al acoperi\u0219ului, deplas\u00e2ndu-v\u0103 treptat de-a lungul \u00eentregii suprafe\u021be. Asigura\u021bi-v\u0103 c\u0103 folia este \u00eentins\u0103 uniform \u0219i ader\u0103 bine la adeziv.<\/p>\n\n\n\n<h3 class=\"wp-block-heading\">Netezirea foliei<\/h3>\n\n\n\n<p class=\"wp-block-paragraph\">Utiliza\u021bi o rol\u0103 pentru a netezi membrana, pentru a elimina eventualele bule de aer \u0219i a asigura o aderen\u021b\u0103 complet\u0103. Lucra\u021bi din centrul foliei spre exterior pentru a evita pliurile \u0219i ridurile.<\/p>\n\n\n\n<h3 class=\"wp-block-heading\">Presarea marginilor:<\/h3>\n\n\n\n<p class=\"wp-block-paragraph\">Acorda\u021bi o aten\u021bie deosebit\u0103 marginilor foliei pentru a v\u0103 asigura c\u0103 acestea sunt bine lipite \u0219i fixate. Dac\u0103 este necesar, utiliza\u021bi adeziv suplimentar pentru a asigura o aderen\u021b\u0103 permanent\u0103.<\/p>\n\n\n\n<h3 class=\"wp-block-heading\"><strong>Verificarea aderen\u021bei<\/strong><\/h3>\n\n\n\n<p class=\"wp-block-paragraph\">Dup\u0103 ce a\u021bi terminat de lipit folia, verifica\u021bi cu aten\u021bie dac\u0103 \u00eentreaga suprafa\u021b\u0103 este bine aderent\u0103 \u0219i dac\u0103 nu exist\u0103 zone \u00een care folia se poate desprinde. Dac\u0103 este necesar, efectua\u021bi corec\u021bii.<\/p>\n\n\n\n<p class=\"wp-block-paragraph\">Ace\u0219ti pa\u0219i vor asigura aderen\u021ba corespunz\u0103toare a membranei de acoperi\u0219 EPDM, sporindu-i durabilitatea \u0219i eficien\u021ba \u00een protejarea acoperi\u0219ului de intemperii.<\/p>\n\n\n\n<h2 class=\"wp-block-heading\">Lipirea baghetei<\/h2>\n\n\n\n<h3 class=\"wp-block-heading\">Preg\u0103tirea mulajului:<\/h3>\n\n\n\n<p class=\"wp-block-paragraph\">T\u0103ia\u021bi mulurile la dimensiunile corecte. Aplica\u021bi adeziv pe muluri \u0219i pe marginile acoperi\u0219ului, lipi\u021bi mulurile de margini, ap\u0103s\u00e2ndu-le ferm. Apoi t\u0103ia\u021bi col\u021burile la dimensiunile corecte \u0219i aplica\u021bi adeziv pe col\u021buri \u0219i pe locurile unde sunt lipite. lipi\u021bi col\u021burile, asigur\u00e2ndu-v\u0103 c\u0103 se potrivesc bine \u0219i pres\u00e2ndu-le ferm.<\/p>\n\n\n\n<p class=\"wp-block-paragraph\">Verifica\u021bi cu aten\u021bie \u00eentregul acoperi\u0219 pentru a v\u0103 asigura c\u0103 folia este bine lipit\u0103 \u0219i nu exist\u0103 bule de aer sau puncte libere.<br><br>Acesta este modul \u00een care arat\u0103 \u00eentregul proces de lipire a membranei EPDM pe acoperi\u0219, sper\u0103m c\u0103 acum sunte\u021bi mai curajo\u0219i \u00een ac\u021biunile dvs. \u0219i pute\u021bi face fa\u021b\u0103 acestei sarcini f\u0103r\u0103 probleme.<\/p>\n\n\n\n<h2 class=\"wp-block-heading\">Pot pune EPDM pe lemn, materiale izolante sau bitum f\u0103r\u0103 probleme?<\/h2>\n\n\n\n<p class=\"wp-block-paragraph\">EPDM este potrivit pentru a fi a\u0219ezat pe acoperi\u0219uri plate (dar \u0219i pe acoperi\u0219uri \u00eenclinate) cu diverse substraturi. Exist\u0103 multe acoperi\u0219uri cu \u00eenvelitoare din bitum care trebuie re\u00eennoite. \u00cen majoritatea cazurilor, EPDM poate fi lipit direct pe acest substrat f\u0103r\u0103 probleme. Desigur, acest lucru depinde \u0219i de starea acoperi\u0219ului. Asigura\u021bi-v\u0103 c\u0103 proeminen\u021bele ascu\u021bite nu deterioreaz\u0103 folia EPDM. Folia EPDM poate fi aplicat\u0103 cu u\u0219urin\u021b\u0103 \u0219i pe suprafe\u021be din lemn, beton \u0219i piatr\u0103.<\/p>\n\n\n\n<figure class=\"wp-block-gallery has-nested-images columns-default is-cropped wp-block-gallery-1 is-layout-flex wp-block-gallery-is-layout-flex\">\n<figure class=\"wp-block-image size-large\"><img loading=\"lazy\" decoding=\"async\" width=\"1024\" height=\"768\" data-id=\"70669\" src=\"https:\/\/bertsch-holzbau.eu\/wp-content\/uploads\/2024\/07\/001521-01-1024x768.jpg\" alt=\"\" class=\"wp-image-70669\" srcset=\"https:\/\/bertsch-holzbau.eu\/wp-content\/uploads\/2024\/07\/001521-01-1024x768.jpg 1024w, https:\/\/bertsch-holzbau.eu\/wp-content\/uploads\/2024\/07\/001521-01-300x225.jpg 300w, https:\/\/bertsch-holzbau.eu\/wp-content\/uploads\/2024\/07\/001521-01-768x576.jpg 768w, https:\/\/bertsch-holzbau.eu\/wp-content\/uploads\/2024\/07\/001521-01-1536x1152.jpg 1536w, https:\/\/bertsch-holzbau.eu\/wp-content\/uploads\/2024\/07\/001521-01-2048x1536.jpg 2048w, https:\/\/bertsch-holzbau.eu\/wp-content\/uploads\/2024\/07\/001521-01-400x300.jpg 400w, https:\/\/bertsch-holzbau.eu\/wp-content\/uploads\/2024\/07\/001521-01-600x450.jpg 600w, https:\/\/bertsch-holzbau.eu\/wp-content\/uploads\/2024\/07\/001521-01-800x600.jpg 800w, https:\/\/bertsch-holzbau.eu\/wp-content\/uploads\/2024\/07\/001521-01-1200x900.jpg 1200w\" sizes=\"auto, (max-width: 1024px) 100vw, 1024px\" \/><\/figure>\n\n\n\n<figure class=\"wp-block-image size-large\"><img loading=\"lazy\" decoding=\"async\" width=\"1024\" height=\"625\" data-id=\"70659\" src=\"https:\/\/bertsch-holzbau.eu\/wp-content\/uploads\/2024\/07\/000604-01-1024x625.jpg\" alt=\"\" class=\"wp-image-70659\" srcset=\"https:\/\/bertsch-holzbau.eu\/wp-content\/uploads\/2024\/07\/000604-01-1024x625.jpg 1024w, https:\/\/bertsch-holzbau.eu\/wp-content\/uploads\/2024\/07\/000604-01-300x183.jpg 300w, https:\/\/bertsch-holzbau.eu\/wp-content\/uploads\/2024\/07\/000604-01-768x469.jpg 768w, https:\/\/bertsch-holzbau.eu\/wp-content\/uploads\/2024\/07\/000604-01-1536x938.jpg 1536w, https:\/\/bertsch-holzbau.eu\/wp-content\/uploads\/2024\/07\/000604-01-400x244.jpg 400w, https:\/\/bertsch-holzbau.eu\/wp-content\/uploads\/2024\/07\/000604-01-600x366.jpg 600w, https:\/\/bertsch-holzbau.eu\/wp-content\/uploads\/2024\/07\/000604-01-800x488.jpg 800w, https:\/\/bertsch-holzbau.eu\/wp-content\/uploads\/2024\/07\/000604-01-1200x733.jpg 1200w, https:\/\/bertsch-holzbau.eu\/wp-content\/uploads\/2024\/07\/000604-01.jpg 1790w\" sizes=\"auto, (max-width: 1024px) 100vw, 1024px\" \/><\/figure>\n\n\n\n<figure class=\"wp-block-image size-large\"><img loading=\"lazy\" decoding=\"async\" width=\"768\" height=\"1024\" data-id=\"70679\" src=\"https:\/\/bertsch-holzbau.eu\/wp-content\/uploads\/2024\/07\/001533-01-768x1024.jpg\" alt=\"\" class=\"wp-image-70679\" srcset=\"https:\/\/bertsch-holzbau.eu\/wp-content\/uploads\/2024\/07\/001533-01-768x1024.jpg 768w, https:\/\/bertsch-holzbau.eu\/wp-content\/uploads\/2024\/07\/001533-01-225x300.jpg 225w, https:\/\/bertsch-holzbau.eu\/wp-content\/uploads\/2024\/07\/001533-01-1152x1536.jpg 1152w, https:\/\/bertsch-holzbau.eu\/wp-content\/uploads\/2024\/07\/001533-01-400x533.jpg 400w, https:\/\/bertsch-holzbau.eu\/wp-content\/uploads\/2024\/07\/001533-01-600x800.jpg 600w, https:\/\/bertsch-holzbau.eu\/wp-content\/uploads\/2024\/07\/001533-01-800x1067.jpg 800w, https:\/\/bertsch-holzbau.eu\/wp-content\/uploads\/2024\/07\/001533-01.jpg 1200w\" sizes=\"auto, (max-width: 768px) 100vw, 768px\" \/><\/figure>\n<\/figure>\n","protected":false},"excerpt":{"rendered":"<p>Membranele de acoperi\u0219 EPDM sunt ideale pentru impermeabilizarea acoperi\u0219urilor \u0219i func\u021bioneaz\u0103 bine nu numai pe acoperi\u0219uri plate, ci \u0219i pe acoperi\u0219uri \u00eenclinate. Este important s\u0103 re\u021bine\u021bi c\u0103, pe acoperi\u0219urile \u00eenclinate, suprafa\u021ba acoperi\u0219ului trebuie preg\u0103tit\u0103 \u0219i trebuie utilizate metode de fixare adecvate pentru a v\u0103 asigura c\u0103 membrana nu se mi\u0219c\u0103 \u0219i r\u0103m\u00e2ne pe pozi\u021bie. Instalarea [&hellip;]<\/p>\n","protected":false},"author":6,"featured_media":112081,"comment_status":"open","ping_status":"open","sticky":false,"template":"","format":"standard","meta":{"_acf_changed":false,"footnotes":""},"categories":[460],"tags":[],"class_list":["post-63271","post","type-post","status-publish","format-standard","has-post-thumbnail","hentry","category-constructie-si-asamblare"],"acf":[],"yoast_head":"<!-- This site is optimized with the Yoast SEO plugin v27.8 - https:\/\/yoast.com\/product\/yoast-seo-wordpress\/ -->\n<title>Cum a\u0219ez membrana EPDM pe acoperi\u0219uri de caban\u0103?<\/title>\n<meta name=\"description\" content=\"Membranele de acoperi\u0219 EPDM sunt ideale pentru impermeabilizarea acoperi\u0219urilor \u0219i func\u021bioneaz\u0103 bine nu numai pe acoperi\u0219uri plate, ci \u0219i pe acoperi\u0219uri \u00eenclinate. Este important s\u0103 re\u021bine\u021bi c\u0103, pe acoperi\u0219urile \u00eenclinate, suprafa\u021ba acoperi\u0219ului trebuie preg\u0103tit\u0103 \u0219i trebuie utilizate metode de fixare adecvate pentru a v\u0103 asigura c\u0103 membrana nu se mi\u0219c\u0103 \u0219i r\u0103m\u00e2ne pe pozi\u021bie.\" \/>\n<meta name=\"robots\" content=\"index, follow, max-snippet:-1, max-image-preview:large, max-video-preview:-1\" \/>\n<meta property=\"og:locale\" content=\"ro_RO\" \/>\n<meta property=\"og:type\" content=\"article\" \/>\n<meta property=\"og:title\" content=\"Cum a\u0219ez membrana EPDM pe acoperi\u0219uri de caban\u0103?\" \/>\n<meta property=\"og:description\" content=\"Membranele de acoperi\u0219 EPDM sunt ideale pentru impermeabilizarea acoperi\u0219urilor \u0219i func\u021bioneaz\u0103 bine nu numai pe acoperi\u0219uri plate, ci \u0219i pe acoperi\u0219uri \u00eenclinate. Este important s\u0103 re\u021bine\u021bi c\u0103, pe acoperi\u0219urile \u00eenclinate, suprafa\u021ba acoperi\u0219ului trebuie preg\u0103tit\u0103 \u0219i trebuie utilizate metode de fixare adecvate pentru a v\u0103 asigura c\u0103 membrana nu se mi\u0219c\u0103 \u0219i r\u0103m\u00e2ne pe pozi\u021bie.\" \/>\n<meta property=\"og:url\" content=\"https:\/\/bertsch-holzbau.eu\/ro\/blog\/cum-asez-membrana-epdm-pe-acoperisuri-de-cabana\/\" \/>\n<meta property=\"og:site_name\" content=\"BHB Bertsch Holzbau\" \/>\n<meta property=\"article:publisher\" content=\"https:\/\/www.facebook.com\/bertschholzbau\/\" \/>\n<meta property=\"article:published_time\" content=\"2024-07-23T10:34:15+00:00\" \/>\n<meta property=\"article:modified_time\" content=\"2024-11-25T10:50:37+00:00\" \/>\n<meta property=\"og:image\" content=\"https:\/\/bertsch-holzbau.eu\/wp-content\/uploads\/2024\/08\/IMG_0891-scaled.jpg\" \/>\n\t<meta property=\"og:image:width\" content=\"2560\" \/>\n\t<meta property=\"og:image:height\" content=\"1920\" \/>\n\t<meta property=\"og:image:type\" content=\"image\/jpeg\" \/>\n<meta name=\"author\" content=\"Joachim Bertsch\" \/>\n<meta name=\"twitter:card\" content=\"summary_large_image\" \/>\n<meta name=\"twitter:label1\" content=\"Scris de\" \/>\n\t<meta name=\"twitter:data1\" content=\"Joachim Bertsch\" \/>\n\t<meta name=\"twitter:label2\" content=\"Timp estimat pentru citire\" \/>\n\t<meta name=\"twitter:data2\" content=\"6 minute\" \/>\n<script type=\"application\/ld+json\" class=\"yoast-schema-graph\">{\"@context\":\"https:\\\/\\\/schema.org\",\"@graph\":[{\"@type\":\"Article\",\"@id\":\"https:\\\/\\\/bertsch-holzbau.eu\\\/ro\\\/blog\\\/cum-asez-membrana-epdm-pe-acoperisuri-de-cabana\\\/#article\",\"isPartOf\":{\"@id\":\"https:\\\/\\\/bertsch-holzbau.eu\\\/ro\\\/blog\\\/cum-asez-membrana-epdm-pe-acoperisuri-de-cabana\\\/\"},\"author\":{\"name\":\"Joachim Bertsch\",\"@id\":\"https:\\\/\\\/bertsch-holzbau.eu\\\/ro\\\/#\\\/schema\\\/person\\\/13ecc06e359795647bc8686c8fc9628b\"},\"headline\":\"Cum a\u0219ez membrana EPDM pe acoperi\u0219uri de caban\u0103?\",\"datePublished\":\"2024-07-23T10:34:15+00:00\",\"dateModified\":\"2024-11-25T10:50:37+00:00\",\"mainEntityOfPage\":{\"@id\":\"https:\\\/\\\/bertsch-holzbau.eu\\\/ro\\\/blog\\\/cum-asez-membrana-epdm-pe-acoperisuri-de-cabana\\\/\"},\"wordCount\":1233,\"commentCount\":0,\"publisher\":{\"@id\":\"https:\\\/\\\/bertsch-holzbau.eu\\\/ro\\\/#organization\"},\"image\":{\"@id\":\"https:\\\/\\\/bertsch-holzbau.eu\\\/ro\\\/blog\\\/cum-asez-membrana-epdm-pe-acoperisuri-de-cabana\\\/#primaryimage\"},\"thumbnailUrl\":\"https:\\\/\\\/bertsch-holzbau.eu\\\/wp-content\\\/uploads\\\/2024\\\/07\\\/8.-Jak-ulozyc-folie-EPDM-na-dachach-domkow.jpg\",\"articleSection\":[\"Construc\u021bie \u0219i asamblare\"],\"inLanguage\":\"ro-RO\",\"potentialAction\":[{\"@type\":\"CommentAction\",\"name\":\"Comment\",\"target\":[\"https:\\\/\\\/bertsch-holzbau.eu\\\/ro\\\/blog\\\/cum-asez-membrana-epdm-pe-acoperisuri-de-cabana\\\/#respond\"]}]},{\"@type\":\"WebPage\",\"@id\":\"https:\\\/\\\/bertsch-holzbau.eu\\\/ro\\\/blog\\\/cum-asez-membrana-epdm-pe-acoperisuri-de-cabana\\\/\",\"url\":\"https:\\\/\\\/bertsch-holzbau.eu\\\/ro\\\/blog\\\/cum-asez-membrana-epdm-pe-acoperisuri-de-cabana\\\/\",\"name\":\"Cum a\u0219ez membrana EPDM pe acoperi\u0219uri de caban\u0103?\",\"isPartOf\":{\"@id\":\"https:\\\/\\\/bertsch-holzbau.eu\\\/ro\\\/#website\"},\"primaryImageOfPage\":{\"@id\":\"https:\\\/\\\/bertsch-holzbau.eu\\\/ro\\\/blog\\\/cum-asez-membrana-epdm-pe-acoperisuri-de-cabana\\\/#primaryimage\"},\"image\":{\"@id\":\"https:\\\/\\\/bertsch-holzbau.eu\\\/ro\\\/blog\\\/cum-asez-membrana-epdm-pe-acoperisuri-de-cabana\\\/#primaryimage\"},\"thumbnailUrl\":\"https:\\\/\\\/bertsch-holzbau.eu\\\/wp-content\\\/uploads\\\/2024\\\/07\\\/8.-Jak-ulozyc-folie-EPDM-na-dachach-domkow.jpg\",\"datePublished\":\"2024-07-23T10:34:15+00:00\",\"dateModified\":\"2024-11-25T10:50:37+00:00\",\"description\":\"Membranele de acoperi\u0219 EPDM sunt ideale pentru impermeabilizarea acoperi\u0219urilor \u0219i func\u021bioneaz\u0103 bine nu numai pe acoperi\u0219uri plate, ci \u0219i pe acoperi\u0219uri \u00eenclinate. Este important s\u0103 re\u021bine\u021bi c\u0103, pe acoperi\u0219urile \u00eenclinate, suprafa\u021ba acoperi\u0219ului trebuie preg\u0103tit\u0103 \u0219i trebuie utilizate metode de fixare adecvate pentru a v\u0103 asigura c\u0103 membrana nu se mi\u0219c\u0103 \u0219i r\u0103m\u00e2ne pe pozi\u021bie.\",\"breadcrumb\":{\"@id\":\"https:\\\/\\\/bertsch-holzbau.eu\\\/ro\\\/blog\\\/cum-asez-membrana-epdm-pe-acoperisuri-de-cabana\\\/#breadcrumb\"},\"inLanguage\":\"ro-RO\",\"potentialAction\":[{\"@type\":\"ReadAction\",\"target\":[\"https:\\\/\\\/bertsch-holzbau.eu\\\/ro\\\/blog\\\/cum-asez-membrana-epdm-pe-acoperisuri-de-cabana\\\/\"]}]},{\"@type\":\"ImageObject\",\"inLanguage\":\"ro-RO\",\"@id\":\"https:\\\/\\\/bertsch-holzbau.eu\\\/ro\\\/blog\\\/cum-asez-membrana-epdm-pe-acoperisuri-de-cabana\\\/#primaryimage\",\"url\":\"https:\\\/\\\/bertsch-holzbau.eu\\\/wp-content\\\/uploads\\\/2024\\\/07\\\/8.-Jak-ulozyc-folie-EPDM-na-dachach-domkow.jpg\",\"contentUrl\":\"https:\\\/\\\/bertsch-holzbau.eu\\\/wp-content\\\/uploads\\\/2024\\\/07\\\/8.-Jak-ulozyc-folie-EPDM-na-dachach-domkow.jpg\",\"width\":1200,\"height\":900},{\"@type\":\"BreadcrumbList\",\"@id\":\"https:\\\/\\\/bertsch-holzbau.eu\\\/ro\\\/blog\\\/cum-asez-membrana-epdm-pe-acoperisuri-de-cabana\\\/#breadcrumb\",\"itemListElement\":[{\"@type\":\"ListItem\",\"position\":1,\"name\":\"Home\",\"item\":\"https:\\\/\\\/bertsch-holzbau.eu\\\/ro\\\/\"},{\"@type\":\"ListItem\",\"position\":2,\"name\":\"Cum a\u0219ez membrana EPDM pe acoperi\u0219uri de caban\u0103?\"}]},{\"@type\":\"WebSite\",\"@id\":\"https:\\\/\\\/bertsch-holzbau.eu\\\/ro\\\/#website\",\"url\":\"https:\\\/\\\/bertsch-holzbau.eu\\\/ro\\\/\",\"name\":\"BHB Bertsch Holzbau\",\"description\":\"\",\"publisher\":{\"@id\":\"https:\\\/\\\/bertsch-holzbau.eu\\\/ro\\\/#organization\"},\"potentialAction\":[{\"@type\":\"SearchAction\",\"target\":{\"@type\":\"EntryPoint\",\"urlTemplate\":\"https:\\\/\\\/bertsch-holzbau.eu\\\/ro\\\/?s={search_term_string}\"},\"query-input\":{\"@type\":\"PropertyValueSpecification\",\"valueRequired\":true,\"valueName\":\"search_term_string\"}}],\"inLanguage\":\"ro-RO\"},[],{\"@type\":\"Person\",\"@id\":\"https:\\\/\\\/bertsch-holzbau.eu\\\/ro\\\/#\\\/schema\\\/person\\\/13ecc06e359795647bc8686c8fc9628b\",\"name\":\"Joachim Bertsch\",\"image\":{\"@type\":\"ImageObject\",\"inLanguage\":\"ro-RO\",\"@id\":\"https:\\\/\\\/bertsch-holzbau.eu\\\/wp-content\\\/litespeed\\\/avatar\\\/81f1ede881040594386bd43727a0c7b5.jpg?ver=1788161130\",\"url\":\"https:\\\/\\\/bertsch-holzbau.eu\\\/wp-content\\\/litespeed\\\/avatar\\\/81f1ede881040594386bd43727a0c7b5.jpg?ver=1788161130\",\"contentUrl\":\"https:\\\/\\\/bertsch-holzbau.eu\\\/wp-content\\\/litespeed\\\/avatar\\\/81f1ede881040594386bd43727a0c7b5.jpg?ver=1788161130\",\"caption\":\"Joachim Bertsch\"},\"url\":\"https:\\\/\\\/bertsch-holzbau.eu\\\/ro\\\/blog\\\/author\\\/j-bertsch\\\/\"}]}<\/script>\n<!-- \/ Yoast SEO plugin. -->","yoast_head_json":{"title":"Cum a\u0219ez membrana EPDM pe acoperi\u0219uri de caban\u0103?","description":"Membranele de acoperi\u0219 EPDM sunt ideale pentru impermeabilizarea acoperi\u0219urilor \u0219i func\u021bioneaz\u0103 bine nu numai pe acoperi\u0219uri plate, ci \u0219i pe acoperi\u0219uri \u00eenclinate. Este important s\u0103 re\u021bine\u021bi c\u0103, pe acoperi\u0219urile \u00eenclinate, suprafa\u021ba acoperi\u0219ului trebuie preg\u0103tit\u0103 \u0219i trebuie utilizate metode de fixare adecvate pentru a v\u0103 asigura c\u0103 membrana nu se mi\u0219c\u0103 \u0219i r\u0103m\u00e2ne pe pozi\u021bie.","robots":{"index":"index","follow":"follow","max-snippet":"max-snippet:-1","max-image-preview":"max-image-preview:large","max-video-preview":"max-video-preview:-1"},"og_locale":"ro_RO","og_type":"article","og_title":"Cum a\u0219ez membrana EPDM pe acoperi\u0219uri de caban\u0103?","og_description":"Membranele de acoperi\u0219 EPDM sunt ideale pentru impermeabilizarea acoperi\u0219urilor \u0219i func\u021bioneaz\u0103 bine nu numai pe acoperi\u0219uri plate, ci \u0219i pe acoperi\u0219uri \u00eenclinate. Este important s\u0103 re\u021bine\u021bi c\u0103, pe acoperi\u0219urile \u00eenclinate, suprafa\u021ba acoperi\u0219ului trebuie preg\u0103tit\u0103 \u0219i trebuie utilizate metode de fixare adecvate pentru a v\u0103 asigura c\u0103 membrana nu se mi\u0219c\u0103 \u0219i r\u0103m\u00e2ne pe pozi\u021bie.","og_url":"https:\/\/bertsch-holzbau.eu\/ro\/blog\/cum-asez-membrana-epdm-pe-acoperisuri-de-cabana\/","og_site_name":"BHB Bertsch Holzbau","article_publisher":"https:\/\/www.facebook.com\/bertschholzbau\/","article_published_time":"2024-07-23T10:34:15+00:00","article_modified_time":"2024-11-25T10:50:37+00:00","og_image":[{"width":2560,"height":1920,"url":"https:\/\/bertsch-holzbau.eu\/wp-content\/uploads\/2024\/08\/IMG_0891-scaled.jpg","type":"image\/jpeg"}],"author":"Joachim Bertsch","twitter_card":"summary_large_image","twitter_misc":{"Scris de":"Joachim Bertsch","Timp estimat pentru citire":"6 minute"},"schema":{"@context":"https:\/\/schema.org","@graph":[{"@type":"Article","@id":"https:\/\/bertsch-holzbau.eu\/ro\/blog\/cum-asez-membrana-epdm-pe-acoperisuri-de-cabana\/#article","isPartOf":{"@id":"https:\/\/bertsch-holzbau.eu\/ro\/blog\/cum-asez-membrana-epdm-pe-acoperisuri-de-cabana\/"},"author":{"name":"Joachim Bertsch","@id":"https:\/\/bertsch-holzbau.eu\/ro\/#\/schema\/person\/13ecc06e359795647bc8686c8fc9628b"},"headline":"Cum a\u0219ez membrana EPDM pe acoperi\u0219uri de caban\u0103?","datePublished":"2024-07-23T10:34:15+00:00","dateModified":"2024-11-25T10:50:37+00:00","mainEntityOfPage":{"@id":"https:\/\/bertsch-holzbau.eu\/ro\/blog\/cum-asez-membrana-epdm-pe-acoperisuri-de-cabana\/"},"wordCount":1233,"commentCount":0,"publisher":{"@id":"https:\/\/bertsch-holzbau.eu\/ro\/#organization"},"image":{"@id":"https:\/\/bertsch-holzbau.eu\/ro\/blog\/cum-asez-membrana-epdm-pe-acoperisuri-de-cabana\/#primaryimage"},"thumbnailUrl":"https:\/\/bertsch-holzbau.eu\/wp-content\/uploads\/2024\/07\/8.-Jak-ulozyc-folie-EPDM-na-dachach-domkow.jpg","articleSection":["Construc\u021bie \u0219i asamblare"],"inLanguage":"ro-RO","potentialAction":[{"@type":"CommentAction","name":"Comment","target":["https:\/\/bertsch-holzbau.eu\/ro\/blog\/cum-asez-membrana-epdm-pe-acoperisuri-de-cabana\/#respond"]}]},{"@type":"WebPage","@id":"https:\/\/bertsch-holzbau.eu\/ro\/blog\/cum-asez-membrana-epdm-pe-acoperisuri-de-cabana\/","url":"https:\/\/bertsch-holzbau.eu\/ro\/blog\/cum-asez-membrana-epdm-pe-acoperisuri-de-cabana\/","name":"Cum a\u0219ez membrana EPDM pe acoperi\u0219uri de caban\u0103?","isPartOf":{"@id":"https:\/\/bertsch-holzbau.eu\/ro\/#website"},"primaryImageOfPage":{"@id":"https:\/\/bertsch-holzbau.eu\/ro\/blog\/cum-asez-membrana-epdm-pe-acoperisuri-de-cabana\/#primaryimage"},"image":{"@id":"https:\/\/bertsch-holzbau.eu\/ro\/blog\/cum-asez-membrana-epdm-pe-acoperisuri-de-cabana\/#primaryimage"},"thumbnailUrl":"https:\/\/bertsch-holzbau.eu\/wp-content\/uploads\/2024\/07\/8.-Jak-ulozyc-folie-EPDM-na-dachach-domkow.jpg","datePublished":"2024-07-23T10:34:15+00:00","dateModified":"2024-11-25T10:50:37+00:00","description":"Membranele de acoperi\u0219 EPDM sunt ideale pentru impermeabilizarea acoperi\u0219urilor \u0219i func\u021bioneaz\u0103 bine nu numai pe acoperi\u0219uri plate, ci \u0219i pe acoperi\u0219uri \u00eenclinate. Este important s\u0103 re\u021bine\u021bi c\u0103, pe acoperi\u0219urile \u00eenclinate, suprafa\u021ba acoperi\u0219ului trebuie preg\u0103tit\u0103 \u0219i trebuie utilizate metode de fixare adecvate pentru a v\u0103 asigura c\u0103 membrana nu se mi\u0219c\u0103 \u0219i r\u0103m\u00e2ne pe pozi\u021bie.","breadcrumb":{"@id":"https:\/\/bertsch-holzbau.eu\/ro\/blog\/cum-asez-membrana-epdm-pe-acoperisuri-de-cabana\/#breadcrumb"},"inLanguage":"ro-RO","potentialAction":[{"@type":"ReadAction","target":["https:\/\/bertsch-holzbau.eu\/ro\/blog\/cum-asez-membrana-epdm-pe-acoperisuri-de-cabana\/"]}]},{"@type":"ImageObject","inLanguage":"ro-RO","@id":"https:\/\/bertsch-holzbau.eu\/ro\/blog\/cum-asez-membrana-epdm-pe-acoperisuri-de-cabana\/#primaryimage","url":"https:\/\/bertsch-holzbau.eu\/wp-content\/uploads\/2024\/07\/8.-Jak-ulozyc-folie-EPDM-na-dachach-domkow.jpg","contentUrl":"https:\/\/bertsch-holzbau.eu\/wp-content\/uploads\/2024\/07\/8.-Jak-ulozyc-folie-EPDM-na-dachach-domkow.jpg","width":1200,"height":900},{"@type":"BreadcrumbList","@id":"https:\/\/bertsch-holzbau.eu\/ro\/blog\/cum-asez-membrana-epdm-pe-acoperisuri-de-cabana\/#breadcrumb","itemListElement":[{"@type":"ListItem","position":1,"name":"Home","item":"https:\/\/bertsch-holzbau.eu\/ro\/"},{"@type":"ListItem","position":2,"name":"Cum a\u0219ez membrana EPDM pe acoperi\u0219uri de caban\u0103?"}]},{"@type":"WebSite","@id":"https:\/\/bertsch-holzbau.eu\/ro\/#website","url":"https:\/\/bertsch-holzbau.eu\/ro\/","name":"BHB Bertsch Holzbau","description":"","publisher":{"@id":"https:\/\/bertsch-holzbau.eu\/ro\/#organization"},"potentialAction":[{"@type":"SearchAction","target":{"@type":"EntryPoint","urlTemplate":"https:\/\/bertsch-holzbau.eu\/ro\/?s={search_term_string}"},"query-input":{"@type":"PropertyValueSpecification","valueRequired":true,"valueName":"search_term_string"}}],"inLanguage":"ro-RO"},[],{"@type":"Person","@id":"https:\/\/bertsch-holzbau.eu\/ro\/#\/schema\/person\/13ecc06e359795647bc8686c8fc9628b","name":"Joachim Bertsch","image":{"@type":"ImageObject","inLanguage":"ro-RO","@id":"https:\/\/bertsch-holzbau.eu\/wp-content\/litespeed\/avatar\/81f1ede881040594386bd43727a0c7b5.jpg?ver=1788161130","url":"https:\/\/bertsch-holzbau.eu\/wp-content\/litespeed\/avatar\/81f1ede881040594386bd43727a0c7b5.jpg?ver=1788161130","contentUrl":"https:\/\/bertsch-holzbau.eu\/wp-content\/litespeed\/avatar\/81f1ede881040594386bd43727a0c7b5.jpg?ver=1788161130","caption":"Joachim Bertsch"},"url":"https:\/\/bertsch-holzbau.eu\/ro\/blog\/author\/j-bertsch\/"}]}},"_links":{"self":[{"href":"https:\/\/bertsch-holzbau.eu\/ro\/wp-json\/wp\/v2\/posts\/63271","targetHints":{"allow":["GET"]}}],"collection":[{"href":"https:\/\/bertsch-holzbau.eu\/ro\/wp-json\/wp\/v2\/posts"}],"about":[{"href":"https:\/\/bertsch-holzbau.eu\/ro\/wp-json\/wp\/v2\/types\/post"}],"author":[{"embeddable":true,"href":"https:\/\/bertsch-holzbau.eu\/ro\/wp-json\/wp\/v2\/users\/6"}],"replies":[{"embeddable":true,"href":"https:\/\/bertsch-holzbau.eu\/ro\/wp-json\/wp\/v2\/comments?post=63271"}],"version-history":[{"count":3,"href":"https:\/\/bertsch-holzbau.eu\/ro\/wp-json\/wp\/v2\/posts\/63271\/revisions"}],"predecessor-version":[{"id":70696,"href":"https:\/\/bertsch-holzbau.eu\/ro\/wp-json\/wp\/v2\/posts\/63271\/revisions\/70696"}],"wp:featuredmedia":[{"embeddable":true,"href":"https:\/\/bertsch-holzbau.eu\/ro\/wp-json\/wp\/v2\/media\/112081"}],"wp:attachment":[{"href":"https:\/\/bertsch-holzbau.eu\/ro\/wp-json\/wp\/v2\/media?parent=63271"}],"wp:term":[{"taxonomy":"category","embeddable":true,"href":"https:\/\/bertsch-holzbau.eu\/ro\/wp-json\/wp\/v2\/categories?post=63271"},{"taxonomy":"post_tag","embeddable":true,"href":"https:\/\/bertsch-holzbau.eu\/ro\/wp-json\/wp\/v2\/tags?post=63271"}],"curies":[{"name":"wp","href":"https:\/\/api.w.org\/{rel}","templated":true}]}}