{"id":63263,"date":"2024-06-22T12:34:27","date_gmt":"2024-06-22T10:34:27","guid":{"rendered":"https:\/\/bertsch-holzbau.eu\/blog\/pawilon-odporny-na-burze-przez-caly-rok\/"},"modified":"2024-11-27T15:04:59","modified_gmt":"2024-11-27T14:04:59","slug":"pavilion-protejat-impotriva-furtunilor-pe-tot-parcursul-anului","status":"publish","type":"post","link":"https:\/\/bertsch-holzbau.eu\/ro\/blog\/pavilion-protejat-impotriva-furtunilor-pe-tot-parcursul-anului\/","title":{"rendered":"Pavilion protejat \u00eempotriva furtunilor pe tot parcursul anului"},"content":{"rendered":"\n<p class=\"wp-block-paragraph\">Un pavilion de gr\u0103din\u0103 este o structur\u0103 care \u00eendepline\u0219te at\u00e2t o func\u021bie decorativ\u0103, c\u00e2t \u0219i utilitar\u0103 \u00een gr\u0103din\u0103. Este un loc unde v\u0103 pute\u021bi petrece timpul \u00een aer liber, protej\u00e2ndu-v\u0103 de soare, ploaie sau v\u00e2nt. Pavilioanele de gr\u0103din\u0103 sunt disponibile \u00eentr-o varietate de stiluri \u0219i dimensiuni pentru a se potrivi oric\u0103rui tip de gr\u0103din\u0103 \u0219i nevoilor individuale ale utilizatorilor.<\/p>\n\n\n\n<p class=\"wp-block-paragraph\">Av\u00e2nd un pavilion de gr\u0103din\u0103 care poate rezista furtunilor \u0219i condi\u021biilor meteorologice dificile este extrem de important, \u00een special \u00een regiunile cu un climat schimb\u0103tor. Un astfel de pavilion nu ofer\u0103 doar protec\u021bie \u00eempotriva intemperiilor, ci \u0219i durabilitate \u0219i longevitate a structurii. Acest lucru v\u0103 permite s\u0103 v\u0103 bucura\u021bi de gr\u0103dina dvs. pe tot parcursul anului, indiferent de condi\u021biile meteorologice predominante. Un pavilion durabil \u0219i robust este, de asemenea, o investi\u021bie \u00een siguran\u021b\u0103 \u0219i confort, elimin\u00e2nd riscul de deteriorare din cauza v\u00e2nturilor puternice sau a precipita\u021biilor abundente.<\/p>\n\n\n\n<h2 class=\"wp-block-heading\">Ce trebuie s\u0103 lua\u021bi \u00een considerare atunci c\u00e2nd alege\u021bi un pavilion care s\u0103 reziste furtunilor pe tot parcursul anului?<\/h2>\n\n\n\n<p class=\"wp-block-paragraph\">Alegerea pavilionului de gr\u0103din\u0103 potrivit pentru a rezista furtunilor \u0219i condi\u021biilor meteorologice dificile implic\u0103 luarea \u00een considerare a mai multor factori cheie. Iat\u0103 care sunt cei mai importan\u021bi dintre ace\u0219tia:<\/p>\n\n\n\n<h3 class=\"wp-block-heading\">Alegerea materialului potrivit<br><\/h3>\n\n\n\n<div class=\"wp-block-columns is-layout-flex wp-container-core-columns-is-layout-8f761849 wp-block-columns-is-layout-flex\">\n<div class=\"wp-block-column is-layout-flow wp-block-column-is-layout-flow\">\n<ol class=\"wp-block-list\">\n<li>Aluminiu &#8211; este \u00een mod natural rezistent la ap\u0103 \u0219i coroziune, ceea ce \u00eel face un material ideal pentru structurile de gr\u0103din\u0103. Este u\u0219or, dar \u0219i foarte puternic, astfel \u00eenc\u00e2t un pavilion realizat din aluminiu va fi stabil \u0219i durabil.<\/li>\n\n\n\n<li>O\u021bel &#8211; este un material foarte rezistent, dar necesit\u0103 o protec\u021bie adecvat\u0103 \u00eempotriva coroziunii. Suprafe\u021bele din o\u021bel trebuie s\u0103 fie tratate cu un strat anti-coroziune pentru a asigura longevitatea structurii. Pavilioanele din o\u021bel sunt adesea alese pentru robuste\u021bea lor.<\/li>\n\n\n\n<li>Lemn &#8211; pavilioanele din lemn sunt foarte pl\u0103cute din punct de vedere estetic, dar necesit\u0103 impermeabilizare \u0219i \u00eentre\u021binere periodic\u0103 pentru a le face rezistente la umiditate \u0219i la schimbarea condi\u021biilor meteorologice. Lemnul se \u00eembin\u0103 bine cu mediul natural al gr\u0103dinii, dar necesit\u0103 mai mult\u0103 \u00eentre\u021binere.<\/li>\n\n\n\n<li>Plastic &#8211; pavilioanele din plastic sunt u\u0219oare \u0219i u\u0219or de asamblat, dar pot s\u0103 nu fie la fel de durabile ca cele din metal sau lemn. Cu toate acestea, materialele plastice de \u00eenalt\u0103 calitate pot fi rezistente la intemperii \u0219i la UV.<\/li>\n<\/ol>\n<\/div>\n\n\n\n<div class=\"wp-block-column is-vertically-aligned-center is-layout-flow wp-block-column-is-layout-flow\">\n<figure class=\"wp-block-image size-large\"><img loading=\"lazy\" decoding=\"async\" width=\"1024\" height=\"682\" src=\"https:\/\/bertsch-holzbau.eu\/wp-content\/uploads\/2024\/06\/000047-04-2-1024x682.jpg\" alt=\"\" class=\"wp-image-88040\" srcset=\"https:\/\/bertsch-holzbau.eu\/wp-content\/uploads\/2024\/06\/000047-04-2-1024x682.jpg 1024w, https:\/\/bertsch-holzbau.eu\/wp-content\/uploads\/2024\/06\/000047-04-2-300x200.jpg 300w, https:\/\/bertsch-holzbau.eu\/wp-content\/uploads\/2024\/06\/000047-04-2-768x512.jpg 768w, https:\/\/bertsch-holzbau.eu\/wp-content\/uploads\/2024\/06\/000047-04-2-1536x1024.jpg 1536w, https:\/\/bertsch-holzbau.eu\/wp-content\/uploads\/2024\/06\/000047-04-2-2048x1365.jpg 2048w, https:\/\/bertsch-holzbau.eu\/wp-content\/uploads\/2024\/06\/000047-04-2-400x267.jpg 400w, https:\/\/bertsch-holzbau.eu\/wp-content\/uploads\/2024\/06\/000047-04-2-600x400.jpg 600w, https:\/\/bertsch-holzbau.eu\/wp-content\/uploads\/2024\/06\/000047-04-2-800x533.jpg 800w, https:\/\/bertsch-holzbau.eu\/wp-content\/uploads\/2024\/06\/000047-04-2-1200x800.jpg 1200w\" sizes=\"auto, (max-width: 1024px) 100vw, 1024px\" \/><\/figure>\n<\/div>\n<\/div>\n\n\n\n<h3 class=\"wp-block-heading\">Rezisten\u021ba la UV<\/h3>\n\n\n\n<p class=\"wp-block-paragraph\">Expunerea prelungit\u0103 la lumina soarelui poate deteriora materialele pentru pavilioane. Prin urmare, este important s\u0103 alege\u021bi materiale rezistente la UV. Lemnul, protejat \u0219i tratat corespunz\u0103tor, poate fi o alegere bun\u0103, deoarece este mai pu\u021bin susceptibil la degradarea indus\u0103 de soare \u00een compara\u021bie cu unele materiale plastice.<\/p>\n\n\n\n<h3 class=\"wp-block-heading\">Stabilitatea structural\u0103<\/h3>\n\n\n\n<p class=\"wp-block-paragraph\">Stabilitatea structural\u0103 este un factor cheie atunci c\u00e2nd alege\u021bi un pavilion rezistent la furtuni. Materialele robuste \u0219i forma corect\u0103 de construc\u021bie asigur\u0103 faptul c\u0103 pavilionul poate rezista rafalelor puternice de v\u00e2nt. Acorda\u021bi aten\u021bie calit\u0103\u021bii \u00eembin\u0103rilor \u0219i a elementelor de fixare \u0219i asigura\u021bi-v\u0103 c\u0103 structura este bine ancorat\u0103 la sol.<\/p>\n\n\n\n<h3 class=\"wp-block-heading\">Rezisten\u021ba la condi\u021biile de iarn\u0103<\/h3>\n\n\n\n<p class=\"wp-block-paragraph\">Un pavilion de gr\u0103din\u0103 trebuie s\u0103 fie capabil s\u0103 reziste nu numai furtunilor de var\u0103, ci \u0219i condi\u021biilor de iarn\u0103. Materialele pavilionului trebuie s\u0103 fie rezistente la temperaturi sc\u0103zute, z\u0103pad\u0103 \u0219i ghea\u021b\u0103. O construc\u021bie robust\u0103 va asigura faptul c\u0103 pavilionul nu va fi deteriorat de greutatea z\u0103pezii sau a \u00eenghe\u021bului.<\/p>\n\n\n\n<h2 class=\"wp-block-heading\">Tipuri de pavilioane \u0219i caracteristicile lor<\/h2>\n\n\n\n<p class=\"wp-block-paragraph\">Exist\u0103 multe tipuri de pavilioane de gr\u0103din\u0103, fiecare cu propriile avantaje \u0219i dezavantaje. Iat\u0103 care sunt cele mai populare dintre acestea:<\/p>\n\n\n\n<h3 class=\"wp-block-heading\">Pavilioane din aluminiu<\/h3>\n\n\n\n<p class=\"wp-block-paragraph\">Pavilioanele din aluminiu sunt foarte populare datorit\u0103 greut\u0103\u021bii lor reduse \u0219i rezisten\u021bei la coroziune. Aluminiul nu rugine\u0219te, ceea ce face ca astfel de pavilioane s\u0103 fie u\u0219or de \u00eentre\u021binut. De asemenea, sunt foarte stabile \u0219i durabile, ceea ce le face o alegere ideal\u0103 pentru gr\u0103dinile expuse la condi\u021bii meteorologice schimb\u0103toare. Dezavantajul poate fi costul mai ridicat \u00een compara\u021bie cu alte materiale.<\/p>\n\n\n\n<h3 class=\"wp-block-heading\">Pavilioane din o\u021bel<\/h3>\n\n\n\n<p class=\"wp-block-paragraph\">Pavilioanele din o\u021bel sunt foarte robuste \u0219i durabile, ceea ce le face o alegere excelent\u0103 pentru zonele expuse la v\u00e2nturi puternice \u0219i ploi abundente. Cu toate acestea, o\u021belul necesit\u0103 o protec\u021bie adecvat\u0103 \u00eempotriva coroziunii, ceea ce poate genera costuri suplimentare \u0219i \u00eentre\u021binere periodic\u0103.<\/p>\n\n\n\n<div class=\"wp-block-group green-box\"><div class=\"wp-block-group__inner-container is-layout-constrained wp-block-group-is-layout-constrained\">\n<h2 class=\"wp-block-heading\">Pavilioane din lemn<\/h2>\n\n\n\n<p class=\"wp-block-paragraph\">Pavilioanele din lemn sunt foarte versatile \u0219i pl\u0103cute din punct de vedere estetic. Lemnul se integreaz\u0103 bine \u00een mediul natural al gr\u0103dinii \u0219i poate fi u\u0219or personalizat. Cu toate acestea, pavilioanele din lemn necesit\u0103 \u00eentre\u021binere periodic\u0103 pentru a le face durabile \u0219i rezistente la intemperii. Avantajul lor este c\u0103 pot fi personalizate \u0219i renovate, ceea ce \u00eenseamn\u0103 c\u0103 pot dura mul\u021bi ani.<\/p>\n<\/div><\/div>\n\n\n\n<h2 class=\"wp-block-heading\">Pavilion de gr\u0103din\u0103 din lemn &#8211; de ce este o alegere bun\u0103?<\/h2>\n\n\n\n<p class=\"wp-block-paragraph\">Pavilioanele de gr\u0103din\u0103 din lemn nu sunt doar pl\u0103cute din punct de vedere estetic, ci \u0219i practice \u0219i durabile. Iat\u0103 c\u00e2teva motive pentru care ar trebui s\u0103 opta\u021bi pentru un pavilion din lemn:<\/p>\n\n\n\n<h3 class=\"wp-block-heading\">Aspect natural \u0219i estetic\u0103<\/h3>\n\n\n\n<p class=\"wp-block-paragraph\">Fiind un material natural, lemnul se integreaz\u0103 perfect \u00een mediul gr\u0103dinii, oferindu-i un aspect cald \u0219i confortabil. Pavilioanele din lemn sunt pl\u0103cute din punct de vedere estetic \u0219i pot fi adaptate la diferite stiluri de gr\u0103din\u0103.<\/p>\n\n\n\n<h3 class=\"wp-block-heading\">Prietenie fa\u021b\u0103 de mediu \u0219i durabilitate<\/h3>\n\n\n\n<p class=\"wp-block-paragraph\">Lemnul este un material ecologic \u0219i regenerabil. Prin alegerea unui pavilion din lemn, contribui\u021bi la durabilitate \u0219i la protec\u021bia mediului. Multe companii ofer\u0103 produse realizate din lemn din surse certificate, ceea ce spore\u0219te \u0219i mai mult valoarea lor ecologic\u0103.<\/p>\n\n\n\n<h3 class=\"wp-block-heading\">Propriet\u0103\u021bi izolatoare excelente<\/h3>\n\n\n\n<p class=\"wp-block-paragraph\">Lemnul are propriet\u0103\u021bi izolatoare excelente, astfel \u00eenc\u00e2t un pavilion din lemn ofer\u0103 confort termic at\u00e2t vara, c\u00e2t \u0219i iarna. Vara protejeaz\u0103 \u00eempotriva luminii solare excesive, iar iarna p\u0103streaz\u0103 c\u0103ldura \u00een interior.<\/p>\n\n\n\n<h3 class=\"wp-block-heading\">Durabilitate \u0219i rezisten\u021b\u0103<\/h3>\n\n\n\n<p class=\"wp-block-paragraph\">Protejat \u0219i \u00eentre\u021binut corespunz\u0103tor, lemnul este foarte durabil \u0219i de lung\u0103 durat\u0103. Pavilioanele din lemn pot dura mul\u021bi ani dac\u0103 sunt \u00eentre\u021binute corespunz\u0103tor.<\/p>\n\n\n\n<h3 class=\"wp-block-heading\">U\u0219or de renovat \u0219i personalizat<\/h3>\n\n\n\n<p class=\"wp-block-paragraph\">Pavilioanele din lemn sunt u\u0219or de renovat \u0219i de personalizat. Acestea pot fi vopsite, colorate sau l\u0103cuite, personaliz\u00e2nd aspectul pentru a se potrivi nevoilor \u0219i preferin\u021belor individuale.<\/p>\n\n\n\n<h2 class=\"wp-block-heading\">Sfaturi practice &#8211; cum s\u0103 v\u0103 face\u021bi pavilionul rezistent la furtuni?<\/h2>\n\n\n\n<p class=\"wp-block-paragraph\">Pentru ca pavilionul dvs. de gr\u0103din\u0103 s\u0103 fie rezistent la furtuni \u0219i la intemperii, trebuie urma\u021bi c\u00e2\u021biva pa\u0219i cheie:<\/p>\n\n\n\n<h3 class=\"wp-block-heading\">\u00centre\u021binerea \u0219i \u00eengrijirea zilnic\u0103<\/h3>\n\n\n\n<p class=\"wp-block-paragraph\">\u00centre\u021binerea regulat\u0103 este esen\u021bial\u0103 pentru a v\u0103 men\u021bine pavilionul \u00een stare bun\u0103. Aceasta include cur\u0103\u021barea, verificarea st\u0103rii materialelor \u0219i repararea oric\u0103ror daune. Pavilioanele din lemn au nevoie de impermeabilizare \u0219i vopsire regulat\u0103 pentru a le face rezistente la umiditate \u0219i radia\u021bii UV.<\/p>\n\n\n\n<h3 class=\"wp-block-heading\">Preg\u0103tiri sezoniere<\/h3>\n\n\n\n<p class=\"wp-block-paragraph\">\u00cenainte de debutul sezonului furtunilor, al iernii sau al soarelui intens, merit\u0103 s\u0103 efectua\u021bi preg\u0103tiri suplimentare. Acestea includ asigurarea structurii \u00eempotriva v\u00e2nturilor puternice prin ancorarea sa ferm\u0103 la sol, precum \u0219i acoperirea suprafe\u021bei cu straturi de protec\u021bie.<\/p>\n\n\n\n<h3 class=\"wp-block-heading\">Protec\u021bia \u00eempotriva v\u00e2ntului \u0219i a precipita\u021biilor<\/h3>\n\n\n\n<p class=\"wp-block-paragraph\">Pentru a face pavilionul rezistent la v\u00e2nturi puternice, trebuie s\u0103 se aib\u0103 grij\u0103 s\u0103 se asigure stabilitatea acestuia. Se pot folosi ancore \u0219i elemente de fixare suplimentare pentru a preveni r\u0103sturnarea structurii. \u00cen caz de precipita\u021bii abundente, este recomandabil s\u0103 v\u0103 asigura\u021bi c\u0103 exist\u0103 un sistem de drenaj adecvat pentru a evita acumularea de umiditate pe acoperi\u0219ul pavilionului.<\/p>\n\n\n\n<h2 class=\"wp-block-heading\">Finalizare<\/h2>\n\n\n\n<p class=\"wp-block-paragraph\">Alegerea pavilionului de gr\u0103din\u0103 potrivit pentru a rezista furtunilor \u0219i condi\u021biilor meteorologice dificile este esen\u021bial\u0103 pentru a v\u0103 bucura de gr\u0103din\u0103 pe tot parcursul anului. Este important s\u0103 acorda\u021bi aten\u021bie materialelor structurii, stabilit\u0103\u021bii acesteia \u0219i protec\u021biei adecvate \u00eempotriva UV \u0219i coroziunii. Pavilioanele din lemn ofer\u0103 un aspect natural, propriet\u0103\u021bi excelente de izolare \u0219i posibilitatea de personalizare, ceea ce le face o alegere excelent\u0103 pentru orice gr\u0103din\u0103.<\/p>\n\n\n\n<p class=\"wp-block-paragraph\">Investi\u021bia \u00eentr-un pavilion durabil \u0219i robust asigur\u0103 confort \u0219i siguran\u021b\u0103, \u00een timp ce \u00eentre\u021binerea regulat\u0103 \u0219i preg\u0103tirile sezoniere adecvate v\u0103 vor permite s\u0103 v\u0103 bucura\u021bi de frumuse\u021bea gr\u0103dinii dvs. indiferent de condi\u021biile meteorologice predominante.<\/p>\n\n\n\n<figure class=\"wp-block-gallery has-nested-images columns-default is-cropped wp-block-gallery-1 is-layout-flex wp-block-gallery-is-layout-flex\">\n<figure class=\"wp-block-image size-large\"><img loading=\"lazy\" decoding=\"async\" width=\"1024\" height=\"768\" data-id=\"88053\" src=\"https:\/\/bertsch-holzbau.eu\/wp-content\/uploads\/2024\/06\/000023-01-2-1024x768.jpg\" alt=\"\" class=\"wp-image-88053\" srcset=\"https:\/\/bertsch-holzbau.eu\/wp-content\/uploads\/2024\/06\/000023-01-2-1024x768.jpg 1024w, https:\/\/bertsch-holzbau.eu\/wp-content\/uploads\/2024\/06\/000023-01-2-300x225.jpg 300w, https:\/\/bertsch-holzbau.eu\/wp-content\/uploads\/2024\/06\/000023-01-2-768x576.jpg 768w, https:\/\/bertsch-holzbau.eu\/wp-content\/uploads\/2024\/06\/000023-01-2-1536x1152.jpg 1536w, https:\/\/bertsch-holzbau.eu\/wp-content\/uploads\/2024\/06\/000023-01-2-400x300.jpg 400w, https:\/\/bertsch-holzbau.eu\/wp-content\/uploads\/2024\/06\/000023-01-2-600x450.jpg 600w, https:\/\/bertsch-holzbau.eu\/wp-content\/uploads\/2024\/06\/000023-01-2-800x600.jpg 800w, https:\/\/bertsch-holzbau.eu\/wp-content\/uploads\/2024\/06\/000023-01-2-1200x900.jpg 1200w, https:\/\/bertsch-holzbau.eu\/wp-content\/uploads\/2024\/06\/000023-01-2.jpg 2016w\" sizes=\"auto, (max-width: 1024px) 100vw, 1024px\" \/><\/figure>\n\n\n\n<figure class=\"wp-block-image size-large\"><img loading=\"lazy\" decoding=\"async\" width=\"1024\" height=\"997\" data-id=\"88065\" src=\"https:\/\/bertsch-holzbau.eu\/wp-content\/uploads\/2024\/06\/000431-01-2-1024x997.jpg\" alt=\"\" class=\"wp-image-88065\" srcset=\"https:\/\/bertsch-holzbau.eu\/wp-content\/uploads\/2024\/06\/000431-01-2-1024x997.jpg 1024w, https:\/\/bertsch-holzbau.eu\/wp-content\/uploads\/2024\/06\/000431-01-2-300x292.jpg 300w, https:\/\/bertsch-holzbau.eu\/wp-content\/uploads\/2024\/06\/000431-01-2-768x748.jpg 768w, https:\/\/bertsch-holzbau.eu\/wp-content\/uploads\/2024\/06\/000431-01-2-1536x1496.jpg 1536w, https:\/\/bertsch-holzbau.eu\/wp-content\/uploads\/2024\/06\/000431-01-2-2048x1994.jpg 2048w, https:\/\/bertsch-holzbau.eu\/wp-content\/uploads\/2024\/06\/000431-01-2-400x390.jpg 400w, https:\/\/bertsch-holzbau.eu\/wp-content\/uploads\/2024\/06\/000431-01-2-600x584.jpg 600w, https:\/\/bertsch-holzbau.eu\/wp-content\/uploads\/2024\/06\/000431-01-2-800x779.jpg 800w, https:\/\/bertsch-holzbau.eu\/wp-content\/uploads\/2024\/06\/000431-01-2-1200x1169.jpg 1200w\" sizes=\"auto, (max-width: 1024px) 100vw, 1024px\" \/><\/figure>\n\n\n\n<figure class=\"wp-block-image size-large\"><img loading=\"lazy\" decoding=\"async\" width=\"1024\" height=\"768\" data-id=\"88069\" src=\"https:\/\/bertsch-holzbau.eu\/wp-content\/uploads\/2024\/06\/001607-01-2-1024x768.jpg\" alt=\"\" class=\"wp-image-88069\" srcset=\"https:\/\/bertsch-holzbau.eu\/wp-content\/uploads\/2024\/06\/001607-01-2-1024x768.jpg 1024w, https:\/\/bertsch-holzbau.eu\/wp-content\/uploads\/2024\/06\/001607-01-2-300x225.jpg 300w, https:\/\/bertsch-holzbau.eu\/wp-content\/uploads\/2024\/06\/001607-01-2-768x576.jpg 768w, https:\/\/bertsch-holzbau.eu\/wp-content\/uploads\/2024\/06\/001607-01-2-1536x1152.jpg 1536w, https:\/\/bertsch-holzbau.eu\/wp-content\/uploads\/2024\/06\/001607-01-2-2048x1536.jpg 2048w, https:\/\/bertsch-holzbau.eu\/wp-content\/uploads\/2024\/06\/001607-01-2-400x300.jpg 400w, https:\/\/bertsch-holzbau.eu\/wp-content\/uploads\/2024\/06\/001607-01-2-600x450.jpg 600w, https:\/\/bertsch-holzbau.eu\/wp-content\/uploads\/2024\/06\/001607-01-2-800x600.jpg 800w, https:\/\/bertsch-holzbau.eu\/wp-content\/uploads\/2024\/06\/001607-01-2-1200x900.jpg 1200w\" sizes=\"auto, (max-width: 1024px) 100vw, 1024px\" \/><\/figure>\n<\/figure>\n","protected":false},"excerpt":{"rendered":"<p>Un pavilion de gr\u0103din\u0103 este o structur\u0103 care \u00eendepline\u0219te at\u00e2t o func\u021bie decorativ\u0103, c\u00e2t \u0219i utilitar\u0103 \u00een gr\u0103din\u0103. Este un loc unde v\u0103 pute\u021bi petrece timpul \u00een aer liber, protej\u00e2ndu-v\u0103 de soare, ploaie sau v\u00e2nt. Pavilioanele de gr\u0103din\u0103 sunt disponibile \u00eentr-o varietate de stiluri \u0219i dimensiuni pentru a se potrivi oric\u0103rui tip de gr\u0103din\u0103 \u0219i [&hellip;]<\/p>\n","protected":false},"author":6,"featured_media":112178,"comment_status":"open","ping_status":"open","sticky":false,"template":"","format":"standard","meta":{"_acf_changed":false,"footnotes":""},"categories":[458],"tags":[],"class_list":["post-63263","post","type-post","status-publish","format-standard","has-post-thumbnail","hentry","category-cum-sa-ghiduri"],"acf":[],"yoast_head":"<!-- This site is optimized with the Yoast SEO plugin v27.8 - https:\/\/yoast.com\/product\/yoast-seo-wordpress\/ -->\n<title>Pavilion protejat \u00eempotriva furtunilor pe tot parcursul anului | Bertsch Holzbau<\/title>\n<meta name=\"robots\" content=\"index, follow, max-snippet:-1, max-image-preview:large, max-video-preview:-1\" \/>\n<meta property=\"og:locale\" content=\"ro_RO\" \/>\n<meta property=\"og:type\" content=\"article\" \/>\n<meta property=\"og:title\" content=\"Pavilion protejat \u00eempotriva furtunilor pe tot parcursul anului | Bertsch Holzbau\" \/>\n<meta property=\"og:description\" content=\"Un pavilion de gr\u0103din\u0103 este o structur\u0103 care \u00eendepline\u0219te at\u00e2t o func\u021bie decorativ\u0103, c\u00e2t \u0219i utilitar\u0103 \u00een gr\u0103din\u0103. Este un loc unde v\u0103 pute\u021bi petrece timpul \u00een aer liber, protej\u00e2ndu-v\u0103 de soare, ploaie sau v\u00e2nt. Pavilioanele de gr\u0103din\u0103 sunt disponibile \u00eentr-o varietate de stiluri \u0219i dimensiuni pentru a se potrivi oric\u0103rui tip de gr\u0103din\u0103 \u0219i [&hellip;]\" \/>\n<meta property=\"og:url\" content=\"https:\/\/bertsch-holzbau.eu\/ro\/blog\/pavilion-protejat-impotriva-furtunilor-pe-tot-parcursul-anului\/\" \/>\n<meta property=\"og:site_name\" content=\"BHB Bertsch Holzbau\" \/>\n<meta property=\"article:publisher\" content=\"https:\/\/www.facebook.com\/bertschholzbau\/\" \/>\n<meta property=\"article:published_time\" content=\"2024-06-22T10:34:27+00:00\" \/>\n<meta property=\"article:modified_time\" content=\"2024-11-27T14:04:59+00:00\" \/>\n<meta property=\"og:image\" content=\"https:\/\/bertsch-holzbau.eu\/wp-content\/uploads\/2024\/08\/000741-01.jpg\" \/>\n\t<meta property=\"og:image:width\" content=\"2560\" \/>\n\t<meta property=\"og:image:height\" content=\"1920\" \/>\n\t<meta property=\"og:image:type\" content=\"image\/jpeg\" \/>\n<meta name=\"author\" content=\"Joachim Bertsch\" \/>\n<meta name=\"twitter:card\" content=\"summary_large_image\" \/>\n<meta name=\"twitter:label1\" content=\"Scris de\" \/>\n\t<meta name=\"twitter:data1\" content=\"Joachim Bertsch\" \/>\n\t<meta name=\"twitter:label2\" content=\"Timp estimat pentru citire\" \/>\n\t<meta name=\"twitter:data2\" content=\"7 minute\" \/>\n<script type=\"application\/ld+json\" class=\"yoast-schema-graph\">{\"@context\":\"https:\\\/\\\/schema.org\",\"@graph\":[{\"@type\":\"Article\",\"@id\":\"https:\\\/\\\/bertsch-holzbau.eu\\\/ro\\\/blog\\\/pavilion-protejat-impotriva-furtunilor-pe-tot-parcursul-anului\\\/#article\",\"isPartOf\":{\"@id\":\"https:\\\/\\\/bertsch-holzbau.eu\\\/ro\\\/blog\\\/pavilion-protejat-impotriva-furtunilor-pe-tot-parcursul-anului\\\/\"},\"author\":{\"name\":\"Joachim Bertsch\",\"@id\":\"https:\\\/\\\/bertsch-holzbau.eu\\\/ro\\\/#\\\/schema\\\/person\\\/13ecc06e359795647bc8686c8fc9628b\"},\"headline\":\"Pavilion protejat \u00eempotriva furtunilor pe tot parcursul anului\",\"datePublished\":\"2024-06-22T10:34:27+00:00\",\"dateModified\":\"2024-11-27T14:04:59+00:00\",\"mainEntityOfPage\":{\"@id\":\"https:\\\/\\\/bertsch-holzbau.eu\\\/ro\\\/blog\\\/pavilion-protejat-impotriva-furtunilor-pe-tot-parcursul-anului\\\/\"},\"wordCount\":1394,\"commentCount\":0,\"publisher\":{\"@id\":\"https:\\\/\\\/bertsch-holzbau.eu\\\/ro\\\/#organization\"},\"image\":{\"@id\":\"https:\\\/\\\/bertsch-holzbau.eu\\\/ro\\\/blog\\\/pavilion-protejat-impotriva-furtunilor-pe-tot-parcursul-anului\\\/#primaryimage\"},\"thumbnailUrl\":\"https:\\\/\\\/bertsch-holzbau.eu\\\/wp-content\\\/uploads\\\/2024\\\/06\\\/12.-Pawilon-odporny-na-burze-przez-caly-rok.jpg\",\"articleSection\":[\"Cum s\u0103 ghiduri\"],\"inLanguage\":\"ro-RO\",\"potentialAction\":[{\"@type\":\"CommentAction\",\"name\":\"Comment\",\"target\":[\"https:\\\/\\\/bertsch-holzbau.eu\\\/ro\\\/blog\\\/pavilion-protejat-impotriva-furtunilor-pe-tot-parcursul-anului\\\/#respond\"]}]},{\"@type\":\"WebPage\",\"@id\":\"https:\\\/\\\/bertsch-holzbau.eu\\\/ro\\\/blog\\\/pavilion-protejat-impotriva-furtunilor-pe-tot-parcursul-anului\\\/\",\"url\":\"https:\\\/\\\/bertsch-holzbau.eu\\\/ro\\\/blog\\\/pavilion-protejat-impotriva-furtunilor-pe-tot-parcursul-anului\\\/\",\"name\":\"Pavilion protejat \u00eempotriva furtunilor pe tot parcursul anului | Bertsch Holzbau\",\"isPartOf\":{\"@id\":\"https:\\\/\\\/bertsch-holzbau.eu\\\/ro\\\/#website\"},\"primaryImageOfPage\":{\"@id\":\"https:\\\/\\\/bertsch-holzbau.eu\\\/ro\\\/blog\\\/pavilion-protejat-impotriva-furtunilor-pe-tot-parcursul-anului\\\/#primaryimage\"},\"image\":{\"@id\":\"https:\\\/\\\/bertsch-holzbau.eu\\\/ro\\\/blog\\\/pavilion-protejat-impotriva-furtunilor-pe-tot-parcursul-anului\\\/#primaryimage\"},\"thumbnailUrl\":\"https:\\\/\\\/bertsch-holzbau.eu\\\/wp-content\\\/uploads\\\/2024\\\/06\\\/12.-Pawilon-odporny-na-burze-przez-caly-rok.jpg\",\"datePublished\":\"2024-06-22T10:34:27+00:00\",\"dateModified\":\"2024-11-27T14:04:59+00:00\",\"breadcrumb\":{\"@id\":\"https:\\\/\\\/bertsch-holzbau.eu\\\/ro\\\/blog\\\/pavilion-protejat-impotriva-furtunilor-pe-tot-parcursul-anului\\\/#breadcrumb\"},\"inLanguage\":\"ro-RO\",\"potentialAction\":[{\"@type\":\"ReadAction\",\"target\":[\"https:\\\/\\\/bertsch-holzbau.eu\\\/ro\\\/blog\\\/pavilion-protejat-impotriva-furtunilor-pe-tot-parcursul-anului\\\/\"]}]},{\"@type\":\"ImageObject\",\"inLanguage\":\"ro-RO\",\"@id\":\"https:\\\/\\\/bertsch-holzbau.eu\\\/ro\\\/blog\\\/pavilion-protejat-impotriva-furtunilor-pe-tot-parcursul-anului\\\/#primaryimage\",\"url\":\"https:\\\/\\\/bertsch-holzbau.eu\\\/wp-content\\\/uploads\\\/2024\\\/06\\\/12.-Pawilon-odporny-na-burze-przez-caly-rok.jpg\",\"contentUrl\":\"https:\\\/\\\/bertsch-holzbau.eu\\\/wp-content\\\/uploads\\\/2024\\\/06\\\/12.-Pawilon-odporny-na-burze-przez-caly-rok.jpg\",\"width\":1200,\"height\":900},{\"@type\":\"BreadcrumbList\",\"@id\":\"https:\\\/\\\/bertsch-holzbau.eu\\\/ro\\\/blog\\\/pavilion-protejat-impotriva-furtunilor-pe-tot-parcursul-anului\\\/#breadcrumb\",\"itemListElement\":[{\"@type\":\"ListItem\",\"position\":1,\"name\":\"Home\",\"item\":\"https:\\\/\\\/bertsch-holzbau.eu\\\/ro\\\/\"},{\"@type\":\"ListItem\",\"position\":2,\"name\":\"Pavilion protejat \u00eempotriva furtunilor pe tot parcursul anului\"}]},{\"@type\":\"WebSite\",\"@id\":\"https:\\\/\\\/bertsch-holzbau.eu\\\/ro\\\/#website\",\"url\":\"https:\\\/\\\/bertsch-holzbau.eu\\\/ro\\\/\",\"name\":\"BHB Bertsch Holzbau\",\"description\":\"\",\"publisher\":{\"@id\":\"https:\\\/\\\/bertsch-holzbau.eu\\\/ro\\\/#organization\"},\"potentialAction\":[{\"@type\":\"SearchAction\",\"target\":{\"@type\":\"EntryPoint\",\"urlTemplate\":\"https:\\\/\\\/bertsch-holzbau.eu\\\/ro\\\/?s={search_term_string}\"},\"query-input\":{\"@type\":\"PropertyValueSpecification\",\"valueRequired\":true,\"valueName\":\"search_term_string\"}}],\"inLanguage\":\"ro-RO\"},[],{\"@type\":\"Person\",\"@id\":\"https:\\\/\\\/bertsch-holzbau.eu\\\/ro\\\/#\\\/schema\\\/person\\\/13ecc06e359795647bc8686c8fc9628b\",\"name\":\"Joachim Bertsch\",\"image\":{\"@type\":\"ImageObject\",\"inLanguage\":\"ro-RO\",\"@id\":\"https:\\\/\\\/bertsch-holzbau.eu\\\/wp-content\\\/litespeed\\\/avatar\\\/81f1ede881040594386bd43727a0c7b5.jpg?ver=1788161130\",\"url\":\"https:\\\/\\\/bertsch-holzbau.eu\\\/wp-content\\\/litespeed\\\/avatar\\\/81f1ede881040594386bd43727a0c7b5.jpg?ver=1788161130\",\"contentUrl\":\"https:\\\/\\\/bertsch-holzbau.eu\\\/wp-content\\\/litespeed\\\/avatar\\\/81f1ede881040594386bd43727a0c7b5.jpg?ver=1788161130\",\"caption\":\"Joachim Bertsch\"},\"url\":\"https:\\\/\\\/bertsch-holzbau.eu\\\/ro\\\/blog\\\/author\\\/j-bertsch\\\/\"}]}<\/script>\n<!-- \/ Yoast SEO plugin. -->","yoast_head_json":{"title":"Pavilion protejat \u00eempotriva furtunilor pe tot parcursul anului | Bertsch Holzbau","robots":{"index":"index","follow":"follow","max-snippet":"max-snippet:-1","max-image-preview":"max-image-preview:large","max-video-preview":"max-video-preview:-1"},"og_locale":"ro_RO","og_type":"article","og_title":"Pavilion protejat \u00eempotriva furtunilor pe tot parcursul anului | Bertsch Holzbau","og_description":"Un pavilion de gr\u0103din\u0103 este o structur\u0103 care \u00eendepline\u0219te at\u00e2t o func\u021bie decorativ\u0103, c\u00e2t \u0219i utilitar\u0103 \u00een gr\u0103din\u0103. Este un loc unde v\u0103 pute\u021bi petrece timpul \u00een aer liber, protej\u00e2ndu-v\u0103 de soare, ploaie sau v\u00e2nt. Pavilioanele de gr\u0103din\u0103 sunt disponibile \u00eentr-o varietate de stiluri \u0219i dimensiuni pentru a se potrivi oric\u0103rui tip de gr\u0103din\u0103 \u0219i [&hellip;]","og_url":"https:\/\/bertsch-holzbau.eu\/ro\/blog\/pavilion-protejat-impotriva-furtunilor-pe-tot-parcursul-anului\/","og_site_name":"BHB Bertsch Holzbau","article_publisher":"https:\/\/www.facebook.com\/bertschholzbau\/","article_published_time":"2024-06-22T10:34:27+00:00","article_modified_time":"2024-11-27T14:04:59+00:00","og_image":[{"width":2560,"height":1920,"url":"https:\/\/bertsch-holzbau.eu\/wp-content\/uploads\/2024\/08\/000741-01.jpg","type":"image\/jpeg"}],"author":"Joachim Bertsch","twitter_card":"summary_large_image","twitter_misc":{"Scris de":"Joachim Bertsch","Timp estimat pentru citire":"7 minute"},"schema":{"@context":"https:\/\/schema.org","@graph":[{"@type":"Article","@id":"https:\/\/bertsch-holzbau.eu\/ro\/blog\/pavilion-protejat-impotriva-furtunilor-pe-tot-parcursul-anului\/#article","isPartOf":{"@id":"https:\/\/bertsch-holzbau.eu\/ro\/blog\/pavilion-protejat-impotriva-furtunilor-pe-tot-parcursul-anului\/"},"author":{"name":"Joachim Bertsch","@id":"https:\/\/bertsch-holzbau.eu\/ro\/#\/schema\/person\/13ecc06e359795647bc8686c8fc9628b"},"headline":"Pavilion protejat \u00eempotriva furtunilor pe tot parcursul anului","datePublished":"2024-06-22T10:34:27+00:00","dateModified":"2024-11-27T14:04:59+00:00","mainEntityOfPage":{"@id":"https:\/\/bertsch-holzbau.eu\/ro\/blog\/pavilion-protejat-impotriva-furtunilor-pe-tot-parcursul-anului\/"},"wordCount":1394,"commentCount":0,"publisher":{"@id":"https:\/\/bertsch-holzbau.eu\/ro\/#organization"},"image":{"@id":"https:\/\/bertsch-holzbau.eu\/ro\/blog\/pavilion-protejat-impotriva-furtunilor-pe-tot-parcursul-anului\/#primaryimage"},"thumbnailUrl":"https:\/\/bertsch-holzbau.eu\/wp-content\/uploads\/2024\/06\/12.-Pawilon-odporny-na-burze-przez-caly-rok.jpg","articleSection":["Cum s\u0103 ghiduri"],"inLanguage":"ro-RO","potentialAction":[{"@type":"CommentAction","name":"Comment","target":["https:\/\/bertsch-holzbau.eu\/ro\/blog\/pavilion-protejat-impotriva-furtunilor-pe-tot-parcursul-anului\/#respond"]}]},{"@type":"WebPage","@id":"https:\/\/bertsch-holzbau.eu\/ro\/blog\/pavilion-protejat-impotriva-furtunilor-pe-tot-parcursul-anului\/","url":"https:\/\/bertsch-holzbau.eu\/ro\/blog\/pavilion-protejat-impotriva-furtunilor-pe-tot-parcursul-anului\/","name":"Pavilion protejat \u00eempotriva furtunilor pe tot parcursul anului | Bertsch Holzbau","isPartOf":{"@id":"https:\/\/bertsch-holzbau.eu\/ro\/#website"},"primaryImageOfPage":{"@id":"https:\/\/bertsch-holzbau.eu\/ro\/blog\/pavilion-protejat-impotriva-furtunilor-pe-tot-parcursul-anului\/#primaryimage"},"image":{"@id":"https:\/\/bertsch-holzbau.eu\/ro\/blog\/pavilion-protejat-impotriva-furtunilor-pe-tot-parcursul-anului\/#primaryimage"},"thumbnailUrl":"https:\/\/bertsch-holzbau.eu\/wp-content\/uploads\/2024\/06\/12.-Pawilon-odporny-na-burze-przez-caly-rok.jpg","datePublished":"2024-06-22T10:34:27+00:00","dateModified":"2024-11-27T14:04:59+00:00","breadcrumb":{"@id":"https:\/\/bertsch-holzbau.eu\/ro\/blog\/pavilion-protejat-impotriva-furtunilor-pe-tot-parcursul-anului\/#breadcrumb"},"inLanguage":"ro-RO","potentialAction":[{"@type":"ReadAction","target":["https:\/\/bertsch-holzbau.eu\/ro\/blog\/pavilion-protejat-impotriva-furtunilor-pe-tot-parcursul-anului\/"]}]},{"@type":"ImageObject","inLanguage":"ro-RO","@id":"https:\/\/bertsch-holzbau.eu\/ro\/blog\/pavilion-protejat-impotriva-furtunilor-pe-tot-parcursul-anului\/#primaryimage","url":"https:\/\/bertsch-holzbau.eu\/wp-content\/uploads\/2024\/06\/12.-Pawilon-odporny-na-burze-przez-caly-rok.jpg","contentUrl":"https:\/\/bertsch-holzbau.eu\/wp-content\/uploads\/2024\/06\/12.-Pawilon-odporny-na-burze-przez-caly-rok.jpg","width":1200,"height":900},{"@type":"BreadcrumbList","@id":"https:\/\/bertsch-holzbau.eu\/ro\/blog\/pavilion-protejat-impotriva-furtunilor-pe-tot-parcursul-anului\/#breadcrumb","itemListElement":[{"@type":"ListItem","position":1,"name":"Home","item":"https:\/\/bertsch-holzbau.eu\/ro\/"},{"@type":"ListItem","position":2,"name":"Pavilion protejat \u00eempotriva furtunilor pe tot parcursul anului"}]},{"@type":"WebSite","@id":"https:\/\/bertsch-holzbau.eu\/ro\/#website","url":"https:\/\/bertsch-holzbau.eu\/ro\/","name":"BHB Bertsch Holzbau","description":"","publisher":{"@id":"https:\/\/bertsch-holzbau.eu\/ro\/#organization"},"potentialAction":[{"@type":"SearchAction","target":{"@type":"EntryPoint","urlTemplate":"https:\/\/bertsch-holzbau.eu\/ro\/?s={search_term_string}"},"query-input":{"@type":"PropertyValueSpecification","valueRequired":true,"valueName":"search_term_string"}}],"inLanguage":"ro-RO"},[],{"@type":"Person","@id":"https:\/\/bertsch-holzbau.eu\/ro\/#\/schema\/person\/13ecc06e359795647bc8686c8fc9628b","name":"Joachim Bertsch","image":{"@type":"ImageObject","inLanguage":"ro-RO","@id":"https:\/\/bertsch-holzbau.eu\/wp-content\/litespeed\/avatar\/81f1ede881040594386bd43727a0c7b5.jpg?ver=1788161130","url":"https:\/\/bertsch-holzbau.eu\/wp-content\/litespeed\/avatar\/81f1ede881040594386bd43727a0c7b5.jpg?ver=1788161130","contentUrl":"https:\/\/bertsch-holzbau.eu\/wp-content\/litespeed\/avatar\/81f1ede881040594386bd43727a0c7b5.jpg?ver=1788161130","caption":"Joachim Bertsch"},"url":"https:\/\/bertsch-holzbau.eu\/ro\/blog\/author\/j-bertsch\/"}]}},"_links":{"self":[{"href":"https:\/\/bertsch-holzbau.eu\/ro\/wp-json\/wp\/v2\/posts\/63263","targetHints":{"allow":["GET"]}}],"collection":[{"href":"https:\/\/bertsch-holzbau.eu\/ro\/wp-json\/wp\/v2\/posts"}],"about":[{"href":"https:\/\/bertsch-holzbau.eu\/ro\/wp-json\/wp\/v2\/types\/post"}],"author":[{"embeddable":true,"href":"https:\/\/bertsch-holzbau.eu\/ro\/wp-json\/wp\/v2\/users\/6"}],"replies":[{"embeddable":true,"href":"https:\/\/bertsch-holzbau.eu\/ro\/wp-json\/wp\/v2\/comments?post=63263"}],"version-history":[{"count":5,"href":"https:\/\/bertsch-holzbau.eu\/ro\/wp-json\/wp\/v2\/posts\/63263\/revisions"}],"predecessor-version":[{"id":88457,"href":"https:\/\/bertsch-holzbau.eu\/ro\/wp-json\/wp\/v2\/posts\/63263\/revisions\/88457"}],"wp:featuredmedia":[{"embeddable":true,"href":"https:\/\/bertsch-holzbau.eu\/ro\/wp-json\/wp\/v2\/media\/112178"}],"wp:attachment":[{"href":"https:\/\/bertsch-holzbau.eu\/ro\/wp-json\/wp\/v2\/media?parent=63263"}],"wp:term":[{"taxonomy":"category","embeddable":true,"href":"https:\/\/bertsch-holzbau.eu\/ro\/wp-json\/wp\/v2\/categories?post=63263"},{"taxonomy":"post_tag","embeddable":true,"href":"https:\/\/bertsch-holzbau.eu\/ro\/wp-json\/wp\/v2\/tags?post=63263"}],"curies":[{"name":"wp","href":"https:\/\/api.w.org\/{rel}","templated":true}]}}