{"id":63258,"date":"2024-05-27T12:37:35","date_gmt":"2024-05-27T10:37:35","guid":{"rendered":"https:\/\/bertsch-holzbau.eu\/blog\/zadaszenia-ogrodowe\/"},"modified":"2025-02-17T12:08:28","modified_gmt":"2025-02-17T11:08:28","slug":"idei-si-exemple-de-copertine-de-gradina","status":"publish","type":"post","link":"https:\/\/bertsch-holzbau.eu\/ro\/blog\/idei-si-exemple-de-copertine-de-gradina\/","title":{"rendered":"Idei \u0219i exemple de copertine de gr\u0103din\u0103"},"content":{"rendered":"\n<p class=\"wp-block-paragraph\"><strong>Prim\u0103vara, vara \u0219i toamna, ne place s\u0103 petrecem fiecare moment liber \u00een aer liber.<\/strong> <strong>Pentru a v\u0103 sim\u021bi confortabil \u00een gr\u0103din\u0103, trebuie s\u0103 ave\u021bi grij\u0103 de spa\u021biul dvs. de relaxare, \u0219i anume copertinele de gr\u0103din\u0103.<\/strong> <strong>Acestea ofer\u0103 protec\u021bie \u00eempotriva soarelui \u0219i a ploii.<\/strong> <strong>Prin urmare, acestea prelungesc timpul pe care \u00eel pute\u021bi petrece \u00een aer liber.<\/strong> <strong>Ce modele de copertine sunt disponibile pe pia\u021b\u0103?<\/strong> <strong>Ce le deosebe\u0219te pe fiecare dintre ele?<\/strong><\/p>\n\n\n\n<h2 class=\"wp-block-heading\"><strong>Copertine de gr\u0103din\u0103 &#8211; idei pentru diferite tipuri de protec\u021bie \u00eempotriva soarelui \u0219i a ploii<\/strong><\/h2>\n\n\n\n<p class=\"wp-block-paragraph\">Pe pia\u021b\u0103 ve\u021bi g\u0103si copertine de gr\u0103din\u0103 \u00een multe variante diferite. Acestea difer\u0103 \u00eentre ele, printre altele, \u00een ceea ce prive\u0219te materialele din care sunt fabricate \u0219i scopul lor. Urm\u0103toarele op\u021biuni sunt printre cele mai populare \u00een prezent.<\/p>\n\n\n\n<div class=\"wp-block-columns is-layout-flex wp-container-core-columns-is-layout-8f761849 wp-block-columns-is-layout-flex\">\n<div class=\"wp-block-column is-vertically-aligned-center is-layout-flow wp-block-column-is-layout-flow\">\n<h3 class=\"wp-block-heading\">Foi\u0219oare de gr\u0103din\u0103<\/h3>\n\n\n\n<p class=\"wp-block-paragraph\">Foi\u0219oarele de gr\u0103din\u0103 v\u0103 permit s\u0103 crea\u021bi un loc umbros pentru a v\u0103 relaxa \u00een locul ales din gr\u0103din\u0103. Le pute\u021bi alege dimensiunea, culoarea, forma sau tipul de acoperi\u0219.<\/p>\n\n\n\n<h3 class=\"wp-block-heading\">\u0218oproane pentru curte<\/h3>\n\n\n\n<p class=\"wp-block-paragraph\">\u0218oproanele de teras\u0103 pot fi copertine de gr\u0103din\u0103 din lemn, dar \u0219i structuri realizate din alte materiale (de exemplu, aluminiu, pere\u021bi din beton \u0219i lemn). Acestea ofer\u0103 protec\u021bie \u00eempotriva soarelui \u0219i a ploii. Structura poate, de exemplu, s\u0103 fie conectat\u0103 la o parte a unei cl\u0103diri (sprijinindu-se pe unul dintre pere\u021bi) sau s\u0103 fie un obiect independent.<\/p>\n<\/div>\n\n\n\n<div class=\"wp-block-column is-vertically-aligned-center is-layout-flow wp-block-column-is-layout-flow\">\n<figure class=\"wp-block-image size-large\"><img loading=\"lazy\" decoding=\"async\" width=\"1024\" height=\"660\" src=\"https:\/\/bertsch-holzbau.eu\/wp-content\/uploads\/2024\/08\/000617-01-1024x660.jpg\" alt=\"\" class=\"wp-image-65704\" srcset=\"https:\/\/bertsch-holzbau.eu\/wp-content\/uploads\/2024\/08\/000617-01-1024x660.jpg 1024w, https:\/\/bertsch-holzbau.eu\/wp-content\/uploads\/2024\/08\/000617-01-300x193.jpg 300w, https:\/\/bertsch-holzbau.eu\/wp-content\/uploads\/2024\/08\/000617-01-768x495.jpg 768w, https:\/\/bertsch-holzbau.eu\/wp-content\/uploads\/2024\/08\/000617-01-1536x991.jpg 1536w, https:\/\/bertsch-holzbau.eu\/wp-content\/uploads\/2024\/08\/000617-01-2048x1321.jpg 2048w, https:\/\/bertsch-holzbau.eu\/wp-content\/uploads\/2024\/08\/000617-01-400x258.jpg 400w, https:\/\/bertsch-holzbau.eu\/wp-content\/uploads\/2024\/08\/000617-01-600x387.jpg 600w, https:\/\/bertsch-holzbau.eu\/wp-content\/uploads\/2024\/08\/000617-01-800x516.jpg 800w, https:\/\/bertsch-holzbau.eu\/wp-content\/uploads\/2024\/08\/000617-01-1200x774.jpg 1200w\" sizes=\"auto, (max-width: 1024px) 100vw, 1024px\" \/><\/figure>\n<\/div>\n<\/div>\n\n\n\n<h3 class=\"wp-block-heading\">Pavilioane de gr\u0103din\u0103<\/h3>\n\n\n\n<p class=\"wp-block-paragraph\">Pavilioane de gr\u0103din\u0103 &#8211; cum func\u021bioneaz\u0103 astfel de corturi? Acestea sunt de obicei structuri deschise \u0219i pot lua o varietate de forme &#8211; de la modele clasice rotunde sau p\u0103trate la forme mai moderne \u0219i non-standard. Acestea sunt adesea decorate cu detalii precum sculpturi \u00een lemn, elemente din metal forjat sau elemente din sticl\u0103 care le sporesc elegan\u021ba.<\/p>\n\n\n\n<h3 class=\"wp-block-heading\">Copertine din policarbonat<\/h3>\n\n\n\n<p class=\"wp-block-paragraph\">Acestea se bazeaz\u0103 cel mai adesea pe o structur\u0103 din lemn sau o\u021bel. Acestea func\u021bioneaz\u0103 deosebit de bine pe terasele care sunt o extensie a casei. Materialul transparent nu umbre\u0219te ferestrele \u0219i, prin urmare, \u00eenc\u0103perile din cl\u0103dire.<\/p>\n\n\n\n<h3 class=\"wp-block-heading\">Copertine<\/h3>\n\n\n\n<p class=\"wp-block-paragraph\">Copertinele sunt instalate la fa\u021bad\u0103. Acestea pot fi deschise \u0219i \u00eenchise (manual sau automat) \u00een func\u021bie de necesit\u0103\u021bi. Nu ocup\u0103 mult spa\u021biu \u0219i sunt potrivite chiar \u0219i pentru balcoane sau terase mici.<\/p>\n\n\n\n<h3 class=\"wp-block-heading\">Umbrele<\/h3>\n\n\n\n<p class=\"wp-block-paragraph\">Umbrelele sunt adesea mobile prin natura lor. Ele pot fi montate pe un suport pe ro\u021bi, dar pot fi \u0219i amplasate permanent \u00eentr-un anumit loc din gr\u0103din\u0103 sau de pe teras\u0103 &#8211; de exemplu pentru a acoperi fotoliile. Acest lucru se datoreaz\u0103 faptului c\u0103 mobilierul de gr\u0103din\u0103 f\u0103r\u0103 baldachin este predispus la deteriorare. Pe pia\u021b\u0103 ve\u021bi g\u0103si o gam\u0103 larg\u0103 de modele cu diferite diametre, culori sau parametri. Este important s\u0103 alege\u021bi dintre ele una robust\u0103 \u0219i durabil\u0103, astfel \u00eenc\u00e2t s\u0103 v\u0103 serveasc\u0103 pentru mai multe sezoane.<\/p>\n\n\n\n<h3 class=\"wp-block-heading\">Terase cu un acoperi\u0219 extins<\/h3>\n\n\n\n<p class=\"wp-block-paragraph\">Sunt o solu\u021bie popular\u0103 mai ales \u00een construc\u021biile noi. Acoperi\u0219urile moderne de gr\u0103din\u0103 sunt o extensie a cl\u0103dirii \u00een sine \u0219i sunt conectate la aceasta. Ele pot fi realizate din lemn, dar se pot baza, de exemplu, \u0219i pe piloni de beton.<\/p>\n\n\n\n<p class=\"wp-block-paragraph\">Tipul de copertin\u0103 ar trebui s\u0103 depind\u0103 de ceea ce dori\u021bi s\u0103 acoperi\u021bi: dac\u0103 este o teras\u0103 la cas\u0103, un spa\u021biu liber \u00een gr\u0103din\u0103 sau, de exemplu, un balcon. <strong>Copertinele de gr\u0103din\u0103 independente <\/strong>vor diferi prin specificul lor de cele ata\u0219ate casei sau garajului, de exemplu. \u00cen orice caz, solu\u021biile specifice trebuie s\u0103 fie adaptate la nevoile dumneavoastr\u0103. Merit\u0103 s\u0103 \u021bine\u021bi cont, \u00een primul r\u00e2nd, de materialele folosite \u00een construc\u021bie. Copertinele de gr\u0103din\u0103 din lemn sunt foarte populare \u00een acest sens.<\/p>\n\n\n\n<div class=\"wp-block-group green-box\"><div class=\"wp-block-group__inner-container is-layout-constrained wp-block-group-is-layout-constrained\">\n<h2 class=\"wp-block-heading\"><strong>Copertine de gr\u0103din\u0103 din lemn<\/strong><\/h2>\n\n\n\n<p class=\"wp-block-paragraph\"><strong>Copertinele de gr\u0103din\u0103 din lemn <\/strong>au multe avantaje c\u0103rora le datoreaz\u0103 popularitatea lor. \u00cen primul r\u00e2nd, acestea ofer\u0103 mari posibilit\u0103\u021bi de design. Ele pot fi utilizate pentru a crea diverse tipuri de structuri durabile \u0219i stabile, inclusiv, de exemplu: <strong>copertine de gr\u0103din\u0103 independente <\/strong>(de exemplu, foi\u0219oare, pergole de gr\u0103din\u0103 de \u00eenalt\u0103 calitate, magazii), structuri la cas\u0103 (de exemplu, extinderea acoperi\u0219ului, magazie ad\u0103ugat\u0103 la cl\u0103dire) sau, de exemplu, la garaj. Copertinele de<strong>gr\u0103din\u0103 din lemn <\/strong>pot varia, de asemenea, \u00een ceea ce prive\u0219te designul. Unele au un acoperi\u0219 modern, plat, altele au o construc\u021bie cu mai multe pante, iar altele au un design ascu\u021bit.<\/p>\n\n\n\n<p class=\"wp-block-paragraph\">Alegerea unui anumit tip de ad\u0103post de soare \u0219i ploaie depinde de gustul dumneavoastr\u0103 \u0219i de nevoile de utilizare a <strong>foi\u0219orului<\/strong>. <strong>Copertinele de gr\u0103din\u0103 <\/strong>din lemn sunt \u00een orice caz pl\u0103cute din punct de vedere estetic \u0219i ofer\u0103 mari posibilit\u0103\u021bi de design. De asemenea, acestea sunt durabile \u0219i au un caracter clasic, atemporal. Sunt create din materiale naturale, sunt ecologice \u0219i se integreaz\u0103 perfect \u00een orice stil de gr\u0103din\u0103. Cu toate acestea, atunci c\u00e2nd alege\u021bi o anumit\u0103 structur\u0103 pentru dumneavoastr\u0103, ghida\u021bi-v\u0103 \u00een primul r\u00e2nd dup\u0103 gustul \u0219i a\u0219tept\u0103rile dumneavoastr\u0103 \u00een materie de performan\u021b\u0103.<\/p>\n<\/div><\/div>\n\n\n\n<h2 class=\"wp-block-heading\"><strong>Exemple de utilizare a copertinelor de gr\u0103din\u0103<\/strong><\/h2>\n\n\n\n<p class=\"wp-block-paragraph\">Exemplele de utilizare a copertinelor de gr\u0103din\u0103 arat\u0103 c\u00e2t de diverse \u0219i func\u021bionale pot fi aceste structuri \u00een via\u021ba de zi cu zi. Iat\u0103 idei inspira\u021bionale pentru utilizarea copertinelor de gr\u0103din\u0103 care sporesc confortul \u0219i estetica gr\u0103dinii pe tot parcursul anului.<\/p>\n\n\n\n<h3 class=\"wp-block-heading\"><strong>Foi\u0219orul de gr\u0103din\u0103 ca centru pentru \u00eent\u00e2lnirile de familie<\/strong><\/h3>\n\n\n\n<p class=\"wp-block-paragraph\">Un foi\u0219or de gr\u0103din\u0103 poate deveni centrul \u00eent\u00e2lnirilor de familie \u0219i al petrecerilor de var\u0103. Echiparea unui foi\u0219or cu mobilier confortabil, iluminat LED \u0219i un gr\u0103tar creeaz\u0103 locul perfect pentru petrecerea timpului \u00eempreun\u0103. Un exemplu este un foi\u0219or cu o mas\u0103 din lemn, scaune cu perne \u0219i felinare decorative.<\/p>\n\n\n\n<h3 class=\"wp-block-heading\"><strong>Un baldachin deasupra zonei de gr\u0103tar ca o buc\u0103t\u0103rie de var\u0103<\/strong><\/h3>\n\n\n\n<p class=\"wp-block-paragraph\">Un spa\u021biu ideal pentru gr\u0103tare \u0219i petreceri, protej\u00e2nd at\u00e2t echipamentele, c\u00e2t \u0219i invita\u021bii de condi\u021biile meteorologice imprevizibile.<\/p>\n\n\n\n<h3 class=\"wp-block-heading\"><strong>Zon\u0103 de relaxare cu jacuzzi sau piscin\u0103 mic\u0103<\/strong><\/h3>\n\n\n\n<p class=\"wp-block-paragraph\">Copertina v\u0103 permite s\u0103 amplasa\u021bi \u00een gr\u0103din\u0103 un jacuzzi sau o piscin\u0103 mic\u0103, care pot fi folosite pe tot parcursul anului.<\/p>\n\n\n\n<h3 class=\"wp-block-heading\"><strong>Spa\u021biu pentru o cafenea la domiciliu sau o sal\u0103 de lectur\u0103<\/strong><\/h3>\n\n\n\n<p class=\"wp-block-paragraph\">Utiliza\u021bi gr\u0103dina acoperit\u0103 ca loc de petrecere a timpului cu o carte sau o cea\u0219c\u0103 de cafea, oferind o priveli\u0219te a gr\u0103dinii indiferent de vreme.<\/p>\n\n\n\n<h3 class=\"wp-block-heading\"><strong>Un atelier de gr\u0103din\u0103rit sau spa\u021biu pentru hobby-uri creative<\/strong><\/h3>\n\n\n\n<p class=\"wp-block-paragraph\">O gr\u0103din\u0103 acoperit\u0103, cum ar fi o teras\u0103 extins\u0103 sau un \u0219opron patio, de exemplu: protejeaz\u0103 un spa\u021biu \u00een care se pot practica gr\u0103din\u0103ritul sau alte hobby-uri, cum ar fi pictura sau me\u0219te\u0219ugurile, bucur\u00e2ndu-se de lumin\u0103 natural\u0103 \u0219i de un mediu inspira\u021bional.<\/p>\n\n\n\n<h2 class=\"wp-block-heading\"><strong>Concluzie:<\/strong><\/h2>\n\n\n\n<p class=\"wp-block-paragraph\">Copertinele de gr\u0103din\u0103 ofer\u0103 o gam\u0103 larg\u0103 de func\u021bionalit\u0103\u021bi, de la sporirea confortului spa\u021biilor \u00een aer liber, la protejarea \u00eempotriva intemperiilor, p\u00e2n\u0103 la ad\u0103ugarea unei dimensiuni estetice oric\u0103rei gr\u0103dini. Modelele de copertine disponibile pe pia\u021b\u0103, de la gazebouri tradi\u021bionale la structuri moderne de teras\u0103, v\u0103 permit s\u0103 crea\u021bi locul perfect pentru relaxare, munc\u0103 sau socializare. Atunci c\u00e2nd alege\u021bi copertina potrivit\u0103, merit\u0103 s\u0103 acorda\u021bi aten\u021bie materialelor din care este fabricat\u0103 \u0219i modului \u00een care se integreaz\u0103 armonios \u00een mediul gr\u0103dinii. Copertinele de gr\u0103din\u0103 nu sunt doar solu\u021bii practice, ci \u0219i elemente decorative importante care pot schimba complet caracterul spa\u021biului nostru exterior.<\/p>\n\n\n\n<p class=\"wp-block-paragraph\">\u00cen calitate de produc\u0103tor experimentat de structuri din lemn, oferim o gam\u0103 larg\u0103 de copertine din lemn care vor satisface a\u0219tept\u0103rile chiar \u0219i ale celor mai exigen\u021bi clien\u021bi. \u00cen\u021belegem c\u00e2t de diverse pot fi nevoile \u0219i preferin\u021bele dumneavoastr\u0103, motiv pentru care v\u0103 oferim asisten\u021b\u0103 de specialitate \u00een alegerea copertinei perfecte care se va integra armonios \u00een spa\u021biul gr\u0103dinii dumneavoastr\u0103.<\/p>\n\n\n\n<figure class=\"wp-block-gallery has-nested-images columns-default is-cropped wp-block-gallery-1 is-layout-flex wp-block-gallery-is-layout-flex\">\n<figure class=\"wp-block-image size-large\"><img loading=\"lazy\" decoding=\"async\" width=\"1024\" height=\"768\" data-id=\"63264\" src=\"https:\/\/bertsch-holzbau.eu\/wp-content\/uploads\/2024\/08\/000741-01-1024x768.jpg\" alt=\"\" class=\"wp-image-63264\" srcset=\"https:\/\/bertsch-holzbau.eu\/wp-content\/uploads\/2024\/08\/000741-01-1024x768.jpg 1024w, https:\/\/bertsch-holzbau.eu\/wp-content\/uploads\/2024\/08\/000741-01-300x225.jpg 300w, https:\/\/bertsch-holzbau.eu\/wp-content\/uploads\/2024\/08\/000741-01-768x576.jpg 768w, https:\/\/bertsch-holzbau.eu\/wp-content\/uploads\/2024\/08\/000741-01-1536x1152.jpg 1536w, https:\/\/bertsch-holzbau.eu\/wp-content\/uploads\/2024\/08\/000741-01-2048x1536.jpg 2048w, https:\/\/bertsch-holzbau.eu\/wp-content\/uploads\/2024\/08\/000741-01-400x300.jpg 400w, https:\/\/bertsch-holzbau.eu\/wp-content\/uploads\/2024\/08\/000741-01-600x450.jpg 600w, https:\/\/bertsch-holzbau.eu\/wp-content\/uploads\/2024\/08\/000741-01-800x600.jpg 800w, https:\/\/bertsch-holzbau.eu\/wp-content\/uploads\/2024\/08\/000741-01-1200x900.jpg 1200w\" sizes=\"auto, (max-width: 1024px) 100vw, 1024px\" \/><\/figure>\n\n\n\n<figure class=\"wp-block-image size-large\"><img loading=\"lazy\" decoding=\"async\" width=\"1024\" height=\"768\" data-id=\"88053\" src=\"https:\/\/bertsch-holzbau.eu\/wp-content\/uploads\/2024\/06\/000023-01-2-1024x768.jpg\" alt=\"\" class=\"wp-image-88053\" srcset=\"https:\/\/bertsch-holzbau.eu\/wp-content\/uploads\/2024\/06\/000023-01-2-1024x768.jpg 1024w, https:\/\/bertsch-holzbau.eu\/wp-content\/uploads\/2024\/06\/000023-01-2-300x225.jpg 300w, https:\/\/bertsch-holzbau.eu\/wp-content\/uploads\/2024\/06\/000023-01-2-768x576.jpg 768w, https:\/\/bertsch-holzbau.eu\/wp-content\/uploads\/2024\/06\/000023-01-2-1536x1152.jpg 1536w, https:\/\/bertsch-holzbau.eu\/wp-content\/uploads\/2024\/06\/000023-01-2-400x300.jpg 400w, https:\/\/bertsch-holzbau.eu\/wp-content\/uploads\/2024\/06\/000023-01-2-600x450.jpg 600w, https:\/\/bertsch-holzbau.eu\/wp-content\/uploads\/2024\/06\/000023-01-2-800x600.jpg 800w, https:\/\/bertsch-holzbau.eu\/wp-content\/uploads\/2024\/06\/000023-01-2-1200x900.jpg 1200w, https:\/\/bertsch-holzbau.eu\/wp-content\/uploads\/2024\/06\/000023-01-2.jpg 2016w\" sizes=\"auto, (max-width: 1024px) 100vw, 1024px\" \/><\/figure>\n\n\n\n<figure class=\"wp-block-image size-large\"><img loading=\"lazy\" decoding=\"async\" width=\"1024\" height=\"682\" data-id=\"65613\" src=\"https:\/\/bertsch-holzbau.eu\/wp-content\/uploads\/2024\/08\/000429-01-1024x682.jpg\" alt=\"\" class=\"wp-image-65613\" srcset=\"https:\/\/bertsch-holzbau.eu\/wp-content\/uploads\/2024\/08\/000429-01-1024x682.jpg 1024w, https:\/\/bertsch-holzbau.eu\/wp-content\/uploads\/2024\/08\/000429-01-300x200.jpg 300w, https:\/\/bertsch-holzbau.eu\/wp-content\/uploads\/2024\/08\/000429-01-768x512.jpg 768w, https:\/\/bertsch-holzbau.eu\/wp-content\/uploads\/2024\/08\/000429-01-1536x1024.jpg 1536w, https:\/\/bertsch-holzbau.eu\/wp-content\/uploads\/2024\/08\/000429-01-2048x1365.jpg 2048w, https:\/\/bertsch-holzbau.eu\/wp-content\/uploads\/2024\/08\/000429-01-400x267.jpg 400w, https:\/\/bertsch-holzbau.eu\/wp-content\/uploads\/2024\/08\/000429-01-600x400.jpg 600w, https:\/\/bertsch-holzbau.eu\/wp-content\/uploads\/2024\/08\/000429-01-800x533.jpg 800w, https:\/\/bertsch-holzbau.eu\/wp-content\/uploads\/2024\/08\/000429-01-1200x800.jpg 1200w\" sizes=\"auto, (max-width: 1024px) 100vw, 1024px\" \/><\/figure>\n<\/figure>\n","protected":false},"excerpt":{"rendered":"<p>Prim\u0103vara, vara \u0219i toamna, ne place s\u0103 petrecem fiecare moment liber \u00een aer liber. Pentru a v\u0103 sim\u021bi confortabil \u00een gr\u0103din\u0103, trebuie s\u0103 ave\u021bi grij\u0103 de spa\u021biul dvs. de relaxare, \u0219i anume copertinele de gr\u0103din\u0103. Acestea ofer\u0103 protec\u021bie \u00eempotriva soarelui \u0219i a ploii. Prin urmare, acestea prelungesc timpul pe care \u00eel pute\u021bi petrece \u00een aer [&hellip;]<\/p>\n","protected":false},"author":6,"featured_media":112033,"comment_status":"open","ping_status":"open","sticky":false,"template":"","format":"standard","meta":{"_acf_changed":false,"footnotes":""},"categories":[459],"tags":[],"class_list":["post-63258","post","type-post","status-publish","format-standard","has-post-thumbnail","hentry","category-idei"],"acf":[],"yoast_head":"<!-- This site is optimized with the Yoast SEO plugin v27.8 - https:\/\/yoast.com\/product\/yoast-seo-wordpress\/ -->\n<title>Idei \u0219i exemple de copertine de gr\u0103din\u0103 - BHB Bertsch Holzbau<\/title>\n<meta name=\"robots\" content=\"index, follow, max-snippet:-1, max-image-preview:large, max-video-preview:-1\" \/>\n<meta property=\"og:locale\" content=\"ro_RO\" \/>\n<meta property=\"og:type\" content=\"article\" \/>\n<meta property=\"og:title\" content=\"Idei \u0219i exemple de copertine de gr\u0103din\u0103 - BHB Bertsch Holzbau\" \/>\n<meta property=\"og:description\" content=\"Prim\u0103vara, vara \u0219i toamna, ne place s\u0103 petrecem fiecare moment liber \u00een aer liber. Pentru a v\u0103 sim\u021bi confortabil \u00een gr\u0103din\u0103, trebuie s\u0103 ave\u021bi grij\u0103 de spa\u021biul dvs. de relaxare, \u0219i anume copertinele de gr\u0103din\u0103. Acestea ofer\u0103 protec\u021bie \u00eempotriva soarelui \u0219i a ploii. Prin urmare, acestea prelungesc timpul pe care \u00eel pute\u021bi petrece \u00een aer [&hellip;]\" \/>\n<meta property=\"og:url\" content=\"https:\/\/bertsch-holzbau.eu\/ro\/blog\/idei-si-exemple-de-copertine-de-gradina\/\" \/>\n<meta property=\"og:site_name\" content=\"BHB Bertsch Holzbau\" \/>\n<meta property=\"article:publisher\" content=\"https:\/\/www.facebook.com\/bertschholzbau\/\" \/>\n<meta property=\"article:published_time\" content=\"2024-05-27T10:37:35+00:00\" \/>\n<meta property=\"article:modified_time\" content=\"2025-02-17T11:08:28+00:00\" \/>\n<meta property=\"og:image\" content=\"https:\/\/bertsch-holzbau.eu\/wp-content\/uploads\/2024\/05\/000425-01.jpg\" \/>\n\t<meta property=\"og:image:width\" content=\"2560\" \/>\n\t<meta property=\"og:image:height\" content=\"1920\" \/>\n\t<meta property=\"og:image:type\" content=\"image\/jpeg\" \/>\n<meta name=\"author\" content=\"Joachim Bertsch\" \/>\n<meta name=\"twitter:card\" content=\"summary_large_image\" \/>\n<meta name=\"twitter:label1\" content=\"Scris de\" \/>\n\t<meta name=\"twitter:data1\" content=\"Joachim Bertsch\" \/>\n\t<meta name=\"twitter:label2\" content=\"Timp estimat pentru citire\" \/>\n\t<meta name=\"twitter:data2\" content=\"7 minute\" \/>\n<script type=\"application\/ld+json\" class=\"yoast-schema-graph\">{\"@context\":\"https:\\\/\\\/schema.org\",\"@graph\":[{\"@type\":\"Article\",\"@id\":\"https:\\\/\\\/bertsch-holzbau.eu\\\/ro\\\/blog\\\/idei-si-exemple-de-copertine-de-gradina\\\/#article\",\"isPartOf\":{\"@id\":\"https:\\\/\\\/bertsch-holzbau.eu\\\/ro\\\/blog\\\/idei-si-exemple-de-copertine-de-gradina\\\/\"},\"author\":{\"name\":\"Joachim Bertsch\",\"@id\":\"https:\\\/\\\/bertsch-holzbau.eu\\\/ro\\\/#\\\/schema\\\/person\\\/13ecc06e359795647bc8686c8fc9628b\"},\"headline\":\"Idei \u0219i exemple de copertine de gr\u0103din\u0103\",\"datePublished\":\"2024-05-27T10:37:35+00:00\",\"dateModified\":\"2025-02-17T11:08:28+00:00\",\"mainEntityOfPage\":{\"@id\":\"https:\\\/\\\/bertsch-holzbau.eu\\\/ro\\\/blog\\\/idei-si-exemple-de-copertine-de-gradina\\\/\"},\"wordCount\":1352,\"commentCount\":0,\"publisher\":{\"@id\":\"https:\\\/\\\/bertsch-holzbau.eu\\\/ro\\\/#organization\"},\"image\":{\"@id\":\"https:\\\/\\\/bertsch-holzbau.eu\\\/ro\\\/blog\\\/idei-si-exemple-de-copertine-de-gradina\\\/#primaryimage\"},\"thumbnailUrl\":\"https:\\\/\\\/bertsch-holzbau.eu\\\/wp-content\\\/uploads\\\/2024\\\/05\\\/14.-Pomysly-i-przyklady-zadaszen-ogrodowych.jpg\",\"articleSection\":[\"Idei\"],\"inLanguage\":\"ro-RO\",\"potentialAction\":[{\"@type\":\"CommentAction\",\"name\":\"Comment\",\"target\":[\"https:\\\/\\\/bertsch-holzbau.eu\\\/ro\\\/blog\\\/idei-si-exemple-de-copertine-de-gradina\\\/#respond\"]}]},{\"@type\":\"WebPage\",\"@id\":\"https:\\\/\\\/bertsch-holzbau.eu\\\/ro\\\/blog\\\/idei-si-exemple-de-copertine-de-gradina\\\/\",\"url\":\"https:\\\/\\\/bertsch-holzbau.eu\\\/ro\\\/blog\\\/idei-si-exemple-de-copertine-de-gradina\\\/\",\"name\":\"Idei \u0219i exemple de copertine de gr\u0103din\u0103 - BHB Bertsch Holzbau\",\"isPartOf\":{\"@id\":\"https:\\\/\\\/bertsch-holzbau.eu\\\/ro\\\/#website\"},\"primaryImageOfPage\":{\"@id\":\"https:\\\/\\\/bertsch-holzbau.eu\\\/ro\\\/blog\\\/idei-si-exemple-de-copertine-de-gradina\\\/#primaryimage\"},\"image\":{\"@id\":\"https:\\\/\\\/bertsch-holzbau.eu\\\/ro\\\/blog\\\/idei-si-exemple-de-copertine-de-gradina\\\/#primaryimage\"},\"thumbnailUrl\":\"https:\\\/\\\/bertsch-holzbau.eu\\\/wp-content\\\/uploads\\\/2024\\\/05\\\/14.-Pomysly-i-przyklady-zadaszen-ogrodowych.jpg\",\"datePublished\":\"2024-05-27T10:37:35+00:00\",\"dateModified\":\"2025-02-17T11:08:28+00:00\",\"breadcrumb\":{\"@id\":\"https:\\\/\\\/bertsch-holzbau.eu\\\/ro\\\/blog\\\/idei-si-exemple-de-copertine-de-gradina\\\/#breadcrumb\"},\"inLanguage\":\"ro-RO\",\"potentialAction\":[{\"@type\":\"ReadAction\",\"target\":[\"https:\\\/\\\/bertsch-holzbau.eu\\\/ro\\\/blog\\\/idei-si-exemple-de-copertine-de-gradina\\\/\"]}]},{\"@type\":\"ImageObject\",\"inLanguage\":\"ro-RO\",\"@id\":\"https:\\\/\\\/bertsch-holzbau.eu\\\/ro\\\/blog\\\/idei-si-exemple-de-copertine-de-gradina\\\/#primaryimage\",\"url\":\"https:\\\/\\\/bertsch-holzbau.eu\\\/wp-content\\\/uploads\\\/2024\\\/05\\\/14.-Pomysly-i-przyklady-zadaszen-ogrodowych.jpg\",\"contentUrl\":\"https:\\\/\\\/bertsch-holzbau.eu\\\/wp-content\\\/uploads\\\/2024\\\/05\\\/14.-Pomysly-i-przyklady-zadaszen-ogrodowych.jpg\",\"width\":1200,\"height\":900},{\"@type\":\"BreadcrumbList\",\"@id\":\"https:\\\/\\\/bertsch-holzbau.eu\\\/ro\\\/blog\\\/idei-si-exemple-de-copertine-de-gradina\\\/#breadcrumb\",\"itemListElement\":[{\"@type\":\"ListItem\",\"position\":1,\"name\":\"Home\",\"item\":\"https:\\\/\\\/bertsch-holzbau.eu\\\/ro\\\/\"},{\"@type\":\"ListItem\",\"position\":2,\"name\":\"Idei \u0219i exemple de copertine de gr\u0103din\u0103\"}]},{\"@type\":\"WebSite\",\"@id\":\"https:\\\/\\\/bertsch-holzbau.eu\\\/ro\\\/#website\",\"url\":\"https:\\\/\\\/bertsch-holzbau.eu\\\/ro\\\/\",\"name\":\"BHB Bertsch Holzbau\",\"description\":\"\",\"publisher\":{\"@id\":\"https:\\\/\\\/bertsch-holzbau.eu\\\/ro\\\/#organization\"},\"potentialAction\":[{\"@type\":\"SearchAction\",\"target\":{\"@type\":\"EntryPoint\",\"urlTemplate\":\"https:\\\/\\\/bertsch-holzbau.eu\\\/ro\\\/?s={search_term_string}\"},\"query-input\":{\"@type\":\"PropertyValueSpecification\",\"valueRequired\":true,\"valueName\":\"search_term_string\"}}],\"inLanguage\":\"ro-RO\"},[],{\"@type\":\"Person\",\"@id\":\"https:\\\/\\\/bertsch-holzbau.eu\\\/ro\\\/#\\\/schema\\\/person\\\/13ecc06e359795647bc8686c8fc9628b\",\"name\":\"Joachim Bertsch\",\"image\":{\"@type\":\"ImageObject\",\"inLanguage\":\"ro-RO\",\"@id\":\"https:\\\/\\\/bertsch-holzbau.eu\\\/wp-content\\\/litespeed\\\/avatar\\\/81f1ede881040594386bd43727a0c7b5.jpg?ver=1788161130\",\"url\":\"https:\\\/\\\/bertsch-holzbau.eu\\\/wp-content\\\/litespeed\\\/avatar\\\/81f1ede881040594386bd43727a0c7b5.jpg?ver=1788161130\",\"contentUrl\":\"https:\\\/\\\/bertsch-holzbau.eu\\\/wp-content\\\/litespeed\\\/avatar\\\/81f1ede881040594386bd43727a0c7b5.jpg?ver=1788161130\",\"caption\":\"Joachim Bertsch\"},\"url\":\"https:\\\/\\\/bertsch-holzbau.eu\\\/ro\\\/blog\\\/author\\\/j-bertsch\\\/\"}]}<\/script>\n<!-- \/ Yoast SEO plugin. -->","yoast_head_json":{"title":"Idei \u0219i exemple de copertine de gr\u0103din\u0103 - BHB Bertsch Holzbau","robots":{"index":"index","follow":"follow","max-snippet":"max-snippet:-1","max-image-preview":"max-image-preview:large","max-video-preview":"max-video-preview:-1"},"og_locale":"ro_RO","og_type":"article","og_title":"Idei \u0219i exemple de copertine de gr\u0103din\u0103 - BHB Bertsch Holzbau","og_description":"Prim\u0103vara, vara \u0219i toamna, ne place s\u0103 petrecem fiecare moment liber \u00een aer liber. Pentru a v\u0103 sim\u021bi confortabil \u00een gr\u0103din\u0103, trebuie s\u0103 ave\u021bi grij\u0103 de spa\u021biul dvs. de relaxare, \u0219i anume copertinele de gr\u0103din\u0103. Acestea ofer\u0103 protec\u021bie \u00eempotriva soarelui \u0219i a ploii. Prin urmare, acestea prelungesc timpul pe care \u00eel pute\u021bi petrece \u00een aer [&hellip;]","og_url":"https:\/\/bertsch-holzbau.eu\/ro\/blog\/idei-si-exemple-de-copertine-de-gradina\/","og_site_name":"BHB Bertsch Holzbau","article_publisher":"https:\/\/www.facebook.com\/bertschholzbau\/","article_published_time":"2024-05-27T10:37:35+00:00","article_modified_time":"2025-02-17T11:08:28+00:00","og_image":[{"width":2560,"height":1920,"url":"https:\/\/bertsch-holzbau.eu\/wp-content\/uploads\/2024\/05\/000425-01.jpg","type":"image\/jpeg"}],"author":"Joachim Bertsch","twitter_card":"summary_large_image","twitter_misc":{"Scris de":"Joachim Bertsch","Timp estimat pentru citire":"7 minute"},"schema":{"@context":"https:\/\/schema.org","@graph":[{"@type":"Article","@id":"https:\/\/bertsch-holzbau.eu\/ro\/blog\/idei-si-exemple-de-copertine-de-gradina\/#article","isPartOf":{"@id":"https:\/\/bertsch-holzbau.eu\/ro\/blog\/idei-si-exemple-de-copertine-de-gradina\/"},"author":{"name":"Joachim Bertsch","@id":"https:\/\/bertsch-holzbau.eu\/ro\/#\/schema\/person\/13ecc06e359795647bc8686c8fc9628b"},"headline":"Idei \u0219i exemple de copertine de gr\u0103din\u0103","datePublished":"2024-05-27T10:37:35+00:00","dateModified":"2025-02-17T11:08:28+00:00","mainEntityOfPage":{"@id":"https:\/\/bertsch-holzbau.eu\/ro\/blog\/idei-si-exemple-de-copertine-de-gradina\/"},"wordCount":1352,"commentCount":0,"publisher":{"@id":"https:\/\/bertsch-holzbau.eu\/ro\/#organization"},"image":{"@id":"https:\/\/bertsch-holzbau.eu\/ro\/blog\/idei-si-exemple-de-copertine-de-gradina\/#primaryimage"},"thumbnailUrl":"https:\/\/bertsch-holzbau.eu\/wp-content\/uploads\/2024\/05\/14.-Pomysly-i-przyklady-zadaszen-ogrodowych.jpg","articleSection":["Idei"],"inLanguage":"ro-RO","potentialAction":[{"@type":"CommentAction","name":"Comment","target":["https:\/\/bertsch-holzbau.eu\/ro\/blog\/idei-si-exemple-de-copertine-de-gradina\/#respond"]}]},{"@type":"WebPage","@id":"https:\/\/bertsch-holzbau.eu\/ro\/blog\/idei-si-exemple-de-copertine-de-gradina\/","url":"https:\/\/bertsch-holzbau.eu\/ro\/blog\/idei-si-exemple-de-copertine-de-gradina\/","name":"Idei \u0219i exemple de copertine de gr\u0103din\u0103 - BHB Bertsch Holzbau","isPartOf":{"@id":"https:\/\/bertsch-holzbau.eu\/ro\/#website"},"primaryImageOfPage":{"@id":"https:\/\/bertsch-holzbau.eu\/ro\/blog\/idei-si-exemple-de-copertine-de-gradina\/#primaryimage"},"image":{"@id":"https:\/\/bertsch-holzbau.eu\/ro\/blog\/idei-si-exemple-de-copertine-de-gradina\/#primaryimage"},"thumbnailUrl":"https:\/\/bertsch-holzbau.eu\/wp-content\/uploads\/2024\/05\/14.-Pomysly-i-przyklady-zadaszen-ogrodowych.jpg","datePublished":"2024-05-27T10:37:35+00:00","dateModified":"2025-02-17T11:08:28+00:00","breadcrumb":{"@id":"https:\/\/bertsch-holzbau.eu\/ro\/blog\/idei-si-exemple-de-copertine-de-gradina\/#breadcrumb"},"inLanguage":"ro-RO","potentialAction":[{"@type":"ReadAction","target":["https:\/\/bertsch-holzbau.eu\/ro\/blog\/idei-si-exemple-de-copertine-de-gradina\/"]}]},{"@type":"ImageObject","inLanguage":"ro-RO","@id":"https:\/\/bertsch-holzbau.eu\/ro\/blog\/idei-si-exemple-de-copertine-de-gradina\/#primaryimage","url":"https:\/\/bertsch-holzbau.eu\/wp-content\/uploads\/2024\/05\/14.-Pomysly-i-przyklady-zadaszen-ogrodowych.jpg","contentUrl":"https:\/\/bertsch-holzbau.eu\/wp-content\/uploads\/2024\/05\/14.-Pomysly-i-przyklady-zadaszen-ogrodowych.jpg","width":1200,"height":900},{"@type":"BreadcrumbList","@id":"https:\/\/bertsch-holzbau.eu\/ro\/blog\/idei-si-exemple-de-copertine-de-gradina\/#breadcrumb","itemListElement":[{"@type":"ListItem","position":1,"name":"Home","item":"https:\/\/bertsch-holzbau.eu\/ro\/"},{"@type":"ListItem","position":2,"name":"Idei \u0219i exemple de copertine de gr\u0103din\u0103"}]},{"@type":"WebSite","@id":"https:\/\/bertsch-holzbau.eu\/ro\/#website","url":"https:\/\/bertsch-holzbau.eu\/ro\/","name":"BHB Bertsch Holzbau","description":"","publisher":{"@id":"https:\/\/bertsch-holzbau.eu\/ro\/#organization"},"potentialAction":[{"@type":"SearchAction","target":{"@type":"EntryPoint","urlTemplate":"https:\/\/bertsch-holzbau.eu\/ro\/?s={search_term_string}"},"query-input":{"@type":"PropertyValueSpecification","valueRequired":true,"valueName":"search_term_string"}}],"inLanguage":"ro-RO"},[],{"@type":"Person","@id":"https:\/\/bertsch-holzbau.eu\/ro\/#\/schema\/person\/13ecc06e359795647bc8686c8fc9628b","name":"Joachim Bertsch","image":{"@type":"ImageObject","inLanguage":"ro-RO","@id":"https:\/\/bertsch-holzbau.eu\/wp-content\/litespeed\/avatar\/81f1ede881040594386bd43727a0c7b5.jpg?ver=1788161130","url":"https:\/\/bertsch-holzbau.eu\/wp-content\/litespeed\/avatar\/81f1ede881040594386bd43727a0c7b5.jpg?ver=1788161130","contentUrl":"https:\/\/bertsch-holzbau.eu\/wp-content\/litespeed\/avatar\/81f1ede881040594386bd43727a0c7b5.jpg?ver=1788161130","caption":"Joachim Bertsch"},"url":"https:\/\/bertsch-holzbau.eu\/ro\/blog\/author\/j-bertsch\/"}]}},"_links":{"self":[{"href":"https:\/\/bertsch-holzbau.eu\/ro\/wp-json\/wp\/v2\/posts\/63258","targetHints":{"allow":["GET"]}}],"collection":[{"href":"https:\/\/bertsch-holzbau.eu\/ro\/wp-json\/wp\/v2\/posts"}],"about":[{"href":"https:\/\/bertsch-holzbau.eu\/ro\/wp-json\/wp\/v2\/types\/post"}],"author":[{"embeddable":true,"href":"https:\/\/bertsch-holzbau.eu\/ro\/wp-json\/wp\/v2\/users\/6"}],"replies":[{"embeddable":true,"href":"https:\/\/bertsch-holzbau.eu\/ro\/wp-json\/wp\/v2\/comments?post=63258"}],"version-history":[{"count":2,"href":"https:\/\/bertsch-holzbau.eu\/ro\/wp-json\/wp\/v2\/posts\/63258\/revisions"}],"predecessor-version":[{"id":88533,"href":"https:\/\/bertsch-holzbau.eu\/ro\/wp-json\/wp\/v2\/posts\/63258\/revisions\/88533"}],"wp:featuredmedia":[{"embeddable":true,"href":"https:\/\/bertsch-holzbau.eu\/ro\/wp-json\/wp\/v2\/media\/112033"}],"wp:attachment":[{"href":"https:\/\/bertsch-holzbau.eu\/ro\/wp-json\/wp\/v2\/media?parent=63258"}],"wp:term":[{"taxonomy":"category","embeddable":true,"href":"https:\/\/bertsch-holzbau.eu\/ro\/wp-json\/wp\/v2\/categories?post=63258"},{"taxonomy":"post_tag","embeddable":true,"href":"https:\/\/bertsch-holzbau.eu\/ro\/wp-json\/wp\/v2\/tags?post=63258"}],"curies":[{"name":"wp","href":"https:\/\/api.w.org\/{rel}","templated":true}]}}