{"id":37970,"date":"2024-07-15T11:14:09","date_gmt":"2024-07-15T09:14:09","guid":{"rendered":"https:\/\/bertsch-holzbau.eu\/blog\/can-i-live-in-a-log-cabin-permanently\/"},"modified":"2026-01-26T09:39:15","modified_gmt":"2026-01-26T08:39:15","slug":"czy-moge-mieszkac-w-domku-ogrodowym","status":"publish","type":"post","link":"https:\/\/bertsch-holzbau.eu\/pl\/blog\/czy-moge-mieszkac-w-domku-ogrodowym\/","title":{"rendered":"Czy mog\u0119 mieszka\u0107 w domku ogrodowym?"},"content":{"rendered":"\n<p class=\"wp-block-paragraph\"><strong>Drewniane domki ogrodowe maj\u0105 wiele zalet. Szybko powstaj\u0105, s\u0105 ta\u0144sze ni\u017c budynki murowane, a tak\u017ce zdecydowanie bardziej mobilne. Z tego powodu wiele os\u00f3b zastanawia si\u0119 nad tym, czy w takich obiektach mo\u017cna mieszka\u0107 przez ca\u0142y rok. Czy jest to mo\u017cliwe? Do czego najlepiej wykorzysta\u0107 domek ogrodowy?&nbsp;<\/strong><\/p>\n\n\n\n<h2 class=\"wp-block-heading\">Czy mog\u0119 mieszka\u0107 w domku drewnianym ogrodowym \u2013 czy to w og\u00f3le dozwolone?&nbsp;<\/h2>\n\n\n\n<p class=\"wp-block-paragraph\">Sama budowa domku drewnianego zazwyczaj nie wymaga pozwolenia. Z tego powodu takie konstrukcje wykorzystuje si\u0119 w ogrodach, jako uzupe\u0142nienie standardowych budynk\u00f3w murowanych. W\u00f3wczas pe\u0142ni\u0105 one form\u0119 dodatkowego sk\u0142adziku, miejsca, w kt\u00f3rym mo\u017cna spotyka\u0107 si\u0119 ze znajomymi, a tak\u017ce przestrzeni do realizacji swojego hobby.&nbsp;<\/p>\n\n\n\n<p class=\"wp-block-paragraph\">Je\u015bli jednak chcesz mieszka\u0107 w domku drewnianym ogrodowym, musisz zdoby\u0107 odpowiednie pozwolenia. W ka\u017cdym kraju formalno\u015bci wygl\u0105daj\u0105 nieco inaczej. R\u00f3\u017cni\u0105 si\u0119 one r\u00f3wnie\u017c w zale\u017cno\u015bci od regionu, w kt\u00f3rym ma powsta\u0107 drewniana konstrukcja. Z tego powodu jeszcze przed zam\u00f3wieniem domku warto uda\u0107 si\u0119 do lokalnego urz\u0119du i zapyta\u0107, jakie pozwolenia b\u0119d\u0105 potrzebne do zamieszkania w takim obiekcie.&nbsp;<\/p>\n\n\n\n<p class=\"wp-block-paragraph\">Na to, jakich formalno\u015bci trzeba b\u0119dzie dope\u0142ni\u0107, wp\u0142ywa wiele czynnik\u00f3w. Mowa tu m.in. o:&nbsp;<\/p>\n\n\n\n<ul class=\"wp-block-list\">\n<li>metra\u017cu domku z bali,&nbsp;<\/li>\n\n\n\n<li>lokalizacji obiektu,&nbsp;<\/li>\n\n\n\n<li>pomieszczeniach znajduj\u0105cych si\u0119 w domku \u2013 np. w Niemczech wszystkie budynki z salonem, kominkiem i toaletami wymagaj\u0105 pozwolenia na budow\u0119,&nbsp;<\/li>\n\n\n\n<li>przeznaczeniu domku z bali,&nbsp;<\/li>\n\n\n\n<li>lokalnych wymogach i przepisach.&nbsp;<\/li>\n<\/ul>\n\n\n\n<p class=\"wp-block-paragraph\">W niekt\u00f3rych krajach domki ogrodowe z \u0142azienk\u0105 i salonem podlegaj\u0105 og\u00f3lnym przepisom budowlanym. Oznacza to, \u017ce musz\u0105 mie\u0107 one odpowiedni\u0105 ochron\u0119 przeciwpo\u017carow\u0105, izolacj\u0119 akustyczn\u0105, drena\u017c itd. Warto o tym pami\u0119ta\u0107 ju\u017c na etapie projektowania takiego budynku.&nbsp;<\/p>\n\n\n\n<h2 class=\"wp-block-heading\">Ca\u0142oroczne domki drewniane <\/h2>\n\n\n\n<p class=\"wp-block-paragraph\">Je\u015bli masz ju\u017c pozwolenie potrzebne do postawienia ca\u0142orocznego domku, mo\u017cesz zaj\u0105\u0107 si\u0119 szukaniem wymarzonej konstrukcji. Niewielkie obiekty stosowane jako sk\u0142adziki czy zamkni\u0119te altanki r\u00f3\u017cni\u0105 si\u0119 od tych, w kt\u00f3rych mo\u017cna mieszka\u0107. Jako Bertsch Holzbau oferujemy szeroki wyb\u00f3r ca\u0142orocznych domk\u00f3w drewnianych, kt\u00f3re:&nbsp;<\/p>\n\n\n\n<div class=\"wp-block-columns is-layout-flex wp-container-core-columns-is-layout-8f761849 wp-block-columns-is-layout-flex\">\n<div class=\"wp-block-column is-vertically-aligned-center is-layout-flow wp-block-column-is-layout-flow\">\n<ul class=\"wp-block-list\">\n<li>s\u0105 wi\u0119ksze od domk\u00f3w u\u017cywanych typowo rekreacyjnie \u2013 dzi\u0119ki temu mo\u017cna mieszka\u0107 w nich komfortowo z ca\u0142\u0105 rodzin\u0105<\/li>\n\n\n\n<li>oferujemy domki w dw\u00f3ch systemach profilowym i szkieletowym<\/li>\n\n\n\n<li>opcje dostosowania obejmuj\u0105 okna, drzwi, typy dach\u00f3w i grubo\u015bci \u015bcian (58mm, 70mm, 94mm, 112mm)<\/li>\n\n\n\n<li>klient mo\u017ce kompleksowo spersonalizowa\u0107 sw\u00f3j ca\u0142oroczny domek &#8211; pocz\u0105wszy od powierzchni domu, przez ilo\u015b\u0107 okien, drzwi, a\u017c do systemu w kt\u00f3rym ma by\u0107 zbudowany<\/li>\n<\/ul>\n<\/div>\n\n\n\n<div class=\"wp-block-column is-vertically-aligned-center is-layout-flow wp-block-column-is-layout-flow\">\n<figure class=\"wp-block-image size-large\"><img loading=\"lazy\" decoding=\"async\" width=\"1024\" height=\"784\" src=\"https:\/\/bertsch-holzbau.eu\/wp-content\/uploads\/2024\/08\/000041-03-1-1024x784.jpg\" alt=\"\" class=\"wp-image-41870\" srcset=\"https:\/\/bertsch-holzbau.eu\/wp-content\/uploads\/2024\/08\/000041-03-1-1024x784.jpg 1024w, https:\/\/bertsch-holzbau.eu\/wp-content\/uploads\/2024\/08\/000041-03-1-300x230.jpg 300w, https:\/\/bertsch-holzbau.eu\/wp-content\/uploads\/2024\/08\/000041-03-1-768x588.jpg 768w, https:\/\/bertsch-holzbau.eu\/wp-content\/uploads\/2024\/08\/000041-03-1-1536x1177.jpg 1536w, https:\/\/bertsch-holzbau.eu\/wp-content\/uploads\/2024\/08\/000041-03-1-2048x1569.jpg 2048w, https:\/\/bertsch-holzbau.eu\/wp-content\/uploads\/2024\/08\/000041-03-1-400x306.jpg 400w, https:\/\/bertsch-holzbau.eu\/wp-content\/uploads\/2024\/08\/000041-03-1-600x460.jpg 600w, https:\/\/bertsch-holzbau.eu\/wp-content\/uploads\/2024\/08\/000041-03-1-800x613.jpg 800w, https:\/\/bertsch-holzbau.eu\/wp-content\/uploads\/2024\/08\/000041-03-1-1200x919.jpg 1200w\" sizes=\"auto, (max-width: 1024px) 100vw, 1024px\" \/><\/figure>\n<\/div>\n<\/div>\n\n\n\n<h2 class=\"wp-block-heading\">Wyposa\u017cenie domk\u00f3w z profili&nbsp;<\/h2>\n\n\n\n<p class=\"wp-block-paragraph\">Aby w domku drewnianym mo\u017cna by\u0142o mieszka\u0107 przez ca\u0142y rok, musi by\u0107 on wyposa\u017cony w wiele element\u00f3w potrzebnych do normalnego \u017cycia. W takich budynkach gospodaruje si\u0119 przestrze\u0144 na kuchni\u0119 i \u0142azienk\u0119. Doprowadza si\u0119 te\u017c media, kt\u00f3re s\u0105 potrzebne do zasilenia urz\u0105dze\u0144 elektrycznych, o\u015bwietlenia czy system\u00f3w ogrzewania.&nbsp;<\/p>\n\n\n\n<p class=\"wp-block-paragraph\">W domkach z bali mo\u017cna stworzy\u0107 dowoln\u0105 liczb\u0119 sypialni. Z tego powodu jest to \u015bwietny wyb\u00f3r zar\u00f3wno dla singli, jak i par czy rodzin z dzie\u0107mi. Jedynym ograniczeniem jest metra\u017c obiektu. Zazwyczaj wyposa\u017cenie takich domk\u00f3w jest planowane wsp\u00f3lnie z klientem, dlatego mo\u017cna dopasowa\u0107 rodzaj pomieszcze\u0144, ich wielko\u015b\u0107 i uk\u0142ad do indywidualnych potrzeb przysz\u0142ych mieszka\u0144c\u00f3w.&nbsp;<\/p>\n\n\n\n<p class=\"wp-block-paragraph\">W domku z bali musz\u0105 znale\u017a\u0107 si\u0119 wszystkie urz\u0105dzenia i meble, jakie stosuje si\u0119 te\u017c w standardowych budynkach murowanych. Takie konstrukcje musz\u0105 bowiem pozwala\u0107 na komfortowe mieszkanie. Nie mog\u0105 r\u00f3\u017cni\u0107 si\u0119 funkcjonalno\u015bci\u0105 od klasycznych dom\u00f3w. Jedyn\u0105 r\u00f3\u017cnic\u0105 pomi\u0119dzy obiektami z bali a tymi murowanymi powinien by\u0107 przytulny i przyjazny klimat, jaki zapewnia naturalne drewno.&nbsp;<\/p>\n\n\n\n<h2 class=\"wp-block-heading\">Izolacja, energia elektryczna&nbsp;<\/h2>\n\n\n\n<p class=\"wp-block-paragraph\">Izolacja domk\u00f3w z drewna r\u00f3\u017cni si\u0119 w zale\u017cno\u015bci od projektu i potrzeb klienta. Do zabezpieczenia takich obiekt\u00f3w przed nadmiern\u0105 utrat\u0105 ciep\u0142a wykorzystuje si\u0119 r\u00f3\u017cne materia\u0142y i technologie pracy. Niekt\u00f3re z nich mo\u017cna zastosowa\u0107 ju\u017c wcze\u015bniej, jeszcze przed monta\u017cem konstrukcji na dzia\u0142ce klienta. W\u00f3wczas na posesj\u0119 trafia ju\u017c gotowy obiekt, kt\u00f3rego nie trzeba dodatkowo izolowa\u0107.&nbsp;<\/p>\n\n\n\n<p class=\"wp-block-paragraph\">Istnieje r\u00f3wnie\u017c mo\u017cliwo\u015b\u0107 zam\u00f3wienia dodatkowego monta\u017cu izolacji. Jest ona bardzo wa\u017cna \u2013 w domku bez w\u0142a\u015bciwego ocieplenia nie b\u0119dzie mo\u017cna mieszka\u0107 zim\u0105. Co wi\u0119cej, w niekt\u00f3rych krajach izolacja termiczna jest wymagana niezale\u017cnie od tego, w jakiej technologii wybudowano obiekt.&nbsp;<\/p>\n\n\n\n<h2 class=\"wp-block-heading\">Wielko\u015b\u0107 domku&nbsp;<\/h2>\n\n\n\n<p class=\"wp-block-paragraph\">Domek, w kt\u00f3rym planujesz mieszka\u0107 przez ca\u0142y rok, musi by\u0107 wi\u0119kszy ni\u017c ten stanowi\u0105cy uzupe\u0142nienie budynku murowanego. Powinna by\u0107 w nim przestrze\u0144 na \u0142azienk\u0119, kuchni\u0119, salon i sypialni\u0119 (lub&nbsp; dwie czy nawet trzy). Z tego powodu takie domki maj\u0105 zwykle ponad 30 m2. Na takiej powierzchni mo\u017cna zmie\u015bci\u0107 wszystkie wymienione pomieszczenia \u2013 podobnie jak w niewielkich mieszkaniach w bloku.&nbsp;<\/p>\n\n\n\n<div class=\"wp-block-group green-box\"><div class=\"wp-block-group__inner-container is-layout-constrained wp-block-group-is-layout-constrained\">\n<h2 class=\"wp-block-heading\">Przed budow\u0105 domku <\/h2>\n\n\n\n<p class=\"wp-block-paragraph\">warto jednak sprawdzi\u0107, co na temat jego powierzchni m\u00f3wi\u0105 lokalne przepisy. W niekt\u00f3rych miejscach postawienie budynk\u00f3w przekraczaj\u0105cych okre\u015blony metra\u017c wymaga bowiem dope\u0142nienia dodatkowych formalno\u015bci.\u00a0<\/p>\n<\/div><\/div>\n\n\n\n<h2 class=\"wp-block-heading\">Mieszkanie w domku ogrodowym<\/h2>\n\n\n\n<p class=\"wp-block-paragraph\">Najwa\u017cniejsze zalety mieszkania w domku profilowym w ogrodzie to:&nbsp;<\/p>\n\n\n\n<ul class=\"wp-block-list\">\n<li>sp\u00f3jno\u015b\u0107 z otoczeniem \u2013 drewniane domki z bali wtapiaj\u0105 si\u0119 w otoczenie, co pozwala uzyska\u0107 harmoni\u0119 z natur\u0105,&nbsp;<\/li>\n\n\n\n<li>ekologia \u2013 drewno to materia\u0142 naturalny i ekologiczny, co sprawia, \u017ce takie domki s\u0105 przyjazne dla \u015brodowiska,&nbsp;<\/li>\n\n\n\n<li>odpowiedni mikroklimat \u2013 drewno ma w\u0142a\u015bciwo\u015bci reguluj\u0105ce wilgotno\u015b\u0107 powietrza, co sprzyja tworzeniu zdrowego mikroklimatu wewn\u0105trz domu,&nbsp;<\/li>\n\n\n\n<li>estetyka \u2013 domki z bali maj\u0105 unikalny, rustykalny wygl\u0105d, kt\u00f3ry wiele os\u00f3b uwa\u017ca za bardzo atrakcyjny,&nbsp;<\/li>\n\n\n\n<li>szybka budowa \u2013 budowa domk\u00f3w z bali jest znacznie szybsza w por\u00f3wnaniu np. do metody murowanej.&nbsp;<\/li>\n<\/ul>\n\n\n\n<h2 class=\"wp-block-heading\">Domki maj\u0105 te\u017c kilka wad:&nbsp;<\/h2>\n\n\n\n<ul class=\"wp-block-list\">\n<li>koszt \u2013 budowa domu z bali mo\u017ce by\u0107 dro\u017csza w por\u00f3wnaniu do innych typ\u00f3w konstrukcji,&nbsp;<\/li>\n\n\n\n<li>konieczno\u015b\u0107 konserwacji \u2013 drewno wymaga regularnej konserwacji, aby zapobiega\u0107 zniszczeniom spowodowanym przez wilgo\u0107, owady czy promieniowanie UV,&nbsp;<\/li>\n\n\n\n<li>zagro\u017cenie po\u017carowe \u2013 drewniane domy s\u0105 bardziej nara\u017cone na dzia\u0142anie ognia ni\u017c te wykonane z niepalnych materia\u0142\u00f3w. Z tego powodu tak wa\u017cne jest ich odpowiednie zabezpieczenie,&nbsp;<\/li>\n\n\n\n<li>ograniczenia konstrukcyjne \u2013 projekty dom\u00f3w z bali mog\u0105 mie\u0107 pewne ograniczenia konstrukcyjne w por\u00f3wnaniu do tych murowanych,&nbsp;<\/li>\n\n\n\n<li>konieczno\u015b\u0107 zdobycia pozwole\u0144 \u2013 w niekt\u00f3rych krajach mieszkanie w domkach z bali jest mo\u017cliwe jedynie po uzyskaniu konkretnych pozwole\u0144. Zdarza si\u0119 te\u017c, \u017ce w przypadku konstrukcji wyposa\u017conych w \u0142azienk\u0119 i sypialni\u0119 zezwolenie jest wymagane nawet wtedy, gdy nie planujesz w nich mieszka\u0107 na sta\u0142e.&nbsp;<\/li>\n<\/ul>\n\n\n\n<h2 class=\"wp-block-heading\">Podsumowanie&nbsp;<\/h2>\n\n\n\n<p class=\"wp-block-paragraph\">Konstrukcje drewniane to \u015bwietna alternatywa dla budynk\u00f3w murowanych. Je\u015bli zostan\u0105 zaprojektowane w odpowiedni spos\u00f3b, mog\u0105 sta\u0107 si\u0119 Twoim domem na ca\u0142y rok. Przed zam\u00f3wienie takich obiekt\u00f3w warto jednak sprawdzi\u0107 lokalne przepisy i zdoby\u0107 pozwolenia (tam, gdzie jest to wymagane). Dobrym pomys\u0142em jest te\u017c skorzystanie z oferty specjalist\u00f3w od projektowania dom\u00f3w ogrodowych, kt\u00f3re w niczym nie b\u0119d\u0105 gorsze od standardowego budynku.&nbsp;<\/p>\n\n\n\n<figure class=\"wp-block-gallery has-nested-images columns-default is-cropped wp-block-gallery-1 is-layout-flex wp-block-gallery-is-layout-flex\">\n<figure class=\"wp-block-image size-large\"><img loading=\"lazy\" decoding=\"async\" width=\"1024\" height=\"682\" data-id=\"50436\" src=\"https:\/\/bertsch-holzbau.eu\/wp-content\/uploads\/2024\/08\/000040-01-1-1024x682.jpg\" alt=\"\" class=\"wp-image-50436\" srcset=\"https:\/\/bertsch-holzbau.eu\/wp-content\/uploads\/2024\/08\/000040-01-1-1024x682.jpg 1024w, https:\/\/bertsch-holzbau.eu\/wp-content\/uploads\/2024\/08\/000040-01-1-300x200.jpg 300w, https:\/\/bertsch-holzbau.eu\/wp-content\/uploads\/2024\/08\/000040-01-1-768x512.jpg 768w, https:\/\/bertsch-holzbau.eu\/wp-content\/uploads\/2024\/08\/000040-01-1-1536x1024.jpg 1536w, https:\/\/bertsch-holzbau.eu\/wp-content\/uploads\/2024\/08\/000040-01-1-2048x1365.jpg 2048w, https:\/\/bertsch-holzbau.eu\/wp-content\/uploads\/2024\/08\/000040-01-1-400x267.jpg 400w, https:\/\/bertsch-holzbau.eu\/wp-content\/uploads\/2024\/08\/000040-01-1-600x400.jpg 600w, https:\/\/bertsch-holzbau.eu\/wp-content\/uploads\/2024\/08\/000040-01-1-800x533.jpg 800w, https:\/\/bertsch-holzbau.eu\/wp-content\/uploads\/2024\/08\/000040-01-1-1200x800.jpg 1200w\" sizes=\"auto, (max-width: 1024px) 100vw, 1024px\" \/><\/figure>\n\n\n\n<figure class=\"wp-block-image size-large\"><img loading=\"lazy\" decoding=\"async\" width=\"1024\" height=\"682\" data-id=\"55991\" src=\"https:\/\/bertsch-holzbau.eu\/wp-content\/uploads\/2024\/08\/000579-01-1-1024x682.jpg\" alt=\"monta\u017c rynny dachowej\" class=\"wp-image-55991\" srcset=\"https:\/\/bertsch-holzbau.eu\/wp-content\/uploads\/2024\/08\/000579-01-1-1024x682.jpg 1024w, https:\/\/bertsch-holzbau.eu\/wp-content\/uploads\/2024\/08\/000579-01-1-300x200.jpg 300w, https:\/\/bertsch-holzbau.eu\/wp-content\/uploads\/2024\/08\/000579-01-1-768x512.jpg 768w, https:\/\/bertsch-holzbau.eu\/wp-content\/uploads\/2024\/08\/000579-01-1-1536x1024.jpg 1536w, https:\/\/bertsch-holzbau.eu\/wp-content\/uploads\/2024\/08\/000579-01-1-2048x1365.jpg 2048w, https:\/\/bertsch-holzbau.eu\/wp-content\/uploads\/2024\/08\/000579-01-1-400x267.jpg 400w, https:\/\/bertsch-holzbau.eu\/wp-content\/uploads\/2024\/08\/000579-01-1-600x400.jpg 600w, https:\/\/bertsch-holzbau.eu\/wp-content\/uploads\/2024\/08\/000579-01-1-800x533.jpg 800w, https:\/\/bertsch-holzbau.eu\/wp-content\/uploads\/2024\/08\/000579-01-1-1200x800.jpg 1200w\" sizes=\"auto, (max-width: 1024px) 100vw, 1024px\" \/><\/figure>\n\n\n\n<figure class=\"wp-block-image size-large\"><img loading=\"lazy\" decoding=\"async\" width=\"1024\" height=\"499\" data-id=\"51708\" src=\"https:\/\/bertsch-holzbau.eu\/wp-content\/uploads\/2024\/08\/000555-01-1024x499.jpg\" alt=\"\" class=\"wp-image-51708\" srcset=\"https:\/\/bertsch-holzbau.eu\/wp-content\/uploads\/2024\/08\/000555-01-1024x499.jpg 1024w, https:\/\/bertsch-holzbau.eu\/wp-content\/uploads\/2024\/08\/000555-01-300x146.jpg 300w, https:\/\/bertsch-holzbau.eu\/wp-content\/uploads\/2024\/08\/000555-01-768x374.jpg 768w, https:\/\/bertsch-holzbau.eu\/wp-content\/uploads\/2024\/08\/000555-01-1536x748.jpg 1536w, https:\/\/bertsch-holzbau.eu\/wp-content\/uploads\/2024\/08\/000555-01-400x195.jpg 400w, https:\/\/bertsch-holzbau.eu\/wp-content\/uploads\/2024\/08\/000555-01-600x292.jpg 600w, https:\/\/bertsch-holzbau.eu\/wp-content\/uploads\/2024\/08\/000555-01-800x390.jpg 800w, https:\/\/bertsch-holzbau.eu\/wp-content\/uploads\/2024\/08\/000555-01-1200x585.jpg 1200w, https:\/\/bertsch-holzbau.eu\/wp-content\/uploads\/2024\/08\/000555-01.jpg 1675w\" sizes=\"auto, (max-width: 1024px) 100vw, 1024px\" \/><\/figure>\n<\/figure>\n","protected":false},"excerpt":{"rendered":"<p>Drewniane domki ogrodowe maj\u0105 wiele zalet. Szybko powstaj\u0105, s\u0105 ta\u0144sze ni\u017c budynki murowane, a tak\u017ce zdecydowanie bardziej mobilne. Z tego powodu wiele os\u00f3b zastanawia si\u0119 nad tym, czy w takich obiektach mo\u017cna mieszka\u0107 przez ca\u0142y rok. Czy jest to mo\u017cliwe? Do czego najlepiej wykorzysta\u0107 domek ogrodowy?&nbsp; Czy mog\u0119 mieszka\u0107 w domku drewnianym ogrodowym \u2013 czy [&hellip;]<\/p>\n","protected":false},"author":6,"featured_media":112157,"comment_status":"open","ping_status":"open","sticky":false,"template":"","format":"standard","meta":{"_acf_changed":false,"footnotes":""},"categories":[336],"tags":[],"class_list":["post-37970","post","type-post","status-publish","format-standard","has-post-thumbnail","hentry","category-poradniki"],"acf":[],"yoast_head":"<!-- This site is optimized with the Yoast SEO plugin v27.8 - https:\/\/yoast.com\/product\/yoast-seo-wordpress\/ -->\n<title>Czy mog\u0119 mieszka\u0107 w domku ogrodowym? - BHB Bertsch Holzbau<\/title>\n<meta name=\"robots\" content=\"index, follow, max-snippet:-1, max-image-preview:large, max-video-preview:-1\" \/>\n<meta property=\"og:locale\" content=\"pl_PL\" \/>\n<meta property=\"og:type\" content=\"article\" \/>\n<meta property=\"og:title\" content=\"Czy mog\u0119 mieszka\u0107 w domku ogrodowym? - BHB Bertsch Holzbau\" \/>\n<meta property=\"og:description\" content=\"Drewniane domki ogrodowe maj\u0105 wiele zalet. Szybko powstaj\u0105, s\u0105 ta\u0144sze ni\u017c budynki murowane, a tak\u017ce zdecydowanie bardziej mobilne. Z tego powodu wiele os\u00f3b zastanawia si\u0119 nad tym, czy w takich obiektach mo\u017cna mieszka\u0107 przez ca\u0142y rok. Czy jest to mo\u017cliwe? Do czego najlepiej wykorzysta\u0107 domek ogrodowy?&nbsp; Czy mog\u0119 mieszka\u0107 w domku drewnianym ogrodowym \u2013 czy [&hellip;]\" \/>\n<meta property=\"og:url\" content=\"https:\/\/bertsch-holzbau.eu\/pl\/blog\/czy-moge-mieszkac-w-domku-ogrodowym\/\" \/>\n<meta property=\"og:site_name\" content=\"BHB Bertsch Holzbau\" \/>\n<meta property=\"article:publisher\" content=\"https:\/\/www.facebook.com\/bertschholzbau\/\" \/>\n<meta property=\"article:published_time\" content=\"2024-07-15T09:14:09+00:00\" \/>\n<meta property=\"article:modified_time\" content=\"2026-01-26T08:39:15+00:00\" \/>\n<meta property=\"og:image\" content=\"https:\/\/bertsch-holzbau.eu\/wp-content\/uploads\/2024\/07\/11.-Czy-moge-mieszkac-w-domku-ogrodowym.jpg\" \/>\n\t<meta property=\"og:image:width\" content=\"1200\" \/>\n\t<meta property=\"og:image:height\" content=\"900\" \/>\n\t<meta property=\"og:image:type\" content=\"image\/jpeg\" \/>\n<meta name=\"author\" content=\"Joachim Bertsch\" \/>\n<meta name=\"twitter:card\" content=\"summary_large_image\" \/>\n<meta name=\"twitter:label1\" content=\"Napisane przez\" \/>\n\t<meta name=\"twitter:data1\" content=\"Joachim Bertsch\" \/>\n\t<meta name=\"twitter:label2\" content=\"Szacowany czas czytania\" \/>\n\t<meta name=\"twitter:data2\" content=\"6 minut\" \/>\n<script type=\"application\/ld+json\" class=\"yoast-schema-graph\">{\"@context\":\"https:\\\/\\\/schema.org\",\"@graph\":[{\"@type\":\"Article\",\"@id\":\"https:\\\/\\\/bertsch-holzbau.eu\\\/pl\\\/blog\\\/czy-moge-mieszkac-w-domku-ogrodowym\\\/#article\",\"isPartOf\":{\"@id\":\"https:\\\/\\\/bertsch-holzbau.eu\\\/pl\\\/blog\\\/czy-moge-mieszkac-w-domku-ogrodowym\\\/\"},\"author\":{\"name\":\"Joachim Bertsch\",\"@id\":\"https:\\\/\\\/bertsch-holzbau.eu\\\/pl\\\/#\\\/schema\\\/person\\\/13ecc06e359795647bc8686c8fc9628b\"},\"headline\":\"Czy mog\u0119 mieszka\u0107 w domku ogrodowym?\",\"datePublished\":\"2024-07-15T09:14:09+00:00\",\"dateModified\":\"2026-01-26T08:39:15+00:00\",\"mainEntityOfPage\":{\"@id\":\"https:\\\/\\\/bertsch-holzbau.eu\\\/pl\\\/blog\\\/czy-moge-mieszkac-w-domku-ogrodowym\\\/\"},\"wordCount\":1175,\"commentCount\":0,\"publisher\":{\"@id\":\"https:\\\/\\\/bertsch-holzbau.eu\\\/pl\\\/#organization\"},\"image\":{\"@id\":\"https:\\\/\\\/bertsch-holzbau.eu\\\/pl\\\/blog\\\/czy-moge-mieszkac-w-domku-ogrodowym\\\/#primaryimage\"},\"thumbnailUrl\":\"https:\\\/\\\/bertsch-holzbau.eu\\\/wp-content\\\/uploads\\\/2024\\\/07\\\/11.-Czy-moge-mieszkac-w-domku-ogrodowym.jpg\",\"articleSection\":[\"Poradniki\"],\"inLanguage\":\"pl-PL\",\"potentialAction\":[{\"@type\":\"CommentAction\",\"name\":\"Comment\",\"target\":[\"https:\\\/\\\/bertsch-holzbau.eu\\\/pl\\\/blog\\\/czy-moge-mieszkac-w-domku-ogrodowym\\\/#respond\"]}]},{\"@type\":\"WebPage\",\"@id\":\"https:\\\/\\\/bertsch-holzbau.eu\\\/pl\\\/blog\\\/czy-moge-mieszkac-w-domku-ogrodowym\\\/\",\"url\":\"https:\\\/\\\/bertsch-holzbau.eu\\\/pl\\\/blog\\\/czy-moge-mieszkac-w-domku-ogrodowym\\\/\",\"name\":\"Czy mog\u0119 mieszka\u0107 w domku ogrodowym? - BHB Bertsch Holzbau\",\"isPartOf\":{\"@id\":\"https:\\\/\\\/bertsch-holzbau.eu\\\/pl\\\/#website\"},\"primaryImageOfPage\":{\"@id\":\"https:\\\/\\\/bertsch-holzbau.eu\\\/pl\\\/blog\\\/czy-moge-mieszkac-w-domku-ogrodowym\\\/#primaryimage\"},\"image\":{\"@id\":\"https:\\\/\\\/bertsch-holzbau.eu\\\/pl\\\/blog\\\/czy-moge-mieszkac-w-domku-ogrodowym\\\/#primaryimage\"},\"thumbnailUrl\":\"https:\\\/\\\/bertsch-holzbau.eu\\\/wp-content\\\/uploads\\\/2024\\\/07\\\/11.-Czy-moge-mieszkac-w-domku-ogrodowym.jpg\",\"datePublished\":\"2024-07-15T09:14:09+00:00\",\"dateModified\":\"2026-01-26T08:39:15+00:00\",\"breadcrumb\":{\"@id\":\"https:\\\/\\\/bertsch-holzbau.eu\\\/pl\\\/blog\\\/czy-moge-mieszkac-w-domku-ogrodowym\\\/#breadcrumb\"},\"inLanguage\":\"pl-PL\",\"potentialAction\":[{\"@type\":\"ReadAction\",\"target\":[\"https:\\\/\\\/bertsch-holzbau.eu\\\/pl\\\/blog\\\/czy-moge-mieszkac-w-domku-ogrodowym\\\/\"]}]},{\"@type\":\"ImageObject\",\"inLanguage\":\"pl-PL\",\"@id\":\"https:\\\/\\\/bertsch-holzbau.eu\\\/pl\\\/blog\\\/czy-moge-mieszkac-w-domku-ogrodowym\\\/#primaryimage\",\"url\":\"https:\\\/\\\/bertsch-holzbau.eu\\\/wp-content\\\/uploads\\\/2024\\\/07\\\/11.-Czy-moge-mieszkac-w-domku-ogrodowym.jpg\",\"contentUrl\":\"https:\\\/\\\/bertsch-holzbau.eu\\\/wp-content\\\/uploads\\\/2024\\\/07\\\/11.-Czy-moge-mieszkac-w-domku-ogrodowym.jpg\",\"width\":1200,\"height\":900},{\"@type\":\"BreadcrumbList\",\"@id\":\"https:\\\/\\\/bertsch-holzbau.eu\\\/pl\\\/blog\\\/czy-moge-mieszkac-w-domku-ogrodowym\\\/#breadcrumb\",\"itemListElement\":[{\"@type\":\"ListItem\",\"position\":1,\"name\":\"Home\",\"item\":\"https:\\\/\\\/bertsch-holzbau.eu\\\/pl\\\/\"},{\"@type\":\"ListItem\",\"position\":2,\"name\":\"Czy mog\u0119 mieszka\u0107 w domku ogrodowym?\"}]},{\"@type\":\"WebSite\",\"@id\":\"https:\\\/\\\/bertsch-holzbau.eu\\\/pl\\\/#website\",\"url\":\"https:\\\/\\\/bertsch-holzbau.eu\\\/pl\\\/\",\"name\":\"BHB Bertsch Holzbau\",\"description\":\"\",\"publisher\":{\"@id\":\"https:\\\/\\\/bertsch-holzbau.eu\\\/pl\\\/#organization\"},\"potentialAction\":[{\"@type\":\"SearchAction\",\"target\":{\"@type\":\"EntryPoint\",\"urlTemplate\":\"https:\\\/\\\/bertsch-holzbau.eu\\\/pl\\\/?s={search_term_string}\"},\"query-input\":{\"@type\":\"PropertyValueSpecification\",\"valueRequired\":true,\"valueName\":\"search_term_string\"}}],\"inLanguage\":\"pl-PL\"},[],{\"@type\":\"Person\",\"@id\":\"https:\\\/\\\/bertsch-holzbau.eu\\\/pl\\\/#\\\/schema\\\/person\\\/13ecc06e359795647bc8686c8fc9628b\",\"name\":\"Joachim Bertsch\",\"image\":{\"@type\":\"ImageObject\",\"inLanguage\":\"pl-PL\",\"@id\":\"https:\\\/\\\/bertsch-holzbau.eu\\\/wp-content\\\/litespeed\\\/avatar\\\/81f1ede881040594386bd43727a0c7b5.jpg?ver=1788161130\",\"url\":\"https:\\\/\\\/bertsch-holzbau.eu\\\/wp-content\\\/litespeed\\\/avatar\\\/81f1ede881040594386bd43727a0c7b5.jpg?ver=1788161130\",\"contentUrl\":\"https:\\\/\\\/bertsch-holzbau.eu\\\/wp-content\\\/litespeed\\\/avatar\\\/81f1ede881040594386bd43727a0c7b5.jpg?ver=1788161130\",\"caption\":\"Joachim Bertsch\"},\"url\":\"https:\\\/\\\/bertsch-holzbau.eu\\\/pl\\\/blog\\\/author\\\/j-bertsch\\\/\"}]}<\/script>\n<!-- \/ Yoast SEO plugin. -->","yoast_head_json":{"title":"Czy mog\u0119 mieszka\u0107 w domku ogrodowym? - BHB Bertsch Holzbau","robots":{"index":"index","follow":"follow","max-snippet":"max-snippet:-1","max-image-preview":"max-image-preview:large","max-video-preview":"max-video-preview:-1"},"og_locale":"pl_PL","og_type":"article","og_title":"Czy mog\u0119 mieszka\u0107 w domku ogrodowym? - BHB Bertsch Holzbau","og_description":"Drewniane domki ogrodowe maj\u0105 wiele zalet. Szybko powstaj\u0105, s\u0105 ta\u0144sze ni\u017c budynki murowane, a tak\u017ce zdecydowanie bardziej mobilne. Z tego powodu wiele os\u00f3b zastanawia si\u0119 nad tym, czy w takich obiektach mo\u017cna mieszka\u0107 przez ca\u0142y rok. Czy jest to mo\u017cliwe? Do czego najlepiej wykorzysta\u0107 domek ogrodowy?&nbsp; Czy mog\u0119 mieszka\u0107 w domku drewnianym ogrodowym \u2013 czy [&hellip;]","og_url":"https:\/\/bertsch-holzbau.eu\/pl\/blog\/czy-moge-mieszkac-w-domku-ogrodowym\/","og_site_name":"BHB Bertsch Holzbau","article_publisher":"https:\/\/www.facebook.com\/bertschholzbau\/","article_published_time":"2024-07-15T09:14:09+00:00","article_modified_time":"2026-01-26T08:39:15+00:00","og_image":[{"width":1200,"height":900,"url":"https:\/\/bertsch-holzbau.eu\/wp-content\/uploads\/2024\/07\/11.-Czy-moge-mieszkac-w-domku-ogrodowym.jpg","type":"image\/jpeg"}],"author":"Joachim Bertsch","twitter_card":"summary_large_image","twitter_misc":{"Napisane przez":"Joachim Bertsch","Szacowany czas czytania":"6 minut"},"schema":{"@context":"https:\/\/schema.org","@graph":[{"@type":"Article","@id":"https:\/\/bertsch-holzbau.eu\/pl\/blog\/czy-moge-mieszkac-w-domku-ogrodowym\/#article","isPartOf":{"@id":"https:\/\/bertsch-holzbau.eu\/pl\/blog\/czy-moge-mieszkac-w-domku-ogrodowym\/"},"author":{"name":"Joachim Bertsch","@id":"https:\/\/bertsch-holzbau.eu\/pl\/#\/schema\/person\/13ecc06e359795647bc8686c8fc9628b"},"headline":"Czy mog\u0119 mieszka\u0107 w domku ogrodowym?","datePublished":"2024-07-15T09:14:09+00:00","dateModified":"2026-01-26T08:39:15+00:00","mainEntityOfPage":{"@id":"https:\/\/bertsch-holzbau.eu\/pl\/blog\/czy-moge-mieszkac-w-domku-ogrodowym\/"},"wordCount":1175,"commentCount":0,"publisher":{"@id":"https:\/\/bertsch-holzbau.eu\/pl\/#organization"},"image":{"@id":"https:\/\/bertsch-holzbau.eu\/pl\/blog\/czy-moge-mieszkac-w-domku-ogrodowym\/#primaryimage"},"thumbnailUrl":"https:\/\/bertsch-holzbau.eu\/wp-content\/uploads\/2024\/07\/11.-Czy-moge-mieszkac-w-domku-ogrodowym.jpg","articleSection":["Poradniki"],"inLanguage":"pl-PL","potentialAction":[{"@type":"CommentAction","name":"Comment","target":["https:\/\/bertsch-holzbau.eu\/pl\/blog\/czy-moge-mieszkac-w-domku-ogrodowym\/#respond"]}]},{"@type":"WebPage","@id":"https:\/\/bertsch-holzbau.eu\/pl\/blog\/czy-moge-mieszkac-w-domku-ogrodowym\/","url":"https:\/\/bertsch-holzbau.eu\/pl\/blog\/czy-moge-mieszkac-w-domku-ogrodowym\/","name":"Czy mog\u0119 mieszka\u0107 w domku ogrodowym? - BHB Bertsch Holzbau","isPartOf":{"@id":"https:\/\/bertsch-holzbau.eu\/pl\/#website"},"primaryImageOfPage":{"@id":"https:\/\/bertsch-holzbau.eu\/pl\/blog\/czy-moge-mieszkac-w-domku-ogrodowym\/#primaryimage"},"image":{"@id":"https:\/\/bertsch-holzbau.eu\/pl\/blog\/czy-moge-mieszkac-w-domku-ogrodowym\/#primaryimage"},"thumbnailUrl":"https:\/\/bertsch-holzbau.eu\/wp-content\/uploads\/2024\/07\/11.-Czy-moge-mieszkac-w-domku-ogrodowym.jpg","datePublished":"2024-07-15T09:14:09+00:00","dateModified":"2026-01-26T08:39:15+00:00","breadcrumb":{"@id":"https:\/\/bertsch-holzbau.eu\/pl\/blog\/czy-moge-mieszkac-w-domku-ogrodowym\/#breadcrumb"},"inLanguage":"pl-PL","potentialAction":[{"@type":"ReadAction","target":["https:\/\/bertsch-holzbau.eu\/pl\/blog\/czy-moge-mieszkac-w-domku-ogrodowym\/"]}]},{"@type":"ImageObject","inLanguage":"pl-PL","@id":"https:\/\/bertsch-holzbau.eu\/pl\/blog\/czy-moge-mieszkac-w-domku-ogrodowym\/#primaryimage","url":"https:\/\/bertsch-holzbau.eu\/wp-content\/uploads\/2024\/07\/11.-Czy-moge-mieszkac-w-domku-ogrodowym.jpg","contentUrl":"https:\/\/bertsch-holzbau.eu\/wp-content\/uploads\/2024\/07\/11.-Czy-moge-mieszkac-w-domku-ogrodowym.jpg","width":1200,"height":900},{"@type":"BreadcrumbList","@id":"https:\/\/bertsch-holzbau.eu\/pl\/blog\/czy-moge-mieszkac-w-domku-ogrodowym\/#breadcrumb","itemListElement":[{"@type":"ListItem","position":1,"name":"Home","item":"https:\/\/bertsch-holzbau.eu\/pl\/"},{"@type":"ListItem","position":2,"name":"Czy mog\u0119 mieszka\u0107 w domku ogrodowym?"}]},{"@type":"WebSite","@id":"https:\/\/bertsch-holzbau.eu\/pl\/#website","url":"https:\/\/bertsch-holzbau.eu\/pl\/","name":"BHB Bertsch Holzbau","description":"","publisher":{"@id":"https:\/\/bertsch-holzbau.eu\/pl\/#organization"},"potentialAction":[{"@type":"SearchAction","target":{"@type":"EntryPoint","urlTemplate":"https:\/\/bertsch-holzbau.eu\/pl\/?s={search_term_string}"},"query-input":{"@type":"PropertyValueSpecification","valueRequired":true,"valueName":"search_term_string"}}],"inLanguage":"pl-PL"},[],{"@type":"Person","@id":"https:\/\/bertsch-holzbau.eu\/pl\/#\/schema\/person\/13ecc06e359795647bc8686c8fc9628b","name":"Joachim Bertsch","image":{"@type":"ImageObject","inLanguage":"pl-PL","@id":"https:\/\/bertsch-holzbau.eu\/wp-content\/litespeed\/avatar\/81f1ede881040594386bd43727a0c7b5.jpg?ver=1788161130","url":"https:\/\/bertsch-holzbau.eu\/wp-content\/litespeed\/avatar\/81f1ede881040594386bd43727a0c7b5.jpg?ver=1788161130","contentUrl":"https:\/\/bertsch-holzbau.eu\/wp-content\/litespeed\/avatar\/81f1ede881040594386bd43727a0c7b5.jpg?ver=1788161130","caption":"Joachim Bertsch"},"url":"https:\/\/bertsch-holzbau.eu\/pl\/blog\/author\/j-bertsch\/"}]}},"_links":{"self":[{"href":"https:\/\/bertsch-holzbau.eu\/pl\/wp-json\/wp\/v2\/posts\/37970","targetHints":{"allow":["GET"]}}],"collection":[{"href":"https:\/\/bertsch-holzbau.eu\/pl\/wp-json\/wp\/v2\/posts"}],"about":[{"href":"https:\/\/bertsch-holzbau.eu\/pl\/wp-json\/wp\/v2\/types\/post"}],"author":[{"embeddable":true,"href":"https:\/\/bertsch-holzbau.eu\/pl\/wp-json\/wp\/v2\/users\/6"}],"replies":[{"embeddable":true,"href":"https:\/\/bertsch-holzbau.eu\/pl\/wp-json\/wp\/v2\/comments?post=37970"}],"version-history":[{"count":2,"href":"https:\/\/bertsch-holzbau.eu\/pl\/wp-json\/wp\/v2\/posts\/37970\/revisions"}],"predecessor-version":[{"id":88423,"href":"https:\/\/bertsch-holzbau.eu\/pl\/wp-json\/wp\/v2\/posts\/37970\/revisions\/88423"}],"wp:featuredmedia":[{"embeddable":true,"href":"https:\/\/bertsch-holzbau.eu\/pl\/wp-json\/wp\/v2\/media\/112157"}],"wp:attachment":[{"href":"https:\/\/bertsch-holzbau.eu\/pl\/wp-json\/wp\/v2\/media?parent=37970"}],"wp:term":[{"taxonomy":"category","embeddable":true,"href":"https:\/\/bertsch-holzbau.eu\/pl\/wp-json\/wp\/v2\/categories?post=37970"},{"taxonomy":"post_tag","embeddable":true,"href":"https:\/\/bertsch-holzbau.eu\/pl\/wp-json\/wp\/v2\/tags?post=37970"}],"curies":[{"name":"wp","href":"https:\/\/api.w.org\/{rel}","templated":true}]}}