{"id":116031,"date":"2026-04-08T09:06:00","date_gmt":"2026-04-08T07:06:00","guid":{"rendered":"https:\/\/bertsch-holzbau.eu\/blog\/branchentag-holz-2025-review-and-innovations-from-bhb-bertsch-holzbau\/"},"modified":"2026-04-09T11:13:13","modified_gmt":"2026-04-09T09:13:13","slug":"branchentag-holz-2025-podsumowanie-targow-i-nowosci-od-bhb-bertsch-holzbau","status":"publish","type":"post","link":"https:\/\/bertsch-holzbau.eu\/pl\/blog\/branchentag-holz-2025-podsumowanie-targow-i-nowosci-od-bhb-bertsch-holzbau\/","title":{"rendered":"BranchenTag Holz 2025 \u2013 podsumowanie targ\u00f3w i nowo\u015bci od BHB Bertsch HolzBau"},"content":{"rendered":"\n<h2 class=\"wp-block-heading\">BHB Bertsch HolzBau na BranchenTag Holz \u2013 najwa\u017cniejsze wydarzenie bran\u017cy drzewnej<\/h2>\n\n\n\n<p class=\"wp-block-paragraph\">W dniach 11\u201312 listopada 2025 mieli\u015bmy przyjemno\u015b\u0107 uczestniczy\u0107 jako wystawca w targach <strong>BranchenTag Holz w Kolonii<\/strong> \u2013 jednym z najwa\u017cniejszych wydarze\u0144 dla bran\u017cy drzewnej w Europie. To presti\u017cowe spotkanie, organizowane przez GD Holz, co dwa lata gromadzi producent\u00f3w, dystrybutor\u00f3w oraz ekspert\u00f3w rynku drewna z ca\u0142ego \u015bwiata.<\/p>\n\n\n\n<p class=\"wp-block-paragraph\">Tegoroczna edycja przyci\u0105gn\u0119\u0142a oko\u0142o <strong>3 200 odwiedzaj\u0105cych oraz ponad 150 wystawc\u00f3w z kilkunastu kraj\u00f3w<\/strong>, co potwierdza rosn\u0105ce znaczenie wydarzenia jako platformy wymiany wiedzy, innowacji i kontakt\u00f3w biznesowych.<\/p>\n\n\n\n<p class=\"wp-block-paragraph\">Dla naszego zespo\u0142u z BHB Bertsch HolzBau by\u0142a to doskona\u0142a okazja, aby zaprezentowa\u0107 najnowsze rozwi\u0105zania, spotka\u0107 partner\u00f3w oraz nawi\u0105za\u0107 nowe relacje w mi\u0119dzynarodowym \u015brodowisku bran\u017cy drzewnej.<\/p>\n\n\n\n<hr class=\"wp-block-separator has-alpha-channel-opacity\"\/>\n\n\n\n<h2 class=\"wp-block-heading\">Dlaczego BranchenTag Holz to kluczowe targi dla bran\u017cy?<\/h2>\n\n\n\n<p class=\"wp-block-paragraph\">BranchenTag Holz to co\u015b wi\u0119cej ni\u017c standardowe targi \u2013 to wydarzenie \u0142\u0105cz\u0105ce <strong>formu\u0142\u0119 wystawy i kongresu bran\u017cowego<\/strong>.<\/p>\n\n\n\n<p class=\"wp-block-paragraph\">Podczas dw\u00f3ch dni uczestnicy maj\u0105 mo\u017cliwo\u015b\u0107:<\/p>\n\n\n\n<ul class=\"wp-block-list\">\n<li>poznania najnowszych trend\u00f3w w budownictwie drewnianym<\/li>\n\n\n\n<li>udzia\u0142u w specjalistycznych wyk\u0142adach i panelach<\/li>\n\n\n\n<li>networkingu z producentami, dystrybutorami i ekspertami<\/li>\n\n\n\n<li>prezentacji innowacji produktowych<\/li>\n<\/ul>\n\n\n\n<p class=\"wp-block-paragraph\">Silny nacisk na tematyk\u0119 zr\u00f3wnowa\u017conego rozwoju, efektywno\u015bci energetycznej i przysz\u0142o\u015bci budownictwa sprawia, \u017ce wydarzenie wyznacza kierunki rozwoju ca\u0142ej bran\u017cy.<\/p>\n\n\n\n<hr class=\"wp-block-separator has-alpha-channel-opacity\"\/>\n\n\n\n<h2 class=\"wp-block-heading\">Nasze stoisko \u2013 innowacje i jako\u015b\u0107 BHB Bertsch HolzBau<\/h2>\n\n\n\n<p class=\"wp-block-paragraph\">Podczas targ\u00f3w zaprezentowali\u015bmy produkty, kt\u00f3re najlepiej odzwierciedlaj\u0105 filozofi\u0119 naszej marki: <strong>po\u0142\u0105czenie naturalnego drewna, nowoczesnej technologii i precyzji wykonania<\/strong>.<\/p>\n\n\n\n<p class=\"wp-block-paragraph\">Nasze stoisko cieszy\u0142o si\u0119 du\u017cym zainteresowaniem zar\u00f3wno w\u015br\u00f3d partner\u00f3w handlowych, jak i nowych klient\u00f3w z ca\u0142ej Europy.<\/p>\n\n\n\n<hr class=\"wp-block-separator has-alpha-channel-opacity\"\/>\n\n\n\n<div class=\"wp-block-group green-box\"><div class=\"wp-block-group__inner-container is-layout-constrained wp-block-group-is-layout-constrained\">\n<h2 class=\"wp-block-heading\">Nowo\u015b\u0107: sauna z ThermoWood \u2013 design i trwa\u0142o\u015b\u0107<\/h2>\n\n\n\n<p class=\"wp-block-paragraph\">Jedn\u0105 z g\u0142\u00f3wnych premier by\u0142a <strong>sauna wykonana z ThermoWood<\/strong>, czyli drewna poddanego obr\u00f3bce termicznej.<\/p>\n<\/div><\/div>\n\n\n\n<h3 class=\"wp-block-heading\">Dlaczego ThermoWood?<\/h3>\n\n\n\n<ul class=\"wp-block-list\">\n<li>zwi\u0119kszona odporno\u015b\u0107 na wilgo\u0107 i warunki atmosferyczne<\/li>\n\n\n\n<li>wysoka stabilno\u015b\u0107 wymiarowa<\/li>\n\n\n\n<li>naturalny wygl\u0105d bez konieczno\u015bci chemicznej impregnacji<\/li>\n\n\n\n<li>ekologiczne rozwi\u0105zanie wpisuj\u0105ce si\u0119 w trend zr\u00f3wnowa\u017conego budownictwa<\/li>\n<\/ul>\n\n\n\n<p class=\"wp-block-paragraph\">Sauna spotka\u0142a si\u0119 z bardzo pozytywnym odbiorem \u2013 szczeg\u00f3lnie w\u015br\u00f3d klient\u00f3w poszukuj\u0105cych <strong>premium rozwi\u0105za\u0144 wellness do ogrodu<\/strong>.<\/p>\n\n\n\n<hr class=\"wp-block-separator has-alpha-channel-opacity\"\/>\n\n\n\n<h2 class=\"wp-block-heading\">Domki ogrodowe w stylu zamku tyrolskiego \u2013 tradycja i charakter<\/h2>\n\n\n\n<p class=\"wp-block-paragraph\">Drug\u0105 wa\u017cn\u0105 nowo\u015bci\u0105 by\u0142y nasze <strong>domki ogrodowe inspirowane architektur\u0105 tyrolsk\u0105<\/strong>.<\/p>\n\n\n\n<p class=\"wp-block-paragraph\">To propozycja dla klient\u00f3w, kt\u00f3rzy ceni\u0105:<\/p>\n\n\n\n<ul class=\"wp-block-list\">\n<li>wyj\u0105tkowy design i styl alpejski<\/li>\n\n\n\n<li>solidne, masywne konstrukcje drewniane<\/li>\n\n\n\n<li>funkcjonalno\u015b\u0107 po\u0142\u0105czon\u0105 z estetyk\u0105<\/li>\n\n\n\n<li>indywidualny charakter zabudowy ogrodowej<\/li>\n<\/ul>\n\n\n\n<p class=\"wp-block-paragraph\">Domki te wyr\u00f3\u017cniaj\u0105 si\u0119 na tle standardowych rozwi\u0105za\u0144 i idealnie wpisuj\u0105 si\u0119 w trend <strong>personalizacji przestrzeni przydomowej<\/strong>.<\/p>\n\n\n\n<hr class=\"wp-block-separator has-alpha-channel-opacity\"\/>\n\n\n\n<h2 class=\"wp-block-heading\">Spotkania, networking i rozw\u00f3j relacji biznesowych<\/h2>\n\n\n\n<p class=\"wp-block-paragraph\">BranchenTag Holz to przede wszystkim ludzie. Podczas wydarzenia mieli\u015bmy okazj\u0119:<\/p>\n\n\n\n<ul class=\"wp-block-list\">\n<li>spotka\u0107 naszych obecnych partner\u00f3w z Europy<\/li>\n\n\n\n<li>rozwija\u0107 sie\u0107 dystrybucji na rynkach zagranicznych<\/li>\n\n\n\n<li>wymieni\u0107 do\u015bwiadczenia z ekspertami bran\u017cy<\/li>\n\n\n\n<li>pozna\u0107 nowe kierunki rozwoju rynku<\/li>\n<\/ul>\n\n\n\n<p class=\"wp-block-paragraph\">Jako firma dzia\u0142aj\u0105ca mi\u0119dzynarodowo, aktywnie rozwijaj\u0105ca sprzeda\u017c m.in. w Niemczech, Wielkiej Brytanii czy krajach Beneluksu, szczeg\u00f3lnie doceniamy warto\u015b\u0107 takich spotka\u0144.<\/p>\n\n\n\n<hr class=\"wp-block-separator has-alpha-channel-opacity\"\/>\n\n\n\n<h2 class=\"wp-block-heading\">BHB Bertsch HolzBau \u2013 do\u015bwiadczenie i jako\u015b\u0107<\/h2>\n\n\n\n<p class=\"wp-block-paragraph\">Za naszym sukcesem stoi zesp\u00f3\u0142 specjalist\u00f3w z wieloletnim do\u015bwiadczeniem w bran\u017cy drzewnej. Firma, rozwijana od ponad 20 lat, \u0142\u0105czy tradycj\u0119 rzemios\u0142a z nowoczesnym podej\u015bciem do projektowania i produkcji.<\/p>\n\n\n\n<p class=\"wp-block-paragraph\">Dzi\u0119ki w\u0142asnej produkcji oraz rozwini\u0119tej logistyce realizujemy projekty na terenie ca\u0142ej Europy, dostarczaj\u0105c rozwi\u0105zania dopasowane do potrzeb klient\u00f3w.<\/p>\n\n\n\n<hr class=\"wp-block-separator has-alpha-channel-opacity\"\/>\n\n\n\n<h2 class=\"wp-block-heading\">Podsumowanie \u2013 kierunek: innowacja i zr\u00f3wnowa\u017cony rozw\u00f3j<\/h2>\n\n\n\n<p class=\"wp-block-paragraph\">Udzia\u0142 w BranchenTag Holz 2025 by\u0142 dla nas niezwykle inspiruj\u0105cym do\u015bwiadczeniem. Targi potwierdzi\u0142y, \u017ce przysz\u0142o\u015b\u0107 bran\u017cy drzewnej opiera si\u0119 na:<\/p>\n\n\n\n<ul class=\"wp-block-list\">\n<li>innowacyjnych technologiach<\/li>\n\n\n\n<li>ekologicznych materia\u0142ach<\/li>\n\n\n\n<li>wysokiej jako\u015bci wykonania<\/li>\n\n\n\n<li>indywidualnym podej\u015bciu do klienta<\/li>\n<\/ul>\n\n\n\n<p class=\"wp-block-paragraph\">Dzi\u0119kujemy wszystkim, kt\u00f3rzy odwiedzili nasze stoisko \u2013 do zobaczenia na kolejnych wydarzeniach!<\/p>\n\n\n\n<figure class=\"wp-block-gallery has-nested-images columns-default is-cropped wp-block-gallery-1 is-layout-flex wp-block-gallery-is-layout-flex\">\n<figure class=\"wp-block-image size-large\"><img loading=\"lazy\" decoding=\"async\" width=\"1024\" height=\"616\" data-id=\"116018\" src=\"https:\/\/bertsch-holzbau.eu\/wp-content\/uploads\/2026\/04\/BHB_4-1-1024x616.webp\" alt=\"\" class=\"wp-image-116018\" srcset=\"https:\/\/bertsch-holzbau.eu\/wp-content\/uploads\/2026\/04\/BHB_4-1-1024x616.webp 1024w, https:\/\/bertsch-holzbau.eu\/wp-content\/uploads\/2026\/04\/BHB_4-1-300x181.webp 300w, https:\/\/bertsch-holzbau.eu\/wp-content\/uploads\/2026\/04\/BHB_4-1-768x462.webp 768w, https:\/\/bertsch-holzbau.eu\/wp-content\/uploads\/2026\/04\/BHB_4-1-400x241.webp 400w, https:\/\/bertsch-holzbau.eu\/wp-content\/uploads\/2026\/04\/BHB_4-1-600x361.webp 600w, https:\/\/bertsch-holzbau.eu\/wp-content\/uploads\/2026\/04\/BHB_4-1-800x481.webp 800w, https:\/\/bertsch-holzbau.eu\/wp-content\/uploads\/2026\/04\/BHB_4-1-1200x722.webp 1200w, https:\/\/bertsch-holzbau.eu\/wp-content\/uploads\/2026\/04\/BHB_4-1.webp 1431w\" sizes=\"auto, (max-width: 1024px) 100vw, 1024px\" \/><\/figure>\n\n\n\n<figure class=\"wp-block-image size-large\"><img loading=\"lazy\" decoding=\"async\" width=\"1024\" height=\"576\" data-id=\"116006\" src=\"https:\/\/bertsch-holzbau.eu\/wp-content\/uploads\/2026\/04\/BHB_3-1-1024x576.webp\" alt=\"\" class=\"wp-image-116006\" srcset=\"https:\/\/bertsch-holzbau.eu\/wp-content\/uploads\/2026\/04\/BHB_3-1-1024x576.webp 1024w, https:\/\/bertsch-holzbau.eu\/wp-content\/uploads\/2026\/04\/BHB_3-1-300x169.webp 300w, https:\/\/bertsch-holzbau.eu\/wp-content\/uploads\/2026\/04\/BHB_3-1-768x432.webp 768w, https:\/\/bertsch-holzbau.eu\/wp-content\/uploads\/2026\/04\/BHB_3-1-1536x864.webp 1536w, https:\/\/bertsch-holzbau.eu\/wp-content\/uploads\/2026\/04\/BHB_3-1-400x225.webp 400w, https:\/\/bertsch-holzbau.eu\/wp-content\/uploads\/2026\/04\/BHB_3-1-600x338.webp 600w, https:\/\/bertsch-holzbau.eu\/wp-content\/uploads\/2026\/04\/BHB_3-1-800x450.webp 800w, https:\/\/bertsch-holzbau.eu\/wp-content\/uploads\/2026\/04\/BHB_3-1-1200x675.webp 1200w, https:\/\/bertsch-holzbau.eu\/wp-content\/uploads\/2026\/04\/BHB_3-1.webp 1920w\" sizes=\"auto, (max-width: 1024px) 100vw, 1024px\" \/><\/figure>\n\n\n\n<figure class=\"wp-block-image size-large\"><img loading=\"lazy\" decoding=\"async\" width=\"1024\" height=\"657\" data-id=\"115994\" src=\"https:\/\/bertsch-holzbau.eu\/wp-content\/uploads\/2026\/04\/BHB_2-1-1024x657.webp\" alt=\"\" class=\"wp-image-115994\" srcset=\"https:\/\/bertsch-holzbau.eu\/wp-content\/uploads\/2026\/04\/BHB_2-1-1024x657.webp 1024w, https:\/\/bertsch-holzbau.eu\/wp-content\/uploads\/2026\/04\/BHB_2-1-300x193.webp 300w, https:\/\/bertsch-holzbau.eu\/wp-content\/uploads\/2026\/04\/BHB_2-1-768x493.webp 768w, https:\/\/bertsch-holzbau.eu\/wp-content\/uploads\/2026\/04\/BHB_2-1-1536x986.webp 1536w, https:\/\/bertsch-holzbau.eu\/wp-content\/uploads\/2026\/04\/BHB_2-1-400x257.webp 400w, https:\/\/bertsch-holzbau.eu\/wp-content\/uploads\/2026\/04\/BHB_2-1-600x385.webp 600w, https:\/\/bertsch-holzbau.eu\/wp-content\/uploads\/2026\/04\/BHB_2-1-800x514.webp 800w, https:\/\/bertsch-holzbau.eu\/wp-content\/uploads\/2026\/04\/BHB_2-1-1200x770.webp 1200w, https:\/\/bertsch-holzbau.eu\/wp-content\/uploads\/2026\/04\/BHB_2-1.webp 1564w\" sizes=\"auto, (max-width: 1024px) 100vw, 1024px\" \/><\/figure>\n<\/figure>\n","protected":false},"excerpt":{"rendered":"<p>BHB Bertsch HolzBau na BranchenTag Holz \u2013 najwa\u017cniejsze wydarzenie bran\u017cy drzewnej W dniach 11\u201312 listopada 2025 mieli\u015bmy przyjemno\u015b\u0107 uczestniczy\u0107 jako wystawca w targach BranchenTag Holz w Kolonii \u2013 jednym z najwa\u017cniejszych wydarze\u0144 dla bran\u017cy drzewnej w Europie. To presti\u017cowe spotkanie, organizowane przez GD Holz, co dwa lata gromadzi producent\u00f3w, dystrybutor\u00f3w oraz ekspert\u00f3w rynku drewna z [&hellip;]<\/p>\n","protected":false},"author":4,"featured_media":115978,"comment_status":"open","ping_status":"open","sticky":false,"template":"","format":"standard","meta":{"_acf_changed":false,"footnotes":""},"categories":[401],"tags":[],"class_list":["post-116031","post","type-post","status-publish","format-standard","has-post-thumbnail","hentry","category-aktualnosci-bhb"],"acf":[],"yoast_head":"<!-- This site is optimized with the Yoast SEO plugin v27.8 - https:\/\/yoast.com\/product\/yoast-seo-wordpress\/ -->\n<title>BranchenTag Holz 2025 \u2013 podsumowanie targ\u00f3w i nowo\u015bci od BHB Bertsch HolzBau - BHB Bertsch Holzbau<\/title>\n<meta name=\"robots\" content=\"index, follow, max-snippet:-1, max-image-preview:large, max-video-preview:-1\" \/>\n<meta property=\"og:locale\" content=\"pl_PL\" \/>\n<meta property=\"og:type\" content=\"article\" \/>\n<meta property=\"og:title\" content=\"BranchenTag Holz 2025 \u2013 podsumowanie targ\u00f3w i nowo\u015bci od BHB Bertsch HolzBau - BHB Bertsch Holzbau\" \/>\n<meta property=\"og:description\" content=\"BHB Bertsch HolzBau na BranchenTag Holz \u2013 najwa\u017cniejsze wydarzenie bran\u017cy drzewnej W dniach 11\u201312 listopada 2025 mieli\u015bmy przyjemno\u015b\u0107 uczestniczy\u0107 jako wystawca w targach BranchenTag Holz w Kolonii \u2013 jednym z najwa\u017cniejszych wydarze\u0144 dla bran\u017cy drzewnej w Europie. To presti\u017cowe spotkanie, organizowane przez GD Holz, co dwa lata gromadzi producent\u00f3w, dystrybutor\u00f3w oraz ekspert\u00f3w rynku drewna z [&hellip;]\" \/>\n<meta property=\"og:url\" content=\"https:\/\/bertsch-holzbau.eu\/pl\/blog\/branchentag-holz-2025-podsumowanie-targow-i-nowosci-od-bhb-bertsch-holzbau\/\" \/>\n<meta property=\"og:site_name\" content=\"BHB Bertsch Holzbau\" \/>\n<meta property=\"article:publisher\" content=\"https:\/\/www.facebook.com\/bertschholzbau\/\" \/>\n<meta property=\"article:published_time\" content=\"2026-04-08T07:06:00+00:00\" \/>\n<meta property=\"article:modified_time\" content=\"2026-04-09T09:13:13+00:00\" \/>\n<meta property=\"og:image\" content=\"https:\/\/bertsch-holzbau.eu\/wp-content\/uploads\/2026\/04\/TYTULOWE-1-2.webp\" \/>\n\t<meta property=\"og:image:width\" content=\"1920\" \/>\n\t<meta property=\"og:image:height\" content=\"1119\" \/>\n\t<meta property=\"og:image:type\" content=\"image\/webp\" \/>\n<meta name=\"author\" content=\"l.bertsch\" \/>\n<meta name=\"twitter:card\" content=\"summary_large_image\" \/>\n<meta name=\"twitter:label1\" content=\"Napisane przez\" \/>\n\t<meta name=\"twitter:data1\" content=\"l.bertsch\" \/>\n\t<meta name=\"twitter:label2\" content=\"Szacowany czas czytania\" \/>\n\t<meta name=\"twitter:data2\" content=\"3 minuty\" \/>\n<script type=\"application\/ld+json\" class=\"yoast-schema-graph\">{\"@context\":\"https:\\\/\\\/schema.org\",\"@graph\":[{\"@type\":\"Article\",\"@id\":\"https:\\\/\\\/bertsch-holzbau.eu\\\/pl\\\/blog\\\/branchentag-holz-2025-podsumowanie-targow-i-nowosci-od-bhb-bertsch-holzbau\\\/#article\",\"isPartOf\":{\"@id\":\"https:\\\/\\\/bertsch-holzbau.eu\\\/pl\\\/blog\\\/branchentag-holz-2025-podsumowanie-targow-i-nowosci-od-bhb-bertsch-holzbau\\\/\"},\"author\":{\"name\":\"l.bertsch\",\"@id\":\"https:\\\/\\\/bertsch-holzbau.eu\\\/pl\\\/#\\\/schema\\\/person\\\/4d07e01b7bb73487a8592fbd925811e5\"},\"headline\":\"BranchenTag Holz 2025 \u2013 podsumowanie targ\u00f3w i nowo\u015bci od BHB Bertsch HolzBau\",\"datePublished\":\"2026-04-08T07:06:00+00:00\",\"dateModified\":\"2026-04-09T09:13:13+00:00\",\"mainEntityOfPage\":{\"@id\":\"https:\\\/\\\/bertsch-holzbau.eu\\\/pl\\\/blog\\\/branchentag-holz-2025-podsumowanie-targow-i-nowosci-od-bhb-bertsch-holzbau\\\/\"},\"wordCount\":624,\"commentCount\":0,\"publisher\":{\"@id\":\"https:\\\/\\\/bertsch-holzbau.eu\\\/pl\\\/#organization\"},\"image\":{\"@id\":\"https:\\\/\\\/bertsch-holzbau.eu\\\/pl\\\/blog\\\/branchentag-holz-2025-podsumowanie-targow-i-nowosci-od-bhb-bertsch-holzbau\\\/#primaryimage\"},\"thumbnailUrl\":\"https:\\\/\\\/bertsch-holzbau.eu\\\/wp-content\\\/uploads\\\/2026\\\/04\\\/TYTULOWE-1-2.webp\",\"articleSection\":[\"Aktualno\u015bci BHB\"],\"inLanguage\":\"pl-PL\",\"potentialAction\":[{\"@type\":\"CommentAction\",\"name\":\"Comment\",\"target\":[\"https:\\\/\\\/bertsch-holzbau.eu\\\/pl\\\/blog\\\/branchentag-holz-2025-podsumowanie-targow-i-nowosci-od-bhb-bertsch-holzbau\\\/#respond\"]}]},{\"@type\":\"WebPage\",\"@id\":\"https:\\\/\\\/bertsch-holzbau.eu\\\/pl\\\/blog\\\/branchentag-holz-2025-podsumowanie-targow-i-nowosci-od-bhb-bertsch-holzbau\\\/\",\"url\":\"https:\\\/\\\/bertsch-holzbau.eu\\\/pl\\\/blog\\\/branchentag-holz-2025-podsumowanie-targow-i-nowosci-od-bhb-bertsch-holzbau\\\/\",\"name\":\"BranchenTag Holz 2025 \u2013 podsumowanie targ\u00f3w i nowo\u015bci od BHB Bertsch HolzBau - BHB Bertsch Holzbau\",\"isPartOf\":{\"@id\":\"https:\\\/\\\/bertsch-holzbau.eu\\\/pl\\\/#website\"},\"primaryImageOfPage\":{\"@id\":\"https:\\\/\\\/bertsch-holzbau.eu\\\/pl\\\/blog\\\/branchentag-holz-2025-podsumowanie-targow-i-nowosci-od-bhb-bertsch-holzbau\\\/#primaryimage\"},\"image\":{\"@id\":\"https:\\\/\\\/bertsch-holzbau.eu\\\/pl\\\/blog\\\/branchentag-holz-2025-podsumowanie-targow-i-nowosci-od-bhb-bertsch-holzbau\\\/#primaryimage\"},\"thumbnailUrl\":\"https:\\\/\\\/bertsch-holzbau.eu\\\/wp-content\\\/uploads\\\/2026\\\/04\\\/TYTULOWE-1-2.webp\",\"datePublished\":\"2026-04-08T07:06:00+00:00\",\"dateModified\":\"2026-04-09T09:13:13+00:00\",\"breadcrumb\":{\"@id\":\"https:\\\/\\\/bertsch-holzbau.eu\\\/pl\\\/blog\\\/branchentag-holz-2025-podsumowanie-targow-i-nowosci-od-bhb-bertsch-holzbau\\\/#breadcrumb\"},\"inLanguage\":\"pl-PL\",\"potentialAction\":[{\"@type\":\"ReadAction\",\"target\":[\"https:\\\/\\\/bertsch-holzbau.eu\\\/pl\\\/blog\\\/branchentag-holz-2025-podsumowanie-targow-i-nowosci-od-bhb-bertsch-holzbau\\\/\"]}]},{\"@type\":\"ImageObject\",\"inLanguage\":\"pl-PL\",\"@id\":\"https:\\\/\\\/bertsch-holzbau.eu\\\/pl\\\/blog\\\/branchentag-holz-2025-podsumowanie-targow-i-nowosci-od-bhb-bertsch-holzbau\\\/#primaryimage\",\"url\":\"https:\\\/\\\/bertsch-holzbau.eu\\\/wp-content\\\/uploads\\\/2026\\\/04\\\/TYTULOWE-1-2.webp\",\"contentUrl\":\"https:\\\/\\\/bertsch-holzbau.eu\\\/wp-content\\\/uploads\\\/2026\\\/04\\\/TYTULOWE-1-2.webp\",\"width\":1920,\"height\":1119},{\"@type\":\"BreadcrumbList\",\"@id\":\"https:\\\/\\\/bertsch-holzbau.eu\\\/pl\\\/blog\\\/branchentag-holz-2025-podsumowanie-targow-i-nowosci-od-bhb-bertsch-holzbau\\\/#breadcrumb\",\"itemListElement\":[{\"@type\":\"ListItem\",\"position\":1,\"name\":\"Home\",\"item\":\"https:\\\/\\\/bertsch-holzbau.eu\\\/pl\\\/\"},{\"@type\":\"ListItem\",\"position\":2,\"name\":\"BranchenTag Holz 2025 \u2013 podsumowanie targ\u00f3w i nowo\u015bci od BHB Bertsch HolzBau\"}]},{\"@type\":\"WebSite\",\"@id\":\"https:\\\/\\\/bertsch-holzbau.eu\\\/pl\\\/#website\",\"url\":\"https:\\\/\\\/bertsch-holzbau.eu\\\/pl\\\/\",\"name\":\"BHB Bertsch Holzbau\",\"description\":\"\",\"publisher\":{\"@id\":\"https:\\\/\\\/bertsch-holzbau.eu\\\/pl\\\/#organization\"},\"potentialAction\":[{\"@type\":\"SearchAction\",\"target\":{\"@type\":\"EntryPoint\",\"urlTemplate\":\"https:\\\/\\\/bertsch-holzbau.eu\\\/pl\\\/?s={search_term_string}\"},\"query-input\":{\"@type\":\"PropertyValueSpecification\",\"valueRequired\":true,\"valueName\":\"search_term_string\"}}],\"inLanguage\":\"pl-PL\"},[],{\"@type\":\"Person\",\"@id\":\"https:\\\/\\\/bertsch-holzbau.eu\\\/pl\\\/#\\\/schema\\\/person\\\/4d07e01b7bb73487a8592fbd925811e5\",\"name\":\"l.bertsch\",\"image\":{\"@type\":\"ImageObject\",\"inLanguage\":\"pl-PL\",\"@id\":\"https:\\\/\\\/bertsch-holzbau.eu\\\/wp-content\\\/litespeed\\\/avatar\\\/c7f290e24cac9aea0132e49c7d4d4a45.jpg?ver=1788160651\",\"url\":\"https:\\\/\\\/bertsch-holzbau.eu\\\/wp-content\\\/litespeed\\\/avatar\\\/c7f290e24cac9aea0132e49c7d4d4a45.jpg?ver=1788160651\",\"contentUrl\":\"https:\\\/\\\/bertsch-holzbau.eu\\\/wp-content\\\/litespeed\\\/avatar\\\/c7f290e24cac9aea0132e49c7d4d4a45.jpg?ver=1788160651\",\"caption\":\"l.bertsch\"},\"url\":\"https:\\\/\\\/bertsch-holzbau.eu\\\/pl\\\/blog\\\/author\\\/l-bertsch\\\/\"}]}<\/script>\n<!-- \/ Yoast SEO plugin. -->","yoast_head_json":{"title":"BranchenTag Holz 2025 \u2013 podsumowanie targ\u00f3w i nowo\u015bci od BHB Bertsch HolzBau - BHB Bertsch Holzbau","robots":{"index":"index","follow":"follow","max-snippet":"max-snippet:-1","max-image-preview":"max-image-preview:large","max-video-preview":"max-video-preview:-1"},"og_locale":"pl_PL","og_type":"article","og_title":"BranchenTag Holz 2025 \u2013 podsumowanie targ\u00f3w i nowo\u015bci od BHB Bertsch HolzBau - BHB Bertsch Holzbau","og_description":"BHB Bertsch HolzBau na BranchenTag Holz \u2013 najwa\u017cniejsze wydarzenie bran\u017cy drzewnej W dniach 11\u201312 listopada 2025 mieli\u015bmy przyjemno\u015b\u0107 uczestniczy\u0107 jako wystawca w targach BranchenTag Holz w Kolonii \u2013 jednym z najwa\u017cniejszych wydarze\u0144 dla bran\u017cy drzewnej w Europie. To presti\u017cowe spotkanie, organizowane przez GD Holz, co dwa lata gromadzi producent\u00f3w, dystrybutor\u00f3w oraz ekspert\u00f3w rynku drewna z [&hellip;]","og_url":"https:\/\/bertsch-holzbau.eu\/pl\/blog\/branchentag-holz-2025-podsumowanie-targow-i-nowosci-od-bhb-bertsch-holzbau\/","og_site_name":"BHB Bertsch Holzbau","article_publisher":"https:\/\/www.facebook.com\/bertschholzbau\/","article_published_time":"2026-04-08T07:06:00+00:00","article_modified_time":"2026-04-09T09:13:13+00:00","og_image":[{"width":1920,"height":1119,"url":"https:\/\/bertsch-holzbau.eu\/wp-content\/uploads\/2026\/04\/TYTULOWE-1-2.webp","type":"image\/webp"}],"author":"l.bertsch","twitter_card":"summary_large_image","twitter_misc":{"Napisane przez":"l.bertsch","Szacowany czas czytania":"3 minuty"},"schema":{"@context":"https:\/\/schema.org","@graph":[{"@type":"Article","@id":"https:\/\/bertsch-holzbau.eu\/pl\/blog\/branchentag-holz-2025-podsumowanie-targow-i-nowosci-od-bhb-bertsch-holzbau\/#article","isPartOf":{"@id":"https:\/\/bertsch-holzbau.eu\/pl\/blog\/branchentag-holz-2025-podsumowanie-targow-i-nowosci-od-bhb-bertsch-holzbau\/"},"author":{"name":"l.bertsch","@id":"https:\/\/bertsch-holzbau.eu\/pl\/#\/schema\/person\/4d07e01b7bb73487a8592fbd925811e5"},"headline":"BranchenTag Holz 2025 \u2013 podsumowanie targ\u00f3w i nowo\u015bci od BHB Bertsch HolzBau","datePublished":"2026-04-08T07:06:00+00:00","dateModified":"2026-04-09T09:13:13+00:00","mainEntityOfPage":{"@id":"https:\/\/bertsch-holzbau.eu\/pl\/blog\/branchentag-holz-2025-podsumowanie-targow-i-nowosci-od-bhb-bertsch-holzbau\/"},"wordCount":624,"commentCount":0,"publisher":{"@id":"https:\/\/bertsch-holzbau.eu\/pl\/#organization"},"image":{"@id":"https:\/\/bertsch-holzbau.eu\/pl\/blog\/branchentag-holz-2025-podsumowanie-targow-i-nowosci-od-bhb-bertsch-holzbau\/#primaryimage"},"thumbnailUrl":"https:\/\/bertsch-holzbau.eu\/wp-content\/uploads\/2026\/04\/TYTULOWE-1-2.webp","articleSection":["Aktualno\u015bci BHB"],"inLanguage":"pl-PL","potentialAction":[{"@type":"CommentAction","name":"Comment","target":["https:\/\/bertsch-holzbau.eu\/pl\/blog\/branchentag-holz-2025-podsumowanie-targow-i-nowosci-od-bhb-bertsch-holzbau\/#respond"]}]},{"@type":"WebPage","@id":"https:\/\/bertsch-holzbau.eu\/pl\/blog\/branchentag-holz-2025-podsumowanie-targow-i-nowosci-od-bhb-bertsch-holzbau\/","url":"https:\/\/bertsch-holzbau.eu\/pl\/blog\/branchentag-holz-2025-podsumowanie-targow-i-nowosci-od-bhb-bertsch-holzbau\/","name":"BranchenTag Holz 2025 \u2013 podsumowanie targ\u00f3w i nowo\u015bci od BHB Bertsch HolzBau - BHB Bertsch Holzbau","isPartOf":{"@id":"https:\/\/bertsch-holzbau.eu\/pl\/#website"},"primaryImageOfPage":{"@id":"https:\/\/bertsch-holzbau.eu\/pl\/blog\/branchentag-holz-2025-podsumowanie-targow-i-nowosci-od-bhb-bertsch-holzbau\/#primaryimage"},"image":{"@id":"https:\/\/bertsch-holzbau.eu\/pl\/blog\/branchentag-holz-2025-podsumowanie-targow-i-nowosci-od-bhb-bertsch-holzbau\/#primaryimage"},"thumbnailUrl":"https:\/\/bertsch-holzbau.eu\/wp-content\/uploads\/2026\/04\/TYTULOWE-1-2.webp","datePublished":"2026-04-08T07:06:00+00:00","dateModified":"2026-04-09T09:13:13+00:00","breadcrumb":{"@id":"https:\/\/bertsch-holzbau.eu\/pl\/blog\/branchentag-holz-2025-podsumowanie-targow-i-nowosci-od-bhb-bertsch-holzbau\/#breadcrumb"},"inLanguage":"pl-PL","potentialAction":[{"@type":"ReadAction","target":["https:\/\/bertsch-holzbau.eu\/pl\/blog\/branchentag-holz-2025-podsumowanie-targow-i-nowosci-od-bhb-bertsch-holzbau\/"]}]},{"@type":"ImageObject","inLanguage":"pl-PL","@id":"https:\/\/bertsch-holzbau.eu\/pl\/blog\/branchentag-holz-2025-podsumowanie-targow-i-nowosci-od-bhb-bertsch-holzbau\/#primaryimage","url":"https:\/\/bertsch-holzbau.eu\/wp-content\/uploads\/2026\/04\/TYTULOWE-1-2.webp","contentUrl":"https:\/\/bertsch-holzbau.eu\/wp-content\/uploads\/2026\/04\/TYTULOWE-1-2.webp","width":1920,"height":1119},{"@type":"BreadcrumbList","@id":"https:\/\/bertsch-holzbau.eu\/pl\/blog\/branchentag-holz-2025-podsumowanie-targow-i-nowosci-od-bhb-bertsch-holzbau\/#breadcrumb","itemListElement":[{"@type":"ListItem","position":1,"name":"Home","item":"https:\/\/bertsch-holzbau.eu\/pl\/"},{"@type":"ListItem","position":2,"name":"BranchenTag Holz 2025 \u2013 podsumowanie targ\u00f3w i nowo\u015bci od BHB Bertsch HolzBau"}]},{"@type":"WebSite","@id":"https:\/\/bertsch-holzbau.eu\/pl\/#website","url":"https:\/\/bertsch-holzbau.eu\/pl\/","name":"BHB Bertsch Holzbau","description":"","publisher":{"@id":"https:\/\/bertsch-holzbau.eu\/pl\/#organization"},"potentialAction":[{"@type":"SearchAction","target":{"@type":"EntryPoint","urlTemplate":"https:\/\/bertsch-holzbau.eu\/pl\/?s={search_term_string}"},"query-input":{"@type":"PropertyValueSpecification","valueRequired":true,"valueName":"search_term_string"}}],"inLanguage":"pl-PL"},[],{"@type":"Person","@id":"https:\/\/bertsch-holzbau.eu\/pl\/#\/schema\/person\/4d07e01b7bb73487a8592fbd925811e5","name":"l.bertsch","image":{"@type":"ImageObject","inLanguage":"pl-PL","@id":"https:\/\/bertsch-holzbau.eu\/wp-content\/litespeed\/avatar\/c7f290e24cac9aea0132e49c7d4d4a45.jpg?ver=1788160651","url":"https:\/\/bertsch-holzbau.eu\/wp-content\/litespeed\/avatar\/c7f290e24cac9aea0132e49c7d4d4a45.jpg?ver=1788160651","contentUrl":"https:\/\/bertsch-holzbau.eu\/wp-content\/litespeed\/avatar\/c7f290e24cac9aea0132e49c7d4d4a45.jpg?ver=1788160651","caption":"l.bertsch"},"url":"https:\/\/bertsch-holzbau.eu\/pl\/blog\/author\/l-bertsch\/"}]}},"_links":{"self":[{"href":"https:\/\/bertsch-holzbau.eu\/pl\/wp-json\/wp\/v2\/posts\/116031","targetHints":{"allow":["GET"]}}],"collection":[{"href":"https:\/\/bertsch-holzbau.eu\/pl\/wp-json\/wp\/v2\/posts"}],"about":[{"href":"https:\/\/bertsch-holzbau.eu\/pl\/wp-json\/wp\/v2\/types\/post"}],"author":[{"embeddable":true,"href":"https:\/\/bertsch-holzbau.eu\/pl\/wp-json\/wp\/v2\/users\/4"}],"replies":[{"embeddable":true,"href":"https:\/\/bertsch-holzbau.eu\/pl\/wp-json\/wp\/v2\/comments?post=116031"}],"version-history":[{"count":1,"href":"https:\/\/bertsch-holzbau.eu\/pl\/wp-json\/wp\/v2\/posts\/116031\/revisions"}],"predecessor-version":[{"id":116033,"href":"https:\/\/bertsch-holzbau.eu\/pl\/wp-json\/wp\/v2\/posts\/116031\/revisions\/116033"}],"wp:featuredmedia":[{"embeddable":true,"href":"https:\/\/bertsch-holzbau.eu\/pl\/wp-json\/wp\/v2\/media\/115978"}],"wp:attachment":[{"href":"https:\/\/bertsch-holzbau.eu\/pl\/wp-json\/wp\/v2\/media?parent=116031"}],"wp:term":[{"taxonomy":"category","embeddable":true,"href":"https:\/\/bertsch-holzbau.eu\/pl\/wp-json\/wp\/v2\/categories?post=116031"},{"taxonomy":"post_tag","embeddable":true,"href":"https:\/\/bertsch-holzbau.eu\/pl\/wp-json\/wp\/v2\/tags?post=116031"}],"curies":[{"name":"wp","href":"https:\/\/api.w.org\/{rel}","templated":true}]}}