{"id":97408,"date":"2025-04-30T19:25:12","date_gmt":"2025-04-30T17:25:12","guid":{"rendered":"https:\/\/bertsch-holzbau.eu\/blog\/how-to-choose-best-metal-sheds\/"},"modified":"2026-02-20T08:56:25","modified_gmt":"2026-02-20T07:56:25","slug":"hogyan-valasszuk-ki-a-legjobb-fem-feszer","status":"publish","type":"post","link":"https:\/\/bertsch-holzbau.eu\/hu\/blog\/hogyan-valasszuk-ki-a-legjobb-fem-feszer\/","title":{"rendered":"Hogyan v\u00e1lasszuk ki a kert\u00fcnkh\u00f6z legmegfelel\u0151bb f\u00e9m szersz\u00e1mos kamr\u00e1t?"},"content":{"rendered":"\n<p class=\"wp-block-paragraph\">A f\u00e9m szersz\u00e1moskamra az egyik legpraktikusabb megold\u00e1s, amit kertj\u00e9be bevezethet. Tart\u00f3s, id\u0151j\u00e1r\u00e1s\u00e1ll\u00f3 \u00e9s rendk\u00edv\u00fcl k\u00f6nnyen karbantarthat\u00f3, \u00edgy t\u00f6k\u00e9letes szersz\u00e1mok t\u00e1rol\u00e1s\u00e1ra, mini m\u0171hely kialak\u00edt\u00e1s\u00e1ra, ker\u00e9kp\u00e1rt\u00e1rol\u00f3k\u00e9nt vagy f\u00e1skamrak\u00e9nt. De hogyan v\u00e1lasszon olyan modellt, amely val\u00f3ban minden elv\u00e1r\u00e1s\u00e1nak megfelel? Tekintse meg javaslatainkat.<\/p>\n\n\n\n<h2 class=\"wp-block-heading\">Hat\u00e1rozza meg ig\u00e9nyeit \u2013 mire fogja haszn\u00e1lni a f\u00e9szer?<\/h2>\n\n\n\n<p class=\"wp-block-paragraph\">Miel\u0151tt elkezden\u00e9 b\u00f6ng\u00e9szni a katal\u00f3gusokat, \u00f6sszehasonl\u00edtani a sz\u00edneket \u00e9s a \u201ekos\u00e1rba\u201d gombra kattintani, \u00e9rdemes egy pillanatra meg\u00e1llni, \u00e9s feltenni mag\u00e1nak n\u00e9h\u00e1ny fontos k\u00e9rd\u00e9st. A t\u00f6k\u00e9letes f\u00e9m kerti f\u00e9szer kiv\u00e1laszt\u00e1sa \u00d6nnel \u00e9s kertj\u00e9vel kezd\u0151dik:<\/p>\n\n\n\n<div class=\"wp-block-columns is-layout-flex wp-container-core-columns-is-layout-8f761849 wp-block-columns-is-layout-flex\">\n<div class=\"wp-block-column is-vertically-aligned-center is-layout-flow wp-block-column-is-layout-flow\">\n<ul class=\"wp-block-list\">\n<li><strong>Csak kerti szersz\u00e1mok t\u00e1rol\u00e1s\u00e1ra van sz\u00fcks\u00e9ge?<\/strong>\u00a0Ha igen, akkor elegend\u0151 egy kompakt modell, alappolccal \u00e9s kis helyis\u00e9ggel az \u00e1ll\u00f3 szersz\u00e1mok t\u00e1rol\u00e1s\u00e1ra.<\/li>\n\n\n\n<li><strong>Ker\u00e9kp\u00e1rokat, kerti b\u00fatorokat vagy f\u0171ny\u00edr\u00f3t is t\u00e1rolnia kell?<\/strong>\u00a0Ebben az esetben v\u00e1lasszon egy nagyobb modellt, dupla ajt\u00f3kkal, bet\u00f6r\u00e9sg\u00e1tl\u00f3val \u00e9s j\u00f3 szell\u0151z\u00e9ssel.<\/li>\n\n\n\n<li><strong>A f\u00e9szernek tov\u00e1bbi funkci\u00f3t is kell bet\u00f6ltenie, p\u00e9ld\u00e1ul mini m\u0171helyk\u00e9nt, f\u00e1skamrak\u00e9nt vagy szezon\u00e1lis t\u00e1rgyak t\u00e1rol\u00e1s\u00e1ra?<\/strong>\u00a0Ha igen, akkor \u00e9rdemes modul\u00e1ris modelleket vagy b\u0151v\u00edthet\u0151 modelleket v\u00e1lasztani.<\/li>\n\n\n\n<li><strong>Milyen nagy a kertje, \u00e9s mennyi helyet tud a f\u00e9szernek sz\u00e1nni?<\/strong>\u00a0Ne felejtse el legal\u00e1bb 30-50 cm szabad helyet hagyni a f\u00e9szer k\u00f6r\u00fcl a bej\u00e1r\u00e1shoz, az ereszcsatorna felszerel\u00e9s\u00e9hez vagy a m\u00f6g\u00f6tte l\u00e9v\u0151 ker\u00edt\u00e9s fest\u00e9s\u00e9hez.<\/li>\n<\/ul>\n<\/div>\n\n\n\n<div class=\"wp-block-column is-vertically-aligned-center is-layout-flow wp-block-column-is-layout-flow\">\n<figure class=\"wp-block-image size-large\"><img loading=\"lazy\" decoding=\"async\" width=\"576\" height=\"1024\" src=\"https:\/\/bertsch-holzbau.eu\/wp-content\/uploads\/2025\/04\/2021_1-576x1024.webp\" alt=\"\" class=\"wp-image-97002\" srcset=\"https:\/\/bertsch-holzbau.eu\/wp-content\/uploads\/2025\/04\/2021_1-576x1024.webp 576w, https:\/\/bertsch-holzbau.eu\/wp-content\/uploads\/2025\/04\/2021_1-169x300.webp 169w, https:\/\/bertsch-holzbau.eu\/wp-content\/uploads\/2025\/04\/2021_1-768x1365.webp 768w, https:\/\/bertsch-holzbau.eu\/wp-content\/uploads\/2025\/04\/2021_1-864x1536.webp 864w, https:\/\/bertsch-holzbau.eu\/wp-content\/uploads\/2025\/04\/2021_1-400x711.webp 400w, https:\/\/bertsch-holzbau.eu\/wp-content\/uploads\/2025\/04\/2021_1-600x1067.webp 600w, https:\/\/bertsch-holzbau.eu\/wp-content\/uploads\/2025\/04\/2021_1-800x1422.webp 800w, https:\/\/bertsch-holzbau.eu\/wp-content\/uploads\/2025\/04\/2021_1.webp 1080w\" sizes=\"auto, (max-width: 576px) 100vw, 576px\" \/><\/figure>\n<\/div>\n<\/div>\n\n\n\n<h3 class=\"wp-block-heading\">A f\u00e9m szersz\u00e1moskamra kiv\u00e1laszt\u00e1sakor elk\u00f6vetett leggyakoribb hib\u00e1k<\/h3>\n\n\n\n<p class=\"wp-block-paragraph\">A&nbsp;<a href=\"https:\/\/bertsch-holzbau.eu\/hu\/fabol-keszult-szerszamoskamrak\/\">kerti f\u00e9szer<\/a>&nbsp;kiv\u00e1laszt\u00e1sa j\u00f3l \u00e1tgondolt d\u00f6nt\u00e9snek kell lennie \u2013 a meggondolatlan d\u00f6nt\u00e9s gyakran frusztr\u00e1ci\u00f3val, \u00e1talak\u00edt\u00e1s sz\u00fcks\u00e9gess\u00e9g\u00e9vel vagy&#8230; egy m\u00e1sodik v\u00e1s\u00e1rl\u00e1ssal v\u00e9gz\u0151dik. \u00cdme a leggyakoribb buktat\u00f3k, amelyeket k\u00f6nnyen elker\u00fclhet:<\/p>\n\n\n\n<p class=\"wp-block-paragraph\"><strong>T\u00fal kicsi:<\/strong><\/p>\n\n\n\n<p class=\"wp-block-paragraph\">Ez az egyik leggyakoribb hiba. A felhaszn\u00e1l\u00f3k gyakran csak a jelenlegi ig\u00e9nyeikre koncentr\u00e1lnak (pl. hely a f\u0171ny\u00edr\u00f3 \u00e9s a gerebly\u00e9k sz\u00e1m\u00e1ra), \u00e9s megfeledkeznek a j\u00f6v\u0151r\u0151l \u2013 t\u00f6bb szersz\u00e1m, tov\u00e1bbi kerti b\u00fatorok, ker\u00e9kp\u00e1rok.<\/p>\n\n\n\n<p class=\"wp-block-paragraph\"><strong>BHB tipp<\/strong>: mindig v\u00e1lasszon legal\u00e1bb 20%-kal nagyobb modellt, mint amire sz\u00fcks\u00e9ge van \u2013 a plusz hely hamar hasznos lesz.<\/p>\n\n\n\n<p class=\"wp-block-paragraph\"><strong>Nem megfelel\u0151 szell\u0151z\u00e9s:<\/strong><\/p>\n\n\n\n<p class=\"wp-block-paragraph\">A f\u00e9m szerkezetek ny\u00e1ron felmelegedhetnek, t\u00e9len pedig p\u00e1ralecsap\u00f3d\u00e1s l\u00e9phet fel. A szell\u0151z\u00e9s hi\u00e1nya el\u0151seg\u00edti a korr\u00f3zi\u00f3t \u00e9s a kellemetlen szagok kialakul\u00e1s\u00e1t.<\/p>\n\n\n\n<p class=\"wp-block-paragraph\"><strong>BHB tipp:<\/strong>&nbsp;A MAFAL modellek be\u00e9p\u00edtett szell\u0151z\u0151rendszerrel rendelkeznek \u2013 nincs sz\u00fcks\u00e9g tov\u00e1bbi beavatkoz\u00e1sra.<\/p>\n\n\n\n<p class=\"wp-block-paragraph\"><strong>A kert st\u00edlus\u00e1nak figyelmen k\u00edv\u00fcl hagy\u00e1sa:<\/strong><\/p>\n\n\n\n<p class=\"wp-block-paragraph\">A f\u00e9szernek nemcsak funkcion\u00e1lisnak kell lennie, hanem illeszkednie kell a kert st\u00edlus\u00e1hoz is. Egy \u00e9l\u00e9nk sz\u00edn\u0171 f\u00e9m f\u00e9szer \u00fctk\u00f6zhet a rusztikus k\u00f6rnyezetben, m\u00edg egy klasszikus fa f\u00e9szer nem illik egy modern h\u00e1zhoz. Olvassa el cikk\u00fcnket \u201e<a href=\"https:\/\/bertsch-holzbau.eu\/hu\/blog\/pomysly-kolor-domku-ogrodowego\/\">\u00d6tletek kerti f\u00e9szer sz\u00ednekhez<\/a>\u201d.<\/p>\n\n\n\n<p class=\"wp-block-paragraph\"><strong>BHB tipp<\/strong>: A MAFAL RAL sz\u00edneket \u00e9s fa hat\u00e1s\u00fa fel\u00fcleteket is k\u00edn\u00e1l, hogy k\u00f6nnyen illeszkedjen a kert st\u00edlus\u00e1hoz \u00e9s vonz\u00f3 megjelen\u00e9st biztos\u00edtson.<\/p>\n\n\n\n<p class=\"wp-block-paragraph\"><strong>El\u0151re nem el\u0151k\u00e9sz\u00edtett talaj:<\/strong><\/p>\n\n\n\n<p class=\"wp-block-paragraph\">M\u00e9g a legjobb f\u00e9szer is elvesz\u00edti tulajdons\u00e1gait, ha egyenetlen, nedves fel\u00fcleten \u00e1ll. Az ajt\u00f3k megg\u00f6rb\u00fclhetnek, szerel\u00e9si probl\u00e9m\u00e1k l\u00e9phetnek fel, \u00e9s a f\u00e9szer belsej\u00e9be nedvess\u00e9g juthat.<\/p>\n\n\n\n<p class=\"wp-block-paragraph\"><strong>BHB tipp<\/strong>: A f\u00e9szer m\u00e9ret\u00e9t\u0151l f\u00fcgg\u0151en \u00e9rdemes s\u00edk burkol\u00f3k\u00f6veket, betonlapot vagy pontalapzatot el\u0151k\u00e9sz\u00edteni.<\/p>\n\n\n\n<h2 class=\"wp-block-heading\">F\u0151bb m\u0171szaki param\u00e9terek \u2013 mi az, ami igaz\u00e1n sz\u00e1m\u00edt?<\/h2>\n\n\n\n<p class=\"wp-block-paragraph\">Els\u0151 r\u00e1n\u00e9z\u00e9sre a legt\u00f6bb f\u00e9mh\u00e1z hasonl\u00f3: egyszer\u0171 szerkezet, f\u00e9mbevonat, ajt\u00f3k, tet\u0151. De ami&nbsp;<strong>tart\u00f3ss\u00e1gukat, biztons\u00e1gukat \u00e9s haszn\u00e1lati k\u00e9nyelm\u00fcket<\/strong>&nbsp;meghat\u00e1rozza, az a r\u00e9szletekben rejlik. \u00cdme h\u00e1rom alapvet\u0151 szempont, amelyet \u00e9rdemes alaposan ellen\u0151rizni v\u00e1s\u00e1rl\u00e1s el\u0151tt:<\/p>\n\n\n\n<p class=\"wp-block-paragraph\"><strong>1. A f\u00e9mlemez vastags\u00e1ga \u00e9s t\u00edpusa<\/strong><\/p>\n\n\n\n<p class=\"wp-block-paragraph\">Ez abszol\u00fat elengedhetetlen, mert a f\u00e9mlemez hat\u00e1rozza meg, hogy mennyi ideig marad s\u00e9rtetlen a f\u00e9szer. A legjobb szerkezetek:<\/p>\n\n\n\n<ul class=\"wp-block-list\">\n<li><strong>legal\u00e1bb 0,5 mm vastag horganyzott ac\u00e9llemezb\u0151l<\/strong>,<\/li>\n\n\n\n<li>amelyet\u00a0<strong>akril bevonattal<\/strong>\u00a0l\u00e1tnak el, amely v\u00e9delmet ny\u00fajt a korr\u00f3zi\u00f3, az UV-sug\u00e1rz\u00e1s \u00e9s a mechanikai s\u00e9r\u00fcl\u00e9sek ellen.<\/li>\n<\/ul>\n\n\n\n<p class=\"wp-block-paragraph\">Ez a bevonat nemcsak n\u00f6veli a tart\u00f3ss\u00e1got, hanem megk\u00f6nny\u00edti a karbantart\u00e1st is \u2013 csak le kell \u00f6bl\u00edteni v\u00edzzel, \u00e9s k\u00e9sz.<\/p>\n\n\n\n<p class=\"wp-block-paragraph\"><strong>Figyelem!&nbsp;<\/strong>Az olcs\u00f3, v\u00e9kony, bevonat n\u00e9lk\u00fcli f\u00e9mlemezb\u0151l k\u00e9sz\u00fclt h\u00e1zak m\u00e1r az els\u0151 t\u00e9l ut\u00e1n rozsd\u00e1sodhatnak.<\/p>\n\n\n\n<p class=\"wp-block-paragraph\"><strong>2. \u00d6sszeszerel\u00e9si rendszer \u2013 ne hagyja figyelmen k\u00edv\u00fcl az utas\u00edt\u00e1sokat<\/strong><\/p>\n\n\n\n<p class=\"wp-block-paragraph\">Egyes h\u00e1zak a katal\u00f3gusban remek\u00fcl n\u00e9znek ki, de a csomagol\u00e1s kinyit\u00e1sa ut\u00e1n kider\u00fcl, hogy az \u00f6sszeszerel\u00e9s\u00fck igazi kih\u00edv\u00e1s. Ez\u00e9rt:<\/p>\n\n\n\n<ul class=\"wp-block-list\">\n<li>v\u00e1lasszon\u00a0<strong>el\u0151re gy\u00e1rtott modelleket<\/strong>, amelyek alkatr\u00e9szei meg vannak jel\u00f6lve \u00e9s az utas\u00edt\u00e1sok egy\u00e9rtelm\u0171ek,<\/li>\n\n\n\n<li>ellen\u0151rizze, hogy a h\u00e1zat saj\u00e1t maga tudja-e \u00f6sszeszerelni, vagy speci\u00e1lis felszerel\u00e9s vagy szakember seg\u00edts\u00e9g\u00e9re van-e sz\u00fcks\u00e9g,<\/li>\n\n\n\n<li>\u00e9rdekl\u0151dj\u00f6n az\u00a0<strong>\u00f6sszeszerel\u00e9si id\u0151r\u0151l<\/strong>\u00a0\u2013 a j\u00f3 szerkezeteket k\u00e9t ember egy nap alatt \u00f6ssze tudja szerelni.<\/li>\n<\/ul>\n\n\n\n<p class=\"wp-block-paragraph\"><strong>\u00c9rdekes t\u00e9ny<\/strong>: a patentos r\u00f6gz\u00edt\u00e9si rendszerrel ell\u00e1tott modellek ak\u00e1r 40%-kal is cs\u00f6kkentik az \u00f6sszeszerel\u00e9si id\u0151t.<\/p>\n\n\n\n<p class=\"wp-block-paragraph\"><strong>3. Biztons\u00e1g \u00e9s szell\u0151z\u00e9s \u2013 k\u00e9nyelem \u00e9s biztons\u00e1g egyben<\/strong><\/p>\n\n\n\n<p class=\"wp-block-paragraph\">A f\u00e9m f\u00e9szernek nemcsak az es\u0151t\u0151l kell megv\u00e9denie, hanem a&nbsp;<strong>tolvajokt\u00f3l, a nedvess\u00e9gt\u0151l \u00e9s a t\u00falmeleged\u00e9st\u0151l<\/strong>&nbsp;is. A j\u00f3l megtervezett modellnek a k\u00f6vetkez\u0151ket kell biztos\u00edtania:<\/p>\n\n\n\n<ul class=\"wp-block-list\">\n<li><strong>szell\u0151z\u0151rendszer<\/strong>, pl. r\u00e1csok a falakon, amelyek\u00a0<a href=\"https:\/\/bertsch-holzbau.eu\/hu\/blog\/hogyan-lehet-megallitani-a-kondenzaciot-es-a-nedvesseget-a-feszerben\/\">megakad\u00e1lyozz\u00e1k a p\u00e1ralecsap\u00f3d\u00e1st<\/a>\u00a0\u00e9s biztos\u00edtj\u00e1k a leveg\u0151 \u00e1raml\u00e1s\u00e1t,<\/li>\n\n\n\n<li><strong>z\u00e1rhat\u00f3s\u00e1got<\/strong>,<\/li>\n\n\n\n<li><strong>tet\u0151- \u00e9s ajt\u00f3szigetel\u00e9st<\/strong>, amely megv\u00e9di a bels\u0151 teret a sziv\u00e1rg\u00e1st\u00f3l \u00e9s a port\u00f3l.<\/li>\n<\/ul>\n\n\n\n<div class=\"wp-block-group green-box\"><div class=\"wp-block-group__inner-container is-layout-constrained wp-block-group-is-layout-constrained\">\n<h3 class=\"wp-block-heading\">Mire kell m\u00e9g figyelni?<\/h3>\n\n\n\n<p class=\"wp-block-paragraph\">Az alapvet\u0151 m\u0171szaki param\u00e9tereken k\u00edv\u00fcl \u00e9rdemes figyelni n\u00e9h\u00e1ny gyakorlati szempontra is, amelyeket v\u00e1s\u00e1rl\u00e1skor gyakran figyelmen k\u00edv\u00fcl hagynak:<\/p>\n<\/div><\/div>\n\n\n\n<p class=\"wp-block-paragraph\"><br>1.&nbsp;<strong>Alapoz\u00e1s<\/strong><\/p>\n\n\n\n<p class=\"wp-block-paragraph\">A tart\u00f3ss\u00e1ghoz stabil alap sz\u00fcks\u00e9ges. A f\u00e9szernek burkolt talajra, betonlapra vagy pontalapra kell \u00e1llnia. Ez nem csak biztons\u00e1gi k\u00e9rd\u00e9s, hanem a szerkezet nedvess\u00e9gt\u0151l \u00e9s s\u00fcllyed\u00e9st\u0151l val\u00f3 v\u00e9delm\u00e9t is szolg\u00e1lja. Olvassa el cikk\u00fcnket \u201e<a href=\"https:\/\/bertsch-holzbau.eu\/hu\/blog\/fundament-dla-domku-ogrodowego\/\">Kerthelyis\u00e9gek alapoz\u00e1s\u00e1nak leggyakoribb t\u00edpusai<\/a>\u201d.<\/p>\n\n\n\n<p class=\"wp-block-paragraph\">2.&nbsp;<strong>Bels\u0151 t\u00e9rhez val\u00f3 hozz\u00e1f\u00e9r\u00e9s<\/strong><\/p>\n\n\n\n<p class=\"wp-block-paragraph\">Gondolja \u00e1t, milyen gyakran \u00e9s hogyan fogja haszn\u00e1lni a f\u00e9szer:<\/p>\n\n\n\n<ul class=\"wp-block-list\">\n<li>a tol\u00f3ajt\u00f3k ide\u00e1lisak kis kertekbe,<\/li>\n\n\n\n<li>m\u00edg a hagyom\u00e1nyos leng\u0151ajt\u00f3k t\u00f6bb f\u00e9nyt engednek be a bej\u00e1ratn\u00e1l.<\/li>\n<\/ul>\n\n\n\n<p class=\"wp-block-paragraph\">Gy\u0151z\u0151dj\u00f6n meg arr\u00f3l is, hogy a bej\u00e1rat el\u00e9g sz\u00e9les ahhoz, hogy nagyobb t\u00e1rgyakat, p\u00e9ld\u00e1ul f\u0171ny\u00edr\u00f3t, grillez\u0151t vagy ker\u00e9kp\u00e1rt is k\u00f6nnyed\u00e9n be lehessen vinni.<\/p>\n\n\n\n<p class=\"wp-block-paragraph\"><strong>3. Garanci\u00e1lis felt\u00e9telek<\/strong><\/p>\n\n\n\n<p class=\"wp-block-paragraph\">Ellen\u0151rizze, hogy a gy\u00e1rt\u00f3 h\u00e1ny \u00e9v garanci\u00e1t v\u00e1llal \u2013 nemcsak a szerkezetre, hanem a k\u00f6vetkez\u0151kre is:<\/p>\n\n\n\n<ul class=\"wp-block-list\">\n<li>k\u00fcls\u0151 bevonat,<\/li>\n\n\n\n<li>ajt\u00f3k, z\u00e1rak \u00e9s zsan\u00e9rok.<\/li>\n<\/ul>\n\n\n\n<p class=\"wp-block-paragraph\">A j\u00f3 m\u00e1rk\u00e1k, mint p\u00e9ld\u00e1ul a&nbsp;<strong>MAFAL<\/strong>, hosszabb garanci\u00e1lis id\u0151t v\u00e1llalnak, ami tan\u00faskodik az \u00e1ltaluk haszn\u00e1lt anyagok min\u0151s\u00e9g\u00e9r\u0151l.<\/p>\n\n\n\n<h2 class=\"wp-block-heading\">BHB f\u00e9m f\u00e9szer \u2013 l\u00e1that\u00f3 min\u0151s\u00e9g<\/h2>\n\n\n\n<p class=\"wp-block-paragraph\">Ha fontos \u00d6nnek a tart\u00f3ss\u00e1g, a modern design \u00e9s a kompromisszumok n\u00e9lk\u00fcli funkcionalit\u00e1s, fedezze fel a&nbsp;<strong>MAFAL<\/strong>m\u00e1rk\u00e1t, amelyet a&nbsp;<strong>Bertsch Holzbau<\/strong>&nbsp;hozott l\u00e9tre a kort\u00e1rs kertek \u00e9s felhaszn\u00e1l\u00f3k ig\u00e9nyeinek kiel\u00e9g\u00edt\u00e9s\u00e9re. Ez t\u00f6bb, mint egy egyszer\u0171 f\u00e9m f\u00e9szer \u2013 ez egy \u00e1tgondolt megold\u00e1s, amely alkalmazkodik az \u00d6n \u00e9letst\u00edlus\u00e1hoz.<\/p>\n\n\n\n<p class=\"wp-block-paragraph\">A MAFAL term\u00e9kcsal\u00e1d tartalmaz:<\/p>\n\n\n\n<ul class=\"wp-block-list\">\n<li><strong>szersz\u00e1mos f\u00e9szer<\/strong>\u00a0sz\u00e1mos m\u00e9retben \u2013 a kompaktakt\u00f3l a nagy m\u00e9ret\u0171ekig,<\/li>\n\n\n\n<li><strong>v\u00e1ltozatok f\u00e1skamr\u00e1val<\/strong>\u00a0vagy k\u00fcls\u0151 t\u00e1rol\u00f3rekesszel \u2013 a hely jobb kihaszn\u00e1l\u00e1sa \u00e9rdek\u00e9ben,<\/li>\n\n\n\n<li><strong>modern fel\u00fcletek<\/strong>\u00a0\u2013 term\u00e9szetes fa hat\u00e1s\u00fa sz\u00ednek (arany t\u00f6lgy, Winchester, mahag\u00f3ni, di\u00f3) \u00e9s eleg\u00e1ns RAL \u00e1rnyalatok (7016, 9005, 7024 \u00e9s m\u00e1sok),<\/li>\n\n\n\n<li><strong>0,5 mm vastag ac\u00e9llemez<\/strong>, horganyzott \u00e9s bevonatos \u2013 id\u0151j\u00e1r\u00e1s\u00e1ll\u00f3,<\/li>\n\n\n\n<li><strong>PVC ablakok<\/strong>\u00a0\u2013 klasszikus vagy t\u00fckr\u00f6s \u00fcveggel, amelyek f\u00e9nyt \u00e9s mag\u00e1nszf\u00e9r\u00e1t biztos\u00edtanak,<\/li>\n\n\n\n<li><strong>kieg\u00e9sz\u00edt\u0151k<\/strong>, amelyek rendezett teret var\u00e1zsolnak a kertj\u00e9be: szemetes fedelek, ker\u00e9kp\u00e1rt\u00e1rol\u00f3k, szemetes fedelek, f\u00e9m t\u00e1rol\u00f3egys\u00e9gek.<\/li>\n<\/ul>\n\n\n\n<p class=\"wp-block-paragraph\">Mi teszi a MAFAL term\u00e9keket k\u00fcl\u00f6nlegess\u00e9? A teljes rugalmass\u00e1g \u2013 az ajt\u00f3k \u00e9s ablakok elrendez\u00e9s\u00e9t\u0151l a sz\u00ednv\u00e1laszt\u00e1son \u00e1t a tet\u0151 t\u00edpus\u00e1ig. V\u00e1laszthat k\u00e9sz k\u00e9szletet \u00f6nszerel\u00e9shez, vagy ig\u00e9nybe veheti a teljes telep\u00edt\u00e9si szolg\u00e1ltat\u00e1st, amely mag\u00e1ban foglalja a sz\u00e1ll\u00edt\u00e1st \u00e9s az \u00f6sszeszerel\u00e9st az \u00d6n kertj\u00e9ben.<\/p>\n\n\n\n<p class=\"wp-block-paragraph\"><a href=\"https:\/\/bertsch-holzbau.eu\/hu\/mafal\/\">A MAFAL \u00f6tv\u00f6zi a precizit\u00e1st, az eszt\u00e9tik\u00e1t \u00e9s a praktikus megold\u00e1sokat.<\/a>&nbsp;Ezek a h\u00e1zak nemcsak j\u00f3l n\u00e9znek ki, hanem az \u00e9vek sor\u00e1n is bizony\u00edtj\u00e1k \u00e9rt\u00e9k\u00fcket \u2013 karbantart\u00e1s n\u00e9lk\u00fcl \u00e9s kompromisszumok n\u00e9lk\u00fcl.<\/p>\n\n\n\n<figure class=\"wp-block-gallery has-nested-images columns-default is-cropped wp-block-gallery-1 is-layout-flex wp-block-gallery-is-layout-flex\">\n<figure class=\"wp-block-image size-large\"><img loading=\"lazy\" decoding=\"async\" width=\"1024\" height=\"768\" data-id=\"96706\" src=\"https:\/\/bertsch-holzbau.eu\/wp-content\/uploads\/2025\/04\/2018_1-1024x768.webp\" alt=\"\" class=\"wp-image-96706\" srcset=\"https:\/\/bertsch-holzbau.eu\/wp-content\/uploads\/2025\/04\/2018_1-1024x768.webp 1024w, https:\/\/bertsch-holzbau.eu\/wp-content\/uploads\/2025\/04\/2018_1-300x225.webp 300w, https:\/\/bertsch-holzbau.eu\/wp-content\/uploads\/2025\/04\/2018_1-768x576.webp 768w, https:\/\/bertsch-holzbau.eu\/wp-content\/uploads\/2025\/04\/2018_1-1536x1152.webp 1536w, https:\/\/bertsch-holzbau.eu\/wp-content\/uploads\/2025\/04\/2018_1-400x300.webp 400w, https:\/\/bertsch-holzbau.eu\/wp-content\/uploads\/2025\/04\/2018_1-600x450.webp 600w, https:\/\/bertsch-holzbau.eu\/wp-content\/uploads\/2025\/04\/2018_1-800x600.webp 800w, https:\/\/bertsch-holzbau.eu\/wp-content\/uploads\/2025\/04\/2018_1-1200x900.webp 1200w, https:\/\/bertsch-holzbau.eu\/wp-content\/uploads\/2025\/04\/2018_1.webp 1920w\" sizes=\"auto, (max-width: 1024px) 100vw, 1024px\" \/><\/figure>\n\n\n\n<figure class=\"wp-block-image size-large\"><img loading=\"lazy\" decoding=\"async\" width=\"768\" height=\"1024\" data-id=\"97134\" src=\"https:\/\/bertsch-holzbau.eu\/wp-content\/uploads\/2025\/04\/2022_1-768x1024.webp\" alt=\"\" class=\"wp-image-97134\" srcset=\"https:\/\/bertsch-holzbau.eu\/wp-content\/uploads\/2025\/04\/2022_1-768x1024.webp 768w, https:\/\/bertsch-holzbau.eu\/wp-content\/uploads\/2025\/04\/2022_1-225x300.webp 225w, https:\/\/bertsch-holzbau.eu\/wp-content\/uploads\/2025\/04\/2022_1-1152x1536.webp 1152w, https:\/\/bertsch-holzbau.eu\/wp-content\/uploads\/2025\/04\/2022_1-400x533.webp 400w, https:\/\/bertsch-holzbau.eu\/wp-content\/uploads\/2025\/04\/2022_1-600x800.webp 600w, https:\/\/bertsch-holzbau.eu\/wp-content\/uploads\/2025\/04\/2022_1-800x1067.webp 800w, https:\/\/bertsch-holzbau.eu\/wp-content\/uploads\/2025\/04\/2022_1-1200x1600.webp 1200w, https:\/\/bertsch-holzbau.eu\/wp-content\/uploads\/2025\/04\/2022_1.webp 1440w\" sizes=\"auto, (max-width: 768px) 100vw, 768px\" \/><\/figure>\n\n\n\n<figure class=\"wp-block-image size-large\"><img loading=\"lazy\" decoding=\"async\" width=\"768\" height=\"1024\" data-id=\"96804\" src=\"https:\/\/bertsch-holzbau.eu\/wp-content\/uploads\/2025\/04\/2019_5-768x1024.webp\" alt=\"\" class=\"wp-image-96804\" srcset=\"https:\/\/bertsch-holzbau.eu\/wp-content\/uploads\/2025\/04\/2019_5-768x1024.webp 768w, https:\/\/bertsch-holzbau.eu\/wp-content\/uploads\/2025\/04\/2019_5-225x300.webp 225w, https:\/\/bertsch-holzbau.eu\/wp-content\/uploads\/2025\/04\/2019_5-1152x1536.webp 1152w, https:\/\/bertsch-holzbau.eu\/wp-content\/uploads\/2025\/04\/2019_5-400x533.webp 400w, https:\/\/bertsch-holzbau.eu\/wp-content\/uploads\/2025\/04\/2019_5-600x800.webp 600w, https:\/\/bertsch-holzbau.eu\/wp-content\/uploads\/2025\/04\/2019_5-800x1067.webp 800w, https:\/\/bertsch-holzbau.eu\/wp-content\/uploads\/2025\/04\/2019_5-1200x1600.webp 1200w, https:\/\/bertsch-holzbau.eu\/wp-content\/uploads\/2025\/04\/2019_5.webp 1440w\" sizes=\"auto, (max-width: 768px) 100vw, 768px\" \/><\/figure>\n<\/figure>\n\n\n\n<p class=\"wp-block-paragraph\"><br><\/p>\n","protected":false},"excerpt":{"rendered":"<p>A f\u00e9m szersz\u00e1moskamra az egyik legpraktikusabb megold\u00e1s, amit kertj\u00e9be bevezethet. Tart\u00f3s, id\u0151j\u00e1r\u00e1s\u00e1ll\u00f3 \u00e9s rendk\u00edv\u00fcl k\u00f6nnyen karbantarthat\u00f3, \u00edgy t\u00f6k\u00e9letes szersz\u00e1mok t\u00e1rol\u00e1s\u00e1ra, mini m\u0171hely kialak\u00edt\u00e1s\u00e1ra, ker\u00e9kp\u00e1rt\u00e1rol\u00f3k\u00e9nt vagy f\u00e1skamrak\u00e9nt. De hogyan v\u00e1lasszon olyan modellt, amely val\u00f3ban minden elv\u00e1r\u00e1s\u00e1nak megfelel? Tekintse meg javaslatainkat. Hat\u00e1rozza meg ig\u00e9nyeit \u2013 mire fogja haszn\u00e1lni a f\u00e9szer? Miel\u0151tt elkezden\u00e9 b\u00f6ng\u00e9szni a katal\u00f3gusokat, \u00f6sszehasonl\u00edtani a [&hellip;]<\/p>\n","protected":false},"author":4,"featured_media":97374,"comment_status":"open","ping_status":"open","sticky":false,"template":"","format":"standard","meta":{"_acf_changed":false,"footnotes":""},"categories":[609],"tags":[],"class_list":["post-97408","post","type-post","status-publish","format-standard","has-post-thumbnail","hentry","category-otletek"],"acf":[],"yoast_head":"<!-- This site is optimized with the Yoast SEO plugin v27.8 - https:\/\/yoast.com\/product\/yoast-seo-wordpress\/ -->\n<title>Hogyan v\u00e1lasszuk ki a kert\u00fcnkh\u00f6z legmegfelel\u0151bb f\u00e9m szersz\u00e1mos kamr\u00e1t? - BHB Bertsch Holzbau<\/title>\n<meta name=\"robots\" content=\"index, follow, max-snippet:-1, max-image-preview:large, max-video-preview:-1\" \/>\n<meta property=\"og:locale\" content=\"hu_HU\" \/>\n<meta property=\"og:type\" content=\"article\" \/>\n<meta property=\"og:title\" content=\"Hogyan v\u00e1lasszuk ki a kert\u00fcnkh\u00f6z legmegfelel\u0151bb f\u00e9m szersz\u00e1mos kamr\u00e1t? - BHB Bertsch Holzbau\" \/>\n<meta property=\"og:description\" content=\"A f\u00e9m szersz\u00e1moskamra az egyik legpraktikusabb megold\u00e1s, amit kertj\u00e9be bevezethet. Tart\u00f3s, id\u0151j\u00e1r\u00e1s\u00e1ll\u00f3 \u00e9s rendk\u00edv\u00fcl k\u00f6nnyen karbantarthat\u00f3, \u00edgy t\u00f6k\u00e9letes szersz\u00e1mok t\u00e1rol\u00e1s\u00e1ra, mini m\u0171hely kialak\u00edt\u00e1s\u00e1ra, ker\u00e9kp\u00e1rt\u00e1rol\u00f3k\u00e9nt vagy f\u00e1skamrak\u00e9nt. De hogyan v\u00e1lasszon olyan modellt, amely val\u00f3ban minden elv\u00e1r\u00e1s\u00e1nak megfelel? Tekintse meg javaslatainkat. Hat\u00e1rozza meg ig\u00e9nyeit \u2013 mire fogja haszn\u00e1lni a f\u00e9szer? Miel\u0151tt elkezden\u00e9 b\u00f6ng\u00e9szni a katal\u00f3gusokat, \u00f6sszehasonl\u00edtani a [&hellip;]\" \/>\n<meta property=\"og:url\" content=\"https:\/\/bertsch-holzbau.eu\/hu\/blog\/hogyan-valasszuk-ki-a-legjobb-fem-feszer\/\" \/>\n<meta property=\"og:site_name\" content=\"BHB Bertsch Holzbau\" \/>\n<meta property=\"article:publisher\" content=\"https:\/\/www.facebook.com\/bertschholzbau\/\" \/>\n<meta property=\"article:published_time\" content=\"2025-04-30T17:25:12+00:00\" \/>\n<meta property=\"article:modified_time\" content=\"2026-02-20T07:56:25+00:00\" \/>\n<meta property=\"og:image\" content=\"https:\/\/bertsch-holzbau.eu\/wp-content\/uploads\/2025\/05\/metalowy-domek.jpg\" \/>\n\t<meta property=\"og:image:width\" content=\"1200\" \/>\n\t<meta property=\"og:image:height\" content=\"900\" \/>\n\t<meta property=\"og:image:type\" content=\"image\/jpeg\" \/>\n<meta name=\"author\" content=\"l.bertsch\" \/>\n<meta name=\"twitter:card\" content=\"summary_large_image\" \/>\n<meta name=\"twitter:label1\" content=\"Szerz\u0151:\" \/>\n\t<meta name=\"twitter:data1\" content=\"l.bertsch\" \/>\n\t<meta name=\"twitter:label2\" content=\"Becs\u00fclt olvas\u00e1si id\u0151\" \/>\n\t<meta name=\"twitter:data2\" content=\"6 perc\" \/>\n<script type=\"application\/ld+json\" class=\"yoast-schema-graph\">{\"@context\":\"https:\\\/\\\/schema.org\",\"@graph\":[{\"@type\":\"Article\",\"@id\":\"https:\\\/\\\/bertsch-holzbau.eu\\\/hu\\\/blog\\\/hogyan-valasszuk-ki-a-legjobb-fem-feszer\\\/#article\",\"isPartOf\":{\"@id\":\"https:\\\/\\\/bertsch-holzbau.eu\\\/hu\\\/blog\\\/hogyan-valasszuk-ki-a-legjobb-fem-feszer\\\/\"},\"author\":{\"name\":\"l.bertsch\",\"@id\":\"https:\\\/\\\/bertsch-holzbau.eu\\\/hu\\\/#\\\/schema\\\/person\\\/4d07e01b7bb73487a8592fbd925811e5\"},\"headline\":\"Hogyan v\u00e1lasszuk ki a kert\u00fcnkh\u00f6z legmegfelel\u0151bb f\u00e9m szersz\u00e1mos kamr\u00e1t?\",\"datePublished\":\"2025-04-30T17:25:12+00:00\",\"dateModified\":\"2026-02-20T07:56:25+00:00\",\"mainEntityOfPage\":{\"@id\":\"https:\\\/\\\/bertsch-holzbau.eu\\\/hu\\\/blog\\\/hogyan-valasszuk-ki-a-legjobb-fem-feszer\\\/\"},\"wordCount\":1701,\"commentCount\":0,\"publisher\":{\"@id\":\"https:\\\/\\\/bertsch-holzbau.eu\\\/hu\\\/#organization\"},\"image\":{\"@id\":\"https:\\\/\\\/bertsch-holzbau.eu\\\/hu\\\/blog\\\/hogyan-valasszuk-ki-a-legjobb-fem-feszer\\\/#primaryimage\"},\"thumbnailUrl\":\"https:\\\/\\\/bertsch-holzbau.eu\\\/wp-content\\\/uploads\\\/2025\\\/05\\\/metalowy-domek.jpg\",\"articleSection\":[\"\u00d6tletek\"],\"inLanguage\":\"hu\",\"potentialAction\":[{\"@type\":\"CommentAction\",\"name\":\"Comment\",\"target\":[\"https:\\\/\\\/bertsch-holzbau.eu\\\/hu\\\/blog\\\/hogyan-valasszuk-ki-a-legjobb-fem-feszer\\\/#respond\"]}]},{\"@type\":\"WebPage\",\"@id\":\"https:\\\/\\\/bertsch-holzbau.eu\\\/hu\\\/blog\\\/hogyan-valasszuk-ki-a-legjobb-fem-feszer\\\/\",\"url\":\"https:\\\/\\\/bertsch-holzbau.eu\\\/hu\\\/blog\\\/hogyan-valasszuk-ki-a-legjobb-fem-feszer\\\/\",\"name\":\"Hogyan v\u00e1lasszuk ki a kert\u00fcnkh\u00f6z legmegfelel\u0151bb f\u00e9m szersz\u00e1mos kamr\u00e1t? - BHB Bertsch Holzbau\",\"isPartOf\":{\"@id\":\"https:\\\/\\\/bertsch-holzbau.eu\\\/hu\\\/#website\"},\"primaryImageOfPage\":{\"@id\":\"https:\\\/\\\/bertsch-holzbau.eu\\\/hu\\\/blog\\\/hogyan-valasszuk-ki-a-legjobb-fem-feszer\\\/#primaryimage\"},\"image\":{\"@id\":\"https:\\\/\\\/bertsch-holzbau.eu\\\/hu\\\/blog\\\/hogyan-valasszuk-ki-a-legjobb-fem-feszer\\\/#primaryimage\"},\"thumbnailUrl\":\"https:\\\/\\\/bertsch-holzbau.eu\\\/wp-content\\\/uploads\\\/2025\\\/05\\\/metalowy-domek.jpg\",\"datePublished\":\"2025-04-30T17:25:12+00:00\",\"dateModified\":\"2026-02-20T07:56:25+00:00\",\"breadcrumb\":{\"@id\":\"https:\\\/\\\/bertsch-holzbau.eu\\\/hu\\\/blog\\\/hogyan-valasszuk-ki-a-legjobb-fem-feszer\\\/#breadcrumb\"},\"inLanguage\":\"hu\",\"potentialAction\":[{\"@type\":\"ReadAction\",\"target\":[\"https:\\\/\\\/bertsch-holzbau.eu\\\/hu\\\/blog\\\/hogyan-valasszuk-ki-a-legjobb-fem-feszer\\\/\"]}]},{\"@type\":\"ImageObject\",\"inLanguage\":\"hu\",\"@id\":\"https:\\\/\\\/bertsch-holzbau.eu\\\/hu\\\/blog\\\/hogyan-valasszuk-ki-a-legjobb-fem-feszer\\\/#primaryimage\",\"url\":\"https:\\\/\\\/bertsch-holzbau.eu\\\/wp-content\\\/uploads\\\/2025\\\/05\\\/metalowy-domek.jpg\",\"contentUrl\":\"https:\\\/\\\/bertsch-holzbau.eu\\\/wp-content\\\/uploads\\\/2025\\\/05\\\/metalowy-domek.jpg\",\"width\":1200,\"height\":900},{\"@type\":\"BreadcrumbList\",\"@id\":\"https:\\\/\\\/bertsch-holzbau.eu\\\/hu\\\/blog\\\/hogyan-valasszuk-ki-a-legjobb-fem-feszer\\\/#breadcrumb\",\"itemListElement\":[{\"@type\":\"ListItem\",\"position\":1,\"name\":\"Home\",\"item\":\"https:\\\/\\\/bertsch-holzbau.eu\\\/hu\\\/\"},{\"@type\":\"ListItem\",\"position\":2,\"name\":\"Hogyan v\u00e1lasszuk ki a kert\u00fcnkh\u00f6z legmegfelel\u0151bb f\u00e9m szersz\u00e1mos kamr\u00e1t?\"}]},{\"@type\":\"WebSite\",\"@id\":\"https:\\\/\\\/bertsch-holzbau.eu\\\/hu\\\/#website\",\"url\":\"https:\\\/\\\/bertsch-holzbau.eu\\\/hu\\\/\",\"name\":\"BHB Bertsch Holzbau\",\"description\":\"\",\"publisher\":{\"@id\":\"https:\\\/\\\/bertsch-holzbau.eu\\\/hu\\\/#organization\"},\"potentialAction\":[{\"@type\":\"SearchAction\",\"target\":{\"@type\":\"EntryPoint\",\"urlTemplate\":\"https:\\\/\\\/bertsch-holzbau.eu\\\/hu\\\/?s={search_term_string}\"},\"query-input\":{\"@type\":\"PropertyValueSpecification\",\"valueRequired\":true,\"valueName\":\"search_term_string\"}}],\"inLanguage\":\"hu\"},[],{\"@type\":\"Person\",\"@id\":\"https:\\\/\\\/bertsch-holzbau.eu\\\/hu\\\/#\\\/schema\\\/person\\\/4d07e01b7bb73487a8592fbd925811e5\",\"name\":\"l.bertsch\",\"image\":{\"@type\":\"ImageObject\",\"inLanguage\":\"hu\",\"@id\":\"https:\\\/\\\/bertsch-holzbau.eu\\\/wp-content\\\/litespeed\\\/avatar\\\/c7f290e24cac9aea0132e49c7d4d4a45.jpg?ver=1788160651\",\"url\":\"https:\\\/\\\/bertsch-holzbau.eu\\\/wp-content\\\/litespeed\\\/avatar\\\/c7f290e24cac9aea0132e49c7d4d4a45.jpg?ver=1788160651\",\"contentUrl\":\"https:\\\/\\\/bertsch-holzbau.eu\\\/wp-content\\\/litespeed\\\/avatar\\\/c7f290e24cac9aea0132e49c7d4d4a45.jpg?ver=1788160651\",\"caption\":\"l.bertsch\"},\"url\":\"https:\\\/\\\/bertsch-holzbau.eu\\\/hu\\\/blog\\\/author\\\/l-bertsch\\\/\"}]}<\/script>\n<!-- \/ Yoast SEO plugin. -->","yoast_head_json":{"title":"Hogyan v\u00e1lasszuk ki a kert\u00fcnkh\u00f6z legmegfelel\u0151bb f\u00e9m szersz\u00e1mos kamr\u00e1t? - BHB Bertsch Holzbau","robots":{"index":"index","follow":"follow","max-snippet":"max-snippet:-1","max-image-preview":"max-image-preview:large","max-video-preview":"max-video-preview:-1"},"og_locale":"hu_HU","og_type":"article","og_title":"Hogyan v\u00e1lasszuk ki a kert\u00fcnkh\u00f6z legmegfelel\u0151bb f\u00e9m szersz\u00e1mos kamr\u00e1t? - BHB Bertsch Holzbau","og_description":"A f\u00e9m szersz\u00e1moskamra az egyik legpraktikusabb megold\u00e1s, amit kertj\u00e9be bevezethet. Tart\u00f3s, id\u0151j\u00e1r\u00e1s\u00e1ll\u00f3 \u00e9s rendk\u00edv\u00fcl k\u00f6nnyen karbantarthat\u00f3, \u00edgy t\u00f6k\u00e9letes szersz\u00e1mok t\u00e1rol\u00e1s\u00e1ra, mini m\u0171hely kialak\u00edt\u00e1s\u00e1ra, ker\u00e9kp\u00e1rt\u00e1rol\u00f3k\u00e9nt vagy f\u00e1skamrak\u00e9nt. De hogyan v\u00e1lasszon olyan modellt, amely val\u00f3ban minden elv\u00e1r\u00e1s\u00e1nak megfelel? Tekintse meg javaslatainkat. Hat\u00e1rozza meg ig\u00e9nyeit \u2013 mire fogja haszn\u00e1lni a f\u00e9szer? Miel\u0151tt elkezden\u00e9 b\u00f6ng\u00e9szni a katal\u00f3gusokat, \u00f6sszehasonl\u00edtani a [&hellip;]","og_url":"https:\/\/bertsch-holzbau.eu\/hu\/blog\/hogyan-valasszuk-ki-a-legjobb-fem-feszer\/","og_site_name":"BHB Bertsch Holzbau","article_publisher":"https:\/\/www.facebook.com\/bertschholzbau\/","article_published_time":"2025-04-30T17:25:12+00:00","article_modified_time":"2026-02-20T07:56:25+00:00","og_image":[{"width":1200,"height":900,"url":"https:\/\/bertsch-holzbau.eu\/wp-content\/uploads\/2025\/05\/metalowy-domek.jpg","type":"image\/jpeg"}],"author":"l.bertsch","twitter_card":"summary_large_image","twitter_misc":{"Szerz\u0151:":"l.bertsch","Becs\u00fclt olvas\u00e1si id\u0151":"6 perc"},"schema":{"@context":"https:\/\/schema.org","@graph":[{"@type":"Article","@id":"https:\/\/bertsch-holzbau.eu\/hu\/blog\/hogyan-valasszuk-ki-a-legjobb-fem-feszer\/#article","isPartOf":{"@id":"https:\/\/bertsch-holzbau.eu\/hu\/blog\/hogyan-valasszuk-ki-a-legjobb-fem-feszer\/"},"author":{"name":"l.bertsch","@id":"https:\/\/bertsch-holzbau.eu\/hu\/#\/schema\/person\/4d07e01b7bb73487a8592fbd925811e5"},"headline":"Hogyan v\u00e1lasszuk ki a kert\u00fcnkh\u00f6z legmegfelel\u0151bb f\u00e9m szersz\u00e1mos kamr\u00e1t?","datePublished":"2025-04-30T17:25:12+00:00","dateModified":"2026-02-20T07:56:25+00:00","mainEntityOfPage":{"@id":"https:\/\/bertsch-holzbau.eu\/hu\/blog\/hogyan-valasszuk-ki-a-legjobb-fem-feszer\/"},"wordCount":1701,"commentCount":0,"publisher":{"@id":"https:\/\/bertsch-holzbau.eu\/hu\/#organization"},"image":{"@id":"https:\/\/bertsch-holzbau.eu\/hu\/blog\/hogyan-valasszuk-ki-a-legjobb-fem-feszer\/#primaryimage"},"thumbnailUrl":"https:\/\/bertsch-holzbau.eu\/wp-content\/uploads\/2025\/05\/metalowy-domek.jpg","articleSection":["\u00d6tletek"],"inLanguage":"hu","potentialAction":[{"@type":"CommentAction","name":"Comment","target":["https:\/\/bertsch-holzbau.eu\/hu\/blog\/hogyan-valasszuk-ki-a-legjobb-fem-feszer\/#respond"]}]},{"@type":"WebPage","@id":"https:\/\/bertsch-holzbau.eu\/hu\/blog\/hogyan-valasszuk-ki-a-legjobb-fem-feszer\/","url":"https:\/\/bertsch-holzbau.eu\/hu\/blog\/hogyan-valasszuk-ki-a-legjobb-fem-feszer\/","name":"Hogyan v\u00e1lasszuk ki a kert\u00fcnkh\u00f6z legmegfelel\u0151bb f\u00e9m szersz\u00e1mos kamr\u00e1t? - BHB Bertsch Holzbau","isPartOf":{"@id":"https:\/\/bertsch-holzbau.eu\/hu\/#website"},"primaryImageOfPage":{"@id":"https:\/\/bertsch-holzbau.eu\/hu\/blog\/hogyan-valasszuk-ki-a-legjobb-fem-feszer\/#primaryimage"},"image":{"@id":"https:\/\/bertsch-holzbau.eu\/hu\/blog\/hogyan-valasszuk-ki-a-legjobb-fem-feszer\/#primaryimage"},"thumbnailUrl":"https:\/\/bertsch-holzbau.eu\/wp-content\/uploads\/2025\/05\/metalowy-domek.jpg","datePublished":"2025-04-30T17:25:12+00:00","dateModified":"2026-02-20T07:56:25+00:00","breadcrumb":{"@id":"https:\/\/bertsch-holzbau.eu\/hu\/blog\/hogyan-valasszuk-ki-a-legjobb-fem-feszer\/#breadcrumb"},"inLanguage":"hu","potentialAction":[{"@type":"ReadAction","target":["https:\/\/bertsch-holzbau.eu\/hu\/blog\/hogyan-valasszuk-ki-a-legjobb-fem-feszer\/"]}]},{"@type":"ImageObject","inLanguage":"hu","@id":"https:\/\/bertsch-holzbau.eu\/hu\/blog\/hogyan-valasszuk-ki-a-legjobb-fem-feszer\/#primaryimage","url":"https:\/\/bertsch-holzbau.eu\/wp-content\/uploads\/2025\/05\/metalowy-domek.jpg","contentUrl":"https:\/\/bertsch-holzbau.eu\/wp-content\/uploads\/2025\/05\/metalowy-domek.jpg","width":1200,"height":900},{"@type":"BreadcrumbList","@id":"https:\/\/bertsch-holzbau.eu\/hu\/blog\/hogyan-valasszuk-ki-a-legjobb-fem-feszer\/#breadcrumb","itemListElement":[{"@type":"ListItem","position":1,"name":"Home","item":"https:\/\/bertsch-holzbau.eu\/hu\/"},{"@type":"ListItem","position":2,"name":"Hogyan v\u00e1lasszuk ki a kert\u00fcnkh\u00f6z legmegfelel\u0151bb f\u00e9m szersz\u00e1mos kamr\u00e1t?"}]},{"@type":"WebSite","@id":"https:\/\/bertsch-holzbau.eu\/hu\/#website","url":"https:\/\/bertsch-holzbau.eu\/hu\/","name":"BHB Bertsch Holzbau","description":"","publisher":{"@id":"https:\/\/bertsch-holzbau.eu\/hu\/#organization"},"potentialAction":[{"@type":"SearchAction","target":{"@type":"EntryPoint","urlTemplate":"https:\/\/bertsch-holzbau.eu\/hu\/?s={search_term_string}"},"query-input":{"@type":"PropertyValueSpecification","valueRequired":true,"valueName":"search_term_string"}}],"inLanguage":"hu"},[],{"@type":"Person","@id":"https:\/\/bertsch-holzbau.eu\/hu\/#\/schema\/person\/4d07e01b7bb73487a8592fbd925811e5","name":"l.bertsch","image":{"@type":"ImageObject","inLanguage":"hu","@id":"https:\/\/bertsch-holzbau.eu\/wp-content\/litespeed\/avatar\/c7f290e24cac9aea0132e49c7d4d4a45.jpg?ver=1788160651","url":"https:\/\/bertsch-holzbau.eu\/wp-content\/litespeed\/avatar\/c7f290e24cac9aea0132e49c7d4d4a45.jpg?ver=1788160651","contentUrl":"https:\/\/bertsch-holzbau.eu\/wp-content\/litespeed\/avatar\/c7f290e24cac9aea0132e49c7d4d4a45.jpg?ver=1788160651","caption":"l.bertsch"},"url":"https:\/\/bertsch-holzbau.eu\/hu\/blog\/author\/l-bertsch\/"}]}},"_links":{"self":[{"href":"https:\/\/bertsch-holzbau.eu\/hu\/wp-json\/wp\/v2\/posts\/97408","targetHints":{"allow":["GET"]}}],"collection":[{"href":"https:\/\/bertsch-holzbau.eu\/hu\/wp-json\/wp\/v2\/posts"}],"about":[{"href":"https:\/\/bertsch-holzbau.eu\/hu\/wp-json\/wp\/v2\/types\/post"}],"author":[{"embeddable":true,"href":"https:\/\/bertsch-holzbau.eu\/hu\/wp-json\/wp\/v2\/users\/4"}],"replies":[{"embeddable":true,"href":"https:\/\/bertsch-holzbau.eu\/hu\/wp-json\/wp\/v2\/comments?post=97408"}],"version-history":[{"count":1,"href":"https:\/\/bertsch-holzbau.eu\/hu\/wp-json\/wp\/v2\/posts\/97408\/revisions"}],"predecessor-version":[{"id":97411,"href":"https:\/\/bertsch-holzbau.eu\/hu\/wp-json\/wp\/v2\/posts\/97408\/revisions\/97411"}],"wp:featuredmedia":[{"embeddable":true,"href":"https:\/\/bertsch-holzbau.eu\/hu\/wp-json\/wp\/v2\/media\/97374"}],"wp:attachment":[{"href":"https:\/\/bertsch-holzbau.eu\/hu\/wp-json\/wp\/v2\/media?parent=97408"}],"wp:term":[{"taxonomy":"category","embeddable":true,"href":"https:\/\/bertsch-holzbau.eu\/hu\/wp-json\/wp\/v2\/categories?post=97408"},{"taxonomy":"post_tag","embeddable":true,"href":"https:\/\/bertsch-holzbau.eu\/hu\/wp-json\/wp\/v2\/tags?post=97408"}],"curies":[{"name":"wp","href":"https:\/\/api.w.org\/{rel}","templated":true}]}}