{"id":93462,"date":"2025-01-15T22:07:30","date_gmt":"2025-01-15T21:07:30","guid":{"rendered":"https:\/\/bertsch-holzbau.eu\/blog\/clt-panels\/"},"modified":"2025-02-17T12:06:30","modified_gmt":"2025-02-17T11:06:30","slug":"clt-panelek","status":"publish","type":"post","link":"https:\/\/bertsch-holzbau.eu\/hu\/blog\/clt-panelek\/","title":{"rendered":"CLT panelek &#8211; innovat\u00edv \u00e9p\u00edt\u0151anyag"},"content":{"rendered":"\n<p class=\"wp-block-paragraph\">A keresztr\u00e9tegelt faanyag (CLT) egy innovat\u00edv \u00e9p\u00edt\u0151anyag, amely egyre nagyobb n\u00e9pszer\u0171s\u00e9gnek \u00f6rvend az \u00e9p\u00edt\u0151iparban. A CLT a fa term\u00e9szetes tulajdons\u00e1gait fejlett gy\u00e1rt\u00e1si technol\u00f3gi\u00e1val kombin\u00e1lva kiv\u00e9teles szil\u00e1rds\u00e1got, stabilit\u00e1st \u00e9s sokoldal\u00fas\u00e1got k\u00edn\u00e1l. Ebben a cikkben megtudhatja, hogy pontosan mi is az a CLT faanyag \u00e9s a CLT-panelek, hogyan k\u00e9sz\u00fclnek, \u00e9s hogyan alkalmazhat\u00f3k a modern \u00e9p\u00edt\u0151iparban.<\/p>\n\n\n\n<h2 class=\"wp-block-heading\">CLT f\u0171r\u00e9sz\u00e1ru \u00e9s CLT panelek &#8211; mi a k\u00fcl\u00f6nbs\u00e9g?<\/h2>\n\n\n\n<p class=\"wp-block-paragraph\">A CLT f\u0171r\u00e9sz\u00e1ru, azaz a keresztr\u00e9tegelt faanyag egy modern \u00e9p\u00edt\u0151anyag, amelyet 90 fokban egym\u00e1sra fektetett \u00e9s ragaszt\u00f3val egym\u00e1shoz ragasztott t\u00f6m\u00f6r faanyag r\u00e9tegekb\u0151l \u00e1ll\u00edtanak el\u0151. Ez az egyed\u00fcl\u00e1ll\u00f3 gy\u00e1rt\u00e1si technol\u00f3gia kiv\u00e9teles m\u00e9retstabilit\u00e1st, torzul\u00e1s\u00e1ll\u00f3s\u00e1got \u00e9s nagy mechanikai szil\u00e1rds\u00e1got biztos\u00edt, ami messze fel\u00fclm\u00falja a hagyom\u00e1nyos faanyagok\u00e9t.<br><br>A CLT-panelek ebb\u0151l az anyagb\u00f3l k\u00e9sz\u00fclt el\u0151regy\u00e1rtott elemek, amelyeket falak, mennyezetek \u00e9s tet\u0151k \u00e9p\u00edt\u00e9s\u00e9re haszn\u00e1lnak. R\u00e9teges szerkezet\u00fcknek k\u00f6sz\u00f6nhet\u0151en nemcsak rendk\u00edv\u00fcl tart\u00f3sak, hanem k\u00f6nnyen be\u00e9p\u00edthet\u0151k is. A CLT-panelek lehet\u0151v\u00e9 teszik nagy fel\u00fcletek gyors \u00e9s pontos l\u00e9trehoz\u00e1s\u00e1t, ami jelent\u0151sen felgyors\u00edtja az \u00e9p\u00edt\u00e9si folyamatot, \u00e9s lehet\u0151v\u00e9 teszi a legig\u00e9nyesebb projektek megval\u00f3s\u00edt\u00e1s\u00e1t is.<\/p>\n\n\n\n<h2 class=\"wp-block-heading\">Hogyan k\u00e9sz\u00fclnek a CLT panelek?<\/h2>\n\n\n\n<p class=\"wp-block-paragraph\">A CLT-panelek gy\u00e1rt\u00e1sa olyan fejlett technol\u00f3giai folyamat, amely a m\u00e9rn\u00f6ki precizit\u00e1st a fa term\u00e9szetes tulajdons\u00e1gaival \u00f6tv\u00f6zi. Az innovat\u00edv feldolgoz\u00e1si m\u00f3dszerek alkalmaz\u00e1s\u00e1nak k\u00f6sz\u00f6nhet\u0151en a CLT-panelek kiv\u00e9teles tart\u00f3ss\u00e1ggal, stabilit\u00e1ssal \u00e9s sokoldal\u00fas\u00e1ggal rendelkeznek. Az al\u00e1bbiakban a gy\u00e1rt\u00e1s szakaszait ismertetj\u00fck:<\/p>\n\n\n\n<p class=\"wp-block-paragraph\"><strong>1.<\/strong>&nbsp;<strong>Nyersanyag kiv\u00e1laszt\u00e1sa<\/strong><\/p>\n\n\n\n<p class=\"wp-block-paragraph\">A gy\u00e1rt\u00e1shoz kiv\u00e1l\u00f3 min\u0151s\u00e9g\u0171 f\u00e1t v\u00e1lasztanak ki, leggyakrabban lucfeny\u0151t, ritk\u00e1bban feny\u0151t. Fontos, hogy a fa mentes legyen az olyan hib\u00e1kt\u00f3l, mint a csom\u00f3k vagy reped\u00e9sek.<\/p>\n\n\n\n<p class=\"wp-block-paragraph\"><strong>2.<\/strong>&nbsp;<strong>Sz\u00e1r\u00edt\u00e1s<\/strong><\/p>\n\n\n\n<p class=\"wp-block-paragraph\">A f\u00e1t ellen\u0151rz\u00f6tt k\u00f6r\u00fclm\u00e9nyek k\u00f6z\u00f6tt sz\u00e1r\u00edtj\u00e1k, hogy 10-12%-os nedvess\u00e9gtartalmat \u00e9rjenek el. Ez\u00e1ltal ellen\u00e1ll\u00f3v\u00e1 v\u00e1lik a reped\u00e9sekkel \u00e9s a deform\u00e1ci\u00f3val szemben.<\/p>\n\n\n\n<p class=\"wp-block-paragraph\"><strong>3.<\/strong>&nbsp;<strong>A r\u00e9tegek ragaszt\u00e1sa<\/strong><\/p>\n\n\n\n<p class=\"wp-block-paragraph\">A deszk\u00e1kat keresztbe fektetj\u00fck &#8211; minden r\u00e9teget 90 fokkal elford\u00edtunk az el\u0151z\u0151h\u00f6z k\u00e9pest. Ezut\u00e1n speci\u00e1lis poliuret\u00e1n ragaszt\u00f3kkal ragasztj\u00e1k \u00f6ssze \u0151ket, amelyek k\u00f6rnyezetbar\u00e1tok \u00e9s nedvess\u00e9g\u00e1ll\u00f3ak.<\/p>\n\n\n\n<p class=\"wp-block-paragraph\"><strong>4.<\/strong>&nbsp;<strong>A pr\u00e9sel\u00e9se.<\/strong><\/p>\n\n\n\n<p class=\"wp-block-paragraph\">Az \u00f6sszeragasztott r\u00e9tegeket nagy nyom\u00e1s alatt pr\u00e9selik a tart\u00f3ss\u00e1g \u00e9s a pontoss\u00e1g \u00e9rdek\u00e9ben.<\/p>\n\n\n\n<p class=\"wp-block-paragraph\"><strong>5.<\/strong>&nbsp;<strong>Befejez\u00e9s<\/strong><\/p>\n\n\n\n<p class=\"wp-block-paragraph\">A CLT-lemezeket m\u00e9retre v\u00e1gj\u00e1k \u00e9s el\u0151k\u00e9sz\u00edtik a sz\u00e1ll\u00edt\u00e1shoz \u00e9s a helysz\u00edni be\u00e9p\u00edt\u00e9shez.<\/p>\n\n\n\n<h2 class=\"wp-block-heading\">A CLT panelek jellemz\u0151i<\/h2>\n\n\n\n<p class=\"wp-block-paragraph\">A CLT-panelek sz\u00e1mos egyedi tulajdons\u00e1ggal rendelkeznek, amelyek megk\u00fcl\u00f6nb\u00f6ztetik \u0151ket m\u00e1s \u00e9p\u00edt\u0151anyagokt\u00f3l:<\/p>\n\n\n\n<ul class=\"wp-block-list\">\n<li><strong>szil\u00e1rds\u00e1g<\/strong> &#8211; szendvicsszerkezet\u00fcknek k\u00f6sz\u00f6nhet\u0151en a CLT-panelek ellen\u00e1llnak a hajl\u00edt\u00e1snak, a nyom\u00e1snak \u00e9s a h\u00faz\u00e1snak.<\/li>\n\n\n\n<li><strong>k\u00f6nny\u0171s\u00e9g<\/strong> &#8211; a betonhoz vagy ac\u00e9lhoz k\u00e9pest a CLT jelent\u0151sen k\u00f6nnyebb, \u00edgy k\u00f6nnyebb sz\u00e1ll\u00edtani \u00e9s be\u00e9p\u00edteni.<\/li>\n\n\n\n<li><strong>h\u0151szigetel\u00e9s<\/strong> &#8211; a CLT faanyag kiv\u00e1l\u00f3 h\u0151szigetel\u00e9st biztos\u00edt, ami energiatakar\u00e9kos \u00e9p\u00fcleteket eredm\u00e9nyez.<\/li>\n\n\n\n<li><strong>t\u0171z\u00e1ll\u00f3s\u00e1g<\/strong> &#8211; a CLT faanyag \u00e9g\u00e9se kisz\u00e1m\u00edthat\u00f3, \u00edgy t\u0171z\u00e1ll\u00f3s\u00e1ga pontosan meghat\u00e1rozhat\u00f3.<\/li>\n\n\n\n<li><strong>\u00f6kol\u00f3gia<\/strong> &#8211; a CLT-panelek teljes m\u00e9rt\u00e9kben meg\u00fajul\u00f3, \u00e9s tan\u00fas\u00edtott forr\u00e1sb\u00f3l sz\u00e1rmaz\u00f3 f\u00e1b\u00f3l k\u00e9sz\u00fclnek.<\/li>\n<\/ul>\n\n\n\n<h2 class=\"wp-block-heading\">A fa- \u00e9s CLT-panelek felhaszn\u00e1l\u00e1si ter\u00fcletei<\/h2>\n\n\n\n<p class=\"wp-block-paragraph\">A f\u0171r\u00e9sz\u00e1ru \u00e9s a CLT-lapok rendk\u00edv\u00fcl sokoldal\u00faan felhaszn\u00e1lhat\u00f3 anyagok, amelyeket az \u00e9p\u00edt\u00e9si projektek sz\u00e9les sk\u00e1l\u00e1j\u00e1n haszn\u00e1lnak. Szil\u00e1rds\u00e1guk, k\u00f6nny\u0171s\u00e9g\u00fck \u00e9s egyszer\u0171 be\u00e9p\u00edthet\u0151s\u00e9g\u00fck miatt egyre n\u00e9pszer\u0171bb v\u00e1laszt\u00e1snak bizonyulnak mind a lak\u00f3\u00e9p\u00fcletek, mind a nagym\u00e9ret\u0171 \u00e9p\u00edtm\u00e9nyek eset\u00e9ben.<br><br><strong>Lak\u00f3\u00e9p\u00fcletek<\/strong><\/p>\n\n\n\n<p class=\"wp-block-paragraph\">A CLT faanyagot csal\u00e1di h\u00e1zak, lak\u00f3h\u00e1zak \u00e9s modul\u00e1ris lak\u00f3telepek \u00e9p\u00edt\u00e9s\u00e9n\u00e9l haszn\u00e1lj\u00e1k.Tulajdons\u00e1gainak k\u00f6sz\u00f6nhet\u0151en tart\u00f3s, energiahat\u00e9kony \u00e9s k\u00f6rnyezetbar\u00e1t szerkezetek hozhat\u00f3k l\u00e9tre.<\/p>\n\n\n\n<p class=\"wp-block-paragraph\"><strong>K\u00f6z\u00e9p\u00fcletek<\/strong><\/p>\n\n\n\n<p class=\"wp-block-paragraph\">Az iskol\u00e1k, \u00f3vod\u00e1k \u00e9s irod\u00e1k a CLT-paneleket tart\u00f3ss\u00e1guk \u00e9s a projektek gyors megval\u00f3s\u00edthat\u00f3s\u00e1ga miatt haszn\u00e1lj\u00e1k. A faszerkezetek emellett eg\u00e9szs\u00e9ges bels\u0151 mikrokl\u00edm\u00e1t teremtenek, ami fontos a sok lak\u00f3val rendelkez\u0151 \u00e9p\u00fcletekben.<\/p>\n\n\n\n<p class=\"wp-block-paragraph\"><strong>Csarnokok \u00e9s rakt\u00e1rak<\/strong><\/p>\n\n\n\n<p class=\"wp-block-paragraph\">A CLT-panelek nagy m\u00e9reteinek \u00e9s teherb\u00edr\u00e1s\u00e1nak k\u00f6sz\u00f6nhet\u0151en t\u00e1gas szerkezetek tervezhet\u0151k, amelyek ide\u00e1lisak rakt\u00e1rcsarnokokk\u00e9nt, logisztikai k\u00f6zpontokk\u00e9nt vagy ipari terekk\u00e9nt val\u00f3 haszn\u00e1latra.<\/p>\n\n\n\n<p class=\"wp-block-paragraph\"><strong>Infrastrukt\u00fara elemek<\/strong><\/p>\n\n\n\n<p class=\"wp-block-paragraph\">A CLT-lemezeket hidak, kil\u00e1t\u00f3tornyok \u00e9s \u00fatelemek k\u00e9sz\u00edt\u00e9s\u00e9re is haszn\u00e1lj\u00e1k. A terhekkel \u00e9s a v\u00e1ltoz\u00f3 id\u0151j\u00e1r\u00e1si viszonyokkal szembeni ellen\u00e1ll\u00f3 k\u00e9pess\u00e9g\u00fck lehet\u0151v\u00e9 teszi tart\u00f3s \u00e9s eszt\u00e9tikus m\u00e9rn\u00f6ki szerkezetek l\u00e9trehoz\u00e1s\u00e1t.<\/p>\n\n\n\n<h2 class=\"wp-block-heading\">A CLT haszn\u00e1lat\u00e1nak el\u0151nyei \u00e9s h\u00e1tr\u00e1nyai<\/h2>\n\n\n\n<p class=\"wp-block-paragraph\">A CLT faanyag egy innovat\u00edv anyag, amely sz\u00e1mos el\u0151nnyel j\u00e1r a modern \u00e9p\u00edt\u0151iparban, de \u00e9rdemes ismerni a korl\u00e1tait, hogy megfelel\u0151en tervezhess\u00fck a felhaszn\u00e1l\u00e1s\u00e1val megval\u00f3sul\u00f3 projekteket.<\/p>\n\n\n\n<div class=\"wp-block-group green-box\"><div class=\"wp-block-group__inner-container is-layout-constrained wp-block-group-is-layout-constrained\">\n<h3 class=\"wp-block-heading\">A CLT haszn\u00e1lat\u00e1nak el\u0151nyei<\/h3>\n\n\n\n<p class=\"wp-block-paragraph\">A CLT \u00e9p\u00edt\u0151ipari felhaszn\u00e1l\u00e1sa sz\u00e1mos jelent\u0151s el\u0151nnyel j\u00e1r, amelyek az egyik legk\u00edv\u00e1natosabb \u00e9p\u00edt\u0151anyagg\u00e1 teszik:<\/p>\n<\/div><\/div>\n\n\n\n<ul class=\"wp-block-list\">\n<li><strong>Az \u00e9p\u00edt\u00e9s gyorsas\u00e1ga<\/strong> &#8211; az el\u0151regy\u00e1rtott CLT-panelek lehet\u0151v\u00e9 teszik az \u00e9p\u00edt\u00e9si projektek befejez\u00e9s\u00e9hez sz\u00fcks\u00e9ges id\u0151 jelent\u0151s cs\u00f6kkent\u00e9s\u00e9t, ami a modern \u00e9p\u00edt\u0151iparban kulcsfontoss\u00e1g\u00fa.<\/li>\n\n\n\n<li><strong>Fenntarthat\u00f3s\u00e1g<\/strong> &#8211; a CLT faanyag meg\u00fajul\u00f3 forr\u00e1sokb\u00f3l sz\u00e1rmazik, \u00e9s a gy\u00e1rt\u00e1s sor\u00e1n l\u00e9nyegesen kevesebb CO\u2082-kibocs\u00e1t\u00e1s keletkezik, mint az olyan anyagok eset\u00e9ben, mint az ac\u00e9l vagy a beton.<\/li>\n\n\n\n<li><strong>Sokoldal\u00fas\u00e1g<\/strong> &#8211; az anyag ide\u00e1lis mind a lak\u00f3\u00e9p\u00fcletek, mind az ipari \u00e9p\u00edtkez\u00e9sek sz\u00e1m\u00e1ra, \u00e9s sz\u00e9les k\u00f6r\u0171 felhaszn\u00e1l\u00e1si lehet\u0151s\u00e9geket k\u00edn\u00e1l.<\/li>\n\n\n\n<li><strong>Eszt\u00e9tika<\/strong> &#8211; a fa term\u00e9szetes megjelen\u00e9se melegs\u00e9get \u00e9s bar\u00e1ts\u00e1gos hangulatot k\u00f6lcs\u00f6n\u00f6z b\u00e1rmely szerkezetnek, \u00edgy ide\u00e1lis v\u00e1laszt\u00e1s a bels\u0151\u00e9p\u00edt\u00e9szeti projektekhez.<\/li>\n<\/ul>\n\n\n\n<h3 class=\"wp-block-heading\">A CLT h\u00e1tr\u00e1nyai \u00e9s korl\u00e1tai<\/h3>\n\n\n\n<p class=\"wp-block-paragraph\">Sz\u00e1mos el\u0151nye ellen\u00e9re a CLT-nek van n\u00e9h\u00e1ny korl\u00e1tja is, amelyeket figyelembe kell venni:<\/p>\n\n\n\n<ul class=\"wp-block-list\">\n<li><strong>K\u00f6lts\u00e9gek<\/strong> &#8211; A CLT gy\u00e1rt\u00e1sa magasabb k\u00f6lts\u00e9gekkel j\u00e1r a hagyom\u00e1nyos szerkezeti faanyagokhoz k\u00e9pest, ami jelent\u0151s t\u00e9nyez\u0151 lehet, ha sz\u0171k\u00f6s a k\u00f6lts\u00e9gvet\u00e9se.<\/li>\n\n\n\n<li><strong>Nedvess\u00e9g<\/strong> &#8211; A CLT faanyag megfelel\u0151 nedvess\u00e9gv\u00e9delmet ig\u00e9nyel a szerkezeti k\u00e1rosod\u00e1s \u00e9s a cs\u00f6kkent \u00e9lettartam elker\u00fcl\u00e9se \u00e9rdek\u00e9ben.<\/li>\n\n\n\n<li><strong>Speci\u00e1lis telep\u00edt\u00e9s<\/strong> &#8211; a CLT-panelek telep\u00edt\u00e9se fejlett tapasztalatot \u00e9s speci\u00e1lis szersz\u00e1mokat ig\u00e9nyel, ami n\u00f6velheti a projekt befejez\u00e9s\u00e9nek k\u00f6lts\u00e9geit.<\/li>\n<\/ul>\n\n\n\n<p class=\"wp-block-paragraph\">A faanyag \u00e9s a CLT panelek el\u0151nyeinek \u00e9s korl\u00e1tainak meg\u00e9rt\u00e9s\u00e9vel az anyag jobban illeszkedik az adott projekt ig\u00e9nyeihez \u00e9s k\u00f6r\u00fclm\u00e9nyeihez, \u00e9s a benne rejl\u0151 lehet\u0151s\u00e9geket maxim\u00e1lisan ki lehet akn\u00e1zni.<\/p>\n\n\n\n<h2 class=\"wp-block-heading\">A CLT \u00e9s m\u00e1s \u00e9p\u00edt\u0151anyagok \u00f6sszehasonl\u00edt\u00e1sa<\/h2>\n\n\n\n<p class=\"wp-block-paragraph\">Az \u00e9p\u00edt\u0151anyag kiv\u00e1laszt\u00e1sa a projekt konkr\u00e9t ig\u00e9nyeit\u0151l f\u00fcgg, mint p\u00e9ld\u00e1ul a szil\u00e1rds\u00e1g, az eszt\u00e9tika, az \u00f6kol\u00f3gia vagy a k\u00f6lts\u00e9gek. Az al\u00e1bbi t\u00e1bl\u00e1zatban a CLT-t \u00f6sszehasonl\u00edtjuk m\u00e1s elterjedt \u00e9p\u00edt\u0151anyagokkal \u00e9s azok legjobb felhaszn\u00e1l\u00e1si ter\u00fcleteivel:<\/p>\n\n\n\n<figure class=\"wp-block-table\"><table class=\"has-fixed-layout\"><tbody><tr><td><strong><strong>Jellemz\u0151k<\/strong><\/strong><\/td><td><strong>CLT&nbsp;<\/strong><\/td><td><strong><strong>Beton<\/strong><\/strong><\/td><td><strong><strong>Ac\u00e9l<\/strong><\/strong><\/td><td><strong><strong><strong>T\u00f6m\u00f6r fa<\/strong><\/strong><\/strong><\/td><\/tr><tr><td><strong><strong>Er\u0151ss\u00e9g<\/strong><\/strong><\/td><td>Nagyon magas (k\u00fcl\u00f6n\u00f6sen hajl\u00edt\u00e1s \u00e9s \u00f6sszenyom\u00e1s eset\u00e9n)<\/td><td>Nagyon magas (t\u00f6m\u00f6r\u00edt\u00e9sben)<\/td><td>Nagyon magas (t\u00f6m\u00f6r\u00edt\u00e9sn\u00e9l)aNagyon magas (ny\u00fajt\u00e1sn\u00e1l)<\/td><td>Magas, de kevesebb, mint a CLT<\/td><\/tr><tr><td><strong><strong>M\u00e9retbeli stabilit\u00e1s<\/strong><\/strong><\/td><td>Magas, a keresztr\u00e9tegz\u0151d\u00e9s miatt<\/td><td>K\u00f6zepes (zsugorodik \u00e9s repedezik)<\/td><td>Nagyon magas<\/td><td>K\u00f6zepes, a p\u00e1ratartalomt\u00f3l f\u00fcgg<\/td><\/tr><tr><td><strong><strong>\u00d6kol\u00f3gia<\/strong><\/strong><\/td><td>Nagyon magas, meg\u00fajul\u00f3 \u00e9s biol\u00f3giailag leboml\u00f3 anyag<\/td><td>Alacsony (magas CO\u2082-kibocs\u00e1t\u00e1s).<\/td><td>Alacsony (magas CO\u2082-kibocs\u00e1t\u00e1s).<\/td><td>Magas<\/td><\/tr><tr><td><strong><strong>K\u00f6lts\u00e9gek<\/strong><\/strong><\/td><td>K\u00f6zepes, magasabb, mint a hagyom\u00e1nyos fa<\/td><td>K\u00f6zepes, a projektt\u0151l f\u00fcgg\u0151en<\/td><td>Magas<\/td><td>Alacsony<\/td><\/tr><tr><td><strong><strong>\u00c9p\u00edt\u00e9si id\u0151<\/strong><\/strong><\/td><td>Nagyon r\u00f6vid az el\u0151regy\u00e1rt\u00e1s miatt<\/td><td>Hossz\u00fa<\/td><td>K\u00f6zepes<\/td><td>K\u00f6zepes<\/td><\/tr><tr><td><strong><strong>H\u0151szigetel\u00e9s<\/strong><\/strong><\/td><td>Magas<\/td><td>Alacsony<\/td><td>Alacsony<\/td><td>K\u00f6zepes<\/td><\/tr><tr><td><strong><strong>Legjobb alkalmaz\u00e1sok<\/strong><\/strong><\/td><td>Lak\u00f3h\u00e1zak, t\u00f6bbszintes \u00e9p\u00fcletek, irod\u00e1k<\/td><td>Alap\u00edtv\u00e1nyok, hidak, ipari csarnokok<\/td><td>Teherhord\u00f3 szerkezetek, felh\u0151karcol\u00f3k, hidak<\/td><td>Egylak\u00e1sos csal\u00e1di h\u00e1zak, pavilonok<\/td><\/tr><\/tbody><\/table><\/figure>\n\n\n\n<p class=\"wp-block-paragraph\"><br>A CLT faanyag j\u00f6v\u0151je<\/p>\n\n\n\n<p class=\"wp-block-paragraph\">A CLT-panelek a hagyom\u00e1nyos faanyag \u00e9s a modern technol\u00f3gia jellemz\u0151it \u00f6tv\u00f6zve kiv\u00e9teles \u00e9p\u00edt\u00e9si tulajdons\u00e1gokat k\u00edn\u00e1lnak. Sokoldal\u00fas\u00e1guknak, k\u00f6rnyezetbar\u00e1ts\u00e1guknak \u00e9s gyors be\u00e9p\u00edthet\u0151s\u00e9g\u00fcknek k\u00f6sz\u00f6nhet\u0151en egyre ink\u00e1bb a fenntarthat\u00f3 \u00e9p\u00edt\u00e9s v\u00e1lasztott anyag\u00e1v\u00e1 v\u00e1lnak. Term\u00e9szetes sz\u00e9ps\u00e9g\u00fck lehet\u0151v\u00e9 teszi olyan szerkezetek l\u00e9trehoz\u00e1s\u00e1t, amelyek egyszerre funkcion\u00e1lisak \u00e9s eszt\u00e9tikusak.<\/p>\n\n\n\n<ul class=\"wp-block-list\">\n<li><strong>A legmodernebb technol\u00f3gia<\/strong> &#8211; a gy\u00e1rt\u00e1si folyamatok folyamatos fejleszt\u00e9se a CLT-lemezek jobb min\u0151s\u00e9g\u00e9t \u00e9s teljes\u00edtm\u00e9ny\u00e9t eredm\u00e9nyezi. Ennek eredm\u00e9nyek\u00e9ppen az anyag megfelel a modern \u00e9p\u00edt\u0151ipar n\u00f6vekv\u0151 ig\u00e9nyeinek.<\/li>\n\n\n\n<li><strong>T\u00f6bbszintes \u00e9p\u00fcletek<\/strong> &#8211; a CLT-t olyan ambici\u00f3zus projektekben haszn\u00e1lj\u00e1k, mint p\u00e9ld\u00e1ul a f\u00e1b\u00f3l k\u00e9sz\u00fclt magas\u00e9p\u00fcletek, amelyek az innov\u00e1ci\u00f3t \u00e9s az \u00f6kol\u00f3gi\u00e1t \u00f6tv\u00f6zik.<\/li>\n\n\n\n<li><strong>N\u00f6vekv\u0151 n\u00e9pszer\u0171s\u00e9g<\/strong> &#8211; A z\u00f6ld \u00e9p\u00edt\u0151anyagok ir\u00e1nti n\u00f6vekv\u0151 kereslet hajtja a CLT-piac n\u00f6veked\u00e9s\u00e9t, \u00edgy a CLT a fenntarthat\u00f3 \u00e9p\u00edt\u00e9s j\u00f6v\u0151j\u00e9nek kulcsfontoss\u00e1g\u00fa r\u00e9sz\u00e9v\u00e9 v\u00e1lik.<\/li>\n<\/ul>\n\n\n\n<p class=\"wp-block-paragraph\">A CLT-panelek \u00faj m\u00e9rc\u00e9t \u00e1ll\u00edtanak fel az \u00e9p\u00edt\u0151iparban, az innov\u00e1ci\u00f3 \u00e9s a k\u00f6rnyezetv\u00e9delem szimb\u00f3lum\u00e1v\u00e1 v\u00e1lva.<\/p>\n\n\n\n<h2 class=\"wp-block-heading\">\u00d6sszefoglal\u00f3<\/h2>\n\n\n\n<p class=\"wp-block-paragraph\">A fa- \u00e9s CLT-panelek forradalmi anyagot jelentenek, amely \u00f6tv\u00f6zi a tart\u00f3ss\u00e1got, az \u00f6kol\u00f3gi\u00e1t \u00e9s az eszt\u00e9tik\u00e1t. Egyed\u00fcl\u00e1ll\u00f3 tulajdons\u00e1gainak k\u00f6sz\u00f6nhet\u0151en a CLT egyre n\u00e9pszer\u0171bb v\u00e1laszt\u00e1ss\u00e1 v\u00e1lik a modern \u00e9p\u00edt\u0151iparban. A sokoldal\u00fas\u00e1got \u00e9s tart\u00f3ss\u00e1got k\u00edn\u00e1l\u00f3 CLT nemcsak a kort\u00e1rs projektek ig\u00e9nyeinek felel meg, hanem hozz\u00e1j\u00e1rul egy fenntarthat\u00f3bb j\u00f6v\u0151 \u00e9p\u00edt\u00e9s\u00e9hez is.<\/p>\n\n\n\n<h2 class=\"wp-block-heading\">GYIK r\u00e9sz<\/h2>\n\n\n\n<p class=\"wp-block-paragraph\"><strong>1.<\/strong>&nbsp;<strong>Mi a k\u00fcl\u00f6nbs\u00e9g a CLT faanyag \u00e9s a hagyom\u00e1nyos faanyag k\u00f6z\u00f6tt?<\/strong><\/p>\n\n\n\n<p class=\"wp-block-paragraph\">A CLT faanyag olyan \u00e9p\u00edt\u0151anyag, amely keresztben egym\u00e1shoz ragasztott t\u00f6m\u00f6r faanyag r\u00e9tegekb\u0151l \u00e1ll, ami nagyobb m\u00e9retstabilit\u00e1st \u00e9s szil\u00e1rds\u00e1got biztos\u00edt a hagyom\u00e1nyos faanyaghoz k\u00e9pest, amely nem rendelkezik ilyen fejlett szerkezettel.<\/p>\n\n\n\n<p class=\"wp-block-paragraph\"><strong>2.<\/strong>&nbsp;<strong>Dr\u00e1g\u00e1k a CLT deszk\u00e1k?<\/strong><\/p>\n\n\n\n<p class=\"wp-block-paragraph\">A CLT-lemezek dr\u00e1g\u00e1bbak, mint a hagyom\u00e1nyos faanyagok vagy m\u00e1s \u00e9p\u00edt\u0151anyagok, de magasabb \u00e1rukat ellens\u00falyozza a gyors be\u00e9p\u00edt\u00e9s, a szerkezeti tart\u00f3ss\u00e1g \u00e9s a hossz\u00fa t\u00e1von alacsonyabb karbantart\u00e1si k\u00f6lts\u00e9gek.<\/p>\n\n\n\n<p class=\"wp-block-paragraph\"><strong>3.<\/strong>&nbsp;<strong>Milyen \u00e9p\u00fcletek \u00e9p\u00edthet\u0151k CLT faanyagb\u00f3l?<\/strong><\/p>\n\n\n\n<p class=\"wp-block-paragraph\">A CLT faanyag sokoldal\u00fa &#8211; lak\u00f3h\u00e1zak, iskol\u00e1k, irod\u00e1k, ipari csarnokok, hidak vagy ak\u00e1r felh\u0151karcol\u00f3k \u00e9p\u00edt\u00e9s\u00e9re is felhaszn\u00e1lhat\u00f3. A CLT-lapok nagy m\u00e9ret\u00e9nek k\u00f6sz\u00f6nhet\u0151en kis- \u00e9s nagym\u00e9ret\u0171 projektek egyar\u00e1nt megval\u00f3s\u00edthat\u00f3k.<\/p>\n\n\n\n<p class=\"wp-block-paragraph\"><strong>4.<\/strong>&nbsp;<strong>Mennyire tart\u00f3sak a CLT-szerkezetek?<\/strong><\/p>\n\n\n\n<p class=\"wp-block-paragraph\">A CLT-szerkezetek rendk\u00edv\u00fcl tart\u00f3sak. A prec\u00edz gy\u00e1rt\u00e1si folyamatnak \u00e9s a nedvess\u00e9g elleni v\u00e9delemnek k\u00f6sz\u00f6nhet\u0151en a CLT faanyag \u00e9vtizedekig kitart, megtartva szerkezeti \u00e9s eszt\u00e9tikai tulajdons\u00e1gait.<\/p>\n\n\n\n<p class=\"wp-block-paragraph\"><strong>5.<\/strong>&nbsp;<strong>A CLT faanyag b\u00e1rmilyen \u00e9ghajlatra alkalmas?<\/strong><\/p>\n\n\n\n<p class=\"wp-block-paragraph\">Igen, a CLT faanyag sz\u00e1mos \u00e9ghajlatra alkalmas, de megfelel\u0151 v\u00e9delmet ig\u00e9nyel a nedvess\u00e9g \u00e9s a sz\u00e9ls\u0151s\u00e9ges id\u0151j\u00e1r\u00e1si k\u00f6r\u00fclm\u00e9nyek, p\u00e9ld\u00e1ul a heves es\u0151z\u00e9sek vagy a nagy h\u0151m\u00e9rs\u00e9klet-ingadoz\u00e1sok ellen.<br><\/p>\n","protected":false},"excerpt":{"rendered":"<p>A keresztr\u00e9tegelt faanyag (CLT) egy innovat\u00edv \u00e9p\u00edt\u0151anyag, amely egyre nagyobb n\u00e9pszer\u0171s\u00e9gnek \u00f6rvend az \u00e9p\u00edt\u0151iparban. A CLT a fa term\u00e9szetes tulajdons\u00e1gait fejlett gy\u00e1rt\u00e1si technol\u00f3gi\u00e1val kombin\u00e1lva kiv\u00e9teles szil\u00e1rds\u00e1got, stabilit\u00e1st \u00e9s sokoldal\u00fas\u00e1got k\u00edn\u00e1l. Ebben a cikkben megtudhatja, hogy pontosan mi is az a CLT faanyag \u00e9s a CLT-panelek, hogyan k\u00e9sz\u00fclnek, \u00e9s hogyan alkalmazhat\u00f3k a modern \u00e9p\u00edt\u0151iparban. CLT f\u0171r\u00e9sz\u00e1ru [&hellip;]<\/p>\n","protected":false},"author":6,"featured_media":93422,"comment_status":"open","ping_status":"open","sticky":false,"template":"","format":"standard","meta":{"_acf_changed":false,"footnotes":""},"categories":[609],"tags":[],"class_list":["post-93462","post","type-post","status-publish","format-standard","has-post-thumbnail","hentry","category-otletek"],"acf":[],"yoast_head":"<!-- This site is optimized with the Yoast SEO plugin v27.8 - https:\/\/yoast.com\/product\/yoast-seo-wordpress\/ -->\n<title>CLT panelek - innovat\u00edv \u00e9p\u00edt\u0151anyag | Bertsch Holzbau<\/title>\n<meta name=\"description\" content=\"CLT lapok - a j\u00f6v\u0151 anyaga, amely a modernit\u00e1st \u00e9s az \u00f6kol\u00f3gi\u00e1t \u00f6tv\u00f6zi a fenntarthat\u00f3 \u00e9p\u00edt\u00e9sben.\" \/>\n<meta name=\"robots\" content=\"index, follow, max-snippet:-1, max-image-preview:large, max-video-preview:-1\" \/>\n<meta property=\"og:locale\" content=\"hu_HU\" \/>\n<meta property=\"og:type\" content=\"article\" \/>\n<meta property=\"og:title\" content=\"CLT panelek - innovat\u00edv \u00e9p\u00edt\u0151anyag | Bertsch Holzbau\" \/>\n<meta property=\"og:description\" content=\"CLT lapok - a j\u00f6v\u0151 anyaga, amely a modernit\u00e1st \u00e9s az \u00f6kol\u00f3gi\u00e1t \u00f6tv\u00f6zi a fenntarthat\u00f3 \u00e9p\u00edt\u00e9sben.\" \/>\n<meta property=\"og:url\" content=\"https:\/\/bertsch-holzbau.eu\/hu\/blog\/clt-panelek\/\" \/>\n<meta property=\"og:site_name\" content=\"BHB Bertsch Holzbau\" \/>\n<meta property=\"article:publisher\" content=\"https:\/\/www.facebook.com\/bertschholzbau\/\" \/>\n<meta property=\"article:published_time\" content=\"2025-01-15T21:07:30+00:00\" \/>\n<meta property=\"article:modified_time\" content=\"2025-02-17T11:06:30+00:00\" \/>\n<meta property=\"og:image\" content=\"https:\/\/bertsch-holzbau.eu\/wp-content\/uploads\/2025\/01\/Grafika_19_co-to-sa-plyty-CLT.jpg\" \/>\n\t<meta property=\"og:image:width\" content=\"1200\" \/>\n\t<meta property=\"og:image:height\" content=\"900\" \/>\n\t<meta property=\"og:image:type\" content=\"image\/jpeg\" \/>\n<meta name=\"author\" content=\"Joachim Bertsch\" \/>\n<meta name=\"twitter:card\" content=\"summary_large_image\" \/>\n<meta name=\"twitter:label1\" content=\"Szerz\u0151:\" \/>\n\t<meta name=\"twitter:data1\" content=\"Joachim Bertsch\" \/>\n\t<meta name=\"twitter:label2\" content=\"Becs\u00fclt olvas\u00e1si id\u0151\" \/>\n\t<meta name=\"twitter:data2\" content=\"6 perc\" \/>\n<script type=\"application\/ld+json\" class=\"yoast-schema-graph\">{\"@context\":\"https:\\\/\\\/schema.org\",\"@graph\":[{\"@type\":\"Article\",\"@id\":\"https:\\\/\\\/bertsch-holzbau.eu\\\/hu\\\/blog\\\/clt-panelek\\\/#article\",\"isPartOf\":{\"@id\":\"https:\\\/\\\/bertsch-holzbau.eu\\\/hu\\\/blog\\\/clt-panelek\\\/\"},\"author\":{\"name\":\"Joachim Bertsch\",\"@id\":\"https:\\\/\\\/bertsch-holzbau.eu\\\/hu\\\/#\\\/schema\\\/person\\\/13ecc06e359795647bc8686c8fc9628b\"},\"headline\":\"CLT panelek &#8211; innovat\u00edv \u00e9p\u00edt\u0151anyag\",\"datePublished\":\"2025-01-15T21:07:30+00:00\",\"dateModified\":\"2025-02-17T11:06:30+00:00\",\"mainEntityOfPage\":{\"@id\":\"https:\\\/\\\/bertsch-holzbau.eu\\\/hu\\\/blog\\\/clt-panelek\\\/\"},\"wordCount\":2191,\"commentCount\":0,\"publisher\":{\"@id\":\"https:\\\/\\\/bertsch-holzbau.eu\\\/hu\\\/#organization\"},\"image\":{\"@id\":\"https:\\\/\\\/bertsch-holzbau.eu\\\/hu\\\/blog\\\/clt-panelek\\\/#primaryimage\"},\"thumbnailUrl\":\"https:\\\/\\\/bertsch-holzbau.eu\\\/wp-content\\\/uploads\\\/2025\\\/01\\\/Grafika_19_co-to-sa-plyty-CLT.jpg\",\"articleSection\":[\"\u00d6tletek\"],\"inLanguage\":\"hu\",\"potentialAction\":[{\"@type\":\"CommentAction\",\"name\":\"Comment\",\"target\":[\"https:\\\/\\\/bertsch-holzbau.eu\\\/hu\\\/blog\\\/clt-panelek\\\/#respond\"]}]},{\"@type\":\"WebPage\",\"@id\":\"https:\\\/\\\/bertsch-holzbau.eu\\\/hu\\\/blog\\\/clt-panelek\\\/\",\"url\":\"https:\\\/\\\/bertsch-holzbau.eu\\\/hu\\\/blog\\\/clt-panelek\\\/\",\"name\":\"CLT panelek - innovat\u00edv \u00e9p\u00edt\u0151anyag | Bertsch Holzbau\",\"isPartOf\":{\"@id\":\"https:\\\/\\\/bertsch-holzbau.eu\\\/hu\\\/#website\"},\"primaryImageOfPage\":{\"@id\":\"https:\\\/\\\/bertsch-holzbau.eu\\\/hu\\\/blog\\\/clt-panelek\\\/#primaryimage\"},\"image\":{\"@id\":\"https:\\\/\\\/bertsch-holzbau.eu\\\/hu\\\/blog\\\/clt-panelek\\\/#primaryimage\"},\"thumbnailUrl\":\"https:\\\/\\\/bertsch-holzbau.eu\\\/wp-content\\\/uploads\\\/2025\\\/01\\\/Grafika_19_co-to-sa-plyty-CLT.jpg\",\"datePublished\":\"2025-01-15T21:07:30+00:00\",\"dateModified\":\"2025-02-17T11:06:30+00:00\",\"description\":\"CLT lapok - a j\u00f6v\u0151 anyaga, amely a modernit\u00e1st \u00e9s az \u00f6kol\u00f3gi\u00e1t \u00f6tv\u00f6zi a fenntarthat\u00f3 \u00e9p\u00edt\u00e9sben.\",\"breadcrumb\":{\"@id\":\"https:\\\/\\\/bertsch-holzbau.eu\\\/hu\\\/blog\\\/clt-panelek\\\/#breadcrumb\"},\"inLanguage\":\"hu\",\"potentialAction\":[{\"@type\":\"ReadAction\",\"target\":[\"https:\\\/\\\/bertsch-holzbau.eu\\\/hu\\\/blog\\\/clt-panelek\\\/\"]}]},{\"@type\":\"ImageObject\",\"inLanguage\":\"hu\",\"@id\":\"https:\\\/\\\/bertsch-holzbau.eu\\\/hu\\\/blog\\\/clt-panelek\\\/#primaryimage\",\"url\":\"https:\\\/\\\/bertsch-holzbau.eu\\\/wp-content\\\/uploads\\\/2025\\\/01\\\/Grafika_19_co-to-sa-plyty-CLT.jpg\",\"contentUrl\":\"https:\\\/\\\/bertsch-holzbau.eu\\\/wp-content\\\/uploads\\\/2025\\\/01\\\/Grafika_19_co-to-sa-plyty-CLT.jpg\",\"width\":1200,\"height\":900},{\"@type\":\"BreadcrumbList\",\"@id\":\"https:\\\/\\\/bertsch-holzbau.eu\\\/hu\\\/blog\\\/clt-panelek\\\/#breadcrumb\",\"itemListElement\":[{\"@type\":\"ListItem\",\"position\":1,\"name\":\"Home\",\"item\":\"https:\\\/\\\/bertsch-holzbau.eu\\\/hu\\\/\"},{\"@type\":\"ListItem\",\"position\":2,\"name\":\"CLT panelek &#8211; innovat\u00edv \u00e9p\u00edt\u0151anyag\"}]},{\"@type\":\"WebSite\",\"@id\":\"https:\\\/\\\/bertsch-holzbau.eu\\\/hu\\\/#website\",\"url\":\"https:\\\/\\\/bertsch-holzbau.eu\\\/hu\\\/\",\"name\":\"BHB Bertsch Holzbau\",\"description\":\"\",\"publisher\":{\"@id\":\"https:\\\/\\\/bertsch-holzbau.eu\\\/hu\\\/#organization\"},\"potentialAction\":[{\"@type\":\"SearchAction\",\"target\":{\"@type\":\"EntryPoint\",\"urlTemplate\":\"https:\\\/\\\/bertsch-holzbau.eu\\\/hu\\\/?s={search_term_string}\"},\"query-input\":{\"@type\":\"PropertyValueSpecification\",\"valueRequired\":true,\"valueName\":\"search_term_string\"}}],\"inLanguage\":\"hu\"},[],{\"@type\":\"Person\",\"@id\":\"https:\\\/\\\/bertsch-holzbau.eu\\\/hu\\\/#\\\/schema\\\/person\\\/13ecc06e359795647bc8686c8fc9628b\",\"name\":\"Joachim Bertsch\",\"image\":{\"@type\":\"ImageObject\",\"inLanguage\":\"hu\",\"@id\":\"https:\\\/\\\/bertsch-holzbau.eu\\\/wp-content\\\/litespeed\\\/avatar\\\/81f1ede881040594386bd43727a0c7b5.jpg?ver=1788161130\",\"url\":\"https:\\\/\\\/bertsch-holzbau.eu\\\/wp-content\\\/litespeed\\\/avatar\\\/81f1ede881040594386bd43727a0c7b5.jpg?ver=1788161130\",\"contentUrl\":\"https:\\\/\\\/bertsch-holzbau.eu\\\/wp-content\\\/litespeed\\\/avatar\\\/81f1ede881040594386bd43727a0c7b5.jpg?ver=1788161130\",\"caption\":\"Joachim Bertsch\"},\"url\":\"https:\\\/\\\/bertsch-holzbau.eu\\\/hu\\\/blog\\\/author\\\/j-bertsch\\\/\"}]}<\/script>\n<!-- \/ Yoast SEO plugin. -->","yoast_head_json":{"title":"CLT panelek - innovat\u00edv \u00e9p\u00edt\u0151anyag | Bertsch Holzbau","description":"CLT lapok - a j\u00f6v\u0151 anyaga, amely a modernit\u00e1st \u00e9s az \u00f6kol\u00f3gi\u00e1t \u00f6tv\u00f6zi a fenntarthat\u00f3 \u00e9p\u00edt\u00e9sben.","robots":{"index":"index","follow":"follow","max-snippet":"max-snippet:-1","max-image-preview":"max-image-preview:large","max-video-preview":"max-video-preview:-1"},"og_locale":"hu_HU","og_type":"article","og_title":"CLT panelek - innovat\u00edv \u00e9p\u00edt\u0151anyag | Bertsch Holzbau","og_description":"CLT lapok - a j\u00f6v\u0151 anyaga, amely a modernit\u00e1st \u00e9s az \u00f6kol\u00f3gi\u00e1t \u00f6tv\u00f6zi a fenntarthat\u00f3 \u00e9p\u00edt\u00e9sben.","og_url":"https:\/\/bertsch-holzbau.eu\/hu\/blog\/clt-panelek\/","og_site_name":"BHB Bertsch Holzbau","article_publisher":"https:\/\/www.facebook.com\/bertschholzbau\/","article_published_time":"2025-01-15T21:07:30+00:00","article_modified_time":"2025-02-17T11:06:30+00:00","og_image":[{"width":1200,"height":900,"url":"https:\/\/bertsch-holzbau.eu\/wp-content\/uploads\/2025\/01\/Grafika_19_co-to-sa-plyty-CLT.jpg","type":"image\/jpeg"}],"author":"Joachim Bertsch","twitter_card":"summary_large_image","twitter_misc":{"Szerz\u0151:":"Joachim Bertsch","Becs\u00fclt olvas\u00e1si id\u0151":"6 perc"},"schema":{"@context":"https:\/\/schema.org","@graph":[{"@type":"Article","@id":"https:\/\/bertsch-holzbau.eu\/hu\/blog\/clt-panelek\/#article","isPartOf":{"@id":"https:\/\/bertsch-holzbau.eu\/hu\/blog\/clt-panelek\/"},"author":{"name":"Joachim Bertsch","@id":"https:\/\/bertsch-holzbau.eu\/hu\/#\/schema\/person\/13ecc06e359795647bc8686c8fc9628b"},"headline":"CLT panelek &#8211; innovat\u00edv \u00e9p\u00edt\u0151anyag","datePublished":"2025-01-15T21:07:30+00:00","dateModified":"2025-02-17T11:06:30+00:00","mainEntityOfPage":{"@id":"https:\/\/bertsch-holzbau.eu\/hu\/blog\/clt-panelek\/"},"wordCount":2191,"commentCount":0,"publisher":{"@id":"https:\/\/bertsch-holzbau.eu\/hu\/#organization"},"image":{"@id":"https:\/\/bertsch-holzbau.eu\/hu\/blog\/clt-panelek\/#primaryimage"},"thumbnailUrl":"https:\/\/bertsch-holzbau.eu\/wp-content\/uploads\/2025\/01\/Grafika_19_co-to-sa-plyty-CLT.jpg","articleSection":["\u00d6tletek"],"inLanguage":"hu","potentialAction":[{"@type":"CommentAction","name":"Comment","target":["https:\/\/bertsch-holzbau.eu\/hu\/blog\/clt-panelek\/#respond"]}]},{"@type":"WebPage","@id":"https:\/\/bertsch-holzbau.eu\/hu\/blog\/clt-panelek\/","url":"https:\/\/bertsch-holzbau.eu\/hu\/blog\/clt-panelek\/","name":"CLT panelek - innovat\u00edv \u00e9p\u00edt\u0151anyag | Bertsch Holzbau","isPartOf":{"@id":"https:\/\/bertsch-holzbau.eu\/hu\/#website"},"primaryImageOfPage":{"@id":"https:\/\/bertsch-holzbau.eu\/hu\/blog\/clt-panelek\/#primaryimage"},"image":{"@id":"https:\/\/bertsch-holzbau.eu\/hu\/blog\/clt-panelek\/#primaryimage"},"thumbnailUrl":"https:\/\/bertsch-holzbau.eu\/wp-content\/uploads\/2025\/01\/Grafika_19_co-to-sa-plyty-CLT.jpg","datePublished":"2025-01-15T21:07:30+00:00","dateModified":"2025-02-17T11:06:30+00:00","description":"CLT lapok - a j\u00f6v\u0151 anyaga, amely a modernit\u00e1st \u00e9s az \u00f6kol\u00f3gi\u00e1t \u00f6tv\u00f6zi a fenntarthat\u00f3 \u00e9p\u00edt\u00e9sben.","breadcrumb":{"@id":"https:\/\/bertsch-holzbau.eu\/hu\/blog\/clt-panelek\/#breadcrumb"},"inLanguage":"hu","potentialAction":[{"@type":"ReadAction","target":["https:\/\/bertsch-holzbau.eu\/hu\/blog\/clt-panelek\/"]}]},{"@type":"ImageObject","inLanguage":"hu","@id":"https:\/\/bertsch-holzbau.eu\/hu\/blog\/clt-panelek\/#primaryimage","url":"https:\/\/bertsch-holzbau.eu\/wp-content\/uploads\/2025\/01\/Grafika_19_co-to-sa-plyty-CLT.jpg","contentUrl":"https:\/\/bertsch-holzbau.eu\/wp-content\/uploads\/2025\/01\/Grafika_19_co-to-sa-plyty-CLT.jpg","width":1200,"height":900},{"@type":"BreadcrumbList","@id":"https:\/\/bertsch-holzbau.eu\/hu\/blog\/clt-panelek\/#breadcrumb","itemListElement":[{"@type":"ListItem","position":1,"name":"Home","item":"https:\/\/bertsch-holzbau.eu\/hu\/"},{"@type":"ListItem","position":2,"name":"CLT panelek &#8211; innovat\u00edv \u00e9p\u00edt\u0151anyag"}]},{"@type":"WebSite","@id":"https:\/\/bertsch-holzbau.eu\/hu\/#website","url":"https:\/\/bertsch-holzbau.eu\/hu\/","name":"BHB Bertsch Holzbau","description":"","publisher":{"@id":"https:\/\/bertsch-holzbau.eu\/hu\/#organization"},"potentialAction":[{"@type":"SearchAction","target":{"@type":"EntryPoint","urlTemplate":"https:\/\/bertsch-holzbau.eu\/hu\/?s={search_term_string}"},"query-input":{"@type":"PropertyValueSpecification","valueRequired":true,"valueName":"search_term_string"}}],"inLanguage":"hu"},[],{"@type":"Person","@id":"https:\/\/bertsch-holzbau.eu\/hu\/#\/schema\/person\/13ecc06e359795647bc8686c8fc9628b","name":"Joachim Bertsch","image":{"@type":"ImageObject","inLanguage":"hu","@id":"https:\/\/bertsch-holzbau.eu\/wp-content\/litespeed\/avatar\/81f1ede881040594386bd43727a0c7b5.jpg?ver=1788161130","url":"https:\/\/bertsch-holzbau.eu\/wp-content\/litespeed\/avatar\/81f1ede881040594386bd43727a0c7b5.jpg?ver=1788161130","contentUrl":"https:\/\/bertsch-holzbau.eu\/wp-content\/litespeed\/avatar\/81f1ede881040594386bd43727a0c7b5.jpg?ver=1788161130","caption":"Joachim Bertsch"},"url":"https:\/\/bertsch-holzbau.eu\/hu\/blog\/author\/j-bertsch\/"}]}},"_links":{"self":[{"href":"https:\/\/bertsch-holzbau.eu\/hu\/wp-json\/wp\/v2\/posts\/93462","targetHints":{"allow":["GET"]}}],"collection":[{"href":"https:\/\/bertsch-holzbau.eu\/hu\/wp-json\/wp\/v2\/posts"}],"about":[{"href":"https:\/\/bertsch-holzbau.eu\/hu\/wp-json\/wp\/v2\/types\/post"}],"author":[{"embeddable":true,"href":"https:\/\/bertsch-holzbau.eu\/hu\/wp-json\/wp\/v2\/users\/6"}],"replies":[{"embeddable":true,"href":"https:\/\/bertsch-holzbau.eu\/hu\/wp-json\/wp\/v2\/comments?post=93462"}],"version-history":[{"count":1,"href":"https:\/\/bertsch-holzbau.eu\/hu\/wp-json\/wp\/v2\/posts\/93462\/revisions"}],"predecessor-version":[{"id":93464,"href":"https:\/\/bertsch-holzbau.eu\/hu\/wp-json\/wp\/v2\/posts\/93462\/revisions\/93464"}],"wp:featuredmedia":[{"embeddable":true,"href":"https:\/\/bertsch-holzbau.eu\/hu\/wp-json\/wp\/v2\/media\/93422"}],"wp:attachment":[{"href":"https:\/\/bertsch-holzbau.eu\/hu\/wp-json\/wp\/v2\/media?parent=93462"}],"wp:term":[{"taxonomy":"category","embeddable":true,"href":"https:\/\/bertsch-holzbau.eu\/hu\/wp-json\/wp\/v2\/categories?post=93462"},{"taxonomy":"post_tag","embeddable":true,"href":"https:\/\/bertsch-holzbau.eu\/hu\/wp-json\/wp\/v2\/tags?post=93462"}],"curies":[{"name":"wp","href":"https:\/\/api.w.org\/{rel}","templated":true}]}}