{"id":79948,"date":"2024-05-27T12:37:35","date_gmt":"2024-05-27T10:37:35","guid":{"rendered":"https:\/\/bertsch-holzbau.eu\/blog\/zadaszenia-ogrodowe\/"},"modified":"2025-02-17T12:06:19","modified_gmt":"2025-02-17T11:06:19","slug":"zadaszenia-ogrodowe","status":"publish","type":"post","link":"https:\/\/bertsch-holzbau.eu\/hu\/blog\/zadaszenia-ogrodowe\/","title":{"rendered":"\u00d6tletek \u00e9s p\u00e9ld\u00e1k kerti el\u0151tet\u0151kre"},"content":{"rendered":"\n<p class=\"wp-block-paragraph\"><strong>Tavasszal, ny\u00e1ron \u00e9s \u0151sszel az ember minden szabad perc\u00e9t a szabadban t\u00f6lti.<\/strong> <strong>Ahhoz, hogy j\u00f3l \u00e9rezze mag\u00e1t a kertben, gondoskodnia kell a pihen\u0151hely\u00e9r\u0151l, nevezetesen a kerti el\u0151tet\u0151kr\u0151l.<\/strong> <strong>Ezek v\u00e9delmet ny\u00fajtanak a nap \u00e9s az es\u0151 ellen.<\/strong> <strong>Ez\u00e9rt meghosszabb\u00edtj\u00e1k a szabadban elt\u00f6lt\u00f6tt id\u0151t.<\/strong> <strong>Milyen t\u00edpus\u00fa el\u0151tet\u0151k kaphat\u00f3k a piacon?<\/strong> <strong>Mi k\u00fcl\u00f6nb\u00f6zteti meg \u0151ket?<\/strong><\/p>\n\n\n\n<h2 class=\"wp-block-heading\"><strong>Kerti el\u0151tet\u0151k &#8211; \u00f6tletek a nap \u00e9s az es\u0151 elleni v\u00e9delem k\u00fcl\u00f6nb\u00f6z\u0151 t\u00edpusaihoz<\/strong><\/h2>\n\n\n\n<p class=\"wp-block-paragraph\">A piacon sz\u00e1mos v\u00e1ltozatban tal\u00e1lhat kerti el\u0151tet\u0151ket. Ezek t\u00f6bbek k\u00f6z\u00f6tt az anyagukban \u00e9s a c\u00e9ljukban k\u00fcl\u00f6nb\u00f6znek egym\u00e1st\u00f3l. A k\u00f6vetkez\u0151 lehet\u0151s\u00e9gek jelenleg a legn\u00e9pszer\u0171bbek k\u00f6z\u00e9 tartoznak.<\/p>\n\n\n\n<div class=\"wp-block-columns is-layout-flex wp-container-core-columns-is-layout-8f761849 wp-block-columns-is-layout-flex\">\n<div class=\"wp-block-column is-vertically-aligned-center is-layout-flow wp-block-column-is-layout-flow\">\n<h3 class=\"wp-block-heading\">Kerti pavilonok<\/h3>\n\n\n\n<p class=\"wp-block-paragraph\">A kerti pavilonok lehet\u0151v\u00e9 teszik, hogy \u00e1rny\u00e9kos helyet hozzon l\u00e9tre a pihen\u00e9shez a kert kiv\u00e1lasztott hely\u00e9n. Kiv\u00e1laszthatja m\u00e9ret\u00fcket, sz\u00edn\u00fcket, form\u00e1jukat vagy tet\u0151fed\u00e9s\u00fck t\u00edpus\u00e1t.<\/p>\n\n\n\n<h3 class=\"wp-block-heading\">Kerti f\u00e9szerek<\/h3>\n\n\n\n<p class=\"wp-block-paragraph\">A teraszf\u00e9szerek lehetnek f\u00e1b\u00f3l k\u00e9sz\u00fclt kerti el\u0151tet\u0151k, de m\u00e1s anyagokb\u00f3l (pl. alum\u00edniumb\u00f3l, betonfalb\u00f3l \u00e9s f\u00e1b\u00f3l) k\u00e9sz\u00fclt szerkezetek is. V\u00e9delmet ny\u00fajtanak a nap \u00e9s az es\u0151 ellen. A szerkezet lehet p\u00e9ld\u00e1ul egy \u00e9p\u00fcletr\u00e9szhez csatlakoz\u00f3 (az egyik falon nyugv\u00f3) vagy szabadon \u00e1ll\u00f3 objektum.<\/p>\n<\/div>\n\n\n\n<div class=\"wp-block-column is-vertically-aligned-center is-layout-flow wp-block-column-is-layout-flow\">\n<figure class=\"wp-block-image size-large\"><img loading=\"lazy\" decoding=\"async\" width=\"1024\" height=\"660\" src=\"https:\/\/bertsch-holzbau.eu\/wp-content\/uploads\/2024\/08\/000617-01-1024x660.jpg\" alt=\"\" class=\"wp-image-81535\" srcset=\"https:\/\/bertsch-holzbau.eu\/wp-content\/uploads\/2024\/08\/000617-01-1024x660.jpg 1024w, https:\/\/bertsch-holzbau.eu\/wp-content\/uploads\/2024\/08\/000617-01-300x193.jpg 300w, https:\/\/bertsch-holzbau.eu\/wp-content\/uploads\/2024\/08\/000617-01-768x495.jpg 768w, https:\/\/bertsch-holzbau.eu\/wp-content\/uploads\/2024\/08\/000617-01-1536x991.jpg 1536w, https:\/\/bertsch-holzbau.eu\/wp-content\/uploads\/2024\/08\/000617-01-2048x1321.jpg 2048w, https:\/\/bertsch-holzbau.eu\/wp-content\/uploads\/2024\/08\/000617-01-400x258.jpg 400w, https:\/\/bertsch-holzbau.eu\/wp-content\/uploads\/2024\/08\/000617-01-600x387.jpg 600w, https:\/\/bertsch-holzbau.eu\/wp-content\/uploads\/2024\/08\/000617-01-800x516.jpg 800w, https:\/\/bertsch-holzbau.eu\/wp-content\/uploads\/2024\/08\/000617-01-1200x774.jpg 1200w\" sizes=\"auto, (max-width: 1024px) 100vw, 1024px\" \/><\/figure>\n<\/div>\n<\/div>\n\n\n\n<h3 class=\"wp-block-heading\">Kerti pavilonok<\/h3>\n\n\n\n<p class=\"wp-block-paragraph\">Kerti pavilonok &#8211; hogyan teljes\u00edtenek az ilyen s\u00e1trak? Ezek \u00e1ltal\u00e1ban nyitott szerkezetek, \u00e9s sokf\u00e9le form\u00e1j\u00faak lehetnek &#8211; a klasszikus kerek vagy n\u00e9gyzet alak\u00fa kialak\u00edt\u00e1sokt\u00f3l a modernebb \u00e9s nem szabv\u00e1nyos form\u00e1kig. Gyakran d\u00edsz\u00edtik \u0151ket olyan r\u00e9szletekkel, mint a fafarag\u00e1sok, kov\u00e1csolt f\u00e9melemek vagy \u00fcvegelemek, amelyek n\u00f6velik eleganci\u00e1jukat.<\/p>\n\n\n\n<h3 class=\"wp-block-heading\">Polikarbon\u00e1t el\u0151tet\u0151k<\/h3>\n\n\n\n<p class=\"wp-block-paragraph\">Leggyakrabban fa- vagy ac\u00e9lszerkezetre \u00e9p\u00fclnek. K\u00fcl\u00f6n\u00f6sen j\u00f3l m\u0171k\u00f6dnek olyan teraszokon, amelyek a h\u00e1z meghosszabb\u00edt\u00e1s\u00e1t jelentik. Az \u00e1tl\u00e1tsz\u00f3 anyag nem \u00e1rny\u00e9kolja be az ablakokat \u00e9s ez\u00e1ltal az \u00e9p\u00fclet helyis\u00e9geit.<\/p>\n\n\n\n<h3 class=\"wp-block-heading\">Napellenz\u0151k<\/h3>\n\n\n\n<p class=\"wp-block-paragraph\">A napellenz\u0151ket a homlokzatra szerelik fel. Ig\u00e9ny szerint nyithat\u00f3k \u00e9s z\u00e1rhat\u00f3k (k\u00e9zzel vagy automatikusan). Nem foglalnak sok helyet, \u00e9s m\u00e9g kis erk\u00e9lyek vagy teraszok eset\u00e9ben is alkalmasak.<\/p>\n\n\n\n<h3 class=\"wp-block-heading\">Eserny\u0151k<\/h3>\n\n\n\n<p class=\"wp-block-paragraph\">Az eserny\u0151k gyakran mobil jelleg\u0171ek. Fel lehet szerelni \u0151ket egy kerekeken \u00e1ll\u00f3 \u00e1llv\u00e1nyra, de \u00e1lland\u00f3an is elhelyezhet\u0151k a kert vagy a terasz egy adott pontj\u00e1n &#8211; p\u00e9ld\u00e1ul a fotelek letakar\u00e1s\u00e1ra. Ez az\u00e9rt van \u00edgy, mert a kerti b\u00fatorok el\u0151tet\u0151 n\u00e9lk\u00fcl hajlamosak a s\u00e9r\u00fcl\u00e9sre. A piacon a k\u00fcl\u00f6nb\u00f6z\u0151 \u00e1tm\u00e9r\u0151j\u0171, sz\u00edn\u0171 vagy param\u00e9ter\u0171 modellek sz\u00e9les v\u00e1laszt\u00e9k\u00e1t tal\u00e1lja. Fontos, hogy ezek k\u00f6z\u00fcl egy strapab\u00edr\u00f3 \u00e9s tart\u00f3s darabot v\u00e1lasszon, hogy sok szezonon \u00e1t szolg\u00e1ljon.<\/p>\n\n\n\n<h3 class=\"wp-block-heading\">Teraszok meghosszabb\u00edtott tet\u0151vel<\/h3>\n\n\n\n<p class=\"wp-block-paragraph\">Ezek k\u00fcl\u00f6n\u00f6sen az \u00faj \u00e9p\u00edt\u00e9s\u0171 h\u00e1zakn\u00e1l n\u00e9pszer\u0171 megold\u00e1snak sz\u00e1m\u00edtanak. A modern kerti el\u0151tet\u0151k mag\u00e1nak az \u00e9p\u00fcletnek a meghosszabb\u00edt\u00e1s\u00e1t k\u00e9pezik, \u00e9s ahhoz kapcsol\u00f3dnak. K\u00e9sz\u00fclhetnek f\u00e1b\u00f3l, de lehet p\u00e9ld\u00e1ul betonoszlopokra is alapozni \u0151ket.<\/p>\n\n\n\n<p class=\"wp-block-paragraph\">Az el\u0151tet\u0151 t\u00edpus\u00e1nak att\u00f3l kell f\u00fcggenie, hogy mit szeretne lefedni: legyen az egy terasz a h\u00e1zn\u00e1l, egy szabad t\u00e9r a kertben vagy p\u00e9ld\u00e1ul egy erk\u00e9ly. <strong>A szabadon \u00e1ll\u00f3 kerti el\u0151tet\u0151k <\/strong>saj\u00e1toss\u00e1gaikban k\u00fcl\u00f6nb\u00f6znek a h\u00e1zhoz vagy p\u00e9ld\u00e1ul a gar\u00e1zshoz r\u00f6gz\u00edtettekt\u0151l. A konkr\u00e9t megold\u00e1sokat minden esetben az \u00d6n ig\u00e9nyeihez kell igaz\u00edtani. \u00c9rdemes mindenekel\u0151tt az \u00e9p\u00edt\u00e9s sor\u00e1n felhaszn\u00e1lt anyagokat figyelembe venni. A f\u00e1b\u00f3l k\u00e9sz\u00fclt kerti el\u0151tet\u0151k e tekintetben nagyon n\u00e9pszer\u0171ek.<\/p>\n\n\n\n<div class=\"wp-block-group green-box\"><div class=\"wp-block-group__inner-container is-layout-constrained wp-block-group-is-layout-constrained\">\n<h2 class=\"wp-block-heading\"><strong>F\u00e1b\u00f3l k\u00e9sz\u00fclt kerti el\u0151tet\u0151k<\/strong><\/h2>\n\n\n\n<p class=\"wp-block-paragraph\"><strong>A f\u00e1b\u00f3l k\u00e9sz\u00fclt kerti el\u0151tet\u0151k <\/strong>sz\u00e1mos el\u0151nnyel rendelkeznek, amelyeknek n\u00e9pszer\u0171s\u00e9g\u00fcket k\u00f6sz\u00f6nhetik. Mindenekel\u0151tt nagyszer\u0171 tervez\u00e9si lehet\u0151s\u00e9geket k\u00edn\u00e1lnak. K\u00fcl\u00f6nf\u00e9le tart\u00f3s \u00e9s stabil szerkezetek hozhat\u00f3k l\u00e9tre vel\u00fck, p\u00e9ld\u00e1ul: <strong>szabadon \u00e1ll\u00f3 kerti el\u0151tet\u0151k <\/strong>(pl. pavilonok, kiv\u00e1l\u00f3 min\u0151s\u00e9g\u0171 kerti pergol\u00e1k, f\u00e9szerek), a h\u00e1zn\u00e1l (pl. tet\u0151b\u0151v\u00edt\u00e9s, az \u00e9p\u00fclethez hozz\u00e1\u00e9p\u00edtett f\u00e9szer) vagy p\u00e9ld\u00e1ul a gar\u00e1zsn\u00e1l. <strong>A f\u00e1b\u00f3l k\u00e9sz\u00fclt kerti <\/strong>el\u0151tet\u0151k kialak\u00edt\u00e1sukban is v\u00e1ltozhatnak. Egyesek modern, lapos tet\u0151vel rendelkeznek, m\u00e1sok t\u00f6bbosztat\u00faak, megint m\u00e1sok pedig cs\u00facsos kialak\u00edt\u00e1s\u00faak.<\/p>\n\n\n\n<p class=\"wp-block-paragraph\">Az adott t\u00edpus\u00fa nap- \u00e9s es\u0151 elleni mened\u00e9k kiv\u00e1laszt\u00e1sa az \u00d6n \u00edzl\u00e9s\u00e9t\u0151l \u00e9s a <strong>pavilon<\/strong> haszn\u00e1lat\u00e1nak ig\u00e9nyeit\u0151l f\u00fcgg . A f\u00e1b\u00f3l k\u00e9sz\u00fclt<strong>kerti el\u0151tet\u0151k <\/strong>minden esetben eszt\u00e9tikusak \u00e9s nagyszer\u0171 tervez\u00e9si lehet\u0151s\u00e9geket k\u00edn\u00e1lnak. Emellett tart\u00f3sak \u00e9s klasszikus, id\u0151t\u00e1ll\u00f3 jelleg\u0171ek. Term\u00e9szetes anyagokb\u00f3l k\u00e9sz\u00fclnek, k\u00f6rnyezetbar\u00e1tok \u00e9s t\u00f6k\u00e9letesen illeszkednek b\u00e1rmilyen st\u00edlus\u00fa kerti k\u00f6rnyezetbe. Amikor azonban egy adott szerkezetet v\u00e1laszt mag\u00e1nak, mindenekel\u0151tt az \u00edzl\u00e9se \u00e9s a teljes\u00edtm\u00e9nnyel kapcsolatos elv\u00e1r\u00e1sai vez\u00e9relj\u00e9k.<\/p>\n<\/div><\/div>\n\n\n\n<h2 class=\"wp-block-heading\"><strong>P\u00e9ld\u00e1k a kerti el\u0151tet\u0151k haszn\u00e1lat\u00e1ra<\/strong><\/h2>\n\n\n\n<p class=\"wp-block-paragraph\">A kerti el\u0151tet\u0151k felhaszn\u00e1l\u00e1s\u00e1nak p\u00e9ld\u00e1i megmutatj\u00e1k, hogy ezek a szerkezetek milyen soksz\u00edn\u0171ek \u00e9s funkcion\u00e1lisak lehetnek a mindennapi \u00e9letben. \u00cdme inspir\u00e1l\u00f3 \u00f6tletek a kerti el\u0151tet\u0151k haszn\u00e1lat\u00e1ra, amelyek eg\u00e9sz \u00e9vben n\u00f6velik a kert k\u00e9nyelm\u00e9t \u00e9s eszt\u00e9tik\u00e1j\u00e1t.<\/p>\n\n\n\n<h3 class=\"wp-block-heading\"><strong>Kerti pavilon, mint a csal\u00e1di \u00f6sszej\u00f6vetelek k\u00f6zpontja<\/strong><\/h3>\n\n\n\n<p class=\"wp-block-paragraph\">Egy kerti pavilon a csal\u00e1di \u00f6sszej\u00f6vetelek \u00e9s ny\u00e1ri partik k\u00f6z\u00e9ppontj\u00e1v\u00e1 v\u00e1lhat. A pavilon k\u00e9nyelmes b\u00fatorokkal, LED-vil\u00e1g\u00edt\u00e1ssal \u00e9s grillez\u0151vel val\u00f3 felszerel\u00e9se t\u00f6k\u00e9letes helyet teremt a k\u00f6z\u00f6s id\u0151t\u00f6lt\u00e9shez. Egy pavilon p\u00e9ld\u00e1ul faasztallal, p\u00e1rn\u00e1zott sz\u00e9kekkel \u00e9s dekorat\u00edv l\u00e1mp\u00e1kkal.<\/p>\n\n\n\n<h3 class=\"wp-block-heading\"><strong>A grillez\u0151hely f\u00f6l\u00e9 ny\u00e1ri konyhak\u00e9nt kialak\u00edtott el\u0151tet\u0151.<\/strong><\/h3>\n\n\n\n<p class=\"wp-block-paragraph\">Grillpartikhoz \u00e9s partikhoz ide\u00e1lis hely, amely megv\u00e9di a felszerel\u00e9st \u00e9s a vend\u00e9geket a kisz\u00e1m\u00edthatatlan id\u0151j\u00e1r\u00e1si viszonyokt\u00f3l.<\/p>\n\n\n\n<h3 class=\"wp-block-heading\"><strong>Relax\u00e1ci\u00f3s ter\u00fclet jacuzzival vagy kis medenc\u00e9vel<\/strong><\/h3>\n\n\n\n<p class=\"wp-block-paragraph\">Az el\u0151tet\u0151 lehet\u0151v\u00e9 teszi, hogy a kertben egy jacuzzit vagy egy kis medenc\u00e9t helyezzen el, amely eg\u00e9sz \u00e9vben haszn\u00e1lhat\u00f3.<\/p>\n\n\n\n<h3 class=\"wp-block-heading\"><strong>Hely egy otthoni k\u00e1v\u00e9z\u00f3 vagy olvas\u00f3szoba sz\u00e1m\u00e1ra<\/strong><\/h3>\n\n\n\n<p class=\"wp-block-paragraph\">Haszn\u00e1lja a fedett kertet egy k\u00f6nyvvel vagy egy cs\u00e9sze k\u00e1v\u00e9val val\u00f3 id\u0151t\u00f6lt\u00e9s helyek\u00e9nt, amely id\u0151j\u00e1r\u00e1st\u00f3l f\u00fcggetlen\u00fcl kil\u00e1t\u00e1st ny\u00fajt a kertre.<\/p>\n\n\n\n<h3 class=\"wp-block-heading\"><strong>Kert\u00e9szeti m\u0171hely vagy hely kreat\u00edv hobbiknak.<\/strong><\/h3>\n\n\n\n<p class=\"wp-block-paragraph\">Egy fedett kert, mint p\u00e9ld\u00e1ul egy kib\u0151v\u00edtett terasz vagy teraszos f\u00e9szer: olyan helyet v\u00e9d, ahol a term\u00e9szetes f\u00e9nyt \u00e9s az inspir\u00e1l\u00f3 k\u00f6rnyezetet \u00e9lvezve lehet kert\u00e9szkedni vagy m\u00e1s hobbikat, p\u00e9ld\u00e1ul festeni vagy k\u00e9zm\u0171veskedni.<\/p>\n\n\n\n<h2 class=\"wp-block-heading\"><strong>K\u00f6vetkeztet\u00e9s:<\/strong><\/h2>\n\n\n\n<p class=\"wp-block-paragraph\">A kerti el\u0151tet\u0151k sokf\u00e9le funkci\u00f3t k\u00edn\u00e1lnak, a k\u00fclt\u00e9ri terek k\u00e9nyelm\u00e9nek n\u00f6vel\u00e9s\u00e9t\u0151l kezdve az id\u0151j\u00e1r\u00e1s elleni v\u00e9delmen \u00e1t az eszt\u00e9tikai dimenzi\u00f3 hozz\u00e1ad\u00e1s\u00e1ig minden kerthez. A piacon kaphat\u00f3 el\u0151tet\u0151k modelljei, a hagyom\u00e1nyos pavilonokt\u00f3l a modern teraszszerkezetekig, lehet\u0151v\u00e9 teszik, hogy t\u00f6k\u00e9letes helyet teremtsen a pihen\u00e9shez, a munk\u00e1hoz vagy a t\u00e1rsas\u00e1gi \u00e9lethez. A megfelel\u0151 el\u0151tet\u0151 kiv\u00e1laszt\u00e1sakor \u00e9rdemes odafigyelni arra, hogy milyen anyagb\u00f3l k\u00e9sz\u00fcl, \u00e9s mennyire illeszkedik harmonikusan a kerti k\u00f6rnyezetbe. A kerti el\u0151tet\u0151k nemcsak praktikus megold\u00e1sok, hanem fontos dekor\u00e1ci\u00f3s elemek is, amelyek teljesen megv\u00e1ltoztathatj\u00e1k k\u00fclt\u00e9ri ter\u00fcnk jelleg\u00e9t.<\/p>\n\n\n\n<p class=\"wp-block-paragraph\">A fa szerkezetek tapasztalt gy\u00e1rt\u00f3jak\u00e9nt a fa el\u0151tet\u0151k sz\u00e9les v\u00e1laszt\u00e9k\u00e1t k\u00edn\u00e1ljuk, amelyek a legig\u00e9nyesebb \u00fcgyfelek elv\u00e1r\u00e1sainak is megfelelnek. Tiszt\u00e1ban vagyunk azzal, hogy az \u00d6n ig\u00e9nyei \u00e9s preferenci\u00e1i mennyire sokf\u00e9l\u00e9k lehetnek, ez\u00e9rt szak\u00e9rt\u0151 seg\u00edts\u00e9get ny\u00fajtunk a t\u00f6k\u00e9letes el\u0151tet\u0151 kiv\u00e1laszt\u00e1s\u00e1ban, amely harmonikusan illeszkedik majd az \u00d6n kerti ter\u00e9be.<\/p>\n\n\n\n<figure class=\"wp-block-gallery has-nested-images columns-default is-cropped wp-block-gallery-1 is-layout-flex wp-block-gallery-is-layout-flex\">\n<figure class=\"wp-block-image size-large\"><img loading=\"lazy\" decoding=\"async\" width=\"1024\" height=\"768\" data-id=\"79945\" src=\"https:\/\/bertsch-holzbau.eu\/wp-content\/uploads\/2024\/08\/000741-01-1024x768.jpg\" alt=\"\" class=\"wp-image-79945\" srcset=\"https:\/\/bertsch-holzbau.eu\/wp-content\/uploads\/2024\/08\/000741-01-1024x768.jpg 1024w, https:\/\/bertsch-holzbau.eu\/wp-content\/uploads\/2024\/08\/000741-01-300x225.jpg 300w, https:\/\/bertsch-holzbau.eu\/wp-content\/uploads\/2024\/08\/000741-01-768x576.jpg 768w, https:\/\/bertsch-holzbau.eu\/wp-content\/uploads\/2024\/08\/000741-01-1536x1152.jpg 1536w, https:\/\/bertsch-holzbau.eu\/wp-content\/uploads\/2024\/08\/000741-01-2048x1536.jpg 2048w, https:\/\/bertsch-holzbau.eu\/wp-content\/uploads\/2024\/08\/000741-01-400x300.jpg 400w, https:\/\/bertsch-holzbau.eu\/wp-content\/uploads\/2024\/08\/000741-01-600x450.jpg 600w, https:\/\/bertsch-holzbau.eu\/wp-content\/uploads\/2024\/08\/000741-01-800x600.jpg 800w, https:\/\/bertsch-holzbau.eu\/wp-content\/uploads\/2024\/08\/000741-01-1200x900.jpg 1200w\" sizes=\"auto, (max-width: 1024px) 100vw, 1024px\" \/><\/figure>\n\n\n\n<figure class=\"wp-block-image size-large\"><img loading=\"lazy\" decoding=\"async\" width=\"1024\" height=\"768\" data-id=\"88059\" src=\"https:\/\/bertsch-holzbau.eu\/wp-content\/uploads\/2024\/06\/000023-01-2-1024x768.jpg\" alt=\"\" class=\"wp-image-88059\" srcset=\"https:\/\/bertsch-holzbau.eu\/wp-content\/uploads\/2024\/06\/000023-01-2-1024x768.jpg 1024w, https:\/\/bertsch-holzbau.eu\/wp-content\/uploads\/2024\/06\/000023-01-2-300x225.jpg 300w, https:\/\/bertsch-holzbau.eu\/wp-content\/uploads\/2024\/06\/000023-01-2-768x576.jpg 768w, https:\/\/bertsch-holzbau.eu\/wp-content\/uploads\/2024\/06\/000023-01-2-1536x1152.jpg 1536w, https:\/\/bertsch-holzbau.eu\/wp-content\/uploads\/2024\/06\/000023-01-2-400x300.jpg 400w, https:\/\/bertsch-holzbau.eu\/wp-content\/uploads\/2024\/06\/000023-01-2-600x450.jpg 600w, https:\/\/bertsch-holzbau.eu\/wp-content\/uploads\/2024\/06\/000023-01-2-800x600.jpg 800w, https:\/\/bertsch-holzbau.eu\/wp-content\/uploads\/2024\/06\/000023-01-2-1200x900.jpg 1200w, https:\/\/bertsch-holzbau.eu\/wp-content\/uploads\/2024\/06\/000023-01-2.jpg 2016w\" sizes=\"auto, (max-width: 1024px) 100vw, 1024px\" \/><\/figure>\n\n\n\n<figure class=\"wp-block-image size-large\"><img loading=\"lazy\" decoding=\"async\" width=\"1024\" height=\"682\" data-id=\"81444\" src=\"https:\/\/bertsch-holzbau.eu\/wp-content\/uploads\/2024\/08\/000429-01-1024x682.jpg\" alt=\"\" class=\"wp-image-81444\" srcset=\"https:\/\/bertsch-holzbau.eu\/wp-content\/uploads\/2024\/08\/000429-01-1024x682.jpg 1024w, https:\/\/bertsch-holzbau.eu\/wp-content\/uploads\/2024\/08\/000429-01-300x200.jpg 300w, https:\/\/bertsch-holzbau.eu\/wp-content\/uploads\/2024\/08\/000429-01-768x512.jpg 768w, https:\/\/bertsch-holzbau.eu\/wp-content\/uploads\/2024\/08\/000429-01-1536x1024.jpg 1536w, https:\/\/bertsch-holzbau.eu\/wp-content\/uploads\/2024\/08\/000429-01-2048x1365.jpg 2048w, https:\/\/bertsch-holzbau.eu\/wp-content\/uploads\/2024\/08\/000429-01-400x267.jpg 400w, https:\/\/bertsch-holzbau.eu\/wp-content\/uploads\/2024\/08\/000429-01-600x400.jpg 600w, https:\/\/bertsch-holzbau.eu\/wp-content\/uploads\/2024\/08\/000429-01-800x533.jpg 800w, https:\/\/bertsch-holzbau.eu\/wp-content\/uploads\/2024\/08\/000429-01-1200x800.jpg 1200w\" sizes=\"auto, (max-width: 1024px) 100vw, 1024px\" \/><\/figure>\n<\/figure>\n","protected":false},"excerpt":{"rendered":"<p>Tavasszal, ny\u00e1ron \u00e9s \u0151sszel az ember minden szabad perc\u00e9t a szabadban t\u00f6lti. Ahhoz, hogy j\u00f3l \u00e9rezze mag\u00e1t a kertben, gondoskodnia kell a pihen\u0151hely\u00e9r\u0151l, nevezetesen a kerti el\u0151tet\u0151kr\u0151l. Ezek v\u00e9delmet ny\u00fajtanak a nap \u00e9s az es\u0151 ellen. Ez\u00e9rt meghosszabb\u00edtj\u00e1k a szabadban elt\u00f6lt\u00f6tt id\u0151t. Milyen t\u00edpus\u00fa el\u0151tet\u0151k kaphat\u00f3k a piacon? Mi k\u00fcl\u00f6nb\u00f6zteti meg \u0151ket? Kerti el\u0151tet\u0151k &#8211; [&hellip;]<\/p>\n","protected":false},"author":6,"featured_media":112029,"comment_status":"open","ping_status":"open","sticky":false,"template":"","format":"standard","meta":{"_acf_changed":false,"footnotes":""},"categories":[609],"tags":[],"class_list":["post-79948","post","type-post","status-publish","format-standard","has-post-thumbnail","hentry","category-otletek"],"acf":[],"yoast_head":"<!-- This site is optimized with the Yoast SEO plugin v27.8 - https:\/\/yoast.com\/product\/yoast-seo-wordpress\/ -->\n<title>\u00d6tletek \u00e9s p\u00e9ld\u00e1k kerti el\u0151tet\u0151kre - BHB Bertsch Holzbau<\/title>\n<meta name=\"robots\" content=\"index, follow, max-snippet:-1, max-image-preview:large, max-video-preview:-1\" \/>\n<meta property=\"og:locale\" content=\"hu_HU\" \/>\n<meta property=\"og:type\" content=\"article\" \/>\n<meta property=\"og:title\" content=\"\u00d6tletek \u00e9s p\u00e9ld\u00e1k kerti el\u0151tet\u0151kre - BHB Bertsch Holzbau\" \/>\n<meta property=\"og:description\" content=\"Tavasszal, ny\u00e1ron \u00e9s \u0151sszel az ember minden szabad perc\u00e9t a szabadban t\u00f6lti. Ahhoz, hogy j\u00f3l \u00e9rezze mag\u00e1t a kertben, gondoskodnia kell a pihen\u0151hely\u00e9r\u0151l, nevezetesen a kerti el\u0151tet\u0151kr\u0151l. Ezek v\u00e9delmet ny\u00fajtanak a nap \u00e9s az es\u0151 ellen. Ez\u00e9rt meghosszabb\u00edtj\u00e1k a szabadban elt\u00f6lt\u00f6tt id\u0151t. Milyen t\u00edpus\u00fa el\u0151tet\u0151k kaphat\u00f3k a piacon? Mi k\u00fcl\u00f6nb\u00f6zteti meg \u0151ket? Kerti el\u0151tet\u0151k &#8211; [&hellip;]\" \/>\n<meta property=\"og:url\" content=\"https:\/\/bertsch-holzbau.eu\/hu\/blog\/zadaszenia-ogrodowe\/\" \/>\n<meta property=\"og:site_name\" content=\"BHB Bertsch Holzbau\" \/>\n<meta property=\"article:publisher\" content=\"https:\/\/www.facebook.com\/bertschholzbau\/\" \/>\n<meta property=\"article:published_time\" content=\"2024-05-27T10:37:35+00:00\" \/>\n<meta property=\"article:modified_time\" content=\"2025-02-17T11:06:19+00:00\" \/>\n<meta property=\"og:image\" content=\"https:\/\/bertsch-holzbau.eu\/wp-content\/uploads\/2024\/05\/000425-01.jpg\" \/>\n\t<meta property=\"og:image:width\" content=\"2560\" \/>\n\t<meta property=\"og:image:height\" content=\"1920\" \/>\n\t<meta property=\"og:image:type\" content=\"image\/jpeg\" \/>\n<meta name=\"author\" content=\"Joachim Bertsch\" \/>\n<meta name=\"twitter:card\" content=\"summary_large_image\" \/>\n<meta name=\"twitter:label1\" content=\"Szerz\u0151:\" \/>\n\t<meta name=\"twitter:data1\" content=\"Joachim Bertsch\" \/>\n\t<meta name=\"twitter:label2\" content=\"Becs\u00fclt olvas\u00e1si id\u0151\" \/>\n\t<meta name=\"twitter:data2\" content=\"5 perc\" \/>\n<script type=\"application\/ld+json\" class=\"yoast-schema-graph\">{\"@context\":\"https:\\\/\\\/schema.org\",\"@graph\":[{\"@type\":\"Article\",\"@id\":\"https:\\\/\\\/bertsch-holzbau.eu\\\/hu\\\/blog\\\/zadaszenia-ogrodowe\\\/#article\",\"isPartOf\":{\"@id\":\"https:\\\/\\\/bertsch-holzbau.eu\\\/hu\\\/blog\\\/zadaszenia-ogrodowe\\\/\"},\"author\":{\"name\":\"Joachim Bertsch\",\"@id\":\"https:\\\/\\\/bertsch-holzbau.eu\\\/hu\\\/#\\\/schema\\\/person\\\/13ecc06e359795647bc8686c8fc9628b\"},\"headline\":\"\u00d6tletek \u00e9s p\u00e9ld\u00e1k kerti el\u0151tet\u0151kre\",\"datePublished\":\"2024-05-27T10:37:35+00:00\",\"dateModified\":\"2025-02-17T11:06:19+00:00\",\"mainEntityOfPage\":{\"@id\":\"https:\\\/\\\/bertsch-holzbau.eu\\\/hu\\\/blog\\\/zadaszenia-ogrodowe\\\/\"},\"wordCount\":1488,\"commentCount\":0,\"publisher\":{\"@id\":\"https:\\\/\\\/bertsch-holzbau.eu\\\/hu\\\/#organization\"},\"image\":{\"@id\":\"https:\\\/\\\/bertsch-holzbau.eu\\\/hu\\\/blog\\\/zadaszenia-ogrodowe\\\/#primaryimage\"},\"thumbnailUrl\":\"https:\\\/\\\/bertsch-holzbau.eu\\\/wp-content\\\/uploads\\\/2024\\\/05\\\/14.-Pomysly-i-przyklady-zadaszen-ogrodowych.jpg\",\"articleSection\":[\"\u00d6tletek\"],\"inLanguage\":\"hu\",\"potentialAction\":[{\"@type\":\"CommentAction\",\"name\":\"Comment\",\"target\":[\"https:\\\/\\\/bertsch-holzbau.eu\\\/hu\\\/blog\\\/zadaszenia-ogrodowe\\\/#respond\"]}]},{\"@type\":\"WebPage\",\"@id\":\"https:\\\/\\\/bertsch-holzbau.eu\\\/hu\\\/blog\\\/zadaszenia-ogrodowe\\\/\",\"url\":\"https:\\\/\\\/bertsch-holzbau.eu\\\/hu\\\/blog\\\/zadaszenia-ogrodowe\\\/\",\"name\":\"\u00d6tletek \u00e9s p\u00e9ld\u00e1k kerti el\u0151tet\u0151kre - BHB Bertsch Holzbau\",\"isPartOf\":{\"@id\":\"https:\\\/\\\/bertsch-holzbau.eu\\\/hu\\\/#website\"},\"primaryImageOfPage\":{\"@id\":\"https:\\\/\\\/bertsch-holzbau.eu\\\/hu\\\/blog\\\/zadaszenia-ogrodowe\\\/#primaryimage\"},\"image\":{\"@id\":\"https:\\\/\\\/bertsch-holzbau.eu\\\/hu\\\/blog\\\/zadaszenia-ogrodowe\\\/#primaryimage\"},\"thumbnailUrl\":\"https:\\\/\\\/bertsch-holzbau.eu\\\/wp-content\\\/uploads\\\/2024\\\/05\\\/14.-Pomysly-i-przyklady-zadaszen-ogrodowych.jpg\",\"datePublished\":\"2024-05-27T10:37:35+00:00\",\"dateModified\":\"2025-02-17T11:06:19+00:00\",\"breadcrumb\":{\"@id\":\"https:\\\/\\\/bertsch-holzbau.eu\\\/hu\\\/blog\\\/zadaszenia-ogrodowe\\\/#breadcrumb\"},\"inLanguage\":\"hu\",\"potentialAction\":[{\"@type\":\"ReadAction\",\"target\":[\"https:\\\/\\\/bertsch-holzbau.eu\\\/hu\\\/blog\\\/zadaszenia-ogrodowe\\\/\"]}]},{\"@type\":\"ImageObject\",\"inLanguage\":\"hu\",\"@id\":\"https:\\\/\\\/bertsch-holzbau.eu\\\/hu\\\/blog\\\/zadaszenia-ogrodowe\\\/#primaryimage\",\"url\":\"https:\\\/\\\/bertsch-holzbau.eu\\\/wp-content\\\/uploads\\\/2024\\\/05\\\/14.-Pomysly-i-przyklady-zadaszen-ogrodowych.jpg\",\"contentUrl\":\"https:\\\/\\\/bertsch-holzbau.eu\\\/wp-content\\\/uploads\\\/2024\\\/05\\\/14.-Pomysly-i-przyklady-zadaszen-ogrodowych.jpg\",\"width\":1200,\"height\":900},{\"@type\":\"BreadcrumbList\",\"@id\":\"https:\\\/\\\/bertsch-holzbau.eu\\\/hu\\\/blog\\\/zadaszenia-ogrodowe\\\/#breadcrumb\",\"itemListElement\":[{\"@type\":\"ListItem\",\"position\":1,\"name\":\"Home\",\"item\":\"https:\\\/\\\/bertsch-holzbau.eu\\\/hu\\\/\"},{\"@type\":\"ListItem\",\"position\":2,\"name\":\"\u00d6tletek \u00e9s p\u00e9ld\u00e1k kerti el\u0151tet\u0151kre\"}]},{\"@type\":\"WebSite\",\"@id\":\"https:\\\/\\\/bertsch-holzbau.eu\\\/hu\\\/#website\",\"url\":\"https:\\\/\\\/bertsch-holzbau.eu\\\/hu\\\/\",\"name\":\"BHB Bertsch Holzbau\",\"description\":\"\",\"publisher\":{\"@id\":\"https:\\\/\\\/bertsch-holzbau.eu\\\/hu\\\/#organization\"},\"potentialAction\":[{\"@type\":\"SearchAction\",\"target\":{\"@type\":\"EntryPoint\",\"urlTemplate\":\"https:\\\/\\\/bertsch-holzbau.eu\\\/hu\\\/?s={search_term_string}\"},\"query-input\":{\"@type\":\"PropertyValueSpecification\",\"valueRequired\":true,\"valueName\":\"search_term_string\"}}],\"inLanguage\":\"hu\"},[],{\"@type\":\"Person\",\"@id\":\"https:\\\/\\\/bertsch-holzbau.eu\\\/hu\\\/#\\\/schema\\\/person\\\/13ecc06e359795647bc8686c8fc9628b\",\"name\":\"Joachim Bertsch\",\"image\":{\"@type\":\"ImageObject\",\"inLanguage\":\"hu\",\"@id\":\"https:\\\/\\\/bertsch-holzbau.eu\\\/wp-content\\\/litespeed\\\/avatar\\\/81f1ede881040594386bd43727a0c7b5.jpg?ver=1788161130\",\"url\":\"https:\\\/\\\/bertsch-holzbau.eu\\\/wp-content\\\/litespeed\\\/avatar\\\/81f1ede881040594386bd43727a0c7b5.jpg?ver=1788161130\",\"contentUrl\":\"https:\\\/\\\/bertsch-holzbau.eu\\\/wp-content\\\/litespeed\\\/avatar\\\/81f1ede881040594386bd43727a0c7b5.jpg?ver=1788161130\",\"caption\":\"Joachim Bertsch\"},\"url\":\"https:\\\/\\\/bertsch-holzbau.eu\\\/hu\\\/blog\\\/author\\\/j-bertsch\\\/\"}]}<\/script>\n<!-- \/ Yoast SEO plugin. -->","yoast_head_json":{"title":"\u00d6tletek \u00e9s p\u00e9ld\u00e1k kerti el\u0151tet\u0151kre - BHB Bertsch Holzbau","robots":{"index":"index","follow":"follow","max-snippet":"max-snippet:-1","max-image-preview":"max-image-preview:large","max-video-preview":"max-video-preview:-1"},"og_locale":"hu_HU","og_type":"article","og_title":"\u00d6tletek \u00e9s p\u00e9ld\u00e1k kerti el\u0151tet\u0151kre - BHB Bertsch Holzbau","og_description":"Tavasszal, ny\u00e1ron \u00e9s \u0151sszel az ember minden szabad perc\u00e9t a szabadban t\u00f6lti. Ahhoz, hogy j\u00f3l \u00e9rezze mag\u00e1t a kertben, gondoskodnia kell a pihen\u0151hely\u00e9r\u0151l, nevezetesen a kerti el\u0151tet\u0151kr\u0151l. Ezek v\u00e9delmet ny\u00fajtanak a nap \u00e9s az es\u0151 ellen. Ez\u00e9rt meghosszabb\u00edtj\u00e1k a szabadban elt\u00f6lt\u00f6tt id\u0151t. Milyen t\u00edpus\u00fa el\u0151tet\u0151k kaphat\u00f3k a piacon? Mi k\u00fcl\u00f6nb\u00f6zteti meg \u0151ket? Kerti el\u0151tet\u0151k &#8211; [&hellip;]","og_url":"https:\/\/bertsch-holzbau.eu\/hu\/blog\/zadaszenia-ogrodowe\/","og_site_name":"BHB Bertsch Holzbau","article_publisher":"https:\/\/www.facebook.com\/bertschholzbau\/","article_published_time":"2024-05-27T10:37:35+00:00","article_modified_time":"2025-02-17T11:06:19+00:00","og_image":[{"width":2560,"height":1920,"url":"https:\/\/bertsch-holzbau.eu\/wp-content\/uploads\/2024\/05\/000425-01.jpg","type":"image\/jpeg"}],"author":"Joachim Bertsch","twitter_card":"summary_large_image","twitter_misc":{"Szerz\u0151:":"Joachim Bertsch","Becs\u00fclt olvas\u00e1si id\u0151":"5 perc"},"schema":{"@context":"https:\/\/schema.org","@graph":[{"@type":"Article","@id":"https:\/\/bertsch-holzbau.eu\/hu\/blog\/zadaszenia-ogrodowe\/#article","isPartOf":{"@id":"https:\/\/bertsch-holzbau.eu\/hu\/blog\/zadaszenia-ogrodowe\/"},"author":{"name":"Joachim Bertsch","@id":"https:\/\/bertsch-holzbau.eu\/hu\/#\/schema\/person\/13ecc06e359795647bc8686c8fc9628b"},"headline":"\u00d6tletek \u00e9s p\u00e9ld\u00e1k kerti el\u0151tet\u0151kre","datePublished":"2024-05-27T10:37:35+00:00","dateModified":"2025-02-17T11:06:19+00:00","mainEntityOfPage":{"@id":"https:\/\/bertsch-holzbau.eu\/hu\/blog\/zadaszenia-ogrodowe\/"},"wordCount":1488,"commentCount":0,"publisher":{"@id":"https:\/\/bertsch-holzbau.eu\/hu\/#organization"},"image":{"@id":"https:\/\/bertsch-holzbau.eu\/hu\/blog\/zadaszenia-ogrodowe\/#primaryimage"},"thumbnailUrl":"https:\/\/bertsch-holzbau.eu\/wp-content\/uploads\/2024\/05\/14.-Pomysly-i-przyklady-zadaszen-ogrodowych.jpg","articleSection":["\u00d6tletek"],"inLanguage":"hu","potentialAction":[{"@type":"CommentAction","name":"Comment","target":["https:\/\/bertsch-holzbau.eu\/hu\/blog\/zadaszenia-ogrodowe\/#respond"]}]},{"@type":"WebPage","@id":"https:\/\/bertsch-holzbau.eu\/hu\/blog\/zadaszenia-ogrodowe\/","url":"https:\/\/bertsch-holzbau.eu\/hu\/blog\/zadaszenia-ogrodowe\/","name":"\u00d6tletek \u00e9s p\u00e9ld\u00e1k kerti el\u0151tet\u0151kre - BHB Bertsch Holzbau","isPartOf":{"@id":"https:\/\/bertsch-holzbau.eu\/hu\/#website"},"primaryImageOfPage":{"@id":"https:\/\/bertsch-holzbau.eu\/hu\/blog\/zadaszenia-ogrodowe\/#primaryimage"},"image":{"@id":"https:\/\/bertsch-holzbau.eu\/hu\/blog\/zadaszenia-ogrodowe\/#primaryimage"},"thumbnailUrl":"https:\/\/bertsch-holzbau.eu\/wp-content\/uploads\/2024\/05\/14.-Pomysly-i-przyklady-zadaszen-ogrodowych.jpg","datePublished":"2024-05-27T10:37:35+00:00","dateModified":"2025-02-17T11:06:19+00:00","breadcrumb":{"@id":"https:\/\/bertsch-holzbau.eu\/hu\/blog\/zadaszenia-ogrodowe\/#breadcrumb"},"inLanguage":"hu","potentialAction":[{"@type":"ReadAction","target":["https:\/\/bertsch-holzbau.eu\/hu\/blog\/zadaszenia-ogrodowe\/"]}]},{"@type":"ImageObject","inLanguage":"hu","@id":"https:\/\/bertsch-holzbau.eu\/hu\/blog\/zadaszenia-ogrodowe\/#primaryimage","url":"https:\/\/bertsch-holzbau.eu\/wp-content\/uploads\/2024\/05\/14.-Pomysly-i-przyklady-zadaszen-ogrodowych.jpg","contentUrl":"https:\/\/bertsch-holzbau.eu\/wp-content\/uploads\/2024\/05\/14.-Pomysly-i-przyklady-zadaszen-ogrodowych.jpg","width":1200,"height":900},{"@type":"BreadcrumbList","@id":"https:\/\/bertsch-holzbau.eu\/hu\/blog\/zadaszenia-ogrodowe\/#breadcrumb","itemListElement":[{"@type":"ListItem","position":1,"name":"Home","item":"https:\/\/bertsch-holzbau.eu\/hu\/"},{"@type":"ListItem","position":2,"name":"\u00d6tletek \u00e9s p\u00e9ld\u00e1k kerti el\u0151tet\u0151kre"}]},{"@type":"WebSite","@id":"https:\/\/bertsch-holzbau.eu\/hu\/#website","url":"https:\/\/bertsch-holzbau.eu\/hu\/","name":"BHB Bertsch Holzbau","description":"","publisher":{"@id":"https:\/\/bertsch-holzbau.eu\/hu\/#organization"},"potentialAction":[{"@type":"SearchAction","target":{"@type":"EntryPoint","urlTemplate":"https:\/\/bertsch-holzbau.eu\/hu\/?s={search_term_string}"},"query-input":{"@type":"PropertyValueSpecification","valueRequired":true,"valueName":"search_term_string"}}],"inLanguage":"hu"},[],{"@type":"Person","@id":"https:\/\/bertsch-holzbau.eu\/hu\/#\/schema\/person\/13ecc06e359795647bc8686c8fc9628b","name":"Joachim Bertsch","image":{"@type":"ImageObject","inLanguage":"hu","@id":"https:\/\/bertsch-holzbau.eu\/wp-content\/litespeed\/avatar\/81f1ede881040594386bd43727a0c7b5.jpg?ver=1788161130","url":"https:\/\/bertsch-holzbau.eu\/wp-content\/litespeed\/avatar\/81f1ede881040594386bd43727a0c7b5.jpg?ver=1788161130","contentUrl":"https:\/\/bertsch-holzbau.eu\/wp-content\/litespeed\/avatar\/81f1ede881040594386bd43727a0c7b5.jpg?ver=1788161130","caption":"Joachim Bertsch"},"url":"https:\/\/bertsch-holzbau.eu\/hu\/blog\/author\/j-bertsch\/"}]}},"_links":{"self":[{"href":"https:\/\/bertsch-holzbau.eu\/hu\/wp-json\/wp\/v2\/posts\/79948","targetHints":{"allow":["GET"]}}],"collection":[{"href":"https:\/\/bertsch-holzbau.eu\/hu\/wp-json\/wp\/v2\/posts"}],"about":[{"href":"https:\/\/bertsch-holzbau.eu\/hu\/wp-json\/wp\/v2\/types\/post"}],"author":[{"embeddable":true,"href":"https:\/\/bertsch-holzbau.eu\/hu\/wp-json\/wp\/v2\/users\/6"}],"replies":[{"embeddable":true,"href":"https:\/\/bertsch-holzbau.eu\/hu\/wp-json\/wp\/v2\/comments?post=79948"}],"version-history":[{"count":2,"href":"https:\/\/bertsch-holzbau.eu\/hu\/wp-json\/wp\/v2\/posts\/79948\/revisions"}],"predecessor-version":[{"id":88536,"href":"https:\/\/bertsch-holzbau.eu\/hu\/wp-json\/wp\/v2\/posts\/79948\/revisions\/88536"}],"wp:featuredmedia":[{"embeddable":true,"href":"https:\/\/bertsch-holzbau.eu\/hu\/wp-json\/wp\/v2\/media\/112029"}],"wp:attachment":[{"href":"https:\/\/bertsch-holzbau.eu\/hu\/wp-json\/wp\/v2\/media?parent=79948"}],"wp:term":[{"taxonomy":"category","embeddable":true,"href":"https:\/\/bertsch-holzbau.eu\/hu\/wp-json\/wp\/v2\/categories?post=79948"},{"taxonomy":"post_tag","embeddable":true,"href":"https:\/\/bertsch-holzbau.eu\/hu\/wp-json\/wp\/v2\/tags?post=79948"}],"curies":[{"name":"wp","href":"https:\/\/api.w.org\/{rel}","templated":true}]}}