{"id":79939,"date":"2024-07-15T12:18:08","date_gmt":"2024-07-15T10:18:08","guid":{"rendered":"https:\/\/bertsch-holzbau.eu\/blog\/domek-ogrodowy-na-zamowienie\/"},"modified":"2025-02-17T12:06:05","modified_gmt":"2025-02-17T11:06:05","slug":"testre-szabott-kerti-haz","status":"publish","type":"post","link":"https:\/\/bertsch-holzbau.eu\/hu\/blog\/testre-szabott-kerti-haz\/","title":{"rendered":"Testre szabott kerti h\u00e1z"},"content":{"rendered":"\n<p class=\"wp-block-paragraph\"><strong>A kertes h\u00e1zak mindig nagyon n\u00e9pszer\u0171ek.<\/strong> <strong>Lehet\u0151v\u00e9 teszik, hogy a saj\u00e1t kertj\u00e9ben szem\u00e9lyre szabott teret hozzon l\u00e9tre a pihen\u00e9shez.<\/strong> <strong>Az \u00e9p\u00fclet st\u00edlus\u00e1hoz, a rendelkez\u00e9sre \u00e1ll\u00f3 helyhez \u00e9s az \u00d6n preferenci\u00e1ihoz igaz\u00edthat\u00f3k.<\/strong> <strong>Hogyan lehet ilyen \u00e9p\u00edtm\u00e9nyeket rendelni?<\/strong> <strong>Mi befoly\u00e1solja az \u00e1rukat, \u00e9s mi\u00e9rt \u00e9rdemes fel\u00e1ll\u00edtani \u0151ket a kertben?<\/strong><\/p>\n\n\n\n<h2 class=\"wp-block-heading\">Mi\u00e9rt \u00e9rdemes egy m\u00e9retre szabott kerti h\u00e1zat v\u00e1lasztani?<\/h2>\n\n\n\n<p class=\"wp-block-paragraph\">A m\u00e9retre szabott kerti h\u00e1zaknak sz\u00e1mos el\u0151nye van &#8211; k\u00fcl\u00f6n\u00f6sen a k\u00e9szen kaphat\u00f3 szerkezetekkel szemben. Mi\u00e9rt \u00e9rdemes ezeket v\u00e1lasztani?<\/p>\n\n\n\n<div class=\"wp-block-columns is-layout-flex wp-container-core-columns-is-layout-8f761849 wp-block-columns-is-layout-flex\">\n<div class=\"wp-block-column is-layout-flow wp-block-column-is-layout-flow\">\n<ul class=\"wp-block-list\">\n<li>A m\u00e9retre szabott h\u00e1zik\u00f3 b\u00e1rmilyen m\u00e9ret\u0171 \u00e9s form\u00e1j\u00fa lehet. Az \u00fcgyf\u00e9l d\u00f6nt az elrendez\u00e9sr\u0151l. Egy szakemberrel egy\u00fctt megtervezi a szerkezetet, amely az adott telken a legjobban fog m\u0171k\u00f6dni.<br><\/li>\n\n\n\n<li>Az egyedi \u00e9p\u00edt\u00e9s\u0171 h\u00e1z akkor ide\u00e1lis, ha a terep k\u00fcl\u00f6nleges form\u00e1j\u00fa vagy lejt\u00e9s\u0171. Az \u00e9p\u00edtm\u00e9ny ugyanis a telek adotts\u00e1gaihoz igaz\u00edthat\u00f3.<br><\/li>\n\n\n\n<li>Az \u00fcgyf\u00e9l d\u00f6nthet a pavilonj\u00e1nak kialak\u00edt\u00e1s\u00e1r\u00f3l \u00e9s sz\u00edneir\u0151l. Rajtuk m\u00falik, hogy a szerkezet minimalista \u00e9s modern, vagy \u00e9rdekes faragv\u00e1nyokkal vagy sz\u00ednekkel d\u00edsz\u00edtett legyen.<br><\/li>\n\n\n\n<li>A testre szabott pavilonok ablakokkal, ajt\u00f3kkal, emelv\u00e9nyekkel, verand\u00e1kkal \u00e9s ak\u00e1r v\u00edzelvezet\u0151 rendszerrel is felszerelhet\u0151k. Az ilyen elemek be\u00e9p\u00edt\u00e9s\u00e9r\u0151l az \u00fcgyf\u00e9l d\u00f6nt, ig\u00e9nyei \u00e9s k\u00f6lts\u00e9gvet\u00e9se f\u00fcggv\u00e9ny\u00e9ben.<br><\/li>\n\n\n\n<li>Egy testre szabott kerti h\u00e1z l\u00e9trehoz\u00e1sakor az \u00fcgyf\u00e9l d\u00f6nthet \u00fagy, hogy a teret saj\u00e1t ig\u00e9nyei szerint alak\u00edtja ki. Az ilyen pavilonokat p\u00e9ld\u00e1ul szersz\u00e1mosl\u00e1d\u00e1kkal, nyug\u00e1gyak t\u00e1rol\u00e1s\u00e1ra szolg\u00e1l\u00f3 t\u00e1rol\u00f3kkal, laptopasztalokkal vagy f\u00fcgg\u0151\u00e1gyak kamp\u00f3ival szerelik fel.<\/li>\n<\/ul>\n<\/div>\n\n\n\n<div class=\"wp-block-column is-vertically-aligned-center is-layout-flow wp-block-column-is-layout-flow\">\n<figure class=\"wp-block-image size-large\"><img loading=\"lazy\" decoding=\"async\" width=\"1024\" height=\"768\" src=\"https:\/\/bertsch-holzbau.eu\/wp-content\/uploads\/2024\/07\/001604-02-1024x768.jpg\" alt=\"\" class=\"wp-image-70713\" srcset=\"https:\/\/bertsch-holzbau.eu\/wp-content\/uploads\/2024\/07\/001604-02-1024x768.jpg 1024w, https:\/\/bertsch-holzbau.eu\/wp-content\/uploads\/2024\/07\/001604-02-300x225.jpg 300w, https:\/\/bertsch-holzbau.eu\/wp-content\/uploads\/2024\/07\/001604-02-768x576.jpg 768w, https:\/\/bertsch-holzbau.eu\/wp-content\/uploads\/2024\/07\/001604-02-1536x1152.jpg 1536w, https:\/\/bertsch-holzbau.eu\/wp-content\/uploads\/2024\/07\/001604-02-2048x1536.jpg 2048w, https:\/\/bertsch-holzbau.eu\/wp-content\/uploads\/2024\/07\/001604-02-400x300.jpg 400w, https:\/\/bertsch-holzbau.eu\/wp-content\/uploads\/2024\/07\/001604-02-600x450.jpg 600w, https:\/\/bertsch-holzbau.eu\/wp-content\/uploads\/2024\/07\/001604-02-800x600.jpg 800w, https:\/\/bertsch-holzbau.eu\/wp-content\/uploads\/2024\/07\/001604-02-1200x900.jpg 1200w\" sizes=\"auto, (max-width: 1024px) 100vw, 1024px\" \/><\/figure>\n<\/div>\n<\/div>\n\n\n\n<p class=\"wp-block-paragraph\"><br>A testre szabott bungal\u00f3 t\u00f6k\u00e9letesen m\u0171k\u00f6dik, ha a piacon nincs olyan k\u00e9sz szerkezet, amely megfelelne az \u00d6n ig\u00e9nyeinek. A k\u00e9sz szerkezetek \u00e1talak\u00edt\u00e1sa nagyon id\u0151ig\u00e9nyes lehet, \u00e9s gyakran nem is lehets\u00e9ges. Egy m\u00e9retre szabott kerti h\u00e1z a semmib\u0151l pontosan \u00fagy k\u00e9sz\u00fcl, ahogyan \u00d6n szeretn\u00e9.<\/p>\n\n\n\n<h2 class=\"wp-block-heading\">A m\u00e9retre szabott kertes h\u00e1z l\u00e9trehoz\u00e1s\u00e1nak folyamata<\/h2>\n\n\n\n<p class=\"wp-block-paragraph\">A m\u00e9retre szabott kertes h\u00e1zak egyedi m\u00f3don k\u00e9sz\u00fclnek. Fontos, hogy a l\u00e9p\u00e9sek helyes sorrendj\u00e9t k\u00f6vess\u00fck, \u00e9s az \u00e9p\u00edtkez\u00e9s megkezd\u00e9se el\u0151tt minden r\u00e9szletet egyeztess\u00fcnk.<\/p>\n\n\n\n<ol class=\"wp-block-list\">\n<li>Konzult\u00e1ci\u00f3 \u00e9s tervez\u00e9s &#8211; az elej\u00e9n a megrendel\u0151 ismerteti elv\u00e1r\u00e1sait \u00e9s p\u00e9nz\u00fcgyi lehet\u0151s\u00e9geit a szakemberekkel. A Bertsch Holzbau szakemberei olyan megold\u00e1sokat javasolnak, amelyek megfelelnek az ig\u00e9nyeinek. T\u00f6bb alternat\u00edv lehet\u0151s\u00e9get is bemutatnak, \u00edgy megtal\u00e1lhatja a telk\u00e9nek legmegfelel\u0151bbet.<br><\/li>\n\n\n\n<li>Anyagv\u00e1laszt\u00e1s &#8211; pr\u00e9mium min\u0151s\u00e9g\u0171 f\u00e1b\u00f3l k\u00e9sz\u00edt\u00fcnk nyaral\u00f3kat. Ez egy k\u00f6rnyezetbar\u00e1t anyag, amely nagyon term\u00e9szetesnek t\u0171nik, \u00e9s t\u00f6k\u00e9letesen illeszkedik a kert z\u00f6ldj\u00e9hez. A megrendel\u0151 t\u00f6bbf\u00e9le fafajta k\u00f6z\u00fcl v\u00e1laszthat, amelyek sz\u00edn\u00fckben, szemcs\u00e9zetts\u00e9g\u00fckben \u00e9s tulajdons\u00e1gaikban k\u00fcl\u00f6nb\u00f6znek egym\u00e1st\u00f3l. Mindezek a tulajdons\u00e1gok befoly\u00e1solj\u00e1k a h\u00e1zik\u00f3 v\u00e9gs\u0151 tart\u00f3ss\u00e1g\u00e1t \u00e9s megjelen\u00e9s\u00e9t.<br><\/li>\n\n\n\n<li>Szem\u00e9lyre szab\u00e1s &#8211; minden \u00fcgyf\u00e9lnek teljesen elt\u00e9r\u0151 ig\u00e9nyei vannak. A szem\u00e9lyre szabott kerti h\u00e1z k\u00e9sz\u00edt\u00e9s\u00e9nek lehet\u0151s\u00e9ge lehet\u0151v\u00e9 teszi, hogy a k\u00e9sz szerkezet t\u00f6k\u00e9letesen megfeleljen az \u00fcgyf\u00e9l elv\u00e1r\u00e1sainak. A megrendel\u0151 d\u00f6nt t\u00f6bbek k\u00f6z\u00f6tt a tet\u0151szerkezetr\u0151l, az ablakok \u00e9s ajt\u00f3k elhelyez\u00e9s\u00e9r\u0151l, a falak vastags\u00e1g\u00e1r\u00f3l, a felhaszn\u00e1lt anyagokr\u00f3l \u00e9s a nyaral\u00f3 kivitelez\u00e9s\u00e9r\u0151l. K\u00e9rheti azt is, hogy a h\u00e1zba bizonyos t\u00e1rgyak (szersz\u00e1mok, napoz\u00f3\u00e1gyak, kerti kieg\u00e9sz\u00edt\u0151k, ker\u00e9kp\u00e1rok, kerti j\u00e1t\u00e9kok vagy grillek) t\u00e1rol\u00e1s\u00e1ra szolg\u00e1l\u00f3 helyet is be\u00e9p\u00edtsenek.<\/li>\n<\/ol>\n\n\n\n<p class=\"wp-block-paragraph\">Csak akkor folytatjuk az \u00e9p\u00edtkez\u00e9st, ha mindezekr\u0151l a r\u00e9szletekr\u0151l meg\u00e1llapodtunk. A szakemberekkel folytatott els\u0151 besz\u00e9lget\u00e9st\u0151l a k\u00e9sz h\u00e1zik\u00f3 fel\u00e1ll\u00edt\u00e1s\u00e1ig eltelt id\u0151 a projekt \u00f6sszetetts\u00e9g\u00e9t\u0151l f\u00fcgg\u0151en v\u00e1ltozik. \u00c1ltal\u00e1ban t\u00f6bb h\u00e9t.<\/p>\n\n\n\n<h2 class=\"wp-block-heading\">P\u00e9ld\u00e1k a testre szabott kerti h\u00e1zak haszn\u00e1lat\u00e1ra<\/h2>\n\n\n\n<p class=\"wp-block-paragraph\">A m\u00e9retre szabott kerti h\u00e1zak t\u00f6bbf\u00e9le funkci\u00f3t is bet\u00f6lthetnek. Kiv\u00e1l\u00f3 v\u00e1laszt\u00e1snak bizonyulnak:<\/p>\n\n\n\n<ul class=\"wp-block-list\">\n<li>bar\u00e1ti \u00f6sszej\u00f6vetelek &#8211; megh\u00edvhatja szeretteit egy grillez\u00e9sre vagy szabadt\u00e9ri sz\u00fclet\u00e9snapi\/avat\u00f3\u00fcnneps\u00e9gre. A h\u00e1zik\u00f3 ilyenkor egy hangulatos, \u00e1rny\u00e9kos \u00e9s sz\u00e9lv\u00e9dett hely lesz, ahol vend\u00e9gei megpihenhetnek \u00e9s t\u00e1rolhatj\u00e1k az \u00e9lelmiszereket vagy szem\u00e9lyes holmikat;<br><\/li>\n\n\n\n<li>szabadt\u00e9ri iroda &#8211; a ny\u00e1ri szezonban a kerti h\u00e1z irodak\u00e9nt is haszn\u00e1lhat\u00f3. Ha ez a helyzet, akkor \u00e9rdemes \u00e1ramot vezetni hozz\u00e1, \u00e9s bels\u0151 konnektorokat felszerelni;<\/li>\n<\/ul>\n\n\n\n<h2 class=\"wp-block-heading\">Kerti nyaral\u00f3, mint st\u00fadi\u00f3<\/h2>\n\n\n\n<p class=\"wp-block-paragraph\">m\u0171terem &#8211; ha z\u00e1rt t\u00e9rre van sz\u00fcks\u00e9ge bark\u00e1csol\u00e1shoz, agyagoz\u00e1shoz, fest\u00e9shez vagy egy\u00e9b rendetlens\u00e9get okoz\u00f3 munk\u00e1hoz, a kerti h\u00e1z kiv\u00e1l\u00f3 v\u00e1laszt\u00e1s lesz. Minden sz\u00fcks\u00e9ges t\u00e1rgynak lesz benne helye. Azt is lehet\u0151v\u00e9 teszi, hogy k\u00fcl\u00f6n helyet k\u00fcl\u00f6n\u00edtsen el a hobbija gyakorl\u00e1s\u00e1ra &#8211; az otthon\u00e1n k\u00edv\u00fcl;<\/p>\n\n\n\n<ul class=\"wp-block-list\">\n<li>Egy hely a gyermekek sz\u00e1m\u00e1ra a j\u00e1t\u00e9khoz &#8211; az ingatlan legfiatalabb lak\u00f3i biztosan j\u00f3l fogj\u00e1k \u00e9rezni magukat a f\u0151\u00e9p\u00fclett\u0151l kiss\u00e9 t\u00e1volabb elhelyezked\u0151 kis fah\u00e1zban. Ez egy nagyszer\u0171 hely a bar\u00e1tokkal val\u00f3 tal\u00e1lkoz\u00e1sra \u00e9s a r\u00e9szben a szabadban zajl\u00f3 tev\u00e9kenys\u00e9gekre;<br><\/li>\n\n\n\n<li>szersz\u00e1mt\u00e1rol\u00f3 hely &#8211; a kerti h\u00e1zban olyan t\u00e1rgyakat lehet t\u00e1rolni, amelyeknek nem szabad t\u00fal sok\u00e1ig a szabadban lenni\u00fck. Kerti \u00e9s aut\u00f3s szersz\u00e1mokr\u00f3l, f\u0171ny\u00edr\u00f3kr\u00f3l, grillekr\u0151l vagy ak\u00e1r kerti b\u00fatorokr\u00f3l besz\u00e9l\u00fcnk. A h\u00e1zik\u00f3ban egy\u00e9b t\u00e1rgyakat is t\u00e1rolhat &#8211; k\u00fcl\u00f6n\u00f6sen a t\u00e9li szezonban. Ez a gar\u00e1zs alternat\u00edv\u00e1ja.<\/li>\n<\/ul>\n\n\n\n<p class=\"wp-block-paragraph\">A f\u00e1b\u00f3l k\u00e9sz\u00fclt kerti h\u00e1zak egyszerre t\u00f6bbf\u00e9le funkci\u00f3t is bet\u00f6lthetnek. A nagym\u00e9ret\u0171 szerkezetek sikeresen biztos\u00edtanak helyet a munk\u00e1hoz, a pihen\u00e9shez, valamint a kerti szersz\u00e1mok vagy a napoz\u00f3\u00e1gyak t\u00e1rol\u00e1s\u00e1hoz. Az ilyen ingatlanokba k\u00f6nnyen be lehet vinni a k\u00f6zm\u0171veket, hogy \u00e9lvezhess\u00e9k az \u00e1ramhoz vagy a vil\u00e1g\u00edt\u00e1shoz val\u00f3 hozz\u00e1f\u00e9r\u00e9st.<\/p>\n\n\n\n<h2 class=\"wp-block-heading\">K\u00f6lts\u00e9gek \u00e9s \u00e1rk\u00e9pz\u00e9s<\/h2>\n\n\n\n<p class=\"wp-block-paragraph\">A kerti h\u00e1z elk\u00e9sz\u00edt\u00e9s\u00e9nek v\u00e9gs\u0151 k\u00f6lts\u00e9g\u00e9t sz\u00e1mos t\u00e9nyez\u0151 befoly\u00e1solja. Ezek k\u00f6z\u00e9 tartozik az \u00e9p\u00edtm\u00e9ny m\u00e9rete, a felhaszn\u00e1lt anyagok vagy a szem\u00e9lyre szab\u00e1s m\u00e9rt\u00e9ke. A nagy, kidolgozott h\u00e1zak, amelyekben v\u00e1rhat\u00f3an sok d\u00edsz\u00edt\u00e9s vagy extra t\u00e1rol\u00f3hely tal\u00e1lhat\u00f3, dr\u00e1g\u00e1bbak. Kevesebbet kell fizetni a kisebb, opcion\u00e1lis k\u00e9nyelmi felszerel\u00e9sek n\u00e9lk\u00fcli, olcs\u00f3bb fafajt\u00e1kb\u00f3l k\u00e9sz\u00fclt szerkezetek\u00e9rt.<\/p>\n\n\n\n<p class=\"wp-block-paragraph\">A szerkezet elk\u00e9sz\u00edt\u00e9s\u00e9nek k\u00f6lts\u00e9g\u00e9t a szakemberek akkor adj\u00e1k meg, ha meg\u00e1llap\u00edtott\u00e1k a megrendelend\u0151 h\u00e1zik\u00f3 legfontosabb adatait. Ebben a szakaszban a szerkezet elk\u00e9sz\u00edt\u00e9s\u00e9nek v\u00e1rhat\u00f3 id\u0151pontj\u00e1t is meg tudj\u00e1k jel\u00f6lni. A v\u00e9gs\u0151 d\u00f6nt\u00e9st az egy\u00fcttm\u0171k\u00f6d\u00e9sr\u0151l mindig az \u00fcgyf\u00e9l hozza meg, miut\u00e1n elolvasta az \u00e1raj\u00e1nlat r\u00e9szleteit.<\/p>\n\n\n\n<h2 class=\"wp-block-heading\">\u00d6sszefoglal\u00f3<\/h2>\n\n\n\n<p class=\"wp-block-paragraph\">A f\u00e1b\u00f3l k\u00e9sz\u00fclt kerti h\u00e1zak nagyon eszt\u00e9tikus \u00e9s funkcion\u00e1lis v\u00e1laszt\u00e1s b\u00e1rmilyen telekre. Lehet\u0151v\u00e9 teszik, hogy tov\u00e1bbi teret hozzon l\u00e9tre a pihen\u00e9shez, t\u00e1rol\u00e1shoz \u00e9s sok m\u00e1s tev\u00e9kenys\u00e9ghez. A piacon tal\u00e1lhat ilyen t\u00edpus\u00fa k\u00e9sz szerkezeteket, de sokkal jobb megold\u00e1s, ha saj\u00e1t maga tervezi meg \u0151ket a semmib\u0151l. Ekkor az \u00e9p\u00fclet minden r\u00e9szlet\u00e9t a saj\u00e1t ig\u00e9nyeihez, valamint a telken rendelkez\u00e9sre \u00e1ll\u00f3 helyhez igaz\u00edthatja.<\/p>\n\n\n\n<p class=\"wp-block-paragraph\">A szem\u00e9lyre szabott kerti h\u00e1zakat szakemberek k\u00e9sz\u00edtik. \u0150k garant\u00e1lj\u00e1k, hogy az elk\u00e9sz\u00fclt \u00e9p\u00edtm\u00e9ny megfelel majd az \u00fcgyf\u00e9l ig\u00e9nyeinek, \u00e9s azt is lehet\u0151v\u00e9 teszi, hogy hossz\u00fa \u00e9vekig k\u00e9nyelmesen haszn\u00e1lhassa. \u00c9rdemes kihaszn\u00e1lni a tapasztalatukat, hogy olyan h\u00e1zik\u00f3t hozzanak l\u00e9tre, amely funkcion\u00e1lis, eszt\u00e9tikus \u00e9s tart\u00f3s.<\/p>\n\n\n\n<figure class=\"wp-block-gallery has-nested-images columns-default is-cropped wp-block-gallery-1 is-layout-flex wp-block-gallery-is-layout-flex\">\n<figure class=\"wp-block-image size-large\"><img loading=\"lazy\" decoding=\"async\" width=\"1024\" height=\"683\" data-id=\"70726\" src=\"https:\/\/bertsch-holzbau.eu\/wp-content\/uploads\/2024\/07\/000549-01-1024x683.jpg\" alt=\"\" class=\"wp-image-70726\" srcset=\"https:\/\/bertsch-holzbau.eu\/wp-content\/uploads\/2024\/07\/000549-01-1024x683.jpg 1024w, https:\/\/bertsch-holzbau.eu\/wp-content\/uploads\/2024\/07\/000549-01-300x200.jpg 300w, https:\/\/bertsch-holzbau.eu\/wp-content\/uploads\/2024\/07\/000549-01-768x512.jpg 768w, https:\/\/bertsch-holzbau.eu\/wp-content\/uploads\/2024\/07\/000549-01-1536x1024.jpg 1536w, https:\/\/bertsch-holzbau.eu\/wp-content\/uploads\/2024\/07\/000549-01-2048x1366.jpg 2048w, https:\/\/bertsch-holzbau.eu\/wp-content\/uploads\/2024\/07\/000549-01-400x267.jpg 400w, https:\/\/bertsch-holzbau.eu\/wp-content\/uploads\/2024\/07\/000549-01-600x400.jpg 600w, https:\/\/bertsch-holzbau.eu\/wp-content\/uploads\/2024\/07\/000549-01-800x534.jpg 800w, https:\/\/bertsch-holzbau.eu\/wp-content\/uploads\/2024\/07\/000549-01-1200x800.jpg 1200w\" sizes=\"auto, (max-width: 1024px) 100vw, 1024px\" \/><\/figure>\n\n\n\n<figure class=\"wp-block-image size-large\"><img loading=\"lazy\" decoding=\"async\" width=\"1024\" height=\"683\" data-id=\"70727\" src=\"https:\/\/bertsch-holzbau.eu\/wp-content\/uploads\/2024\/07\/001393-02-1024x683.jpg\" alt=\"\" class=\"wp-image-70727\" srcset=\"https:\/\/bertsch-holzbau.eu\/wp-content\/uploads\/2024\/07\/001393-02-1024x683.jpg 1024w, https:\/\/bertsch-holzbau.eu\/wp-content\/uploads\/2024\/07\/001393-02-300x200.jpg 300w, https:\/\/bertsch-holzbau.eu\/wp-content\/uploads\/2024\/07\/001393-02-768x512.jpg 768w, https:\/\/bertsch-holzbau.eu\/wp-content\/uploads\/2024\/07\/001393-02-1536x1024.jpg 1536w, https:\/\/bertsch-holzbau.eu\/wp-content\/uploads\/2024\/07\/001393-02-2048x1365.jpg 2048w, https:\/\/bertsch-holzbau.eu\/wp-content\/uploads\/2024\/07\/001393-02-400x267.jpg 400w, https:\/\/bertsch-holzbau.eu\/wp-content\/uploads\/2024\/07\/001393-02-600x400.jpg 600w, https:\/\/bertsch-holzbau.eu\/wp-content\/uploads\/2024\/07\/001393-02-800x533.jpg 800w, https:\/\/bertsch-holzbau.eu\/wp-content\/uploads\/2024\/07\/001393-02-1200x800.jpg 1200w\" sizes=\"auto, (max-width: 1024px) 100vw, 1024px\" \/><\/figure>\n\n\n\n<figure class=\"wp-block-image size-large\"><img loading=\"lazy\" decoding=\"async\" width=\"1024\" height=\"768\" data-id=\"70729\" src=\"https:\/\/bertsch-holzbau.eu\/wp-content\/uploads\/2024\/07\/001575-04-1024x768.jpg\" alt=\"\" class=\"wp-image-70729\" srcset=\"https:\/\/bertsch-holzbau.eu\/wp-content\/uploads\/2024\/07\/001575-04-1024x768.jpg 1024w, https:\/\/bertsch-holzbau.eu\/wp-content\/uploads\/2024\/07\/001575-04-300x225.jpg 300w, https:\/\/bertsch-holzbau.eu\/wp-content\/uploads\/2024\/07\/001575-04-768x576.jpg 768w, https:\/\/bertsch-holzbau.eu\/wp-content\/uploads\/2024\/07\/001575-04-1536x1152.jpg 1536w, https:\/\/bertsch-holzbau.eu\/wp-content\/uploads\/2024\/07\/001575-04-2048x1536.jpg 2048w, https:\/\/bertsch-holzbau.eu\/wp-content\/uploads\/2024\/07\/001575-04-400x300.jpg 400w, https:\/\/bertsch-holzbau.eu\/wp-content\/uploads\/2024\/07\/001575-04-600x450.jpg 600w, https:\/\/bertsch-holzbau.eu\/wp-content\/uploads\/2024\/07\/001575-04-800x600.jpg 800w, https:\/\/bertsch-holzbau.eu\/wp-content\/uploads\/2024\/07\/001575-04-1200x900.jpg 1200w\" sizes=\"auto, (max-width: 1024px) 100vw, 1024px\" \/><\/figure>\n<\/figure>\n","protected":false},"excerpt":{"rendered":"<p>A kertes h\u00e1zak mindig nagyon n\u00e9pszer\u0171ek. Lehet\u0151v\u00e9 teszik, hogy a saj\u00e1t kertj\u00e9ben szem\u00e9lyre szabott teret hozzon l\u00e9tre a pihen\u00e9shez. Az \u00e9p\u00fclet st\u00edlus\u00e1hoz, a rendelkez\u00e9sre \u00e1ll\u00f3 helyhez \u00e9s az \u00d6n preferenci\u00e1ihoz igaz\u00edthat\u00f3k. Hogyan lehet ilyen \u00e9p\u00edtm\u00e9nyeket rendelni? Mi befoly\u00e1solja az \u00e1rukat, \u00e9s mi\u00e9rt \u00e9rdemes fel\u00e1ll\u00edtani \u0151ket a kertben? Mi\u00e9rt \u00e9rdemes egy m\u00e9retre szabott kerti h\u00e1zat v\u00e1lasztani? [&hellip;]<\/p>\n","protected":false},"author":6,"featured_media":112053,"comment_status":"open","ping_status":"open","sticky":false,"template":"","format":"standard","meta":{"_acf_changed":false,"footnotes":""},"categories":[608],"tags":[],"class_list":["post-79939","post","type-post","status-publish","format-standard","has-post-thumbnail","hentry","category-utmutatok"],"acf":[],"yoast_head":"<!-- This site is optimized with the Yoast SEO plugin v27.8 - https:\/\/yoast.com\/product\/yoast-seo-wordpress\/ -->\n<title>Egyedi kertes h\u00e1z - v\u00e1lassza ki \u00e1lmai otthon\u00e1t | BHB<\/title>\n<meta name=\"robots\" content=\"index, follow, max-snippet:-1, max-image-preview:large, max-video-preview:-1\" \/>\n<meta property=\"og:locale\" content=\"hu_HU\" \/>\n<meta property=\"og:type\" content=\"article\" \/>\n<meta property=\"og:title\" content=\"Egyedi kertes h\u00e1z - v\u00e1lassza ki \u00e1lmai otthon\u00e1t | BHB\" \/>\n<meta property=\"og:description\" content=\"A kertes h\u00e1zak mindig nagyon n\u00e9pszer\u0171ek. Lehet\u0151v\u00e9 teszik, hogy a saj\u00e1t kertj\u00e9ben szem\u00e9lyre szabott teret hozzon l\u00e9tre a pihen\u00e9shez. Az \u00e9p\u00fclet st\u00edlus\u00e1hoz, a rendelkez\u00e9sre \u00e1ll\u00f3 helyhez \u00e9s az \u00d6n preferenci\u00e1ihoz igaz\u00edthat\u00f3k. Hogyan lehet ilyen \u00e9p\u00edtm\u00e9nyeket rendelni? Mi befoly\u00e1solja az \u00e1rukat, \u00e9s mi\u00e9rt \u00e9rdemes fel\u00e1ll\u00edtani \u0151ket a kertben? Mi\u00e9rt \u00e9rdemes egy m\u00e9retre szabott kerti h\u00e1zat v\u00e1lasztani? [&hellip;]\" \/>\n<meta property=\"og:url\" content=\"https:\/\/bertsch-holzbau.eu\/hu\/blog\/testre-szabott-kerti-haz\/\" \/>\n<meta property=\"og:site_name\" content=\"BHB Bertsch Holzbau\" \/>\n<meta property=\"article:publisher\" content=\"https:\/\/www.facebook.com\/bertschholzbau\/\" \/>\n<meta property=\"article:published_time\" content=\"2024-07-15T10:18:08+00:00\" \/>\n<meta property=\"article:modified_time\" content=\"2025-02-17T11:06:05+00:00\" \/>\n<meta property=\"og:image\" content=\"https:\/\/bertsch-holzbau.eu\/wp-content\/uploads\/2024\/07\/000575-01.jpg\" \/>\n\t<meta property=\"og:image:width\" content=\"2126\" \/>\n\t<meta property=\"og:image:height\" content=\"1627\" \/>\n\t<meta property=\"og:image:type\" content=\"image\/jpeg\" \/>\n<meta name=\"author\" content=\"Joachim Bertsch\" \/>\n<meta name=\"twitter:card\" content=\"summary_large_image\" \/>\n<meta name=\"twitter:label1\" content=\"Szerz\u0151:\" \/>\n\t<meta name=\"twitter:data1\" content=\"Joachim Bertsch\" \/>\n\t<meta name=\"twitter:label2\" content=\"Becs\u00fclt olvas\u00e1si id\u0151\" \/>\n\t<meta name=\"twitter:data2\" content=\"5 perc\" \/>\n<script type=\"application\/ld+json\" class=\"yoast-schema-graph\">{\"@context\":\"https:\\\/\\\/schema.org\",\"@graph\":[{\"@type\":\"Article\",\"@id\":\"https:\\\/\\\/bertsch-holzbau.eu\\\/hu\\\/blog\\\/testre-szabott-kerti-haz\\\/#article\",\"isPartOf\":{\"@id\":\"https:\\\/\\\/bertsch-holzbau.eu\\\/hu\\\/blog\\\/testre-szabott-kerti-haz\\\/\"},\"author\":{\"name\":\"Joachim Bertsch\",\"@id\":\"https:\\\/\\\/bertsch-holzbau.eu\\\/hu\\\/#\\\/schema\\\/person\\\/13ecc06e359795647bc8686c8fc9628b\"},\"headline\":\"Testre szabott kerti h\u00e1z\",\"datePublished\":\"2024-07-15T10:18:08+00:00\",\"dateModified\":\"2025-02-17T11:06:05+00:00\",\"mainEntityOfPage\":{\"@id\":\"https:\\\/\\\/bertsch-holzbau.eu\\\/hu\\\/blog\\\/testre-szabott-kerti-haz\\\/\"},\"wordCount\":1488,\"commentCount\":0,\"publisher\":{\"@id\":\"https:\\\/\\\/bertsch-holzbau.eu\\\/hu\\\/#organization\"},\"image\":{\"@id\":\"https:\\\/\\\/bertsch-holzbau.eu\\\/hu\\\/blog\\\/testre-szabott-kerti-haz\\\/#primaryimage\"},\"thumbnailUrl\":\"https:\\\/\\\/bertsch-holzbau.eu\\\/wp-content\\\/uploads\\\/2024\\\/07\\\/10.-Domek-ogrodowy-na-zamowienie.jpg\",\"articleSection\":[\"\u00datmutat\u00f3k\"],\"inLanguage\":\"hu\",\"potentialAction\":[{\"@type\":\"CommentAction\",\"name\":\"Comment\",\"target\":[\"https:\\\/\\\/bertsch-holzbau.eu\\\/hu\\\/blog\\\/testre-szabott-kerti-haz\\\/#respond\"]}]},{\"@type\":\"WebPage\",\"@id\":\"https:\\\/\\\/bertsch-holzbau.eu\\\/hu\\\/blog\\\/testre-szabott-kerti-haz\\\/\",\"url\":\"https:\\\/\\\/bertsch-holzbau.eu\\\/hu\\\/blog\\\/testre-szabott-kerti-haz\\\/\",\"name\":\"Egyedi kertes h\u00e1z - v\u00e1lassza ki \u00e1lmai otthon\u00e1t | BHB\",\"isPartOf\":{\"@id\":\"https:\\\/\\\/bertsch-holzbau.eu\\\/hu\\\/#website\"},\"primaryImageOfPage\":{\"@id\":\"https:\\\/\\\/bertsch-holzbau.eu\\\/hu\\\/blog\\\/testre-szabott-kerti-haz\\\/#primaryimage\"},\"image\":{\"@id\":\"https:\\\/\\\/bertsch-holzbau.eu\\\/hu\\\/blog\\\/testre-szabott-kerti-haz\\\/#primaryimage\"},\"thumbnailUrl\":\"https:\\\/\\\/bertsch-holzbau.eu\\\/wp-content\\\/uploads\\\/2024\\\/07\\\/10.-Domek-ogrodowy-na-zamowienie.jpg\",\"datePublished\":\"2024-07-15T10:18:08+00:00\",\"dateModified\":\"2025-02-17T11:06:05+00:00\",\"breadcrumb\":{\"@id\":\"https:\\\/\\\/bertsch-holzbau.eu\\\/hu\\\/blog\\\/testre-szabott-kerti-haz\\\/#breadcrumb\"},\"inLanguage\":\"hu\",\"potentialAction\":[{\"@type\":\"ReadAction\",\"target\":[\"https:\\\/\\\/bertsch-holzbau.eu\\\/hu\\\/blog\\\/testre-szabott-kerti-haz\\\/\"]}]},{\"@type\":\"ImageObject\",\"inLanguage\":\"hu\",\"@id\":\"https:\\\/\\\/bertsch-holzbau.eu\\\/hu\\\/blog\\\/testre-szabott-kerti-haz\\\/#primaryimage\",\"url\":\"https:\\\/\\\/bertsch-holzbau.eu\\\/wp-content\\\/uploads\\\/2024\\\/07\\\/10.-Domek-ogrodowy-na-zamowienie.jpg\",\"contentUrl\":\"https:\\\/\\\/bertsch-holzbau.eu\\\/wp-content\\\/uploads\\\/2024\\\/07\\\/10.-Domek-ogrodowy-na-zamowienie.jpg\",\"width\":1200,\"height\":900},{\"@type\":\"BreadcrumbList\",\"@id\":\"https:\\\/\\\/bertsch-holzbau.eu\\\/hu\\\/blog\\\/testre-szabott-kerti-haz\\\/#breadcrumb\",\"itemListElement\":[{\"@type\":\"ListItem\",\"position\":1,\"name\":\"Home\",\"item\":\"https:\\\/\\\/bertsch-holzbau.eu\\\/hu\\\/\"},{\"@type\":\"ListItem\",\"position\":2,\"name\":\"Testre szabott kerti h\u00e1z\"}]},{\"@type\":\"WebSite\",\"@id\":\"https:\\\/\\\/bertsch-holzbau.eu\\\/hu\\\/#website\",\"url\":\"https:\\\/\\\/bertsch-holzbau.eu\\\/hu\\\/\",\"name\":\"BHB Bertsch Holzbau\",\"description\":\"\",\"publisher\":{\"@id\":\"https:\\\/\\\/bertsch-holzbau.eu\\\/hu\\\/#organization\"},\"potentialAction\":[{\"@type\":\"SearchAction\",\"target\":{\"@type\":\"EntryPoint\",\"urlTemplate\":\"https:\\\/\\\/bertsch-holzbau.eu\\\/hu\\\/?s={search_term_string}\"},\"query-input\":{\"@type\":\"PropertyValueSpecification\",\"valueRequired\":true,\"valueName\":\"search_term_string\"}}],\"inLanguage\":\"hu\"},[],{\"@type\":\"Person\",\"@id\":\"https:\\\/\\\/bertsch-holzbau.eu\\\/hu\\\/#\\\/schema\\\/person\\\/13ecc06e359795647bc8686c8fc9628b\",\"name\":\"Joachim Bertsch\",\"image\":{\"@type\":\"ImageObject\",\"inLanguage\":\"hu\",\"@id\":\"https:\\\/\\\/bertsch-holzbau.eu\\\/wp-content\\\/litespeed\\\/avatar\\\/81f1ede881040594386bd43727a0c7b5.jpg?ver=1788161130\",\"url\":\"https:\\\/\\\/bertsch-holzbau.eu\\\/wp-content\\\/litespeed\\\/avatar\\\/81f1ede881040594386bd43727a0c7b5.jpg?ver=1788161130\",\"contentUrl\":\"https:\\\/\\\/bertsch-holzbau.eu\\\/wp-content\\\/litespeed\\\/avatar\\\/81f1ede881040594386bd43727a0c7b5.jpg?ver=1788161130\",\"caption\":\"Joachim Bertsch\"},\"url\":\"https:\\\/\\\/bertsch-holzbau.eu\\\/hu\\\/blog\\\/author\\\/j-bertsch\\\/\"}]}<\/script>\n<!-- \/ Yoast SEO plugin. -->","yoast_head_json":{"title":"Egyedi kertes h\u00e1z - v\u00e1lassza ki \u00e1lmai otthon\u00e1t | BHB","robots":{"index":"index","follow":"follow","max-snippet":"max-snippet:-1","max-image-preview":"max-image-preview:large","max-video-preview":"max-video-preview:-1"},"og_locale":"hu_HU","og_type":"article","og_title":"Egyedi kertes h\u00e1z - v\u00e1lassza ki \u00e1lmai otthon\u00e1t | BHB","og_description":"A kertes h\u00e1zak mindig nagyon n\u00e9pszer\u0171ek. Lehet\u0151v\u00e9 teszik, hogy a saj\u00e1t kertj\u00e9ben szem\u00e9lyre szabott teret hozzon l\u00e9tre a pihen\u00e9shez. Az \u00e9p\u00fclet st\u00edlus\u00e1hoz, a rendelkez\u00e9sre \u00e1ll\u00f3 helyhez \u00e9s az \u00d6n preferenci\u00e1ihoz igaz\u00edthat\u00f3k. Hogyan lehet ilyen \u00e9p\u00edtm\u00e9nyeket rendelni? Mi befoly\u00e1solja az \u00e1rukat, \u00e9s mi\u00e9rt \u00e9rdemes fel\u00e1ll\u00edtani \u0151ket a kertben? Mi\u00e9rt \u00e9rdemes egy m\u00e9retre szabott kerti h\u00e1zat v\u00e1lasztani? [&hellip;]","og_url":"https:\/\/bertsch-holzbau.eu\/hu\/blog\/testre-szabott-kerti-haz\/","og_site_name":"BHB Bertsch Holzbau","article_publisher":"https:\/\/www.facebook.com\/bertschholzbau\/","article_published_time":"2024-07-15T10:18:08+00:00","article_modified_time":"2025-02-17T11:06:05+00:00","og_image":[{"width":2126,"height":1627,"url":"https:\/\/bertsch-holzbau.eu\/wp-content\/uploads\/2024\/07\/000575-01.jpg","type":"image\/jpeg"}],"author":"Joachim Bertsch","twitter_card":"summary_large_image","twitter_misc":{"Szerz\u0151:":"Joachim Bertsch","Becs\u00fclt olvas\u00e1si id\u0151":"5 perc"},"schema":{"@context":"https:\/\/schema.org","@graph":[{"@type":"Article","@id":"https:\/\/bertsch-holzbau.eu\/hu\/blog\/testre-szabott-kerti-haz\/#article","isPartOf":{"@id":"https:\/\/bertsch-holzbau.eu\/hu\/blog\/testre-szabott-kerti-haz\/"},"author":{"name":"Joachim Bertsch","@id":"https:\/\/bertsch-holzbau.eu\/hu\/#\/schema\/person\/13ecc06e359795647bc8686c8fc9628b"},"headline":"Testre szabott kerti h\u00e1z","datePublished":"2024-07-15T10:18:08+00:00","dateModified":"2025-02-17T11:06:05+00:00","mainEntityOfPage":{"@id":"https:\/\/bertsch-holzbau.eu\/hu\/blog\/testre-szabott-kerti-haz\/"},"wordCount":1488,"commentCount":0,"publisher":{"@id":"https:\/\/bertsch-holzbau.eu\/hu\/#organization"},"image":{"@id":"https:\/\/bertsch-holzbau.eu\/hu\/blog\/testre-szabott-kerti-haz\/#primaryimage"},"thumbnailUrl":"https:\/\/bertsch-holzbau.eu\/wp-content\/uploads\/2024\/07\/10.-Domek-ogrodowy-na-zamowienie.jpg","articleSection":["\u00datmutat\u00f3k"],"inLanguage":"hu","potentialAction":[{"@type":"CommentAction","name":"Comment","target":["https:\/\/bertsch-holzbau.eu\/hu\/blog\/testre-szabott-kerti-haz\/#respond"]}]},{"@type":"WebPage","@id":"https:\/\/bertsch-holzbau.eu\/hu\/blog\/testre-szabott-kerti-haz\/","url":"https:\/\/bertsch-holzbau.eu\/hu\/blog\/testre-szabott-kerti-haz\/","name":"Egyedi kertes h\u00e1z - v\u00e1lassza ki \u00e1lmai otthon\u00e1t | BHB","isPartOf":{"@id":"https:\/\/bertsch-holzbau.eu\/hu\/#website"},"primaryImageOfPage":{"@id":"https:\/\/bertsch-holzbau.eu\/hu\/blog\/testre-szabott-kerti-haz\/#primaryimage"},"image":{"@id":"https:\/\/bertsch-holzbau.eu\/hu\/blog\/testre-szabott-kerti-haz\/#primaryimage"},"thumbnailUrl":"https:\/\/bertsch-holzbau.eu\/wp-content\/uploads\/2024\/07\/10.-Domek-ogrodowy-na-zamowienie.jpg","datePublished":"2024-07-15T10:18:08+00:00","dateModified":"2025-02-17T11:06:05+00:00","breadcrumb":{"@id":"https:\/\/bertsch-holzbau.eu\/hu\/blog\/testre-szabott-kerti-haz\/#breadcrumb"},"inLanguage":"hu","potentialAction":[{"@type":"ReadAction","target":["https:\/\/bertsch-holzbau.eu\/hu\/blog\/testre-szabott-kerti-haz\/"]}]},{"@type":"ImageObject","inLanguage":"hu","@id":"https:\/\/bertsch-holzbau.eu\/hu\/blog\/testre-szabott-kerti-haz\/#primaryimage","url":"https:\/\/bertsch-holzbau.eu\/wp-content\/uploads\/2024\/07\/10.-Domek-ogrodowy-na-zamowienie.jpg","contentUrl":"https:\/\/bertsch-holzbau.eu\/wp-content\/uploads\/2024\/07\/10.-Domek-ogrodowy-na-zamowienie.jpg","width":1200,"height":900},{"@type":"BreadcrumbList","@id":"https:\/\/bertsch-holzbau.eu\/hu\/blog\/testre-szabott-kerti-haz\/#breadcrumb","itemListElement":[{"@type":"ListItem","position":1,"name":"Home","item":"https:\/\/bertsch-holzbau.eu\/hu\/"},{"@type":"ListItem","position":2,"name":"Testre szabott kerti h\u00e1z"}]},{"@type":"WebSite","@id":"https:\/\/bertsch-holzbau.eu\/hu\/#website","url":"https:\/\/bertsch-holzbau.eu\/hu\/","name":"BHB Bertsch Holzbau","description":"","publisher":{"@id":"https:\/\/bertsch-holzbau.eu\/hu\/#organization"},"potentialAction":[{"@type":"SearchAction","target":{"@type":"EntryPoint","urlTemplate":"https:\/\/bertsch-holzbau.eu\/hu\/?s={search_term_string}"},"query-input":{"@type":"PropertyValueSpecification","valueRequired":true,"valueName":"search_term_string"}}],"inLanguage":"hu"},[],{"@type":"Person","@id":"https:\/\/bertsch-holzbau.eu\/hu\/#\/schema\/person\/13ecc06e359795647bc8686c8fc9628b","name":"Joachim Bertsch","image":{"@type":"ImageObject","inLanguage":"hu","@id":"https:\/\/bertsch-holzbau.eu\/wp-content\/litespeed\/avatar\/81f1ede881040594386bd43727a0c7b5.jpg?ver=1788161130","url":"https:\/\/bertsch-holzbau.eu\/wp-content\/litespeed\/avatar\/81f1ede881040594386bd43727a0c7b5.jpg?ver=1788161130","contentUrl":"https:\/\/bertsch-holzbau.eu\/wp-content\/litespeed\/avatar\/81f1ede881040594386bd43727a0c7b5.jpg?ver=1788161130","caption":"Joachim Bertsch"},"url":"https:\/\/bertsch-holzbau.eu\/hu\/blog\/author\/j-bertsch\/"}]}},"_links":{"self":[{"href":"https:\/\/bertsch-holzbau.eu\/hu\/wp-json\/wp\/v2\/posts\/79939","targetHints":{"allow":["GET"]}}],"collection":[{"href":"https:\/\/bertsch-holzbau.eu\/hu\/wp-json\/wp\/v2\/posts"}],"about":[{"href":"https:\/\/bertsch-holzbau.eu\/hu\/wp-json\/wp\/v2\/types\/post"}],"author":[{"embeddable":true,"href":"https:\/\/bertsch-holzbau.eu\/hu\/wp-json\/wp\/v2\/users\/6"}],"replies":[{"embeddable":true,"href":"https:\/\/bertsch-holzbau.eu\/hu\/wp-json\/wp\/v2\/comments?post=79939"}],"version-history":[{"count":2,"href":"https:\/\/bertsch-holzbau.eu\/hu\/wp-json\/wp\/v2\/posts\/79939\/revisions"}],"predecessor-version":[{"id":88359,"href":"https:\/\/bertsch-holzbau.eu\/hu\/wp-json\/wp\/v2\/posts\/79939\/revisions\/88359"}],"wp:featuredmedia":[{"embeddable":true,"href":"https:\/\/bertsch-holzbau.eu\/hu\/wp-json\/wp\/v2\/media\/112053"}],"wp:attachment":[{"href":"https:\/\/bertsch-holzbau.eu\/hu\/wp-json\/wp\/v2\/media?parent=79939"}],"wp:term":[{"taxonomy":"category","embeddable":true,"href":"https:\/\/bertsch-holzbau.eu\/hu\/wp-json\/wp\/v2\/categories?post=79939"},{"taxonomy":"post_tag","embeddable":true,"href":"https:\/\/bertsch-holzbau.eu\/hu\/wp-json\/wp\/v2\/tags?post=79939"}],"curies":[{"name":"wp","href":"https:\/\/api.w.org\/{rel}","templated":true}]}}