{"id":79929,"date":"2024-08-09T15:23:18","date_gmt":"2024-08-09T13:23:18","guid":{"rendered":"https:\/\/bertsch-holzbau.eu\/blog\/montaz-rynny-dachowej\/"},"modified":"2025-02-17T12:05:48","modified_gmt":"2025-02-17T11:05:48","slug":"montaz-rynny-dachowej","status":"publish","type":"post","link":"https:\/\/bertsch-holzbau.eu\/hu\/blog\/montaz-rynny-dachowej\/","title":{"rendered":"Tet\u0151 ereszcsatorna telep\u00edt\u00e9s"},"content":{"rendered":"\n<p class=\"wp-block-paragraph\">A tet\u0151ereszcsatorna felszerel\u00e9se kulcsfontoss\u00e1g\u00fa feladat annak biztos\u00edt\u00e1sa \u00e9rdek\u00e9ben, hogy az es\u0151v\u00edz hat\u00e9konyan elvezet\u00e9sre ker\u00fclj\u00f6n otthona tetej\u00e9r\u0151l. A megfelel\u0151en felszerelt ereszcsatorna nemcsak az \u00e9p\u00fcletszerkezetet v\u00e9di a v\u00edzk\u00e1rokt\u00f3l, hanem megakad\u00e1lyozza a t\u00f3cs\u00e1kat \u00e9s az er\u00f3zi\u00f3t is az alap\u00edtv\u00e1ny k\u00f6r\u00fcl. Ebben a l\u00e9p\u00e9sr\u0151l l\u00e9p\u00e9sre k\u00f6vethet\u0151 \u00fatmutat\u00f3ban megtudhatja, hogyan kell tet\u0151ereszcsatorn\u00e1t szerelni, milyen szersz\u00e1mokra \u00e9s anyagokra lesz sz\u00fcks\u00e9ge, \u00e9s milyen \u00f3vint\u00e9zked\u00e9seket kell tennie a z\u00f6kken\u0151mentes \u00e9s sikeres telep\u00edt\u00e9s \u00e9rdek\u00e9ben.<\/p>\n\n\n\n<h2 class=\"wp-block-heading\"><strong>A tet\u0151ereszcsatorna saj\u00e1t maga t\u00f6rt\u00e9n\u0151 felszerel\u00e9se<\/strong><\/h2>\n\n\n\n<p class=\"wp-block-paragraph\">A szerel\u00e9si folyamat t\u00f6bb l\u00e9p\u00e9sb\u0151l \u00e1ll, amelyek gondos tervez\u00e9st \u00e9s pontos kivitelez\u00e9st ig\u00e9nyelnek. A megfelel\u0151 anyagok kiv\u00e1laszt\u00e1s\u00e1t\u00f3l kezdve a pontos m\u00e9r\u00e9sen \u00e9s v\u00e1g\u00e1son \u00e1t az ereszcsatorna biztons\u00e1gos r\u00f6gz\u00edt\u00e9s\u00e9ig mindezeket a szempontokat gondosan be kell tartani a tart\u00f3s \u00e9s m\u0171k\u00f6d\u0151k\u00e9pes megold\u00e1s \u00e9rdek\u00e9ben.<\/p>\n\n\n\n<h3 class=\"wp-block-heading\"><strong>1. l\u00e9p\u00e9s: Tervez\u00e9s \u00e9s el\u0151k\u00e9sz\u00edt\u00e9s<\/strong><\/h3>\n\n\n\n<p class=\"wp-block-paragraph\">Ez a l\u00e9p\u00e9s kulcsfontoss\u00e1g\u00fa az eg\u00e9sz projekt sikere szempontj\u00e1b\u00f3l. Kezdetben pontosan fel kell m\u00e9rni a tet\u0151 sz\u00e9l\u00e9t, ahov\u00e1 az ereszcsatorn\u00e1t telep\u00edteni k\u00edv\u00e1njuk. M\u00e9r\u0151szalaggal hat\u00e1rozza meg a tet\u0151 sz\u00e9l\u00e9nek teljes hossz\u00e1t. Meg kell terveznie az ereszcsatorn\u00e1b\u00f3l a vizet a csatorn\u00e1ba vagy az es\u0151v\u00edztart\u00e1lyba vezet\u0151 lefoly\u00f3cs\u00f6vek hely\u00e9t is. J\u00f3 \u00f6k\u00f6lszab\u00e1ly, hogy minden 10 m\u00e9ter ereszcsatorn\u00e1ra legal\u00e1bb egy ereszcsatorn\u00e1t kell felszerelni, hogy a v\u00edz hat\u00e9konyan elvezesse a vizet.<\/p>\n\n\n\n<div class=\"wp-block-columns is-layout-flex wp-container-core-columns-is-layout-8f761849 wp-block-columns-is-layout-flex\">\n<div class=\"wp-block-column is-layout-flow wp-block-column-is-layout-flow\">\n<h3 class=\"wp-block-heading\"><strong>2. l\u00e9p\u00e9s: Az ereszcsatorna-tart\u00f3k felszerel\u00e9se<\/strong><br><\/h3>\n\n\n\n<p class=\"wp-block-paragraph\">A tart\u00f3k a tet\u0151ereszcsatorna gerinc\u00e9t alkotj\u00e1k. \u00dagy kell felszerelni \u0151ket, hogy szil\u00e1rdan tarts\u00e1k az ereszcsatorn\u00e1t, \u00e9s lehet\u0151v\u00e9 tegy\u00e9k a megfelel\u0151 d\u0151l\u00e9ssz\u00f6get. Kezdje a konzolok hely\u00e9nek kijel\u00f6l\u00e9s\u00e9vel. Az els\u0151 tart\u00f3konzolt c\u00e9lszer\u0171 oda helyezni, ahol az ereszcsatorna a legmagasabbra ker\u00fcl. Az utols\u00f3 konzolt oda kell r\u00f6gz\u00edteni, ahov\u00e1 a lefoly\u00f3cs\u0151 ker\u00fcl, azaz az ereszcsatorna legalacsonyabb pontj\u00e1ra. R\u00f6gz\u00edtse a konzolokat a tet\u0151 sz\u00e9le ment\u00e9n, megfelel\u0151 t\u00e1vols\u00e1got tartva, \u00e9s az ereszcsatorna minden m\u00e9ter\u00e9n\u00e9l kb. 2-3 mm-es enyhe lejt\u00e9ssel, hogy biztos\u00edtsa az optim\u00e1lis v\u00edzelvezet\u00e9st. Ellen\u0151rizze v\u00edzm\u00e9rt\u00e9kkel a helyes igaz\u00edt\u00e1st, \u00e9s f\u00farja ki a lyukakat a r\u00f6gz\u00edt\u0151csavarokhoz.<br><\/p>\n\n\n\n<h3 class=\"wp-block-heading\"><strong>3. l\u00e9p\u00e9s: Az ereszcsatorna v\u00e1g\u00e1sa<\/strong><br><\/h3>\n\n\n\n<p class=\"wp-block-paragraph\">Ha sz\u00fcks\u00e9ges, v\u00e1gja az ereszcsatorn\u00e1t a k\u00edv\u00e1nt hossz\u00fas\u00e1gra. Haszn\u00e1ljon f\u00e9mf\u0171r\u00e9szt vagy b\u00e1dogv\u00e1g\u00f3 oll\u00f3t a tiszta \u00e9s pontos v\u00e1g\u00e1shoz. A biztons\u00e1gos kezel\u00e9s \u00e9s a v\u00edz szabad \u00e1raml\u00e1s\u00e1nak biztos\u00edt\u00e1sa \u00e9rdek\u00e9ben \u00fcgyeljen a sz\u00e9lek sim\u00edt\u00e1s\u00e1ra.<\/p>\n<\/div>\n\n\n\n<div class=\"wp-block-column is-vertically-aligned-center is-layout-flow wp-block-column-is-layout-flow\">\n<figure class=\"wp-block-image size-large\"><img loading=\"lazy\" decoding=\"async\" width=\"1024\" height=\"709\" src=\"https:\/\/bertsch-holzbau.eu\/wp-content\/uploads\/2024\/08\/000510-01-1024x709.jpg\" alt=\"\" class=\"wp-image-64156\" srcset=\"https:\/\/bertsch-holzbau.eu\/wp-content\/uploads\/2024\/08\/000510-01-1024x709.jpg 1024w, https:\/\/bertsch-holzbau.eu\/wp-content\/uploads\/2024\/08\/000510-01-300x208.jpg 300w, https:\/\/bertsch-holzbau.eu\/wp-content\/uploads\/2024\/08\/000510-01-768x532.jpg 768w, https:\/\/bertsch-holzbau.eu\/wp-content\/uploads\/2024\/08\/000510-01-400x277.jpg 400w, https:\/\/bertsch-holzbau.eu\/wp-content\/uploads\/2024\/08\/000510-01-600x416.jpg 600w, https:\/\/bertsch-holzbau.eu\/wp-content\/uploads\/2024\/08\/000510-01-800x554.jpg 800w, https:\/\/bertsch-holzbau.eu\/wp-content\/uploads\/2024\/08\/000510-01-1200x831.jpg 1200w, https:\/\/bertsch-holzbau.eu\/wp-content\/uploads\/2024\/08\/000510-01.jpg 1535w\" sizes=\"auto, (max-width: 1024px) 100vw, 1024px\" \/><\/figure>\n<\/div>\n<\/div>\n\n\n\n<h3 class=\"wp-block-heading\"><strong>4. l\u00e9p\u00e9s: Az ereszcsatorna felszerel\u00e9se<\/strong><\/h3>\n\n\n\n<p class=\"wp-block-paragraph\">Kezdje az ereszcsatorna szegmens r\u00f6gz\u00edt\u00e9s\u00e9vel a konzolok egyik v\u00e9g\u00e9hez. Helyezze be a konzolokba, \u00e9s r\u00f6gz\u00edtse megfelel\u0151 kapcsokkal vagy csavarokkal. \u00dcgyeljen arra, hogy az ereszcsatorna szil\u00e1rdan r\u00f6gz\u00fclj\u00f6n a konzolokban, \u00e9s ne inogjon meg. \u00dcgyeljen arra, hogy az ereszcsatorna f\u00fcgg\u0151legesen legyen r\u00f6gz\u00edtve, \u00e9s ne legyenek felesleges kanyarulatai, amelyek akad\u00e1lyozhatj\u00e1k a v\u00edz \u00e1raml\u00e1s\u00e1t. A lefoly\u00f3cs\u0151 als\u00f3 v\u00e9g\u00e9nek k\u00f6zvetlen\u00fcl a lefoly\u00f3ba vagy a lefoly\u00f3ba kell vezetnie.<\/p>\n\n\n\n<h3 class=\"wp-block-heading\"><strong>5. l\u00e9p\u00e9s: A szegmensek \u00f6sszekapcsol\u00e1sa<\/strong><\/h3>\n\n\n\n<p class=\"wp-block-paragraph\">Ha az ereszcsatorna t\u00f6bb r\u00e9szb\u0151l \u00e1ll, speci\u00e1lis csatlakoz\u00f3k seg\u00edts\u00e9g\u00e9vel illessze \u00f6ssze \u0151ket. Ennek sor\u00e1n haszn\u00e1ljon t\u00f6m\u00edt\u0151anyagot, hogy biztos\u00edtsa az illeszt\u00e9sek t\u00f6m\u00f6rs\u00e9g\u00e9t \u00e9s a sziv\u00e1rg\u00e1s elker\u00fcl\u00e9s\u00e9t.<\/p>\n\n\n\n<h3 class=\"wp-block-heading\"><strong>6. l\u00e9p\u00e9s: Befejez\u00e9s \u00e9s ellen\u0151rz\u00e9s<\/strong><\/h3>\n\n\n\n<p class=\"wp-block-paragraph\">Ellen\u0151rizze az \u00f6sszes csatlakoz\u00e1st, \u00e9s gy\u0151z\u0151dj\u00f6n meg arr\u00f3l, hogy minden t\u00f6m\u00edt\u00e9s szil\u00e1rdan a hely\u00e9n van. T\u00e1vol\u00edtsa el a felesleges t\u00f6m\u00edt\u0151anyagot, \u00e9s tiszt\u00edtsa meg az ereszcsatorna k\u00f6rny\u00e9k\u00e9t. Pr\u00f3b\u00e1lja ki az ereszcsatorn\u00e1t egy kis mennyis\u00e9g\u0171 v\u00edz bele\u00f6nt\u00e9s\u00e9vel, hogy megbizonyosodjon arr\u00f3l, hogy a v\u00edz megfelel\u0151en folyik-e le, \u00e9s nincs-e sziv\u00e1rg\u00e1s. Gy\u0151z\u0151dj\u00f6n meg arr\u00f3l, hogy az ereszcsatorna az eresz teljes hossz\u00e1t lefedi, \u00e9s hogy a lefoly\u00f3cs\u0151 hat\u00e9konyan lefolyik.<\/p>\n\n\n\n<h2 class=\"wp-block-heading\"><strong>Milyen magass\u00e1gban kell a tet\u0151ereszcsatorn\u00e1kat felszerelni?<\/strong><\/h2>\n\n\n\n<p class=\"wp-block-paragraph\">\u00c1ltal\u00e1nos szab\u00e1lyk\u00e9nt a tet\u0151ereszcsatorn\u00e1kat \u00fagy kell felszerelni, hogy optim\u00e1lisan \u00f6sszegy\u0171jts\u00e9k a lefoly\u00f3 es\u0151vizet an\u00e9lk\u00fcl, hogy elz\u00e1rn\u00e1k a tet\u0151 sz\u00e9l\u00e9t. \u00c1ltal\u00e1ban az ereszcsatorn\u00e1t k\u00f6zvetlen\u00fcl a tet\u0151 sz\u00e9le al\u00e1 szerelik, a tet\u0151 sz\u00e9l\u00e9t\u0151l kis, k\u00f6r\u00fclbel\u00fcl 1-2 centim\u00e9teres t\u00e1vols\u00e1got tartva. Ez a r\u00e9s megakad\u00e1lyozza, hogy a tet\u0151 sz\u00e9l\u00e9n \u00e1tfoly\u00f3 v\u00edz megker\u00fclje az ereszcsatorn\u00e1t. Egy m\u00e1sik fontos krit\u00e9rium az ereszcsatorna sz\u00f6ge. Az ereszcsatorn\u00e1nak enyh\u00e9n lejt\u0151snek kell lennie, hogy a v\u00edz zavartalanul \u00e1ramolhasson a lefoly\u00f3cs\u0151be. Az ereszcsatorna hossz\u00e1nak minden m\u00e9ter\u00e9re k\u00f6r\u00fclbel\u00fcl 2-3 millim\u00e9teres lejt\u00e9s az ide\u00e1lis. Ez lehet\u0151v\u00e9 teszi, hogy a v\u00edz dugul\u00e1s vagy t\u00falfoly\u00e1s n\u00e9lk\u00fcl elfolyjon.<\/p>\n\n\n\n<div class=\"wp-block-group green-box\"><div class=\"wp-block-group__inner-container is-layout-constrained wp-block-group-is-layout-constrained\">\n<h3 class=\"wp-block-heading\"><strong>Mit\u0151l f\u00fcgg az ereszcsatorna be\u00e9p\u00edt\u00e9s\u00e9nek magass\u00e1ga?<\/strong><\/h3>\n\n\n\n<p class=\"wp-block-paragraph\">Az ereszcsatorna be\u00e9p\u00edt\u00e9s\u00e9nek magass\u00e1ga a tet\u0151 t\u00edpus\u00e1t\u00f3l \u00e9s m\u00e9ret\u00e9t\u0151l, valamint a helyi id\u0151j\u00e1r\u00e1si viszonyokt\u00f3l is f\u00fcgg. Azokban a r\u00e9gi\u00f3kban, ahol nagy mennyis\u00e9g\u0171 es\u0151 vagy h\u00f3 esik, el\u0151fordulhat, hogy az ereszcsatorn\u00e1t valamivel alacsonyabbra kell szerelni, hogy a nagyobb mennyis\u00e9g\u0171 v\u00edz hat\u00e9konyan elvezethet\u0151 legyen.<\/p>\n\n\n\n<p class=\"wp-block-paragraph\">\u00d6sszefoglalva, a tet\u0151ereszcsatorn\u00e1kat \u00e1ltal\u00e1ban k\u00f6zvetlen\u00fcl a tet\u0151 sz\u00e9le al\u00e1, enyhe lejt\u00e9ssel kell felszerelni. A pontos magass\u00e1g \u00e9s d\u0151l\u00e9ssz\u00f6g az \u00d6n egyedi ig\u00e9nyeit\u0151l f\u00fcgg\u0151en v\u00e1ltozhat, ez\u00e9rt \u00e9rdemes k\u00f6vetni a gy\u00e1rt\u00f3 aj\u00e1nl\u00e1sait, \u00e9s k\u00e9ts\u00e9g eset\u00e9n szakemberrel konzult\u00e1lni.<\/p>\n<\/div><\/div>\n\n\n\n<h3 class=\"wp-block-heading\"><strong>Hogyan szereljem fel a tet\u0151ereszcsatorn\u00e1kat?<\/strong> <strong>Hasznos eszk\u00f6z\u00f6k<\/strong><\/h3>\n\n\n\n<p class=\"wp-block-paragraph\">Fontos figyelembe venni a megfelel\u0151 magass\u00e1got \u00e9s d\u0151l\u00e9ssz\u00f6get az ereszcsatorna optim\u00e1lis teljes\u00edtm\u00e9ny\u00e9nek biztos\u00edt\u00e1sa \u00e9rdek\u00e9ben. K\u00fcl\u00f6nb\u00f6z\u0151 t\u00e9nyez\u0151k, p\u00e9ld\u00e1ul a tet\u0151 t\u00edpusa, az \u00e1tlagos csapad\u00e9kmennyis\u00e9g \u00e9s a h\u00e1z saj\u00e1tos \u00e9p\u00edt\u00e9si k\u00f6r\u00fclm\u00e9nyei mind szerepet j\u00e1tszanak. Az al\u00e1bbiakban r\u00e9szletezz\u00fck, hogy a legjobb eredm\u00e9ny \u00e9rdek\u00e9ben milyen magasra \u00e9s milyen d\u0151l\u00e9ssz\u00f6gben kell felszerelni a tet\u0151ereszcsatorn\u00e1t.<\/p>\n\n\n\n<ul class=\"wp-block-list\">\n<li><strong>L\u00e9tra<\/strong> &#8211; A tet\u0151 sz\u00e9l\u00e9nek biztons\u00e1gos el\u00e9r\u00e9s\u00e9hez elengedhetetlen egy stabil \u00e9s kell\u0151en magas l\u00e9tra. A balesetek elker\u00fcl\u00e9se \u00e9rdek\u00e9ben \u00fcgyeljen a l\u00e9tra megfelel\u0151 elhelyez\u00e9s\u00e9re.<\/li>\n\n\n\n<li><strong>M\u00e9r\u00e9s<\/strong> &#8211; Egy pontos m\u00e9r\u0151szalag seg\u00edt az ereszcsatorna hossz\u00e1nak \u00e9s a kapaszkod\u00f3k helyzet\u00e9nek pontos felm\u00e9r\u00e9s\u00e9ben.<\/li>\n\n\n\n<li><strong>Ceruza \u00e9s filctoll<\/strong> &#8211; A kapaszkod\u00f3k hely\u00e9nek megjel\u00f6l\u00e9s\u00e9hez.<\/li>\n\n\n\n<li><strong>V\u00edzm\u00e9rt\u00e9k<\/strong> &#8211; A v\u00edzm\u00e9rt\u00e9k fontos, hogy az ereszcsatorna megfelel\u0151 lejt\u00e9s\u0171 legyen, hogy a v\u00edz szabadon le tudjon folyni.<\/li>\n\n\n\n<li><strong>F\u00far\u00f3g\u00e9p<\/strong> &#8211; Egy nagy teljes\u00edtm\u00e9ny\u0171 f\u00far\u00f3g\u00e9p megfelel\u0151 f\u00far\u00f3fejekkel elengedhetetlen a homlokzaton vagy a tet\u0151 eresz\u00e9n l\u00e9v\u0151 konzolok lyukainak f\u00far\u00e1s\u00e1hoz.<\/li>\n\n\n\n<li><strong>Csavarh\u00faz\u00f3 vagy akkumul\u00e1toros csavarh\u00faz\u00f3<\/strong> &#8211; Ezekre az eszk\u00f6z\u00f6kre a konzolok biztons\u00e1gos r\u00f6gz\u00edt\u00e9s\u00e9hez van sz\u00fcks\u00e9g.<\/li>\n<\/ul>\n\n\n\n<p class=\"wp-block-paragraph\">Ha ezek a szersz\u00e1mok a rendelkez\u00e9s\u00e9re \u00e1llnak, j\u00f3l felszerelt a tet\u0151ereszcsatorna helyes \u00e9s biztons\u00e1gos felszerel\u00e9s\u00e9hez. Ne feledje, hogy \u00f3vatosan dolgozzon, \u00e9s tartson be minden \u00f3vint\u00e9zked\u00e9st az optim\u00e1lis eredm\u00e9ny el\u00e9r\u00e9se \u00e9rdek\u00e9ben. B\u00e1r ez a feladat nem k\u00fcl\u00f6n\u00f6sebben neh\u00e9z, n\u00e9mi tud\u00e1st \u00e9s k\u00e9z\u00fcgyess\u00e9get ig\u00e9nyel. Ez\u00e9rt alkalmas a n\u00e9mi tapasztalattal rendelkez\u0151 bark\u00e1csol\u00f3k sz\u00e1m\u00e1ra; a tapasztalat n\u00e9lk\u00fclieknek nem aj\u00e1nlott.<\/p>\n\n\n\n<figure class=\"wp-block-gallery has-nested-images columns-default is-cropped wp-block-gallery-1 is-layout-flex wp-block-gallery-is-layout-flex\">\n<figure class=\"wp-block-image size-large\"><img loading=\"lazy\" decoding=\"async\" width=\"1024\" height=\"850\" data-id=\"64204\" src=\"https:\/\/bertsch-holzbau.eu\/wp-content\/uploads\/2024\/08\/000027-01-1024x850.jpg\" alt=\"\" class=\"wp-image-64204\" srcset=\"https:\/\/bertsch-holzbau.eu\/wp-content\/uploads\/2024\/08\/000027-01-1024x850.jpg 1024w, https:\/\/bertsch-holzbau.eu\/wp-content\/uploads\/2024\/08\/000027-01-300x249.jpg 300w, https:\/\/bertsch-holzbau.eu\/wp-content\/uploads\/2024\/08\/000027-01-768x638.jpg 768w, https:\/\/bertsch-holzbau.eu\/wp-content\/uploads\/2024\/08\/000027-01-1536x1275.jpg 1536w, https:\/\/bertsch-holzbau.eu\/wp-content\/uploads\/2024\/08\/000027-01-2048x1700.jpg 2048w, https:\/\/bertsch-holzbau.eu\/wp-content\/uploads\/2024\/08\/000027-01-400x332.jpg 400w, https:\/\/bertsch-holzbau.eu\/wp-content\/uploads\/2024\/08\/000027-01-600x498.jpg 600w, https:\/\/bertsch-holzbau.eu\/wp-content\/uploads\/2024\/08\/000027-01-800x664.jpg 800w, https:\/\/bertsch-holzbau.eu\/wp-content\/uploads\/2024\/08\/000027-01-1200x996.jpg 1200w\" sizes=\"auto, (max-width: 1024px) 100vw, 1024px\" \/><\/figure>\n\n\n\n<figure class=\"wp-block-image size-large\"><img loading=\"lazy\" decoding=\"async\" width=\"1024\" height=\"768\" data-id=\"64203\" src=\"https:\/\/bertsch-holzbau.eu\/wp-content\/uploads\/2024\/08\/000075-01-1024x768.jpg\" alt=\"\" class=\"wp-image-64203\" srcset=\"https:\/\/bertsch-holzbau.eu\/wp-content\/uploads\/2024\/08\/000075-01-1024x768.jpg 1024w, https:\/\/bertsch-holzbau.eu\/wp-content\/uploads\/2024\/08\/000075-01-300x225.jpg 300w, https:\/\/bertsch-holzbau.eu\/wp-content\/uploads\/2024\/08\/000075-01-768x576.jpg 768w, https:\/\/bertsch-holzbau.eu\/wp-content\/uploads\/2024\/08\/000075-01-1536x1152.jpg 1536w, https:\/\/bertsch-holzbau.eu\/wp-content\/uploads\/2024\/08\/000075-01-2048x1536.jpg 2048w, https:\/\/bertsch-holzbau.eu\/wp-content\/uploads\/2024\/08\/000075-01-400x300.jpg 400w, https:\/\/bertsch-holzbau.eu\/wp-content\/uploads\/2024\/08\/000075-01-600x450.jpg 600w, https:\/\/bertsch-holzbau.eu\/wp-content\/uploads\/2024\/08\/000075-01-800x600.jpg 800w, https:\/\/bertsch-holzbau.eu\/wp-content\/uploads\/2024\/08\/000075-01-1200x900.jpg 1200w\" sizes=\"auto, (max-width: 1024px) 100vw, 1024px\" \/><\/figure>\n\n\n\n<figure class=\"wp-block-image size-large\"><img loading=\"lazy\" decoding=\"async\" width=\"1024\" height=\"642\" data-id=\"64193\" src=\"https:\/\/bertsch-holzbau.eu\/wp-content\/uploads\/2024\/08\/000100-01-1024x642.jpg\" alt=\"\" class=\"wp-image-64193\" srcset=\"https:\/\/bertsch-holzbau.eu\/wp-content\/uploads\/2024\/08\/000100-01-1024x642.jpg 1024w, https:\/\/bertsch-holzbau.eu\/wp-content\/uploads\/2024\/08\/000100-01-300x188.jpg 300w, https:\/\/bertsch-holzbau.eu\/wp-content\/uploads\/2024\/08\/000100-01-768x482.jpg 768w, https:\/\/bertsch-holzbau.eu\/wp-content\/uploads\/2024\/08\/000100-01-400x251.jpg 400w, https:\/\/bertsch-holzbau.eu\/wp-content\/uploads\/2024\/08\/000100-01-600x376.jpg 600w, https:\/\/bertsch-holzbau.eu\/wp-content\/uploads\/2024\/08\/000100-01-800x502.jpg 800w, https:\/\/bertsch-holzbau.eu\/wp-content\/uploads\/2024\/08\/000100-01-1200x753.jpg 1200w, https:\/\/bertsch-holzbau.eu\/wp-content\/uploads\/2024\/08\/000100-01.jpg 1526w\" sizes=\"auto, (max-width: 1024px) 100vw, 1024px\" \/><\/figure>\n<\/figure>\n","protected":false},"excerpt":{"rendered":"<p>A tet\u0151ereszcsatorna felszerel\u00e9se kulcsfontoss\u00e1g\u00fa feladat annak biztos\u00edt\u00e1sa \u00e9rdek\u00e9ben, hogy az es\u0151v\u00edz hat\u00e9konyan elvezet\u00e9sre ker\u00fclj\u00f6n otthona tetej\u00e9r\u0151l. A megfelel\u0151en felszerelt ereszcsatorna nemcsak az \u00e9p\u00fcletszerkezetet v\u00e9di a v\u00edzk\u00e1rokt\u00f3l, hanem megakad\u00e1lyozza a t\u00f3cs\u00e1kat \u00e9s az er\u00f3zi\u00f3t is az alap\u00edtv\u00e1ny k\u00f6r\u00fcl. Ebben a l\u00e9p\u00e9sr\u0151l l\u00e9p\u00e9sre k\u00f6vethet\u0151 \u00fatmutat\u00f3ban megtudhatja, hogyan kell tet\u0151ereszcsatorn\u00e1t szerelni, milyen szersz\u00e1mokra \u00e9s anyagokra lesz sz\u00fcks\u00e9ge, \u00e9s [&hellip;]<\/p>\n","protected":false},"author":6,"featured_media":112101,"comment_status":"open","ping_status":"open","sticky":false,"template":"","format":"standard","meta":{"_acf_changed":false,"footnotes":""},"categories":[607],"tags":[],"class_list":["post-79929","post","type-post","status-publish","format-standard","has-post-thumbnail","hentry","category-epites-es-osszeszereles"],"acf":[],"yoast_head":"<!-- This site is optimized with the Yoast SEO plugin v27.8 - https:\/\/yoast.com\/product\/yoast-seo-wordpress\/ -->\n<title>Tet\u0151 ereszcsatorna telep\u00edt\u00e9s - BHB Bertsch Holzbau<\/title>\n<meta name=\"robots\" content=\"index, follow, max-snippet:-1, max-image-preview:large, max-video-preview:-1\" \/>\n<meta property=\"og:locale\" content=\"hu_HU\" \/>\n<meta property=\"og:type\" content=\"article\" \/>\n<meta property=\"og:title\" content=\"Tet\u0151 ereszcsatorna telep\u00edt\u00e9s - BHB Bertsch Holzbau\" \/>\n<meta property=\"og:description\" content=\"A tet\u0151ereszcsatorna felszerel\u00e9se kulcsfontoss\u00e1g\u00fa feladat annak biztos\u00edt\u00e1sa \u00e9rdek\u00e9ben, hogy az es\u0151v\u00edz hat\u00e9konyan elvezet\u00e9sre ker\u00fclj\u00f6n otthona tetej\u00e9r\u0151l. A megfelel\u0151en felszerelt ereszcsatorna nemcsak az \u00e9p\u00fcletszerkezetet v\u00e9di a v\u00edzk\u00e1rokt\u00f3l, hanem megakad\u00e1lyozza a t\u00f3cs\u00e1kat \u00e9s az er\u00f3zi\u00f3t is az alap\u00edtv\u00e1ny k\u00f6r\u00fcl. Ebben a l\u00e9p\u00e9sr\u0151l l\u00e9p\u00e9sre k\u00f6vethet\u0151 \u00fatmutat\u00f3ban megtudhatja, hogyan kell tet\u0151ereszcsatorn\u00e1t szerelni, milyen szersz\u00e1mokra \u00e9s anyagokra lesz sz\u00fcks\u00e9ge, \u00e9s [&hellip;]\" \/>\n<meta property=\"og:url\" content=\"https:\/\/bertsch-holzbau.eu\/hu\/blog\/montaz-rynny-dachowej\/\" \/>\n<meta property=\"og:site_name\" content=\"BHB Bertsch Holzbau\" \/>\n<meta property=\"article:publisher\" content=\"https:\/\/www.facebook.com\/bertschholzbau\/\" \/>\n<meta property=\"article:published_time\" content=\"2024-08-09T13:23:18+00:00\" \/>\n<meta property=\"article:modified_time\" content=\"2025-02-17T11:05:48+00:00\" \/>\n<meta property=\"og:image\" content=\"https:\/\/bertsch-holzbau.eu\/wp-content\/uploads\/2024\/08\/6.-Montaz-rynny-dachowej.jpg\" \/>\n\t<meta property=\"og:image:width\" content=\"1200\" \/>\n\t<meta property=\"og:image:height\" content=\"900\" \/>\n\t<meta property=\"og:image:type\" content=\"image\/jpeg\" \/>\n<meta name=\"author\" content=\"Joachim Bertsch\" \/>\n<meta name=\"twitter:card\" content=\"summary_large_image\" \/>\n<meta name=\"twitter:label1\" content=\"Szerz\u0151:\" \/>\n\t<meta name=\"twitter:data1\" content=\"Joachim Bertsch\" \/>\n\t<meta name=\"twitter:label2\" content=\"Becs\u00fclt olvas\u00e1si id\u0151\" \/>\n\t<meta name=\"twitter:data2\" content=\"5 perc\" \/>\n<script type=\"application\/ld+json\" class=\"yoast-schema-graph\">{\"@context\":\"https:\\\/\\\/schema.org\",\"@graph\":[{\"@type\":\"Article\",\"@id\":\"https:\\\/\\\/bertsch-holzbau.eu\\\/hu\\\/blog\\\/montaz-rynny-dachowej\\\/#article\",\"isPartOf\":{\"@id\":\"https:\\\/\\\/bertsch-holzbau.eu\\\/hu\\\/blog\\\/montaz-rynny-dachowej\\\/\"},\"author\":{\"name\":\"Joachim Bertsch\",\"@id\":\"https:\\\/\\\/bertsch-holzbau.eu\\\/hu\\\/#\\\/schema\\\/person\\\/13ecc06e359795647bc8686c8fc9628b\"},\"headline\":\"Tet\u0151 ereszcsatorna telep\u00edt\u00e9s\",\"datePublished\":\"2024-08-09T13:23:18+00:00\",\"dateModified\":\"2025-02-17T11:05:48+00:00\",\"mainEntityOfPage\":{\"@id\":\"https:\\\/\\\/bertsch-holzbau.eu\\\/hu\\\/blog\\\/montaz-rynny-dachowej\\\/\"},\"wordCount\":1443,\"commentCount\":0,\"publisher\":{\"@id\":\"https:\\\/\\\/bertsch-holzbau.eu\\\/hu\\\/#organization\"},\"image\":{\"@id\":\"https:\\\/\\\/bertsch-holzbau.eu\\\/hu\\\/blog\\\/montaz-rynny-dachowej\\\/#primaryimage\"},\"thumbnailUrl\":\"https:\\\/\\\/bertsch-holzbau.eu\\\/wp-content\\\/uploads\\\/2024\\\/08\\\/6.-Montaz-rynny-dachowej.jpg\",\"articleSection\":[\"\u00c9p\u00edt\u00e9s \u00e9s \u00f6sszeszerel\u00e9s\"],\"inLanguage\":\"hu\",\"potentialAction\":[{\"@type\":\"CommentAction\",\"name\":\"Comment\",\"target\":[\"https:\\\/\\\/bertsch-holzbau.eu\\\/hu\\\/blog\\\/montaz-rynny-dachowej\\\/#respond\"]}]},{\"@type\":\"WebPage\",\"@id\":\"https:\\\/\\\/bertsch-holzbau.eu\\\/hu\\\/blog\\\/montaz-rynny-dachowej\\\/\",\"url\":\"https:\\\/\\\/bertsch-holzbau.eu\\\/hu\\\/blog\\\/montaz-rynny-dachowej\\\/\",\"name\":\"Tet\u0151 ereszcsatorna telep\u00edt\u00e9s - BHB Bertsch Holzbau\",\"isPartOf\":{\"@id\":\"https:\\\/\\\/bertsch-holzbau.eu\\\/hu\\\/#website\"},\"primaryImageOfPage\":{\"@id\":\"https:\\\/\\\/bertsch-holzbau.eu\\\/hu\\\/blog\\\/montaz-rynny-dachowej\\\/#primaryimage\"},\"image\":{\"@id\":\"https:\\\/\\\/bertsch-holzbau.eu\\\/hu\\\/blog\\\/montaz-rynny-dachowej\\\/#primaryimage\"},\"thumbnailUrl\":\"https:\\\/\\\/bertsch-holzbau.eu\\\/wp-content\\\/uploads\\\/2024\\\/08\\\/6.-Montaz-rynny-dachowej.jpg\",\"datePublished\":\"2024-08-09T13:23:18+00:00\",\"dateModified\":\"2025-02-17T11:05:48+00:00\",\"breadcrumb\":{\"@id\":\"https:\\\/\\\/bertsch-holzbau.eu\\\/hu\\\/blog\\\/montaz-rynny-dachowej\\\/#breadcrumb\"},\"inLanguage\":\"hu\",\"potentialAction\":[{\"@type\":\"ReadAction\",\"target\":[\"https:\\\/\\\/bertsch-holzbau.eu\\\/hu\\\/blog\\\/montaz-rynny-dachowej\\\/\"]}]},{\"@type\":\"ImageObject\",\"inLanguage\":\"hu\",\"@id\":\"https:\\\/\\\/bertsch-holzbau.eu\\\/hu\\\/blog\\\/montaz-rynny-dachowej\\\/#primaryimage\",\"url\":\"https:\\\/\\\/bertsch-holzbau.eu\\\/wp-content\\\/uploads\\\/2024\\\/08\\\/6.-Montaz-rynny-dachowej.jpg\",\"contentUrl\":\"https:\\\/\\\/bertsch-holzbau.eu\\\/wp-content\\\/uploads\\\/2024\\\/08\\\/6.-Montaz-rynny-dachowej.jpg\",\"width\":1200,\"height\":900},{\"@type\":\"BreadcrumbList\",\"@id\":\"https:\\\/\\\/bertsch-holzbau.eu\\\/hu\\\/blog\\\/montaz-rynny-dachowej\\\/#breadcrumb\",\"itemListElement\":[{\"@type\":\"ListItem\",\"position\":1,\"name\":\"Home\",\"item\":\"https:\\\/\\\/bertsch-holzbau.eu\\\/hu\\\/\"},{\"@type\":\"ListItem\",\"position\":2,\"name\":\"Tet\u0151 ereszcsatorna telep\u00edt\u00e9s\"}]},{\"@type\":\"WebSite\",\"@id\":\"https:\\\/\\\/bertsch-holzbau.eu\\\/hu\\\/#website\",\"url\":\"https:\\\/\\\/bertsch-holzbau.eu\\\/hu\\\/\",\"name\":\"BHB Bertsch Holzbau\",\"description\":\"\",\"publisher\":{\"@id\":\"https:\\\/\\\/bertsch-holzbau.eu\\\/hu\\\/#organization\"},\"potentialAction\":[{\"@type\":\"SearchAction\",\"target\":{\"@type\":\"EntryPoint\",\"urlTemplate\":\"https:\\\/\\\/bertsch-holzbau.eu\\\/hu\\\/?s={search_term_string}\"},\"query-input\":{\"@type\":\"PropertyValueSpecification\",\"valueRequired\":true,\"valueName\":\"search_term_string\"}}],\"inLanguage\":\"hu\"},[],{\"@type\":\"Person\",\"@id\":\"https:\\\/\\\/bertsch-holzbau.eu\\\/hu\\\/#\\\/schema\\\/person\\\/13ecc06e359795647bc8686c8fc9628b\",\"name\":\"Joachim Bertsch\",\"image\":{\"@type\":\"ImageObject\",\"inLanguage\":\"hu\",\"@id\":\"https:\\\/\\\/bertsch-holzbau.eu\\\/wp-content\\\/litespeed\\\/avatar\\\/81f1ede881040594386bd43727a0c7b5.jpg?ver=1788161130\",\"url\":\"https:\\\/\\\/bertsch-holzbau.eu\\\/wp-content\\\/litespeed\\\/avatar\\\/81f1ede881040594386bd43727a0c7b5.jpg?ver=1788161130\",\"contentUrl\":\"https:\\\/\\\/bertsch-holzbau.eu\\\/wp-content\\\/litespeed\\\/avatar\\\/81f1ede881040594386bd43727a0c7b5.jpg?ver=1788161130\",\"caption\":\"Joachim Bertsch\"},\"url\":\"https:\\\/\\\/bertsch-holzbau.eu\\\/hu\\\/blog\\\/author\\\/j-bertsch\\\/\"}]}<\/script>\n<!-- \/ Yoast SEO plugin. -->","yoast_head_json":{"title":"Tet\u0151 ereszcsatorna telep\u00edt\u00e9s - BHB Bertsch Holzbau","robots":{"index":"index","follow":"follow","max-snippet":"max-snippet:-1","max-image-preview":"max-image-preview:large","max-video-preview":"max-video-preview:-1"},"og_locale":"hu_HU","og_type":"article","og_title":"Tet\u0151 ereszcsatorna telep\u00edt\u00e9s - BHB Bertsch Holzbau","og_description":"A tet\u0151ereszcsatorna felszerel\u00e9se kulcsfontoss\u00e1g\u00fa feladat annak biztos\u00edt\u00e1sa \u00e9rdek\u00e9ben, hogy az es\u0151v\u00edz hat\u00e9konyan elvezet\u00e9sre ker\u00fclj\u00f6n otthona tetej\u00e9r\u0151l. A megfelel\u0151en felszerelt ereszcsatorna nemcsak az \u00e9p\u00fcletszerkezetet v\u00e9di a v\u00edzk\u00e1rokt\u00f3l, hanem megakad\u00e1lyozza a t\u00f3cs\u00e1kat \u00e9s az er\u00f3zi\u00f3t is az alap\u00edtv\u00e1ny k\u00f6r\u00fcl. Ebben a l\u00e9p\u00e9sr\u0151l l\u00e9p\u00e9sre k\u00f6vethet\u0151 \u00fatmutat\u00f3ban megtudhatja, hogyan kell tet\u0151ereszcsatorn\u00e1t szerelni, milyen szersz\u00e1mokra \u00e9s anyagokra lesz sz\u00fcks\u00e9ge, \u00e9s [&hellip;]","og_url":"https:\/\/bertsch-holzbau.eu\/hu\/blog\/montaz-rynny-dachowej\/","og_site_name":"BHB Bertsch Holzbau","article_publisher":"https:\/\/www.facebook.com\/bertschholzbau\/","article_published_time":"2024-08-09T13:23:18+00:00","article_modified_time":"2025-02-17T11:05:48+00:00","og_image":[{"width":1200,"height":900,"url":"https:\/\/bertsch-holzbau.eu\/wp-content\/uploads\/2024\/08\/6.-Montaz-rynny-dachowej.jpg","type":"image\/jpeg"}],"author":"Joachim Bertsch","twitter_card":"summary_large_image","twitter_misc":{"Szerz\u0151:":"Joachim Bertsch","Becs\u00fclt olvas\u00e1si id\u0151":"5 perc"},"schema":{"@context":"https:\/\/schema.org","@graph":[{"@type":"Article","@id":"https:\/\/bertsch-holzbau.eu\/hu\/blog\/montaz-rynny-dachowej\/#article","isPartOf":{"@id":"https:\/\/bertsch-holzbau.eu\/hu\/blog\/montaz-rynny-dachowej\/"},"author":{"name":"Joachim Bertsch","@id":"https:\/\/bertsch-holzbau.eu\/hu\/#\/schema\/person\/13ecc06e359795647bc8686c8fc9628b"},"headline":"Tet\u0151 ereszcsatorna telep\u00edt\u00e9s","datePublished":"2024-08-09T13:23:18+00:00","dateModified":"2025-02-17T11:05:48+00:00","mainEntityOfPage":{"@id":"https:\/\/bertsch-holzbau.eu\/hu\/blog\/montaz-rynny-dachowej\/"},"wordCount":1443,"commentCount":0,"publisher":{"@id":"https:\/\/bertsch-holzbau.eu\/hu\/#organization"},"image":{"@id":"https:\/\/bertsch-holzbau.eu\/hu\/blog\/montaz-rynny-dachowej\/#primaryimage"},"thumbnailUrl":"https:\/\/bertsch-holzbau.eu\/wp-content\/uploads\/2024\/08\/6.-Montaz-rynny-dachowej.jpg","articleSection":["\u00c9p\u00edt\u00e9s \u00e9s \u00f6sszeszerel\u00e9s"],"inLanguage":"hu","potentialAction":[{"@type":"CommentAction","name":"Comment","target":["https:\/\/bertsch-holzbau.eu\/hu\/blog\/montaz-rynny-dachowej\/#respond"]}]},{"@type":"WebPage","@id":"https:\/\/bertsch-holzbau.eu\/hu\/blog\/montaz-rynny-dachowej\/","url":"https:\/\/bertsch-holzbau.eu\/hu\/blog\/montaz-rynny-dachowej\/","name":"Tet\u0151 ereszcsatorna telep\u00edt\u00e9s - BHB Bertsch Holzbau","isPartOf":{"@id":"https:\/\/bertsch-holzbau.eu\/hu\/#website"},"primaryImageOfPage":{"@id":"https:\/\/bertsch-holzbau.eu\/hu\/blog\/montaz-rynny-dachowej\/#primaryimage"},"image":{"@id":"https:\/\/bertsch-holzbau.eu\/hu\/blog\/montaz-rynny-dachowej\/#primaryimage"},"thumbnailUrl":"https:\/\/bertsch-holzbau.eu\/wp-content\/uploads\/2024\/08\/6.-Montaz-rynny-dachowej.jpg","datePublished":"2024-08-09T13:23:18+00:00","dateModified":"2025-02-17T11:05:48+00:00","breadcrumb":{"@id":"https:\/\/bertsch-holzbau.eu\/hu\/blog\/montaz-rynny-dachowej\/#breadcrumb"},"inLanguage":"hu","potentialAction":[{"@type":"ReadAction","target":["https:\/\/bertsch-holzbau.eu\/hu\/blog\/montaz-rynny-dachowej\/"]}]},{"@type":"ImageObject","inLanguage":"hu","@id":"https:\/\/bertsch-holzbau.eu\/hu\/blog\/montaz-rynny-dachowej\/#primaryimage","url":"https:\/\/bertsch-holzbau.eu\/wp-content\/uploads\/2024\/08\/6.-Montaz-rynny-dachowej.jpg","contentUrl":"https:\/\/bertsch-holzbau.eu\/wp-content\/uploads\/2024\/08\/6.-Montaz-rynny-dachowej.jpg","width":1200,"height":900},{"@type":"BreadcrumbList","@id":"https:\/\/bertsch-holzbau.eu\/hu\/blog\/montaz-rynny-dachowej\/#breadcrumb","itemListElement":[{"@type":"ListItem","position":1,"name":"Home","item":"https:\/\/bertsch-holzbau.eu\/hu\/"},{"@type":"ListItem","position":2,"name":"Tet\u0151 ereszcsatorna telep\u00edt\u00e9s"}]},{"@type":"WebSite","@id":"https:\/\/bertsch-holzbau.eu\/hu\/#website","url":"https:\/\/bertsch-holzbau.eu\/hu\/","name":"BHB Bertsch Holzbau","description":"","publisher":{"@id":"https:\/\/bertsch-holzbau.eu\/hu\/#organization"},"potentialAction":[{"@type":"SearchAction","target":{"@type":"EntryPoint","urlTemplate":"https:\/\/bertsch-holzbau.eu\/hu\/?s={search_term_string}"},"query-input":{"@type":"PropertyValueSpecification","valueRequired":true,"valueName":"search_term_string"}}],"inLanguage":"hu"},[],{"@type":"Person","@id":"https:\/\/bertsch-holzbau.eu\/hu\/#\/schema\/person\/13ecc06e359795647bc8686c8fc9628b","name":"Joachim Bertsch","image":{"@type":"ImageObject","inLanguage":"hu","@id":"https:\/\/bertsch-holzbau.eu\/wp-content\/litespeed\/avatar\/81f1ede881040594386bd43727a0c7b5.jpg?ver=1788161130","url":"https:\/\/bertsch-holzbau.eu\/wp-content\/litespeed\/avatar\/81f1ede881040594386bd43727a0c7b5.jpg?ver=1788161130","contentUrl":"https:\/\/bertsch-holzbau.eu\/wp-content\/litespeed\/avatar\/81f1ede881040594386bd43727a0c7b5.jpg?ver=1788161130","caption":"Joachim Bertsch"},"url":"https:\/\/bertsch-holzbau.eu\/hu\/blog\/author\/j-bertsch\/"}]}},"_links":{"self":[{"href":"https:\/\/bertsch-holzbau.eu\/hu\/wp-json\/wp\/v2\/posts\/79929","targetHints":{"allow":["GET"]}}],"collection":[{"href":"https:\/\/bertsch-holzbau.eu\/hu\/wp-json\/wp\/v2\/posts"}],"about":[{"href":"https:\/\/bertsch-holzbau.eu\/hu\/wp-json\/wp\/v2\/types\/post"}],"author":[{"embeddable":true,"href":"https:\/\/bertsch-holzbau.eu\/hu\/wp-json\/wp\/v2\/users\/6"}],"replies":[{"embeddable":true,"href":"https:\/\/bertsch-holzbau.eu\/hu\/wp-json\/wp\/v2\/comments?post=79929"}],"version-history":[{"count":2,"href":"https:\/\/bertsch-holzbau.eu\/hu\/wp-json\/wp\/v2\/posts\/79929\/revisions"}],"predecessor-version":[{"id":88128,"href":"https:\/\/bertsch-holzbau.eu\/hu\/wp-json\/wp\/v2\/posts\/79929\/revisions\/88128"}],"wp:featuredmedia":[{"embeddable":true,"href":"https:\/\/bertsch-holzbau.eu\/hu\/wp-json\/wp\/v2\/media\/112101"}],"wp:attachment":[{"href":"https:\/\/bertsch-holzbau.eu\/hu\/wp-json\/wp\/v2\/media?parent=79929"}],"wp:term":[{"taxonomy":"category","embeddable":true,"href":"https:\/\/bertsch-holzbau.eu\/hu\/wp-json\/wp\/v2\/categories?post=79929"},{"taxonomy":"post_tag","embeddable":true,"href":"https:\/\/bertsch-holzbau.eu\/hu\/wp-json\/wp\/v2\/tags?post=79929"}],"curies":[{"name":"wp","href":"https:\/\/api.w.org\/{rel}","templated":true}]}}