{"id":102235,"date":"2025-07-31T19:58:00","date_gmt":"2025-07-31T17:58:00","guid":{"rendered":"https:\/\/bertsch-holzbau.eu\/blog\/garden-pavilion-vs-pergola\/"},"modified":"2025-08-01T10:44:34","modified_gmt":"2025-08-01T08:44:34","slug":"kertpavilon-vs-pergola","status":"publish","type":"post","link":"https:\/\/bertsch-holzbau.eu\/hu\/blog\/kertpavilon-vs-pergola\/","title":{"rendered":"Kerti pavilon vagy pergola \u2013 mi a k\u00fcl\u00f6nbs\u00e9g \u00e9s melyiket v\u00e1lasszon?"},"content":{"rendered":"\n<p class=\"wp-block-paragraph\">\u00c1lmodozik egy hangulatos sarokr\u00f3l a kertj\u00e9ben? Nem tudja, mi illene jobban az ig\u00e9nyeihez: egy kerti pavilon vagy egy pergola? Mindk\u00e9t szerkezet leny\u0171g\u00f6z\u0151 megjelen\u00e9s\u0171 \u00e9s funkcion\u00e1lis, de sok szempontb\u00f3l k\u00fcl\u00f6nb\u00f6znek egym\u00e1st\u00f3l.<\/p>\n\n\n\n<p class=\"wp-block-paragraph\">Ebben a cikkben r\u00e9szletesen elmagyar\u00e1zzuk, miben k\u00fcl\u00f6nb\u00f6zik a pergola a pavilont\u00f3l, mikor melyiket v\u00e1lassza, \u00e9s mire figyeljen v\u00e1s\u00e1rl\u00e1skor. Tan\u00e1csokat adunk arra is, mire figyeljen a BHB k\u00edn\u00e1lat\u00e1ban.<\/p>\n\n\n\n<h2 class=\"wp-block-heading\">Miben k\u00fcl\u00f6nb\u00f6zik a pergola a pavilont\u00f3l?<\/h2>\n\n\n\n<p class=\"wp-block-paragraph\">A pergola \u00e9s a kerti pavilon k\u00f6z\u00f6tti f\u0151 k\u00fcl\u00f6nbs\u00e9g els\u0151sorban a tet\u0151 t\u00edpus\u00e1ban rejlik:<\/p>\n\n\n\n<div class=\"wp-block-columns is-layout-flex wp-container-core-columns-is-layout-8f761849 wp-block-columns-is-layout-flex\">\n<div class=\"wp-block-column is-vertically-aligned-center is-layout-flow wp-block-column-is-layout-flow\">\n<p class=\"wp-block-paragraph\"><strong>Mi az a pergola?<\/strong><\/p>\n\n\n\n<p class=\"wp-block-paragraph\">A pergola egy k\u00f6nny\u0171, gyakran dekorat\u00edv szerkezet, nyitott vagy \u00e1tt\u00f6rt tet\u0151vel, fa vagy alum\u00ednium l\u00e9cekb\u0151l. C\u00e9lja nem az, hogy teljesen megv\u00e9djen az id\u0151j\u00e1r\u00e1st\u00f3l, hanem hogy finoman sz\u00f3rja a f\u00e9nyt \u00e9s kellemes, f\u00e9lig \u00e1rny\u00e9kos teret hozzon l\u00e9tre a kertben. Kiv\u00e1l\u00f3an illeszkedik a kert\u00fcnkbe, k\u00fcl\u00f6n\u00f6sen, ha k\u00f6r\u00fcl\u00f6tte k\u00fasz\u00f3n\u00f6v\u00e9nyeket (wisteria vagy borosty\u00e1n) \u00fcltet\u00fcnk. Eszt\u00e9tikus megold\u00e1s, ide\u00e1lis pihen\u00e9sre, napoz\u00f3\u00e1gy, hintasz\u00e9k vagy kerti \u00f6sv\u00e9ny fed\u00e9lk\u00e9nt. A nagyobb k\u00e9nyelem \u00e9rdek\u00e9ben v\u00e1laszthatunk oldals\u00f3 red\u0151ny\u00f6kkel ell\u00e1tott pergol\u00e1t, amely a sz\u00e9lt\u0151l is v\u00e9d.<\/p>\n<\/div>\n\n\n\n<div class=\"wp-block-column is-vertically-aligned-center is-layout-flow wp-block-column-is-layout-flow\">\n<figure class=\"wp-block-image size-large\"><img loading=\"lazy\" decoding=\"async\" width=\"1024\" height=\"989\" src=\"https:\/\/bertsch-holzbau.eu\/wp-content\/uploads\/2024\/12\/000022-02-1024x989.jpg\" alt=\"\" class=\"wp-image-89717\" srcset=\"https:\/\/bertsch-holzbau.eu\/wp-content\/uploads\/2024\/12\/000022-02-1024x989.jpg 1024w, https:\/\/bertsch-holzbau.eu\/wp-content\/uploads\/2024\/12\/000022-02-300x290.jpg 300w, https:\/\/bertsch-holzbau.eu\/wp-content\/uploads\/2024\/12\/000022-02-768x742.jpg 768w, https:\/\/bertsch-holzbau.eu\/wp-content\/uploads\/2024\/12\/000022-02-1536x1484.jpg 1536w, https:\/\/bertsch-holzbau.eu\/wp-content\/uploads\/2024\/12\/000022-02-400x387.jpg 400w, https:\/\/bertsch-holzbau.eu\/wp-content\/uploads\/2024\/12\/000022-02-600x580.jpg 600w, https:\/\/bertsch-holzbau.eu\/wp-content\/uploads\/2024\/12\/000022-02-800x773.jpg 800w, https:\/\/bertsch-holzbau.eu\/wp-content\/uploads\/2024\/12\/000022-02-1200x1160.jpg 1200w, https:\/\/bertsch-holzbau.eu\/wp-content\/uploads\/2024\/12\/000022-02.jpg 1571w\" sizes=\"auto, (max-width: 1024px) 100vw, 1024px\" \/><\/figure>\n<\/div>\n<\/div>\n\n\n\n<p class=\"wp-block-paragraph\"><strong>Mi az a kerti pavilon?<\/strong><\/p>\n\n\n\n<p class=\"wp-block-paragraph\">A kerti pavilon egy z\u00e1rtabb tet\u0151szerkezet, \u00e1ltal\u00e1ban szil\u00e1rd tet\u0151vel. Ez a kialak\u00edt\u00e1s teljes v\u00e9delmet ny\u00fajt a nap, az es\u0151 \u00e9s az er\u0151sebb sz\u00e9l ellen is, \u00edgy eg\u00e9sz \u00e9vben haszn\u00e1lhat\u00f3.<\/p>\n\n\n\n<p class=\"wp-block-paragraph\">Ha eg\u00e9sz \u00e9vben haszn\u00e1lhat\u00f3 megold\u00e1st keres, \u00e9rdemes egy eg\u00e9sz \u00e9vben haszn\u00e1lhat\u00f3 kerti pavilont v\u00e1lasztani, amely pihen\u0151helyk\u00e9nt, kerti \u00e9tkez\u0151k\u00e9nt, grillez\u0151helyk\u00e9nt vagy pezsg\u0151f\u00fcrd\u0151 fed\u00e9lzetek\u00e9nt is szolg\u00e1lhat. Sok esetben tol\u00f3falakkal, sz\u00fanyogh\u00e1l\u00f3val vagy LED-es vil\u00e1g\u00edt\u00e1si rendszerrel b\u0151v\u00edthet\u0151.<\/p>\n\n\n\n<h3 class=\"wp-block-heading\">Pergola \u2013 jellemz\u0151k, el\u0151ny\u00f6k \u00e9s felhaszn\u00e1l\u00e1si lehet\u0151s\u00e9gek<\/h3>\n\n\n\n<p class=\"wp-block-paragraph\"><a href=\"https:\/\/bertsch-holzbau.eu\/hu\/pavilonok-es-elotetok\/\">A kerti pergola kiv\u00e1l\u00f3 megold\u00e1s<\/a>&nbsp;azok sz\u00e1m\u00e1ra, akik k\u00f6nny\u0171 \u00e9s eszt\u00e9tikus tet\u0151szerkezetet keresnek, amely nem z\u00e1rja le a teret. Azok sz\u00e1m\u00e1ra ide\u00e1lis, akik a funkcionalit\u00e1st a dekorat\u00edv jelleggel szeretn\u00e9k \u00f6tv\u00f6zni. Nyitott szerkezet\u00e9nek k\u00f6sz\u00f6nhet\u0151en a pergola kis \u00e9s nagy kertekben egyar\u00e1nt t\u00f6k\u00e9letesen meg\u00e1llja a hely\u00e9t.<\/p>\n\n\n\n<p class=\"wp-block-paragraph\"><strong>A modern pergol\u00e1k el\u0151nyei:<\/strong><\/p>\n\n\n\n<ul class=\"wp-block-list\">\n<li><strong>Nyitott vagy l\u00e9cezett tet\u0151<\/strong>\u00a0\u2013 ide\u00e1lis k\u00fasz\u00f3n\u00f6v\u00e9nyek, p\u00e9ld\u00e1ul borosty\u00e1n, sz\u0151l\u0151 vagy wisteria t\u00e1maszt\u00e9kak\u00e9nt.<\/li>\n\n\n\n<li><strong>Modern megjelen\u00e9s \u00e9s eszt\u00e9tikus keret<\/strong>\u00a0\u2013 egyedi mediterr\u00e1n kert hangulatot teremt.<\/li>\n\n\n\n<li><strong>Kieg\u00e9sz\u00edt\u0151 felszerel\u00e9sek<\/strong>\u00a0\u2013 oldals\u00f3 red\u0151ny\u00f6k, f\u00fcgg\u00f6ny\u00f6k vagy mozgathat\u00f3 l\u00e9cek szerelhet\u0151k fel, amelyek nagyobb mag\u00e1nszf\u00e9r\u00e1t \u00e9s sz\u00e9lv\u00e9delmet biztos\u00edtanak a pergol\u00e1nak.<\/li>\n\n\n\n<li><strong>Sz\u00f6vet vagy alum\u00ednium tet\u0151fed\u00e9s<\/strong>\u00a0\u2013 pl. alum\u00ednium pergola tet\u0151vel, ellen\u00e1ll az id\u0151j\u00e1r\u00e1si viszontags\u00e1goknak.<\/li>\n\n\n\n<li><strong>Alacsonyabb beruh\u00e1z\u00e1si k\u00f6lts\u00e9g<\/strong>\u00a0\u2013 a kerti pavilonokhoz k\u00e9pest a pergol\u00e1k olcs\u00f3bb, de ugyanolyan funkcion\u00e1lis alternat\u00edv\u00e1t jelentenek.<\/li>\n\n\n\n<li><strong>Sokoldal\u00fa felszerel\u00e9s<\/strong>\u00a0\u2013 \u00f6n\u00e1ll\u00f3 szerkezetk\u00e9nt \u00e1ll\u00edthat\u00f3 fel a kertben, de fa terasz tet\u0151k\u00e9nt is, a h\u00e1z homlokzat\u00e1hoz illesztve.<\/li>\n<\/ul>\n\n\n\n<p class=\"wp-block-paragraph\"><strong>Hol lehet pergol\u00e1t haszn\u00e1lni?<\/strong><\/p>\n\n\n\n<ul class=\"wp-block-list\">\n<li><strong>terasz tet\u0151k\u00e9nt<\/strong>\u00a0\u2013 jobb napv\u00e9delem teljes \u00e1rny\u00e9kol\u00e1s n\u00e9lk\u00fcl,<\/li>\n\n\n\n<li><strong>z\u00f6ld pavilonk\u00e9nt<\/strong>\u00a0\u2013 ide\u00e1lis pihen\u00e9sre \u00e9s \u00e9tkez\u00e9sre a szabadban,<\/li>\n\n\n\n<li><strong>kertutak vagy bej\u00e1rati ter\u00fcletek el\u0151tet\u0151jek\u00e9nt<\/strong>,<\/li>\n\n\n\n<li><strong>jacuzzi vagy kerti b\u00e1r fed\u00e9lk\u00e9nt<\/strong>, st\u00edlust \u00e9s eleganci\u00e1t k\u00f6lcs\u00f6n\u00f6zve a t\u00e9rnek.<\/li>\n<\/ul>\n\n\n\n<p class=\"wp-block-paragraph\"><strong>BHB szak\u00e9rt\u0151i v\u00e9lem\u00e9ny<\/strong>:<\/p>\n\n\n\n<p class=\"wp-block-paragraph\"><strong><em>A Helena 10-60 Z<\/em><\/strong><em>&nbsp;modell nagyon n\u00e9pszer\u0171 v\u00e1s\u00e1rl\u00f3ink k\u00f6r\u00e9ben, mivel \u00f6n\u00e1ll\u00f3 pergolak\u00e9nt vagy h\u00e1zhoz r\u00f6gz\u00edtve is t\u00f6k\u00e9letesen megfelel. \u00c1tt\u00f6rt tet\u0151vel vagy alum\u00ednium l\u00e9cekb\u0151l k\u00e9sz\u00fclt teljes tet\u0151vel kaphat\u00f3, \u00edgy minden \u00e9vszakban funkcion\u00e1lis \u00e9s eszt\u00e9tikus megold\u00e1s. A v\u00e1s\u00e1rl\u00f3k \u00e9rt\u00e9kelik azt is, hogy oldals\u00f3 red\u0151ny\u00f6kkel \u00e9s vil\u00e1g\u00edt\u00e1ssal is felszerelhet\u0151, \u00edgy pergol\u00e1jukat igazi pihen\u0151helly\u00e9 alak\u00edthatj\u00e1k.<\/em><\/p>\n\n\n\n<h3 class=\"wp-block-heading\">Kerti pavilon \u2013 jellemz\u0151k, el\u0151ny\u00f6k \u00e9s eg\u00e9sz \u00e9vben haszn\u00e1lhat\u00f3<\/h3>\n\n\n\n<p class=\"wp-block-paragraph\"><a href=\"https:\/\/bertsch-holzbau.eu\/hu\/pavilonok-es-elotetok\/\">A kerti pavilon egy stabil, funkcion\u00e1lis szerkezet<\/a>&nbsp;teljes tet\u0151fed\u00e9ssel, amely k\u00e9nyelmes pihen\u0151helly\u00e9 var\u00e1zsolja a k\u00fclt\u00e9ri teret. A pergol\u00e1val ellent\u00e9tben a pavilon teljes v\u00e9delmet ny\u00fajt az es\u0151, az er\u0151s naps\u00fct\u00e9s \u00e9s a sz\u00e9l ellen, \u00edgy ide\u00e1lis eg\u00e9sz \u00e9vben haszn\u00e1lhat\u00f3 kerti pavilonk\u00e9nt.<\/p>\n\n\n\n<p class=\"wp-block-paragraph\"><strong>A pavilonok el\u0151nyei:<\/strong><\/p>\n\n\n\n<ul class=\"wp-block-list\">\n<li>szil\u00e1rd tet\u0151 \u2014 a f\u00e9mlemezb\u0151l, polikarbon\u00e1tb\u00f3l vagy bitumenes zsindelyb\u0151l k\u00e9sz\u00fclt tet\u0151 nemcsak a haszn\u00e1l\u00f3kat, hanem a kerti b\u00fatorokat is v\u00e9di az id\u0151j\u00e1r\u00e1s viszontags\u00e1gait\u00f3l.<\/li>\n\n\n\n<li>oldalfalak vagy f\u00fcgg\u00f6ny\u00f6k haszn\u00e1lhat\u00f3k \u2014 a nagyobb k\u00e9nyelem \u00e9s mag\u00e1nszf\u00e9ra \u00e9rdek\u00e9ben, pl. a medence mellett vagy a kerti konyh\u00e1ban.<\/li>\n\n\n\n<li>\u201eB\u00e9k\u00e9s\u201d jelleg \u2013 a pavilon \u00e9vszakt\u00f3l f\u00fcggetlen\u00fcl k\u00fclt\u00e9ri nappalik\u00e9nt vagy \u00e9tkez\u0151k\u00e9nt szolg\u00e1l.<\/li>\n\n\n\n<li>T\u00f6bbfunkci\u00f3s \u2013 alkalmas grillez\u00e9sre, \u00fcnnepi \u00e9tkez\u00e9sekre, pezsg\u0151f\u00fcrd\u0151 \u00e9p\u00edt\u00e9s\u00e9re vagy csal\u00e1di \u00f6sszej\u00f6vetelek szervez\u00e9s\u00e9re.<\/li>\n\n\n\n<li>Eszt\u00e9tika \u00e9s tart\u00f3ss\u00e1g \u2013 kiv\u00e1l\u00f3 min\u0151s\u00e9g\u0171 f\u00e1b\u00f3l vagy alum\u00edniumb\u00f3l k\u00e9sz\u00fcl, megfelel\u0151 impregn\u00e1l\u00e1ssal \u00e9s lakkoz\u00e1ssal, \u00e9vtizedekig szolg\u00e1lhat.<\/li>\n<\/ul>\n\n\n\n<p class=\"wp-block-paragraph\"><strong>A kerti pavilon t\u00f6k\u00e9letes:<\/strong><\/p>\n\n\n\n<ul class=\"wp-block-list\">\n<li>k\u00fclt\u00e9ri \u00e9tkez\u0151k\u00e9nt \u2013 asztal, sz\u00e9kek, ed\u00e9nyek \u00e9s vil\u00e1g\u00edt\u00e1s elhelyez\u00e9s\u00e9re alkalmas,<\/li>\n\n\n\n<li>medence melletti pihen\u0151helyk\u00e9nt \u2013 napoz\u00f3\u00e1gyakkal \u00e9s \u00e1rny\u00e9kot \u00e9s mag\u00e1nszf\u00e9r\u00e1t biztos\u00edt\u00f3 f\u00fcgg\u00f6ny\u00f6kkel,<\/li>\n\n\n\n<li>k\u00fclt\u00e9ri partik helysz\u00edn\u00e9\u00fcl \u2013 t\u00f6k\u00e9letes sz\u00fclet\u00e9snapokhoz, grillez\u00e9shez \u00e9s ny\u00e1ri vacsor\u00e1khoz a kertben,<\/li>\n\n\n\n<li>kerti konyhak\u00e9nt vagy pezsg\u0151f\u00fcrd\u0151-burkolatk\u00e9nt \u2013 \u00edgy az id\u0151j\u00e1r\u00e1st\u00f3l f\u00fcggetlen\u00fcl haszn\u00e1lhat\u00f3.<\/li>\n<\/ul>\n\n\n\n<p class=\"wp-block-paragraph\"><strong>BHB szak\u00e9rt\u0151i v\u00e9lem\u00e9ny:<\/strong><\/p>\n\n\n\n<p class=\"wp-block-paragraph\"><em>K\u00edn\u00e1latunk legn\u00e9pszer\u0171bb pavilonmodellje a&nbsp;<\/em><strong><em>Helena 12-70Z<\/em><\/strong>&nbsp;<em>\u2013 egy szil\u00e1rd, t\u00e1gas szerkezet, amely kiv\u00e1l\u00f3an alkalmas eg\u00e9sz \u00e9vben haszn\u00e1lhat\u00f3 kerti \u00e9tkez\u0151k\u00e9nt vagy pezsg\u0151f\u00fcrd\u0151 fed\u00e9lk\u00e9nt. Az \u00fcgyfelek nemcsak a szerkezet tart\u00f3ss\u00e1g\u00e1t \u00e9rt\u00e9kelik, hanem az \u00fcvegez\u00e9s, f\u00fcgg\u00f6ny\u00f6k \u00e9s vil\u00e1g\u00edt\u00e1s hozz\u00e1ad\u00e1s\u00e1nak lehet\u0151s\u00e9g\u00e9t is, ami jelent\u0151sen n\u00f6veli a haszn\u00e1lat k\u00e9nyelm\u00e9t.<\/em><\/p>\n\n\n\n<p class=\"wp-block-paragraph\">Ak\u00e1r minimalista mened\u00e9kre, ak\u00e1r egy kiterjedt, eg\u00e9sz \u00e9vben haszn\u00e1lhat\u00f3 kerti pavilonra van sz\u00fcks\u00e9ge, tan\u00e1csad\u00f3ink seg\u00edtenek kiv\u00e1lasztani az \u00d6nnek legmegfelel\u0151bb modellt. \u00cdrjon nek\u00fcnk, \u00e9s mi tan\u00e1csot adunk a legjobb megold\u00e1sr\u00f3l \u2013 a sz\u00e1ll\u00edt\u00e1st, az \u00f6sszeszerel\u00e9st \u00e9s a teljes t\u00e1mogat\u00e1st is bele\u00e9rtve.<\/p>\n\n\n\n<h2 class=\"wp-block-heading\">Pergola vs. pavilon \u2013 k\u00f6lts\u00e9gek \u00e9s k\u00f6lts\u00e9ghat\u00e9konys\u00e1g \u00f6sszehasonl\u00edt\u00e1sa<\/h2>\n\n\n\n<p class=\"wp-block-paragraph\">A kerti pavilon kiv\u00e1laszt\u00e1sakor az egyik legfontosabb t\u00e9nyez\u0151 term\u00e9szetesen a rendelkez\u00e9sre \u00e1ll\u00f3 k\u00f6lts\u00e9gvet\u00e9s.<\/p>\n\n\n\n<div class=\"wp-block-group green-box\"><div class=\"wp-block-group__inner-container is-layout-constrained wp-block-group-is-layout-constrained\">\n<h3 class=\"wp-block-heading\">Mikor \u00e9rdemes pergol\u00e1t v\u00e1lasztani?<\/h3>\n\n\n\n<p class=\"wp-block-paragraph\">A kerti pergola ide\u00e1lis megold\u00e1s, ha k\u00f6nny\u0171, nyitott teret szeretne l\u00e9trehozni, amely \u00e1rny\u00e9kot ny\u00fajt \u00e9s kiemeli kertje karakter\u00e9t. Eszt\u00e9tikus megold\u00e1s, amelyet gyakran v\u00e1lasztanak fa teraszfed\u00e9lk\u00e9nt, k\u00fcl\u00f6n\u00f6sen a mediterr\u00e1n \u00e9ghajlat ihlette kialak\u00edt\u00e1sokban.<\/p>\n<\/div><\/div>\n\n\n\n<p class=\"wp-block-paragraph\">V\u00e1lasszon pergol\u00e1t, ha:<\/p>\n\n\n\n<ul class=\"wp-block-list\">\n<li>teljes tet\u0151 n\u00e9lk\u00fcl szeretne enyhe \u00e1rny\u00e9kot biztos\u00edtani a terasz\u00e1ra,<\/li>\n\n\n\n<li>term\u00e9szetes f\u00e9ny \u00e9s \u00e1rny\u00e9k \u00e1ltal d\u00e9li kert hangulatot szeretne teremteni,<\/li>\n\n\n\n<li>k\u00fasz\u00f3n\u00f6v\u00e9nyeket, p\u00e9ld\u00e1ul sz\u0151l\u0151t vagy wisteri\u00e1t szeretne \u00fcltetni,<\/li>\n\n\n\n<li>olcs\u00f3bb alternat\u00edv\u00e1t keres a pavilonhoz, de nem szeretne lemondani az eszt\u00e9tik\u00e1r\u00f3l,<\/li>\n\n\n\n<li>nyitott \u00e9s k\u00f6nnyed szerkezetre van sz\u00fcks\u00e9ge a h\u00e1z\u00e1hoz, amely nem nyomja el a teret.<\/li>\n<\/ul>\n\n\n\n<h3 class=\"wp-block-heading\">Mikor jobb v\u00e1laszt\u00e1s a pavilon?<\/h3>\n\n\n\n<p class=\"wp-block-paragraph\">A kerti pavilon azoknak aj\u00e1nlott, akik az \u00e9v minden szak\u00e1ban, az id\u0151j\u00e1r\u00e1st\u00f3l f\u00fcggetlen\u00fcl nagyobb funkcionalit\u00e1st v\u00e1rnak. Teljes tet\u0151szerkezet\u00e9nek \u00e9s oldalfalak hozz\u00e1ad\u00e1s\u00e1nak lehet\u0151s\u00e9g\u00e9nek k\u00f6sz\u00f6nhet\u0151en a pavilon eg\u00e9sz \u00e9vben t\u00f6k\u00e9letes hely a pihen\u00e9sre \u00e9s a t\u00e1rsas\u00e1gi \u00f6sszej\u00f6vetelekre.<\/p>\n\n\n\n<p class=\"wp-block-paragraph\">V\u00e1lasszon pavilont, ha:<\/p>\n\n\n\n<ul class=\"wp-block-list\">\n<li>teljes v\u00e9delmet szeretne az es\u0151, a nap \u00e9s a sz\u00e9l ellen,<\/li>\n\n\n\n<li>tavasszal, \u0151sszel \u00e9s ak\u00e1r t\u00e9len is szeretn\u00e9 haszn\u00e1lni a kertj\u00e9t,<\/li>\n\n\n\n<li>gyakran szervez szabadt\u00e9ri grillez\u00e9seket, partikat vagy csal\u00e1di \u00f6sszej\u00f6veteleket,<\/li>\n\n\n\n<li>pihen\u0151helyet szeretne kialak\u00edtani a medence, a jakuzzi vagy a kerti konyha mellett,<\/li>\n\n\n\n<li>z\u00e1rtabb, k\u00fclt\u00e9ri nappalihoz hasonl\u00f3 pihen\u0151helyre van sz\u00fcks\u00e9ge.<\/li>\n<\/ul>\n\n\n\n<p class=\"wp-block-paragraph\"><strong>\u00c9rdekes t\u00e9ny!<\/strong><\/p>\n\n\n\n<p class=\"wp-block-paragraph\">A n\u00e9met piacon a pergol\u00e1k \u2013 k\u00fcl\u00f6n\u00f6sen az oldals\u00f3 red\u0151nnyel ell\u00e1tott fa pergol\u00e1k \u2013 nagyon n\u00e9pszer\u0171ek a csal\u00e1di h\u00e1zak tulajdonosai k\u00f6r\u00e9ben. A n\u00e9metek term\u00e9szetes megjelen\u00e9s\u00fcket, a kertbe val\u00f3 integr\u00e1lhat\u00f3s\u00e1gukat \u00e9s&#8230; ad\u00f3kedvezm\u00e9ny\u00fcket \u00e9rt\u00e9kelik, ha a szerkezet nem teljesen z\u00e1rt.<\/p>\n\n\n\n<p class=\"wp-block-paragraph\">Az Egyes\u00fclt Kir\u00e1lys\u00e1gban viszont egyre n\u00e9pszer\u0171bbek az eg\u00e9sz \u00e9vben haszn\u00e1lhat\u00f3 pavilonok, k\u00fcl\u00f6n\u00f6sen alum\u00ednium \u00e9s polikarbon\u00e1t tet\u0151vel. A britek otthoni kerti szob\u00e1nak vagy k\u00fclt\u00e9ri irod\u00e1nak tekintik \u0151ket \u2013 praktikus megold\u00e1s a szigetek v\u00e1ltoz\u00e9kony \u00e9ghajlat\u00e1n.<\/p>\n\n\n\n<h2 class=\"wp-block-heading\">Pergola vagy pavilon? Vagy tal\u00e1n valami t\u00f6bb \u2013 a t\u00f6k\u00e9letes kerti tet\u0151szerkezet a BHB-t\u0151l<\/h2>\n\n\n\n<p class=\"wp-block-paragraph\">A BHB-n\u00e9l tudjuk, hogy a t\u00f6k\u00e9letes kerti szerkezet kiv\u00e1laszt\u00e1sa nem csak \u00edzl\u00e9s k\u00e9rd\u00e9se, hanem praktikus ig\u00e9nyeket is kiel\u00e9g\u00edt. Ez\u00e9rt k\u00edn\u00e1lunk sz\u00e9les v\u00e1laszt\u00e9kban pergol\u00e1kat, pavilonokat, valamint modern terasz- \u00e9s kerti tet\u0151szerkezeteket.<\/p>\n\n\n\n<p class=\"wp-block-paragraph\">K\u00edn\u00e1latunkban megtal\u00e1lhat\u00f3:<\/p>\n\n\n\n<ul class=\"wp-block-list\">\n<li><strong>Fa \u00e9s alum\u00ednium pergol\u00e1k<\/strong>\u00a0\u2013 klasszikus, rusztikus vagy modern st\u00edlusban. A szabadon \u00e1ll\u00f3 \u00e9s falra szerelhet\u0151 v\u00e1ltozatok t\u00f6k\u00e9letesek fa teraszfed\u00e9lk\u00e9nt, reggeliz\u0151 pavilonk\u00e9nt vagy eleg\u00e1ns pergolak\u00e9nt oldals\u00f3 \u00e1rny\u00e9kol\u00f3val.<\/li>\n\n\n\n<li><strong>Eg\u00e9sz \u00e9vben haszn\u00e1lhat\u00f3 \u00e9s szezon\u00e1lis kerti pavilonok<\/strong>\u00a0\u2013 szil\u00e1rd szerkezetek teljes tet\u0151fed\u00e9ssel, ide\u00e1lisak kertbe, kiskertbe vagy otthoni teraszra. T\u00f6k\u00e9letesek csal\u00e1di \u00fcnneps\u00e9gekhez, k\u00f6nyvolvas\u00e1shoz vagy a medence melletti pihen\u00e9shez. Ha nem tudja, melyik pavilont v\u00e1lassza, tan\u00e1csad\u00f3ink seg\u00edtenek kiv\u00e1lasztani az \u00d6n k\u00f6lts\u00e9gvet\u00e9s\u00e9hez \u00e9s \u00e9letst\u00edlus\u00e1hoz legink\u00e1bb megfelel\u0151 megold\u00e1st.<\/li>\n\n\n\n<li><strong>Modern teraszfed\u00e9sek, pavilonok \u00e9s aut\u00f3s be\u00e1ll\u00f3k<\/strong>\u00a0\u2013 azoknak, akik funkcion\u00e1lis \u00e9s eszt\u00e9tikus 2 az 1-ben megold\u00e1sokat keresnek. Szerkezeteink \u00f6tv\u00f6zik a diz\u00e1jnt \u00e9s a praktikumot \u2013 ide\u00e1lisak szersz\u00e1moskamrak\u00e9nt, kerti szaunak\u00e9nt vagy k\u00fclt\u00e9ri ny\u00e1ri konyhak\u00e9nt is.<\/li>\n<\/ul>\n\n\n\n<p class=\"wp-block-paragraph\">Minden modell az \u00d6n ig\u00e9nyeihez igaz\u00edthat\u00f3 \u2013 v\u00e1lassza ki a sz\u00ednt, a tet\u0151fed\u00e9s t\u00edpus\u00e1t (fa, alum\u00ednium, l\u00e9cek), eg\u00e9sz\u00edtse ki LED-es vil\u00e1g\u00edt\u00e1ssal, oldalfalakkal, napellenz\u0151kkel vagy v\u00edzelvezet\u0151 rendszerrel. Tekintse meg aj\u00e1nlatunkat itt:\u00a0<a href=\"https:\/\/bertsch-holzbau.eu\/hu\/pavilonok-es-elotetok\/\">https:\/\/bertsch-holzbau.eu\/hu\/pavilonok-es-elotetok\/<\/a><\/p>\n\n\n\n<p class=\"wp-block-paragraph\"><strong>BHB szak\u00e9rt\u0151i v\u00e9lem\u00e9ny:<\/strong><\/p>\n\n\n\n<p class=\"wp-block-paragraph\"><em>Pergol\u00e1inkat \u00e9s pavilonjainkat a tart\u00f3ss\u00e1g \u00e9s a k\u00e9nyelem szem el\u0151tt tart\u00e1s\u00e1val tervezz\u00fck \u2013 de a rugalmass\u00e1gra is figyel\u00fcnk. \u00dcgyfeleink gyakran k\u00e9rdezik, hogy egy egyszer\u0171 pergola b\u0151v\u00edthet\u0151-e oldalfalakkal vagy f\u0171t\u00e9ssel \u2013 a v\u00e1lasz: term\u00e9szetesen!<\/em><\/p>\n\n\n\n<figure class=\"wp-block-gallery has-nested-images columns-default is-cropped wp-block-gallery-1 is-layout-flex wp-block-gallery-is-layout-flex\">\n<figure class=\"wp-block-image size-large\"><img loading=\"lazy\" decoding=\"async\" width=\"1024\" height=\"768\" data-id=\"38920\" src=\"https:\/\/bertsch-holzbau.eu\/wp-content\/uploads\/2024\/08\/001412-01-1024x768.jpg\" alt=\"\" class=\"wp-image-38920\" srcset=\"https:\/\/bertsch-holzbau.eu\/wp-content\/uploads\/2024\/08\/001412-01-1024x768.jpg 1024w, https:\/\/bertsch-holzbau.eu\/wp-content\/uploads\/2024\/08\/001412-01-300x225.jpg 300w, https:\/\/bertsch-holzbau.eu\/wp-content\/uploads\/2024\/08\/001412-01-768x576.jpg 768w, https:\/\/bertsch-holzbau.eu\/wp-content\/uploads\/2024\/08\/001412-01-1536x1152.jpg 1536w, https:\/\/bertsch-holzbau.eu\/wp-content\/uploads\/2024\/08\/001412-01-400x300.jpg 400w, https:\/\/bertsch-holzbau.eu\/wp-content\/uploads\/2024\/08\/001412-01-600x450.jpg 600w, https:\/\/bertsch-holzbau.eu\/wp-content\/uploads\/2024\/08\/001412-01-800x600.jpg 800w, https:\/\/bertsch-holzbau.eu\/wp-content\/uploads\/2024\/08\/001412-01-1200x900.jpg 1200w, https:\/\/bertsch-holzbau.eu\/wp-content\/uploads\/2024\/08\/001412-01.jpg 2016w\" sizes=\"auto, (max-width: 1024px) 100vw, 1024px\" \/><\/figure>\n\n\n\n<figure class=\"wp-block-image size-large\"><img loading=\"lazy\" decoding=\"async\" width=\"1024\" height=\"768\" data-id=\"38488\" src=\"https:\/\/bertsch-holzbau.eu\/wp-content\/uploads\/2024\/08\/000741-03-1024x768.jpg\" alt=\"\" class=\"wp-image-38488\" srcset=\"https:\/\/bertsch-holzbau.eu\/wp-content\/uploads\/2024\/08\/000741-03-1024x768.jpg 1024w, https:\/\/bertsch-holzbau.eu\/wp-content\/uploads\/2024\/08\/000741-03-300x225.jpg 300w, https:\/\/bertsch-holzbau.eu\/wp-content\/uploads\/2024\/08\/000741-03-768x576.jpg 768w, https:\/\/bertsch-holzbau.eu\/wp-content\/uploads\/2024\/08\/000741-03-1536x1152.jpg 1536w, https:\/\/bertsch-holzbau.eu\/wp-content\/uploads\/2024\/08\/000741-03-400x300.jpg 400w, https:\/\/bertsch-holzbau.eu\/wp-content\/uploads\/2024\/08\/000741-03-600x450.jpg 600w, https:\/\/bertsch-holzbau.eu\/wp-content\/uploads\/2024\/08\/000741-03-800x600.jpg 800w, https:\/\/bertsch-holzbau.eu\/wp-content\/uploads\/2024\/08\/000741-03-1200x900.jpg 1200w, https:\/\/bertsch-holzbau.eu\/wp-content\/uploads\/2024\/08\/000741-03.jpg 2016w\" sizes=\"auto, (max-width: 1024px) 100vw, 1024px\" \/><\/figure>\n\n\n\n<figure class=\"wp-block-image size-large\"><img loading=\"lazy\" decoding=\"async\" width=\"1024\" height=\"652\" data-id=\"55394\" src=\"https:\/\/bertsch-holzbau.eu\/wp-content\/uploads\/2024\/08\/000756-14-1024x652.webp\" alt=\"\" class=\"wp-image-55394\" srcset=\"https:\/\/bertsch-holzbau.eu\/wp-content\/uploads\/2024\/08\/000756-14-1024x652.webp 1024w, https:\/\/bertsch-holzbau.eu\/wp-content\/uploads\/2024\/08\/000756-14-300x191.webp 300w, https:\/\/bertsch-holzbau.eu\/wp-content\/uploads\/2024\/08\/000756-14-768x489.webp 768w, https:\/\/bertsch-holzbau.eu\/wp-content\/uploads\/2024\/08\/000756-14-1536x977.webp 1536w, https:\/\/bertsch-holzbau.eu\/wp-content\/uploads\/2024\/08\/000756-14-2048x1303.webp 2048w, https:\/\/bertsch-holzbau.eu\/wp-content\/uploads\/2024\/08\/000756-14-400x255.webp 400w, https:\/\/bertsch-holzbau.eu\/wp-content\/uploads\/2024\/08\/000756-14-600x382.webp 600w, https:\/\/bertsch-holzbau.eu\/wp-content\/uploads\/2024\/08\/000756-14-800x509.webp 800w, https:\/\/bertsch-holzbau.eu\/wp-content\/uploads\/2024\/08\/000756-14-1200x764.webp 1200w\" sizes=\"auto, (max-width: 1024px) 100vw, 1024px\" \/><\/figure>\n<\/figure>\n","protected":false},"excerpt":{"rendered":"<p>\u00c1lmodozik egy hangulatos sarokr\u00f3l a kertj\u00e9ben? Nem tudja, mi illene jobban az ig\u00e9nyeihez: egy kerti pavilon vagy egy pergola? Mindk\u00e9t szerkezet leny\u0171g\u00f6z\u0151 megjelen\u00e9s\u0171 \u00e9s funkcion\u00e1lis, de sok szempontb\u00f3l k\u00fcl\u00f6nb\u00f6znek egym\u00e1st\u00f3l. Ebben a cikkben r\u00e9szletesen elmagyar\u00e1zzuk, miben k\u00fcl\u00f6nb\u00f6zik a pergola a pavilont\u00f3l, mikor melyiket v\u00e1lassza, \u00e9s mire figyeljen v\u00e1s\u00e1rl\u00e1skor. Tan\u00e1csokat adunk arra is, mire figyeljen a [&hellip;]<\/p>\n","protected":false},"author":4,"featured_media":102206,"comment_status":"open","ping_status":"open","sticky":false,"template":"","format":"standard","meta":{"_acf_changed":false,"footnotes":""},"categories":[609],"tags":[],"class_list":["post-102235","post","type-post","status-publish","format-standard","has-post-thumbnail","hentry","category-otletek"],"acf":[],"yoast_head":"<!-- This site is optimized with the Yoast SEO plugin v27.8 - https:\/\/yoast.com\/product\/yoast-seo-wordpress\/ -->\n<title>Kerti pavilon vagy pergola \u2013 mi a k\u00fcl\u00f6nbs\u00e9g \u00e9s melyiket v\u00e1lasszon? - BHB Bertsch Holzbau<\/title>\n<meta name=\"robots\" content=\"index, follow, max-snippet:-1, max-image-preview:large, max-video-preview:-1\" \/>\n<meta property=\"og:locale\" content=\"hu_HU\" \/>\n<meta property=\"og:type\" content=\"article\" \/>\n<meta property=\"og:title\" content=\"Kerti pavilon vagy pergola \u2013 mi a k\u00fcl\u00f6nbs\u00e9g \u00e9s melyiket v\u00e1lasszon? - BHB Bertsch Holzbau\" \/>\n<meta property=\"og:description\" content=\"\u00c1lmodozik egy hangulatos sarokr\u00f3l a kertj\u00e9ben? Nem tudja, mi illene jobban az ig\u00e9nyeihez: egy kerti pavilon vagy egy pergola? Mindk\u00e9t szerkezet leny\u0171g\u00f6z\u0151 megjelen\u00e9s\u0171 \u00e9s funkcion\u00e1lis, de sok szempontb\u00f3l k\u00fcl\u00f6nb\u00f6znek egym\u00e1st\u00f3l. Ebben a cikkben r\u00e9szletesen elmagyar\u00e1zzuk, miben k\u00fcl\u00f6nb\u00f6zik a pergola a pavilont\u00f3l, mikor melyiket v\u00e1lassza, \u00e9s mire figyeljen v\u00e1s\u00e1rl\u00e1skor. Tan\u00e1csokat adunk arra is, mire figyeljen a [&hellip;]\" \/>\n<meta property=\"og:url\" content=\"https:\/\/bertsch-holzbau.eu\/hu\/blog\/kertpavilon-vs-pergola\/\" \/>\n<meta property=\"og:site_name\" content=\"BHB Bertsch Holzbau\" \/>\n<meta property=\"article:publisher\" content=\"https:\/\/www.facebook.com\/bertschholzbau\/\" \/>\n<meta property=\"article:published_time\" content=\"2025-07-31T17:58:00+00:00\" \/>\n<meta property=\"article:modified_time\" content=\"2025-08-01T08:44:34+00:00\" \/>\n<meta property=\"og:image\" content=\"https:\/\/bertsch-holzbau.eu\/wp-content\/uploads\/2025\/08\/Grafika_45_Pawilon-ogrodowy-a-pergola-czym-siA\u2122-rAlLLniA\u2026-i-co-wybrac.jpg\" \/>\n\t<meta property=\"og:image:width\" content=\"1200\" \/>\n\t<meta property=\"og:image:height\" content=\"900\" \/>\n\t<meta property=\"og:image:type\" content=\"image\/jpeg\" \/>\n<meta name=\"author\" content=\"l.bertsch\" \/>\n<meta name=\"twitter:card\" content=\"summary_large_image\" \/>\n<meta name=\"twitter:label1\" content=\"Szerz\u0151:\" \/>\n\t<meta name=\"twitter:data1\" content=\"l.bertsch\" \/>\n\t<meta name=\"twitter:label2\" content=\"Becs\u00fclt olvas\u00e1si id\u0151\" \/>\n\t<meta name=\"twitter:data2\" content=\"7 perc\" \/>\n<script type=\"application\/ld+json\" class=\"yoast-schema-graph\">{\"@context\":\"https:\\\/\\\/schema.org\",\"@graph\":[{\"@type\":\"Article\",\"@id\":\"https:\\\/\\\/bertsch-holzbau.eu\\\/hu\\\/blog\\\/kertpavilon-vs-pergola\\\/#article\",\"isPartOf\":{\"@id\":\"https:\\\/\\\/bertsch-holzbau.eu\\\/hu\\\/blog\\\/kertpavilon-vs-pergola\\\/\"},\"author\":{\"name\":\"l.bertsch\",\"@id\":\"https:\\\/\\\/bertsch-holzbau.eu\\\/hu\\\/#\\\/schema\\\/person\\\/4d07e01b7bb73487a8592fbd925811e5\"},\"headline\":\"Kerti pavilon vagy pergola \u2013 mi a k\u00fcl\u00f6nbs\u00e9g \u00e9s melyiket v\u00e1lasszon?\",\"datePublished\":\"2025-07-31T17:58:00+00:00\",\"dateModified\":\"2025-08-01T08:44:34+00:00\",\"mainEntityOfPage\":{\"@id\":\"https:\\\/\\\/bertsch-holzbau.eu\\\/hu\\\/blog\\\/kertpavilon-vs-pergola\\\/\"},\"wordCount\":1997,\"commentCount\":0,\"publisher\":{\"@id\":\"https:\\\/\\\/bertsch-holzbau.eu\\\/hu\\\/#organization\"},\"image\":{\"@id\":\"https:\\\/\\\/bertsch-holzbau.eu\\\/hu\\\/blog\\\/kertpavilon-vs-pergola\\\/#primaryimage\"},\"thumbnailUrl\":\"https:\\\/\\\/bertsch-holzbau.eu\\\/wp-content\\\/uploads\\\/2025\\\/08\\\/Grafika_45_Pawilon-ogrodowy-a-pergola-czym-siA\u2122-rAlLLniA\u2026-i-co-wybrac.jpg\",\"articleSection\":[\"\u00d6tletek\"],\"inLanguage\":\"hu\",\"potentialAction\":[{\"@type\":\"CommentAction\",\"name\":\"Comment\",\"target\":[\"https:\\\/\\\/bertsch-holzbau.eu\\\/hu\\\/blog\\\/kertpavilon-vs-pergola\\\/#respond\"]}]},{\"@type\":\"WebPage\",\"@id\":\"https:\\\/\\\/bertsch-holzbau.eu\\\/hu\\\/blog\\\/kertpavilon-vs-pergola\\\/\",\"url\":\"https:\\\/\\\/bertsch-holzbau.eu\\\/hu\\\/blog\\\/kertpavilon-vs-pergola\\\/\",\"name\":\"Kerti pavilon vagy pergola \u2013 mi a k\u00fcl\u00f6nbs\u00e9g \u00e9s melyiket v\u00e1lasszon? - BHB Bertsch Holzbau\",\"isPartOf\":{\"@id\":\"https:\\\/\\\/bertsch-holzbau.eu\\\/hu\\\/#website\"},\"primaryImageOfPage\":{\"@id\":\"https:\\\/\\\/bertsch-holzbau.eu\\\/hu\\\/blog\\\/kertpavilon-vs-pergola\\\/#primaryimage\"},\"image\":{\"@id\":\"https:\\\/\\\/bertsch-holzbau.eu\\\/hu\\\/blog\\\/kertpavilon-vs-pergola\\\/#primaryimage\"},\"thumbnailUrl\":\"https:\\\/\\\/bertsch-holzbau.eu\\\/wp-content\\\/uploads\\\/2025\\\/08\\\/Grafika_45_Pawilon-ogrodowy-a-pergola-czym-siA\u2122-rAlLLniA\u2026-i-co-wybrac.jpg\",\"datePublished\":\"2025-07-31T17:58:00+00:00\",\"dateModified\":\"2025-08-01T08:44:34+00:00\",\"breadcrumb\":{\"@id\":\"https:\\\/\\\/bertsch-holzbau.eu\\\/hu\\\/blog\\\/kertpavilon-vs-pergola\\\/#breadcrumb\"},\"inLanguage\":\"hu\",\"potentialAction\":[{\"@type\":\"ReadAction\",\"target\":[\"https:\\\/\\\/bertsch-holzbau.eu\\\/hu\\\/blog\\\/kertpavilon-vs-pergola\\\/\"]}]},{\"@type\":\"ImageObject\",\"inLanguage\":\"hu\",\"@id\":\"https:\\\/\\\/bertsch-holzbau.eu\\\/hu\\\/blog\\\/kertpavilon-vs-pergola\\\/#primaryimage\",\"url\":\"https:\\\/\\\/bertsch-holzbau.eu\\\/wp-content\\\/uploads\\\/2025\\\/08\\\/Grafika_45_Pawilon-ogrodowy-a-pergola-czym-siA\u2122-rAlLLniA\u2026-i-co-wybrac.jpg\",\"contentUrl\":\"https:\\\/\\\/bertsch-holzbau.eu\\\/wp-content\\\/uploads\\\/2025\\\/08\\\/Grafika_45_Pawilon-ogrodowy-a-pergola-czym-siA\u2122-rAlLLniA\u2026-i-co-wybrac.jpg\",\"width\":1200,\"height\":900},{\"@type\":\"BreadcrumbList\",\"@id\":\"https:\\\/\\\/bertsch-holzbau.eu\\\/hu\\\/blog\\\/kertpavilon-vs-pergola\\\/#breadcrumb\",\"itemListElement\":[{\"@type\":\"ListItem\",\"position\":1,\"name\":\"Home\",\"item\":\"https:\\\/\\\/bertsch-holzbau.eu\\\/hu\\\/\"},{\"@type\":\"ListItem\",\"position\":2,\"name\":\"Kerti pavilon vagy pergola \u2013 mi a k\u00fcl\u00f6nbs\u00e9g \u00e9s melyiket v\u00e1lasszon?\"}]},{\"@type\":\"WebSite\",\"@id\":\"https:\\\/\\\/bertsch-holzbau.eu\\\/hu\\\/#website\",\"url\":\"https:\\\/\\\/bertsch-holzbau.eu\\\/hu\\\/\",\"name\":\"BHB Bertsch Holzbau\",\"description\":\"\",\"publisher\":{\"@id\":\"https:\\\/\\\/bertsch-holzbau.eu\\\/hu\\\/#organization\"},\"potentialAction\":[{\"@type\":\"SearchAction\",\"target\":{\"@type\":\"EntryPoint\",\"urlTemplate\":\"https:\\\/\\\/bertsch-holzbau.eu\\\/hu\\\/?s={search_term_string}\"},\"query-input\":{\"@type\":\"PropertyValueSpecification\",\"valueRequired\":true,\"valueName\":\"search_term_string\"}}],\"inLanguage\":\"hu\"},[],{\"@type\":\"Person\",\"@id\":\"https:\\\/\\\/bertsch-holzbau.eu\\\/hu\\\/#\\\/schema\\\/person\\\/4d07e01b7bb73487a8592fbd925811e5\",\"name\":\"l.bertsch\",\"image\":{\"@type\":\"ImageObject\",\"inLanguage\":\"hu\",\"@id\":\"https:\\\/\\\/bertsch-holzbau.eu\\\/wp-content\\\/litespeed\\\/avatar\\\/c7f290e24cac9aea0132e49c7d4d4a45.jpg?ver=1788160651\",\"url\":\"https:\\\/\\\/bertsch-holzbau.eu\\\/wp-content\\\/litespeed\\\/avatar\\\/c7f290e24cac9aea0132e49c7d4d4a45.jpg?ver=1788160651\",\"contentUrl\":\"https:\\\/\\\/bertsch-holzbau.eu\\\/wp-content\\\/litespeed\\\/avatar\\\/c7f290e24cac9aea0132e49c7d4d4a45.jpg?ver=1788160651\",\"caption\":\"l.bertsch\"},\"url\":\"https:\\\/\\\/bertsch-holzbau.eu\\\/hu\\\/blog\\\/author\\\/l-bertsch\\\/\"}]}<\/script>\n<!-- \/ Yoast SEO plugin. -->","yoast_head_json":{"title":"Kerti pavilon vagy pergola \u2013 mi a k\u00fcl\u00f6nbs\u00e9g \u00e9s melyiket v\u00e1lasszon? - BHB Bertsch Holzbau","robots":{"index":"index","follow":"follow","max-snippet":"max-snippet:-1","max-image-preview":"max-image-preview:large","max-video-preview":"max-video-preview:-1"},"og_locale":"hu_HU","og_type":"article","og_title":"Kerti pavilon vagy pergola \u2013 mi a k\u00fcl\u00f6nbs\u00e9g \u00e9s melyiket v\u00e1lasszon? - BHB Bertsch Holzbau","og_description":"\u00c1lmodozik egy hangulatos sarokr\u00f3l a kertj\u00e9ben? Nem tudja, mi illene jobban az ig\u00e9nyeihez: egy kerti pavilon vagy egy pergola? Mindk\u00e9t szerkezet leny\u0171g\u00f6z\u0151 megjelen\u00e9s\u0171 \u00e9s funkcion\u00e1lis, de sok szempontb\u00f3l k\u00fcl\u00f6nb\u00f6znek egym\u00e1st\u00f3l. Ebben a cikkben r\u00e9szletesen elmagyar\u00e1zzuk, miben k\u00fcl\u00f6nb\u00f6zik a pergola a pavilont\u00f3l, mikor melyiket v\u00e1lassza, \u00e9s mire figyeljen v\u00e1s\u00e1rl\u00e1skor. Tan\u00e1csokat adunk arra is, mire figyeljen a [&hellip;]","og_url":"https:\/\/bertsch-holzbau.eu\/hu\/blog\/kertpavilon-vs-pergola\/","og_site_name":"BHB Bertsch Holzbau","article_publisher":"https:\/\/www.facebook.com\/bertschholzbau\/","article_published_time":"2025-07-31T17:58:00+00:00","article_modified_time":"2025-08-01T08:44:34+00:00","og_image":[{"width":1200,"height":900,"url":"https:\/\/bertsch-holzbau.eu\/wp-content\/uploads\/2025\/08\/Grafika_45_Pawilon-ogrodowy-a-pergola-czym-siA\u2122-rAlLLniA\u2026-i-co-wybrac.jpg","type":"image\/jpeg"}],"author":"l.bertsch","twitter_card":"summary_large_image","twitter_misc":{"Szerz\u0151:":"l.bertsch","Becs\u00fclt olvas\u00e1si id\u0151":"7 perc"},"schema":{"@context":"https:\/\/schema.org","@graph":[{"@type":"Article","@id":"https:\/\/bertsch-holzbau.eu\/hu\/blog\/kertpavilon-vs-pergola\/#article","isPartOf":{"@id":"https:\/\/bertsch-holzbau.eu\/hu\/blog\/kertpavilon-vs-pergola\/"},"author":{"name":"l.bertsch","@id":"https:\/\/bertsch-holzbau.eu\/hu\/#\/schema\/person\/4d07e01b7bb73487a8592fbd925811e5"},"headline":"Kerti pavilon vagy pergola \u2013 mi a k\u00fcl\u00f6nbs\u00e9g \u00e9s melyiket v\u00e1lasszon?","datePublished":"2025-07-31T17:58:00+00:00","dateModified":"2025-08-01T08:44:34+00:00","mainEntityOfPage":{"@id":"https:\/\/bertsch-holzbau.eu\/hu\/blog\/kertpavilon-vs-pergola\/"},"wordCount":1997,"commentCount":0,"publisher":{"@id":"https:\/\/bertsch-holzbau.eu\/hu\/#organization"},"image":{"@id":"https:\/\/bertsch-holzbau.eu\/hu\/blog\/kertpavilon-vs-pergola\/#primaryimage"},"thumbnailUrl":"https:\/\/bertsch-holzbau.eu\/wp-content\/uploads\/2025\/08\/Grafika_45_Pawilon-ogrodowy-a-pergola-czym-siA\u2122-rAlLLniA\u2026-i-co-wybrac.jpg","articleSection":["\u00d6tletek"],"inLanguage":"hu","potentialAction":[{"@type":"CommentAction","name":"Comment","target":["https:\/\/bertsch-holzbau.eu\/hu\/blog\/kertpavilon-vs-pergola\/#respond"]}]},{"@type":"WebPage","@id":"https:\/\/bertsch-holzbau.eu\/hu\/blog\/kertpavilon-vs-pergola\/","url":"https:\/\/bertsch-holzbau.eu\/hu\/blog\/kertpavilon-vs-pergola\/","name":"Kerti pavilon vagy pergola \u2013 mi a k\u00fcl\u00f6nbs\u00e9g \u00e9s melyiket v\u00e1lasszon? - BHB Bertsch Holzbau","isPartOf":{"@id":"https:\/\/bertsch-holzbau.eu\/hu\/#website"},"primaryImageOfPage":{"@id":"https:\/\/bertsch-holzbau.eu\/hu\/blog\/kertpavilon-vs-pergola\/#primaryimage"},"image":{"@id":"https:\/\/bertsch-holzbau.eu\/hu\/blog\/kertpavilon-vs-pergola\/#primaryimage"},"thumbnailUrl":"https:\/\/bertsch-holzbau.eu\/wp-content\/uploads\/2025\/08\/Grafika_45_Pawilon-ogrodowy-a-pergola-czym-siA\u2122-rAlLLniA\u2026-i-co-wybrac.jpg","datePublished":"2025-07-31T17:58:00+00:00","dateModified":"2025-08-01T08:44:34+00:00","breadcrumb":{"@id":"https:\/\/bertsch-holzbau.eu\/hu\/blog\/kertpavilon-vs-pergola\/#breadcrumb"},"inLanguage":"hu","potentialAction":[{"@type":"ReadAction","target":["https:\/\/bertsch-holzbau.eu\/hu\/blog\/kertpavilon-vs-pergola\/"]}]},{"@type":"ImageObject","inLanguage":"hu","@id":"https:\/\/bertsch-holzbau.eu\/hu\/blog\/kertpavilon-vs-pergola\/#primaryimage","url":"https:\/\/bertsch-holzbau.eu\/wp-content\/uploads\/2025\/08\/Grafika_45_Pawilon-ogrodowy-a-pergola-czym-siA\u2122-rAlLLniA\u2026-i-co-wybrac.jpg","contentUrl":"https:\/\/bertsch-holzbau.eu\/wp-content\/uploads\/2025\/08\/Grafika_45_Pawilon-ogrodowy-a-pergola-czym-siA\u2122-rAlLLniA\u2026-i-co-wybrac.jpg","width":1200,"height":900},{"@type":"BreadcrumbList","@id":"https:\/\/bertsch-holzbau.eu\/hu\/blog\/kertpavilon-vs-pergola\/#breadcrumb","itemListElement":[{"@type":"ListItem","position":1,"name":"Home","item":"https:\/\/bertsch-holzbau.eu\/hu\/"},{"@type":"ListItem","position":2,"name":"Kerti pavilon vagy pergola \u2013 mi a k\u00fcl\u00f6nbs\u00e9g \u00e9s melyiket v\u00e1lasszon?"}]},{"@type":"WebSite","@id":"https:\/\/bertsch-holzbau.eu\/hu\/#website","url":"https:\/\/bertsch-holzbau.eu\/hu\/","name":"BHB Bertsch Holzbau","description":"","publisher":{"@id":"https:\/\/bertsch-holzbau.eu\/hu\/#organization"},"potentialAction":[{"@type":"SearchAction","target":{"@type":"EntryPoint","urlTemplate":"https:\/\/bertsch-holzbau.eu\/hu\/?s={search_term_string}"},"query-input":{"@type":"PropertyValueSpecification","valueRequired":true,"valueName":"search_term_string"}}],"inLanguage":"hu"},[],{"@type":"Person","@id":"https:\/\/bertsch-holzbau.eu\/hu\/#\/schema\/person\/4d07e01b7bb73487a8592fbd925811e5","name":"l.bertsch","image":{"@type":"ImageObject","inLanguage":"hu","@id":"https:\/\/bertsch-holzbau.eu\/wp-content\/litespeed\/avatar\/c7f290e24cac9aea0132e49c7d4d4a45.jpg?ver=1788160651","url":"https:\/\/bertsch-holzbau.eu\/wp-content\/litespeed\/avatar\/c7f290e24cac9aea0132e49c7d4d4a45.jpg?ver=1788160651","contentUrl":"https:\/\/bertsch-holzbau.eu\/wp-content\/litespeed\/avatar\/c7f290e24cac9aea0132e49c7d4d4a45.jpg?ver=1788160651","caption":"l.bertsch"},"url":"https:\/\/bertsch-holzbau.eu\/hu\/blog\/author\/l-bertsch\/"}]}},"_links":{"self":[{"href":"https:\/\/bertsch-holzbau.eu\/hu\/wp-json\/wp\/v2\/posts\/102235","targetHints":{"allow":["GET"]}}],"collection":[{"href":"https:\/\/bertsch-holzbau.eu\/hu\/wp-json\/wp\/v2\/posts"}],"about":[{"href":"https:\/\/bertsch-holzbau.eu\/hu\/wp-json\/wp\/v2\/types\/post"}],"author":[{"embeddable":true,"href":"https:\/\/bertsch-holzbau.eu\/hu\/wp-json\/wp\/v2\/users\/4"}],"replies":[{"embeddable":true,"href":"https:\/\/bertsch-holzbau.eu\/hu\/wp-json\/wp\/v2\/comments?post=102235"}],"version-history":[{"count":1,"href":"https:\/\/bertsch-holzbau.eu\/hu\/wp-json\/wp\/v2\/posts\/102235\/revisions"}],"predecessor-version":[{"id":102241,"href":"https:\/\/bertsch-holzbau.eu\/hu\/wp-json\/wp\/v2\/posts\/102235\/revisions\/102241"}],"wp:featuredmedia":[{"embeddable":true,"href":"https:\/\/bertsch-holzbau.eu\/hu\/wp-json\/wp\/v2\/media\/102206"}],"wp:attachment":[{"href":"https:\/\/bertsch-holzbau.eu\/hu\/wp-json\/wp\/v2\/media?parent=102235"}],"wp:term":[{"taxonomy":"category","embeddable":true,"href":"https:\/\/bertsch-holzbau.eu\/hu\/wp-json\/wp\/v2\/categories?post=102235"},{"taxonomy":"post_tag","embeddable":true,"href":"https:\/\/bertsch-holzbau.eu\/hu\/wp-json\/wp\/v2\/tags?post=102235"}],"curies":[{"name":"wp","href":"https:\/\/api.w.org\/{rel}","templated":true}]}}