{"id":102182,"date":"2025-07-29T20:32:34","date_gmt":"2025-07-29T18:32:34","guid":{"rendered":"https:\/\/bertsch-holzbau.eu\/blog\/why-invest-in-a-year-round-wooden-house\/"},"modified":"2026-02-20T08:50:32","modified_gmt":"2026-02-20T07:50:32","slug":"miert-erdemes-befektetni-egy-egesz-evben-hasznalhato-fahazba","status":"publish","type":"post","link":"https:\/\/bertsch-holzbau.eu\/hu\/blog\/miert-erdemes-befektetni-egy-egesz-evben-hasznalhato-fahazba\/","title":{"rendered":"10 ok, ami\u00e9rt \u00e9rdemes befektetni egy eg\u00e9sz \u00e9vben lakhat\u00f3 fah\u00e1zba"},"content":{"rendered":"\n<p class=\"wp-block-paragraph\">\u00c1lmodsz egy saj\u00e1t otthonr\u00f3l, amely t\u00e9len meleg, ny\u00e1ron h\u0171v\u00f6s \u00e9s&#8230; egyszer\u0171en a ti\u00e9d? Az eg\u00e9sz \u00e9vben lakhat\u00f3 fah\u00e1zak egyre n\u00e9pszer\u0171bbek azok k\u00f6r\u00e9ben, akik alternat\u00edv\u00e1t keresnek a hagyom\u00e1nyos t\u00e9gla\u00e9p\u00fcletek helyett. \u00c9s ez nem csak eszt\u00e9tikai k\u00e9rd\u00e9s.<\/p>\n\n\n\n<p class=\"wp-block-paragraph\">A fah\u00e1zak egy \u00e9letm\u00f3d \u2013 k\u00f6zelebb a term\u00e9szethez, k\u00f6rnyezetbar\u00e1tabbak \u00e9s gyakran gyorsabban \u00e9p\u00fclnek, mint a hagyom\u00e1nyos \u00e9p\u00edtm\u00e9nyek.<\/p>\n\n\n\n<p class=\"wp-block-paragraph\">Ebben a cikkben bemutatunk&nbsp;<strong>10 okot, mi\u00e9rt \u00e9rdemes befektetni egy eg\u00e9sz \u00e9vben lakhat\u00f3 fah\u00e1zba<\/strong>. Gy\u0151z\u0151dj\u00f6n meg saj\u00e1t szem\u00e9vel, hogy ez nem csak egy m\u00fal\u00f3 divat, hanem egy \u00e1tgondolt v\u00e1laszt\u00e1s az elk\u00f6vetkez\u0151 \u00e9vekre.<\/p>\n\n\n\n<h2 class=\"wp-block-heading\">1. \u00d6kol\u00f3gia \u00e9s eg\u00e9szs\u00e9ges mikrokl\u00edma \u2013 harm\u00f3ni\u00e1ban a term\u00e9szettel<\/h2>\n\n\n\n<div class=\"wp-block-columns is-layout-flex wp-container-core-columns-is-layout-8f761849 wp-block-columns-is-layout-flex\">\n<div class=\"wp-block-column is-vertically-aligned-center is-layout-flow wp-block-column-is-layout-flow\">\n<p class=\"wp-block-paragraph\">A term\u00e9szetes fah\u00e1z az egyik legk\u00f6rnyezetbar\u00e1tabb \u00e9p\u00edt\u00e9si m\u00f3dszer. A fa 100%-ban term\u00e9szetes \u00e9s meg\u00fajul\u00f3 nyersanyag \u2013 n\u00f6veked\u00e9se sor\u00e1n sz\u00e9n-dioxidot k\u00f6t meg, feldolgoz\u00e1sa pedig sokkal kevesebb energi\u00e1t ig\u00e9nyel, mint p\u00e9ld\u00e1ul a beton vagy az ac\u00e9l. Fah\u00e1z v\u00e1laszt\u00e1s\u00e1val cs\u00f6kkenti \u00f6kol\u00f3giai l\u00e1bnyom\u00e1t \u00e9s t\u00e1mogatja a fenntarthat\u00f3 \u00e9p\u00edtkez\u00e9st.<br><br>Higroszk\u00f3pos tulajdons\u00e1gainak k\u00f6sz\u00f6nhet\u0151en a fa szab\u00e1lyozza a helyis\u00e9gek p\u00e1ratartalm\u00e1t, ami kevesebb allerg\u00e9nt, jobb k\u00f6z\u00e9rzetet \u00e9s nagyobb l\u00e9gz\u00e9sk\u00e9nyelmet jelent. Ezt a mikrokl\u00edm\u00e1t k\u00fcl\u00f6n\u00f6sen \u00e9rt\u00e9kelik az allergi\u00e1sok, a gyermekes csal\u00e1dok, az id\u0151sek \u00e9s a t\u00e1vmunk\u00e1t v\u00e9gz\u0151k, akik sok id\u0151t t\u00f6ltenek otthon.<\/p>\n<\/div>\n\n\n\n<div class=\"wp-block-column is-vertically-aligned-center is-layout-flow wp-block-column-is-layout-flow\">\n<figure class=\"wp-block-image size-large\"><img loading=\"lazy\" decoding=\"async\" width=\"1024\" height=\"803\" src=\"https:\/\/bertsch-holzbau.eu\/wp-content\/uploads\/2024\/12\/1-1024x803.jpg\" alt=\"\" class=\"wp-image-91062\" srcset=\"https:\/\/bertsch-holzbau.eu\/wp-content\/uploads\/2024\/12\/1-1024x803.jpg 1024w, https:\/\/bertsch-holzbau.eu\/wp-content\/uploads\/2024\/12\/1-300x235.jpg 300w, https:\/\/bertsch-holzbau.eu\/wp-content\/uploads\/2024\/12\/1-768x602.jpg 768w, https:\/\/bertsch-holzbau.eu\/wp-content\/uploads\/2024\/12\/1-1536x1204.jpg 1536w, https:\/\/bertsch-holzbau.eu\/wp-content\/uploads\/2024\/12\/1-2048x1605.jpg 2048w, https:\/\/bertsch-holzbau.eu\/wp-content\/uploads\/2024\/12\/1-400x314.jpg 400w, https:\/\/bertsch-holzbau.eu\/wp-content\/uploads\/2024\/12\/1-600x470.jpg 600w, https:\/\/bertsch-holzbau.eu\/wp-content\/uploads\/2024\/12\/1-800x627.jpg 800w, https:\/\/bertsch-holzbau.eu\/wp-content\/uploads\/2024\/12\/1-1200x941.jpg 1200w\" sizes=\"auto, (max-width: 1024px) 100vw, 1024px\" \/><\/figure>\n<\/div>\n<\/div>\n\n\n\n<h2 class=\"wp-block-heading\">2. Energiahat\u00e9konys\u00e1g \u00e9s h\u0151komfort eg\u00e9sz \u00e9vben<\/h2>\n\n\n\n<p class=\"wp-block-paragraph\">Az&nbsp;<a href=\"https:\/\/bertsch-holzbau.eu\/hu\/eves-fahazak\/\">eg\u00e9sz \u00e9vben haszn\u00e1lhat\u00f3 fah\u00e1zak<\/a>&nbsp;egyik legnagyobb el\u0151nye a&nbsp;<strong>kiv\u00e1l\u00f3 energiahat\u00e9konys\u00e1g<\/strong>. A fa \u00e9p\u00edt\u0151anyagk\u00e9nt term\u00e9szetes h\u0151szigetel\u0151 tulajdons\u00e1gokkal rendelkezik \u2013 mikrop\u00f3rusos szerkezete hat\u00e9konyan tartja a h\u0151t az \u00e9p\u00fclet belsej\u00e9ben. Ennek eredm\u00e9nyek\u00e9nt a fah\u00e1zak gyorsabban melegednek fel, hosszabb ideig tartj\u00e1k a h\u0151m\u00e9rs\u00e9kletet, \u00e9s t\u00e9len nem ig\u00e9nyelnek annyi kieg\u00e9sz\u00edt\u0151 f\u0171t\u00e9st, mint a t\u00e9glah\u00e1zak.<\/p>\n\n\n\n<p class=\"wp-block-paragraph\">A BHB vastag, profilozott fal\u00fa h\u00e1zakat k\u00edn\u00e1l, amelyek keresztmetszete ak\u00e1r&nbsp;<strong>94 mm<\/strong>&nbsp;is lehet, \u00e9s amelyek szil\u00e1rd h\u0151szigetel\u0151 alapot biztos\u00edtanak. Tov\u00e1bbi szigetel\u0151 r\u00e9tegekkel \u00e9s energiahat\u00e9kony ablakokkal kombin\u00e1lva j\u00f3l \u00e1tgondolt szerkezetet alkotnak, amely az id\u0151j\u00e1r\u00e1st\u00f3l f\u00fcggetlen\u00fcl eg\u00e9sz \u00e9vben magas h\u0151komfortot biztos\u00edt.<\/p>\n\n\n\n<p class=\"wp-block-paragraph\">A megfelel\u0151en tervezett fah\u00e1z jelent\u0151s megtakar\u00edt\u00e1st jelenthet. Alacsonyabb f\u0171t\u00e9si k\u00f6lts\u00e9gek, jobb h\u0151komfort t\u00e9len \u00e9s kellemes h\u0171v\u00f6ss\u00e9g ny\u00e1ron.<\/p>\n\n\n\n<h2 class=\"wp-block-heading\">3. Gyors \u00e9p\u00edt\u00e9s = alacsonyabb k\u00f6lts\u00e9gek \u00e9s kevesebb stressz<\/h2>\n\n\n\n<p class=\"wp-block-paragraph\">A modern el\u0151regy\u00e1rt\u00e1si technol\u00f3gi\u00e1k \u00e9s v\u00e1zszerkezetek alkalmaz\u00e1s\u00e1nak k\u00f6sz\u00f6nhet\u0151en a h\u00e1z sz\u00e1mos eleme m\u00e1r a gy\u00e1rt\u00e1si szakaszban, ellen\u0151rz\u00f6tt gy\u00e1ri k\u00f6r\u00fclm\u00e9nyek k\u00f6z\u00f6tt k\u00e9sz\u00fcl. Ez rendk\u00edv\u00fcl gyors \u00f6sszeszerel\u00e9st tesz lehet\u0151v\u00e9 a helysz\u00ednen \u2013 gyakran a projekt j\u00f3v\u00e1hagy\u00e1s\u00e1t\u00f3l sz\u00e1m\u00edtott&nbsp;<strong>6\u201310 h\u00e9ten<\/strong>&nbsp;bel\u00fcl.<\/p>\n\n\n\n<p class=\"wp-block-paragraph\">A t\u00e9gla\u00e9p\u00edt\u00e9ssel ellent\u00e9tben, amely hossz\u00fa sz\u00e1rad\u00e1si id\u0151t ig\u00e9nyel \u00e9s nagym\u00e9rt\u00e9kben f\u00fcgg az id\u0151j\u00e1r\u00e1si viszonyokt\u00f3l, a fah\u00e1zak t\u00e9len is \u00e9p\u00edthet\u0151k. A kevesebb nedves munka, a korl\u00e1tozott sz\u00e1m\u00fa munkacsoport \u00e9s a r\u00f6videbb beruh\u00e1z\u00e1si id\u0151 nemcsak&nbsp;<strong>alacsonyabb munkaer\u0151- \u00e9s logisztikai k\u00f6lts\u00e9geket<\/strong>&nbsp;jelent, hanem a gyorsabb bek\u00f6lt\u00f6z\u00e9st is.<\/p>\n\n\n\n<p class=\"wp-block-paragraph\"><strong>\u00c9rdekes t\u00e9ny az Egyes\u00fclt Kir\u00e1lys\u00e1gb\u00f3l<\/strong>: csak Sk\u00f3ci\u00e1ban az egycsal\u00e1dos h\u00e1zak t\u00f6bb mint 85%-a f\u00e1b\u00f3l \u00e9p\u00fcl \u2013 ez nem csak hagyom\u00e1ny, hanem az \u00e9ghajlati viszonyok, a k\u00f6lts\u00e9gek \u00e9s az \u00f6kol\u00f3gia szempontj\u00e1b\u00f3l is praktikus v\u00e1laszt\u00e1s. A v\u00e1ztechnika ott az els\u0151 sz\u00e1m\u00fa megold\u00e1ss\u00e1 v\u00e1lt.<\/p>\n\n\n\n<p class=\"wp-block-paragraph\">K\u00edn\u00e1latunkban eg\u00e9sz \u00e9vben haszn\u00e1lhat\u00f3 h\u00e1zak tal\u00e1lhat\u00f3k&nbsp;<strong>v\u00e1zszerkezetes \u00e9s t\u00f6m\u00f6rfa profilokb\u00f3l<\/strong>, amelyek rugalmasan alkalmazkodnak a telek adotts\u00e1gaihoz, gyorsan \u00f6sszeszerelhet\u0151k, \u00e9s kiv\u00e1l\u00f3 min\u0151s\u00e9get biztos\u00edtanak.<\/p>\n\n\n\n<h2 class=\"wp-block-heading\">4. Gener\u00e1ci\u00f3knak sz\u00f3l\u00f3 tart\u00f3ss\u00e1g \u2013 egy fah\u00e1z, amely \u00e9vtizedekig \u00e1ll<\/h2>\n\n\n\n<p class=\"wp-block-paragraph\">B\u00e1r m\u00e9g mindig \u00e9lnek a fah\u00e1zak r\u00f6vid \u00e9lettartam\u00e1r\u00f3l sz\u00f3l\u00f3 m\u00edtoszok, a modern faipari feldolgoz\u00e1si \u00e9s v\u00e9delmi technol\u00f3gi\u00e1k teljesen megv\u00e1ltoztatj\u00e1k ezt a narrat\u00edv\u00e1t. A BHB \u00e1ltal k\u00edn\u00e1lt kiv\u00e1l\u00f3 min\u0151s\u00e9g\u0171 anyagok, p\u00e9ld\u00e1ul a&nbsp;<strong>skandin\u00e1v puhafa<\/strong>, valamint speci\u00e1lis impregn\u00e1l\u00f3szerek haszn\u00e1lat\u00e1nak k\u00f6sz\u00f6nhet\u0151en a fah\u00e1zak k\u00f6nnyed\u00e9n el\u00e9rhetik a&nbsp;<strong>80, s\u0151t ak\u00e1r a 100 \u00e9ves<\/strong>&nbsp;\u00e9lettartamot.<\/p>\n\n\n\n<p class=\"wp-block-paragraph\">A fa profilokb\u00f3l vagy v\u00e1zszerkezetb\u0151l k\u00e9sz\u00fclt, megfelel\u0151 szell\u0151z\u00e9ssel \u00e9s v\u00e9d\u0151r\u00e9teggel ell\u00e1tott szerkezetek\u00a0<strong>ellen\u00e1llnak a nedvess\u00e9gnek, a pen\u00e9sznek \u00e9s a gomb\u00e1knak<\/strong>. Ezenk\u00edv\u00fcl a fa term\u00e9szetes \u201el\u00e9legz\u0151\u201d szerkezete v\u00e9d a v\u00edzp\u00e1ra kondenz\u00e1ci\u00f3j\u00e1t\u00f3l, ami pozit\u00edv hat\u00e1ssal van mind a szerkezet, mind a bels\u0151 burkolat tart\u00f3ss\u00e1g\u00e1ra. Itt aj\u00e1nljuk cikk\u00fcnket \u201eSkandin\u00e1v lucfeny\u0151 \u2013 szil\u00e1rd \u00e9s sz\u00e9p otthonok alapja\u201d.<\/p>\n\n\n\n<h2 class=\"wp-block-heading\">5. Gy\u00f6ny\u00f6r\u0171 megjelen\u00e9s \u00e9s term\u00e9szetes eszt\u00e9tika<\/h2>\n\n\n\n<p class=\"wp-block-paragraph\">A fa nemcsak term\u00e9szetes k\u00f6rnyezetben n\u00e9z ki j\u00f3l, hanem id\u0151t\u00e1ll\u00f3, bar\u00e1ts\u00e1gos jelleget k\u00f6lcs\u00f6n\u00f6z az \u00e9p\u00fcletnek \u2013 f\u00fcggetlen\u00fcl att\u00f3l, hogy rusztikus h\u00e1zik\u00f3r\u00f3l vagy&nbsp;<strong>modern, nagy ablakokkal rendelkez\u0151 fah\u00e1zr\u00f3l<\/strong>&nbsp;\u00e1lmodozik.<\/p>\n\n\n\n<p class=\"wp-block-paragraph\">A fa term\u00e9szetes szerkezete \u2013&nbsp;<strong>sz\u00e1lszerkezete, text\u00far\u00e1ja \u00e9s sz\u00ednei<\/strong>&nbsp;\u2013 otthonos \u00e9s eleg\u00e1ns hangulatot teremt. Ezenk\u00edv\u00fcl a fa akusztikai \u00e9s h\u0151szigetel\u0151 tulajdons\u00e1gokkal rendelkezik, amelyek nemcsak vizu\u00e1lisan, hanem gyakorlatilag is n\u00f6velik a h\u00e1ztart\u00e1s tagjainak k\u00e9nyelm\u00e9t.<\/p>\n\n\n\n<p class=\"wp-block-paragraph\"><strong>A szem\u00e9lyre szab\u00e1s lehet\u0151s\u00e9gei<\/strong>&nbsp;v\u00e9gtelenek. A BHB h\u00e1zakn\u00e1l \u00d6n v\u00e1laszthatja:<\/p>\n\n\n\n<ul class=\"wp-block-list\">\n<li>a homlokzat t\u00edpus\u00e1t (pl. f\u00fcgg\u0151leges, v\u00edzszintes vagy bar\u00e1zd\u00e1lt deszk\u00e1k),<\/li>\n\n\n\n<li>a fel\u00fcletkezel\u00e9st: term\u00e9szetes olajok, m\u00e1zak, p\u00e1cok, fa hat\u00e1s\u00fa panelek,<\/li>\n\n\n\n<li>a sz\u00ednvil\u00e1got \u2013 a klasszikus term\u00e9szetes f\u00e1t\u00f3l a divatos antracit \u00e9s sz\u00fcrke \u00e1rnyalatokig.<\/li>\n<\/ul>\n\n\n\n<p class=\"wp-block-paragraph\">Ez azt jelenti, hogy minden fah\u00e1z m\u00e1sk\u00e9pp n\u00e9zhet ki \u2013 t\u00fckr\u00f6zve lak\u00f3inak szem\u00e9lyis\u00e9g\u00e9t \u00e9s harmonikusan illeszkedve a k\u00f6rnyezetbe.<\/p>\n\n\n\n<h2 class=\"wp-block-heading\">6. Szabad tervez\u00e9s \u2013 \u00d6nre szabott h\u00e1z<\/h2>\n\n\n\n<p class=\"wp-block-paragraph\">A fah\u00e1zak egyik legnagyobb el\u0151nye a teljes szem\u00e9lyre szabhat\u00f3s\u00e1g. \u00d6n d\u00f6nti el, hogyan n\u00e9zzen ki az \u00d6n lak\u00f3tere \u2013 a szob\u00e1k elrendez\u00e9s\u00e9t\u0151l kezdve a homlokzat t\u00edpus\u00e1n \u00e1t a tet\u0151 t\u00edpus\u00e1ig, az ablakok sz\u00e1m\u00e1ig \u00e9s a bels\u0151 st\u00edlusig.<\/p>\n\n\n\n<p class=\"wp-block-paragraph\">A fah\u00e1z lehet kompakt h\u00e9tv\u00e9gi h\u00e1zik\u00f3 vagy nagy ablakokkal rendelkez\u0151 modern villa \u2013 a lehet\u0151s\u00e9gek szinte v\u00e9gtelenek. T\u00f6k\u00e9letes megold\u00e1s azok sz\u00e1m\u00e1ra, akik nem akarnak k\u00e9sz tervekre korl\u00e1toz\u00f3dni, hanem az \u00e9letst\u00edlusukhoz, telekhez \u00e9s csal\u00e1djuk ig\u00e9nyeihez igazod\u00f3 teret \u00e1lmodnak meg.<\/p>\n\n\n\n<div class=\"wp-block-group green-box\"><div class=\"wp-block-group__inner-container is-layout-constrained wp-block-group-is-layout-constrained\">\n<h3 class=\"wp-block-heading\">BHB aj\u00e1nlat: \u00d6nnek tervezett fah\u00e1zak<\/h3>\n\n\n\n<p class=\"wp-block-paragraph\">A&nbsp;<strong>BHB Bertsch HolzBau<\/strong>-n\u00e1l minden h\u00e1zat az \u00fcgyf\u00e9l egyedi ig\u00e9nyeinek figyelembev\u00e9tel\u00e9vel tervez\u00fcnk. Ig\u00e9nyeinek megfelel\u0151en v\u00e1laszthat:<\/p>\n<\/div><\/div>\n\n\n\n<ul class=\"wp-block-list\">\n<li><a href=\"https:\/\/bertsch-holzbau.eu\/hu\/profil-hazak\/\"><strong>R\u00f6nkh\u00e1zak<\/strong><\/a><strong>\u00a0<\/strong>\u2013 kiv\u00e1l\u00f3 min\u0151s\u00e9g\u0171 skandin\u00e1v f\u00e1b\u00f3l, v\u00e1laszthat\u00f3 falvastags\u00e1ggal: 58 mm, 70 mm, 94 mm, 112 mm. A tet\u0151, az ablakok, az ajt\u00f3k \u00e9s egy\u00e9b befejez\u0151 elemek t\u00edpusa szabadon v\u00e1laszthat\u00f3.<\/li>\n\n\n\n<li><strong>Fakeretes h\u00e1zak<\/strong>\u00a0\u2013 rendk\u00edv\u00fcl rugalmas megold\u00e1s, amely lehet\u0151v\u00e9 teszi b\u00e1rmilyen m\u00e9ret\u0171 \u00e9s st\u00edlus\u00fa h\u00e1zak \u00e9p\u00edt\u00e9s\u00e9t: klasszikus, hegyvid\u00e9ki, skandin\u00e1v vagy modern. A BHB rendszerek k\u00fcl\u00f6nb\u00f6z\u0151 keresztmetszeteket, 25\u201394 mm-es profilokat, tet\u0151v\u00e1ltozatokat (gerend\u00e1s, egyenes, lapos, s\u00e1tras), sz\u00e1mos burkolatot \u00e9s teljes szigetel\u00e9s lehet\u0151s\u00e9g\u00e9t k\u00edn\u00e1lnak.<\/li>\n<\/ul>\n\n\n\n<p class=\"wp-block-paragraph\"><strong>Mi\u00e9rt \u00e9rdemes?<\/strong><\/p>\n\n\n\n<p class=\"wp-block-paragraph\">A BHB h\u00e1zak \u00f6tv\u00f6zik:<\/p>\n\n\n\n<ul class=\"wp-block-list\">\n<li>a tart\u00f3ss\u00e1got \u00e9s a funkcionalit\u00e1st,<\/li>\n\n\n\n<li>az eszt\u00e9tik\u00e1t \u00e9s a st\u00edlust,<\/li>\n\n\n\n<li>a modern technol\u00f3gi\u00e1kat \u00e9s a hagyom\u00e1nyos k\u00e9zm\u0171vess\u00e9get.<\/li>\n<\/ul>\n\n\n\n<p class=\"wp-block-paragraph\">Ak\u00e1r csal\u00e1di h\u00e1zat, nyaral\u00f3t vagy eg\u00e9sz \u00e9vben b\u00e9relhet\u0151 ingatlant \u00e9p\u00edt, a BHB seg\u00edts\u00e9g\u00e9vel olyan teret hozhat l\u00e9tre, amely igaz\u00e1n a saj\u00e1tja.<\/p>\n\n\n\n<h2 class=\"wp-block-heading\">7. Eg\u00e9sz \u00e9vben k\u00e9nyelmes<\/h2>\n\n\n\n<p class=\"wp-block-paragraph\">Az eg\u00e9sz \u00e9vben haszn\u00e1lhat\u00f3 fah\u00e1zak egyik legnagyobb el\u0151nye, hogy term\u00e9szetes m\u00f3don biztos\u00edtj\u00e1k a k\u00e9nyelmet minden \u00e9vszakban. A r\u00e9teges falaknak, a kiv\u00e1l\u00f3 h\u0151szigetel\u00e9snek \u00e9s a modern f\u0171t\u00e9si megold\u00e1soknak k\u00f6sz\u00f6nhet\u0151en egy ilyen h\u00e1z t\u00e9len \u00e9s ny\u00e1ron egyar\u00e1nt t\u00f6k\u00e9letes.<\/p>\n\n\n\n<p class=\"wp-block-paragraph\">A fa \u201el\u00e9legzik\u201d, ami azt jelenti, hogy szab\u00e1lyozza a p\u00e1ratartalmat az \u00e9p\u00fclet belsej\u00e9ben \u2013&nbsp;<strong>t\u00e9len bent tartja a meleget, ny\u00e1ron pedig megakad\u00e1lyozza a helyis\u00e9gek t\u00falmeleged\u00e9s\u00e9t<\/strong>. Megfelel\u0151 f\u0171t\u00e9si rendszerrel (pl. padl\u00f3f\u0171t\u00e9s, h\u0151szivatty\u00fa vagy kandall\u00f3) kombin\u00e1lva a fah\u00e1z eg\u00e9sz \u00e9vben energiahat\u00e9kony lak\u00f3teret biztos\u00edt.<\/p>\n\n\n\n<h2 class=\"wp-block-heading\">8. Nagyfok\u00fa ellen\u00e1ll\u00e1s az id\u0151j\u00e1r\u00e1si viszonyokkal szemben<\/h2>\n\n\n\n<p class=\"wp-block-paragraph\">A modern feldolgoz\u00e1si \u00e9s v\u00e9delmi technol\u00f3gi\u00e1knak (nyom\u00e1sos impregn\u00e1l\u00e1s, r\u00e9tegelt fa ragaszt\u00e1s, UV-v\u00e9delem) k\u00f6sz\u00f6nhet\u0151en ezek a szerkezetek ellen\u00e1llnak a fagy, a nedvess\u00e9g \u00e9s az intenz\u00edv napf\u00e9ny hat\u00e1s\u00e1nak.<\/p>\n\n\n\n<p class=\"wp-block-paragraph\">A j\u00f3l el\u0151k\u00e9sz\u00edtett \u00e9s impregn\u00e1lt fa&nbsp;<strong>\u201eegy\u00fcttm\u0171k\u00f6dik\u201d az \u00e9ghajlattal<\/strong>, ahelyett, hogy ellene dolgozna. Term\u00e9szetes pufferk\u00e9nt m\u0171k\u00f6dik: t\u00e9len korl\u00e1tozza a bels\u0151 t\u00e9r h\u0171l\u00e9s\u00e9t, ny\u00e1ron pedig a t\u00falmeleged\u00e9st.<\/p>\n\n\n\n<p class=\"wp-block-paragraph\">A modern tervez\u00e9sn\u00e9l a&nbsp;<strong>tet\u0151 t\u00edpus\u00e1t<\/strong>&nbsp;is a helyi \u00e9ghajlati viszonyokhoz lehet igaz\u00edtani: lapos, nyeregtet\u0151s vagy s\u00e1tortet\u0151s tet\u0151k is kialak\u00edthat\u00f3k v\u00edzelvezet\u0151 rendszerrel, ami n\u00f6veli tart\u00f3ss\u00e1gukat \u00e9s ellen\u00e1ll\u00e1sukat az es\u0151nek \u00e9s a h\u00f3nek.<\/p>\n\n\n\n<p class=\"wp-block-paragraph\"><strong>\u00c9rdekess\u00e9g<\/strong>: A nagy h\u0151m\u00e9rs\u00e9kleti ingadoz\u00e1sokkal jellemezhet\u0151 orsz\u00e1gokban, mint Lengyelorsz\u00e1g, N\u00e9metorsz\u00e1g \u00e9s Ausztria, a fah\u00e1zakat a helyi \u00e9ghajlati viszonyokhoz igazodva tervezik, \u00e9s m\u00e9g a hegyvid\u00e9ki ter\u00fcleteken is j\u00f3l m\u0171k\u00f6dnek.<\/p>\n\n\n\n<h2 class=\"wp-block-heading\">9. B\u0151v\u00edt\u00e9s \u00e9s moderniz\u00e1l\u00e1s lehet\u0151s\u00e9ge \u2013 egy h\u00e1z, amely veled egy\u00fctt n\u00f6vekszik<\/h2>\n\n\n\n<p class=\"wp-block-paragraph\">Az eg\u00e9sz \u00e9vben haszn\u00e1lhat\u00f3 fah\u00e1zak egyik legnagyobb el\u0151nye, hogy k\u00f6nnyen alkalmazkodnak a v\u00e1ltoz\u00f3 ig\u00e9nyekhez. A neh\u00e9z t\u00e9gla\u00e9p\u00edtm\u00e9nyekkel ellent\u00e9tben a fah\u00e1zak sokkal nagyobb rugalmass\u00e1got k\u00edn\u00e1lnak \u00e1talak\u00edt\u00e1s \u00e9s b\u0151v\u00edt\u00e9s tekintet\u00e9ben \u2013 an\u00e9lk\u00fcl, hogy bonyolult f\u00f6ldmunk\u00e1kra lenne sz\u00fcks\u00e9g, vagy megzavarn\u00e1k a f\u0151szerkezetet.<\/p>\n\n\n\n<p class=\"wp-block-paragraph\">K\u00f6nnyed\u00e9n:<\/p>\n\n\n\n<ul class=\"wp-block-list\">\n<li>megv\u00e1ltoztathatja a szob\u00e1k elrendez\u00e9s\u00e9t,<\/li>\n\n\n\n<li>\u00faj sz\u00e1rnyat \u00e9p\u00edthet,<\/li>\n\n\n\n<li>t\u00e9likertet \u00e9p\u00edthet,<\/li>\n\n\n\n<li>b\u0151v\u00edtheti a teraszt vagy a tet\u0151t,<\/li>\n\n\n\n<li>alkalmazhatja az \u00e9p\u00fcletet \u00faj funkci\u00f3khoz (pl. otthoni iroda, vend\u00e9gszoba vagy pihen\u0151hely).<\/li>\n<\/ul>\n\n\n\n<p class=\"wp-block-paragraph\">Az anyag k\u00f6nnyeds\u00e9ge \u00e9s sok elem el\u0151re gy\u00e1rtott form\u00e1ja miatt&nbsp;<strong>a fah\u00e1zak moderniz\u00e1l\u00e1sa gyorsabb, olcs\u00f3bb \u00e9s kisz\u00e1m\u00edthat\u00f3bb<\/strong>, mint a hagyom\u00e1nyos technol\u00f3gi\u00e1kkal.<\/p>\n\n\n\n<h2 class=\"wp-block-heading\">10. Az ingatlan\u00e9rt\u00e9k n\u00f6veked\u00e9se \u2013 megt\u00e9r\u00fcl\u0151 befektet\u00e9s<\/h2>\n\n\n\n<p class=\"wp-block-paragraph\">A fah\u00e1z v\u00e1s\u00e1rl\u00e1sa nem csak \u00e9letm\u00f3dbeli d\u00f6nt\u00e9s, hanem b\u00f6lcs t\u0151kebefektet\u00e9s is. Az eg\u00e9sz \u00e9vben lakhat\u00f3 fah\u00e1zak egyre nagyobb \u00e9rdekl\u0151d\u00e9snek \u00f6rvendenek az ingatlanpiacon, mind Lengyelorsz\u00e1gban, mind k\u00fclf\u00f6ld\u00f6n. Eszt\u00e9tik\u00e1juk, k\u00f6rnyezetbar\u00e1t jelleg\u00fck \u00e9s energiahat\u00e9konys\u00e1guk el\u0151nyt jelent a hagyom\u00e1nyos \u00e9p\u00edtm\u00e9nyekkel szemben, ha \u00fajra\u00e9rt\u00e9kes\u00edt\u00e9sr\u0151l van sz\u00f3.<\/p>\n\n\n\n<p class=\"wp-block-paragraph\">A j\u00f3l karbantartott fah\u00e1zak \u00e9rt\u00e9ke m\u00e9g \u00e9vek haszn\u00e1lat ut\u00e1n is n\u00f6vekedhet, k\u00fcl\u00f6n\u00f6sen, ha j\u00f3l szigeteltek \u00e9s m\u0171szakilag j\u00f3 \u00e1llapotban vannak.<\/p>\n\n\n\n<p class=\"wp-block-paragraph\"><strong>Ezen fel\u00fcl<\/strong>, az emelked\u0151 energia\u00e1rak \u00e9s a n\u00f6vekv\u0151 k\u00f6rnyezettudatoss\u00e1g idej\u00e9n a fa\u00e9p\u00edt\u00e9s versenyel\u0151nyre tesz szert, ami az \u00e9vek sor\u00e1n a piaci \u00e9rt\u00e9k n\u00f6veked\u00e9s\u00e9ben is megmutatkozhat.<\/p>\n\n\n\n<h2 class=\"wp-block-heading\">\u00d6sszefoglal\u00e1s<\/h2>\n\n\n\n<p class=\"wp-block-paragraph\">A\u00a0eg\u00e9sz \u00e9vben haszn\u00e1lhat\u00f3 fah\u00e1zak egyre n\u00e9pszer\u0171bb alternat\u00edv\u00e1t jelentenek a hagyom\u00e1nyos t\u00e9gla\u00e9p\u00edtkez\u00e9sekkel szemben. Ez nem csak eszt\u00e9tikai d\u00f6nt\u00e9s, hanem praktikus \u00e9s k\u00f6rnyezetbar\u00e1t v\u00e1laszt\u00e1s is. A fa term\u00e9szetes nyersanyagk\u00e9nt szab\u00e1lyozza a p\u00e1ratartalmat \u00e9s biztos\u00edtja az eg\u00e9szs\u00e9ges mikrokl\u00edm\u00e1t, amit allergi\u00e1sok, gyermekes csal\u00e1dok \u00e9s t\u00e1vmunk\u00e1t v\u00e9gz\u0151k egyar\u00e1nt \u00e9rt\u00e9kelni fognak. A fa falak kiv\u00e1l\u00f3 h\u0151szigetel\u00e9st biztos\u00edtanak, t\u00e9len megtartj\u00e1k a h\u0151t, ny\u00e1ron pedig v\u00e9dnek a t\u00falmeleged\u00e9st\u0151l, ami k\u00e9nyelmet \u00e9s alacsonyabb energiasz\u00e1ml\u00e1kat jelent. A modern el\u0151gy\u00e1rt\u00e1s lehet\u0151v\u00e9 teszi a gyors \u00e9p\u00edtkez\u00e9st \u2013 ak\u00e1r n\u00e9h\u00e1ny h\u00e9t alatt \u2013, ami id\u0151- \u00e9s k\u00f6lts\u00e9gmegtakar\u00edt\u00e1st jelent. A k\u00f6zhiedelemmel ellent\u00e9tben a fah\u00e1zak tart\u00f3sak, \u00e9s megfelel\u0151 karbantart\u00e1s mellett gener\u00e1ci\u00f3knak szolg\u00e1lhatnak. Sz\u00e1mos testreszab\u00e1si lehet\u0151s\u00e9get k\u00edn\u00e1lnak \u2013 a szob\u00e1k elrendez\u00e9s\u00e9t\u0151l a homlokzatig \u00e9s a tet\u0151ig \u2013, \u00edgy otthon\u00e1t egyedi ig\u00e9nyeihez igaz\u00edthatja.<\/p>\n\n\n\n<p class=\"wp-block-paragraph\">Ahhoz, hogy befektet\u00e9se tart\u00f3s \u00e9s biztons\u00e1gos legyen, \u00e9rdemes a Bertsch Holzbau bev\u00e1lt megold\u00e1sait v\u00e1lasztani. A c\u00e9g a legmagasabb min\u0151s\u00e9g\u0171, tan\u00fas\u00edtott skandin\u00e1v f\u00e1b\u00f3l k\u00e9sz\u00fclt h\u00e1zakat k\u00edn\u00e1lja, \u00f6tv\u00f6zve a modern technol\u00f3gi\u00e1kat, a prec\u00edz kivitelez\u00e9st \u00e9s az eszt\u00e9tikai r\u00e9szletek ir\u00e1nti figyelmet. Ez garant\u00e1lja a befektet\u00e9s hossz\u00fa t\u00e1v\u00fa megt\u00e9r\u00fcl\u00e9s\u00e9t.<\/p>\n\n\n\n<figure class=\"wp-block-gallery has-nested-images columns-default is-cropped wp-block-gallery-1 is-layout-flex wp-block-gallery-is-layout-flex\">\n<figure class=\"wp-block-image size-large\"><img loading=\"lazy\" decoding=\"async\" width=\"1024\" height=\"784\" data-id=\"70703\" src=\"https:\/\/bertsch-holzbau.eu\/wp-content\/uploads\/2024\/07\/000575-01-1024x784.jpg\" alt=\"example of bespoke summer houses\" class=\"wp-image-70703\" srcset=\"https:\/\/bertsch-holzbau.eu\/wp-content\/uploads\/2024\/07\/000575-01-1024x784.jpg 1024w, https:\/\/bertsch-holzbau.eu\/wp-content\/uploads\/2024\/07\/000575-01-300x230.jpg 300w, https:\/\/bertsch-holzbau.eu\/wp-content\/uploads\/2024\/07\/000575-01-768x588.jpg 768w, https:\/\/bertsch-holzbau.eu\/wp-content\/uploads\/2024\/07\/000575-01-1536x1175.jpg 1536w, https:\/\/bertsch-holzbau.eu\/wp-content\/uploads\/2024\/07\/000575-01-2048x1567.jpg 2048w, https:\/\/bertsch-holzbau.eu\/wp-content\/uploads\/2024\/07\/000575-01-400x306.jpg 400w, https:\/\/bertsch-holzbau.eu\/wp-content\/uploads\/2024\/07\/000575-01-600x459.jpg 600w, https:\/\/bertsch-holzbau.eu\/wp-content\/uploads\/2024\/07\/000575-01-800x612.jpg 800w, https:\/\/bertsch-holzbau.eu\/wp-content\/uploads\/2024\/07\/000575-01-1200x918.jpg 1200w\" sizes=\"auto, (max-width: 1024px) 100vw, 1024px\" \/><\/figure>\n\n\n\n<figure class=\"wp-block-image size-large\"><img loading=\"lazy\" decoding=\"async\" width=\"1024\" height=\"704\" data-id=\"41879\" src=\"https:\/\/bertsch-holzbau.eu\/wp-content\/uploads\/2024\/08\/000041-01-1-1024x704.jpg\" alt=\"\" class=\"wp-image-41879\" srcset=\"https:\/\/bertsch-holzbau.eu\/wp-content\/uploads\/2024\/08\/000041-01-1-1024x704.jpg 1024w, https:\/\/bertsch-holzbau.eu\/wp-content\/uploads\/2024\/08\/000041-01-1-300x206.jpg 300w, https:\/\/bertsch-holzbau.eu\/wp-content\/uploads\/2024\/08\/000041-01-1-768x528.jpg 768w, https:\/\/bertsch-holzbau.eu\/wp-content\/uploads\/2024\/08\/000041-01-1-1536x1057.jpg 1536w, https:\/\/bertsch-holzbau.eu\/wp-content\/uploads\/2024\/08\/000041-01-1-2048x1409.jpg 2048w, https:\/\/bertsch-holzbau.eu\/wp-content\/uploads\/2024\/08\/000041-01-1-400x275.jpg 400w, https:\/\/bertsch-holzbau.eu\/wp-content\/uploads\/2024\/08\/000041-01-1-600x413.jpg 600w, https:\/\/bertsch-holzbau.eu\/wp-content\/uploads\/2024\/08\/000041-01-1-800x550.jpg 800w, https:\/\/bertsch-holzbau.eu\/wp-content\/uploads\/2024\/08\/000041-01-1-1200x826.jpg 1200w\" sizes=\"auto, (max-width: 1024px) 100vw, 1024px\" \/><\/figure>\n<\/figure>\n","protected":false},"excerpt":{"rendered":"<p>\u00c1lmodsz egy saj\u00e1t otthonr\u00f3l, amely t\u00e9len meleg, ny\u00e1ron h\u0171v\u00f6s \u00e9s&#8230; egyszer\u0171en a ti\u00e9d? Az eg\u00e9sz \u00e9vben lakhat\u00f3 fah\u00e1zak egyre n\u00e9pszer\u0171bbek azok k\u00f6r\u00e9ben, akik alternat\u00edv\u00e1t keresnek a hagyom\u00e1nyos t\u00e9gla\u00e9p\u00fcletek helyett. \u00c9s ez nem csak eszt\u00e9tikai k\u00e9rd\u00e9s. A fah\u00e1zak egy \u00e9letm\u00f3d \u2013 k\u00f6zelebb a term\u00e9szethez, k\u00f6rnyezetbar\u00e1tabbak \u00e9s gyakran gyorsabban \u00e9p\u00fclnek, mint a hagyom\u00e1nyos \u00e9p\u00edtm\u00e9nyek. Ebben a cikkben [&hellip;]<\/p>\n","protected":false},"author":4,"featured_media":102156,"comment_status":"open","ping_status":"open","sticky":false,"template":"","format":"standard","meta":{"_acf_changed":false,"footnotes":""},"categories":[609],"tags":[],"class_list":["post-102182","post","type-post","status-publish","format-standard","has-post-thumbnail","hentry","category-otletek"],"acf":[],"yoast_head":"<!-- This site is optimized with the Yoast SEO plugin v27.8 - https:\/\/yoast.com\/product\/yoast-seo-wordpress\/ -->\n<title>10 \u00e9rv a t\u00e9len-ny\u00e1ron lakhat\u00f3 fah\u00e1z mellett<\/title>\n<meta name=\"description\" content=\"Tudd meg, mi\u00e9rt \u00e9ri meg fah\u00e1zba fektetni: k\u00e9nyelem, k\u00f6rnyezetbar\u00e1t megold\u00e1s, energiatakar\u00e9koss\u00e1g \u00e9s gyors kivitelez\u00e9s egyben.\" \/>\n<meta name=\"robots\" content=\"index, follow, max-snippet:-1, max-image-preview:large, max-video-preview:-1\" \/>\n<meta property=\"og:locale\" content=\"hu_HU\" \/>\n<meta property=\"og:type\" content=\"article\" \/>\n<meta property=\"og:title\" content=\"10 \u00e9rv a t\u00e9len-ny\u00e1ron lakhat\u00f3 fah\u00e1z mellett\" \/>\n<meta property=\"og:description\" content=\"Tudd meg, mi\u00e9rt \u00e9ri meg fah\u00e1zba fektetni: k\u00e9nyelem, k\u00f6rnyezetbar\u00e1t megold\u00e1s, energiatakar\u00e9koss\u00e1g \u00e9s gyors kivitelez\u00e9s egyben.\" \/>\n<meta property=\"og:url\" content=\"https:\/\/bertsch-holzbau.eu\/hu\/blog\/miert-erdemes-befektetni-egy-egesz-evben-hasznalhato-fahazba\/\" \/>\n<meta property=\"og:site_name\" content=\"BHB Bertsch Holzbau\" \/>\n<meta property=\"article:publisher\" content=\"https:\/\/www.facebook.com\/bertschholzbau\/\" \/>\n<meta property=\"article:published_time\" content=\"2025-07-29T18:32:34+00:00\" \/>\n<meta property=\"article:modified_time\" content=\"2026-02-20T07:50:32+00:00\" \/>\n<meta property=\"og:image\" content=\"https:\/\/bertsch-holzbau.eu\/wp-content\/uploads\/2025\/07\/Grafika_43_10-powodow-dlaczego-warto-zainwestowac-w-drewniany-dom-caloroczny.jpg\" \/>\n\t<meta property=\"og:image:width\" content=\"1200\" \/>\n\t<meta property=\"og:image:height\" content=\"900\" \/>\n\t<meta property=\"og:image:type\" content=\"image\/jpeg\" \/>\n<meta name=\"author\" content=\"l.bertsch\" \/>\n<meta name=\"twitter:card\" content=\"summary_large_image\" \/>\n<meta name=\"twitter:label1\" content=\"Szerz\u0151:\" \/>\n\t<meta name=\"twitter:data1\" content=\"l.bertsch\" \/>\n\t<meta name=\"twitter:label2\" content=\"Becs\u00fclt olvas\u00e1si id\u0151\" \/>\n\t<meta name=\"twitter:data2\" content=\"8 perc\" \/>\n<script type=\"application\/ld+json\" class=\"yoast-schema-graph\">{\"@context\":\"https:\\\/\\\/schema.org\",\"@graph\":[{\"@type\":\"Article\",\"@id\":\"https:\\\/\\\/bertsch-holzbau.eu\\\/hu\\\/blog\\\/miert-erdemes-befektetni-egy-egesz-evben-hasznalhato-fahazba\\\/#article\",\"isPartOf\":{\"@id\":\"https:\\\/\\\/bertsch-holzbau.eu\\\/hu\\\/blog\\\/miert-erdemes-befektetni-egy-egesz-evben-hasznalhato-fahazba\\\/\"},\"author\":{\"name\":\"l.bertsch\",\"@id\":\"https:\\\/\\\/bertsch-holzbau.eu\\\/hu\\\/#\\\/schema\\\/person\\\/4d07e01b7bb73487a8592fbd925811e5\"},\"headline\":\"10 ok, ami\u00e9rt \u00e9rdemes befektetni egy eg\u00e9sz \u00e9vben lakhat\u00f3 fah\u00e1zba\",\"datePublished\":\"2025-07-29T18:32:34+00:00\",\"dateModified\":\"2026-02-20T07:50:32+00:00\",\"mainEntityOfPage\":{\"@id\":\"https:\\\/\\\/bertsch-holzbau.eu\\\/hu\\\/blog\\\/miert-erdemes-befektetni-egy-egesz-evben-hasznalhato-fahazba\\\/\"},\"wordCount\":2422,\"commentCount\":0,\"publisher\":{\"@id\":\"https:\\\/\\\/bertsch-holzbau.eu\\\/hu\\\/#organization\"},\"image\":{\"@id\":\"https:\\\/\\\/bertsch-holzbau.eu\\\/hu\\\/blog\\\/miert-erdemes-befektetni-egy-egesz-evben-hasznalhato-fahazba\\\/#primaryimage\"},\"thumbnailUrl\":\"https:\\\/\\\/bertsch-holzbau.eu\\\/wp-content\\\/uploads\\\/2025\\\/07\\\/Grafika_43_10-powodow-dlaczego-warto-zainwestowac-w-drewniany-dom-caloroczny.jpg\",\"articleSection\":[\"\u00d6tletek\"],\"inLanguage\":\"hu\",\"potentialAction\":[{\"@type\":\"CommentAction\",\"name\":\"Comment\",\"target\":[\"https:\\\/\\\/bertsch-holzbau.eu\\\/hu\\\/blog\\\/miert-erdemes-befektetni-egy-egesz-evben-hasznalhato-fahazba\\\/#respond\"]}]},{\"@type\":\"WebPage\",\"@id\":\"https:\\\/\\\/bertsch-holzbau.eu\\\/hu\\\/blog\\\/miert-erdemes-befektetni-egy-egesz-evben-hasznalhato-fahazba\\\/\",\"url\":\"https:\\\/\\\/bertsch-holzbau.eu\\\/hu\\\/blog\\\/miert-erdemes-befektetni-egy-egesz-evben-hasznalhato-fahazba\\\/\",\"name\":\"10 \u00e9rv a t\u00e9len-ny\u00e1ron lakhat\u00f3 fah\u00e1z mellett\",\"isPartOf\":{\"@id\":\"https:\\\/\\\/bertsch-holzbau.eu\\\/hu\\\/#website\"},\"primaryImageOfPage\":{\"@id\":\"https:\\\/\\\/bertsch-holzbau.eu\\\/hu\\\/blog\\\/miert-erdemes-befektetni-egy-egesz-evben-hasznalhato-fahazba\\\/#primaryimage\"},\"image\":{\"@id\":\"https:\\\/\\\/bertsch-holzbau.eu\\\/hu\\\/blog\\\/miert-erdemes-befektetni-egy-egesz-evben-hasznalhato-fahazba\\\/#primaryimage\"},\"thumbnailUrl\":\"https:\\\/\\\/bertsch-holzbau.eu\\\/wp-content\\\/uploads\\\/2025\\\/07\\\/Grafika_43_10-powodow-dlaczego-warto-zainwestowac-w-drewniany-dom-caloroczny.jpg\",\"datePublished\":\"2025-07-29T18:32:34+00:00\",\"dateModified\":\"2026-02-20T07:50:32+00:00\",\"description\":\"Tudd meg, mi\u00e9rt \u00e9ri meg fah\u00e1zba fektetni: k\u00e9nyelem, k\u00f6rnyezetbar\u00e1t megold\u00e1s, energiatakar\u00e9koss\u00e1g \u00e9s gyors kivitelez\u00e9s egyben.\",\"breadcrumb\":{\"@id\":\"https:\\\/\\\/bertsch-holzbau.eu\\\/hu\\\/blog\\\/miert-erdemes-befektetni-egy-egesz-evben-hasznalhato-fahazba\\\/#breadcrumb\"},\"inLanguage\":\"hu\",\"potentialAction\":[{\"@type\":\"ReadAction\",\"target\":[\"https:\\\/\\\/bertsch-holzbau.eu\\\/hu\\\/blog\\\/miert-erdemes-befektetni-egy-egesz-evben-hasznalhato-fahazba\\\/\"]}]},{\"@type\":\"ImageObject\",\"inLanguage\":\"hu\",\"@id\":\"https:\\\/\\\/bertsch-holzbau.eu\\\/hu\\\/blog\\\/miert-erdemes-befektetni-egy-egesz-evben-hasznalhato-fahazba\\\/#primaryimage\",\"url\":\"https:\\\/\\\/bertsch-holzbau.eu\\\/wp-content\\\/uploads\\\/2025\\\/07\\\/Grafika_43_10-powodow-dlaczego-warto-zainwestowac-w-drewniany-dom-caloroczny.jpg\",\"contentUrl\":\"https:\\\/\\\/bertsch-holzbau.eu\\\/wp-content\\\/uploads\\\/2025\\\/07\\\/Grafika_43_10-powodow-dlaczego-warto-zainwestowac-w-drewniany-dom-caloroczny.jpg\",\"width\":1200,\"height\":900},{\"@type\":\"BreadcrumbList\",\"@id\":\"https:\\\/\\\/bertsch-holzbau.eu\\\/hu\\\/blog\\\/miert-erdemes-befektetni-egy-egesz-evben-hasznalhato-fahazba\\\/#breadcrumb\",\"itemListElement\":[{\"@type\":\"ListItem\",\"position\":1,\"name\":\"Home\",\"item\":\"https:\\\/\\\/bertsch-holzbau.eu\\\/hu\\\/\"},{\"@type\":\"ListItem\",\"position\":2,\"name\":\"10 ok, ami\u00e9rt \u00e9rdemes befektetni egy eg\u00e9sz \u00e9vben lakhat\u00f3 fah\u00e1zba\"}]},{\"@type\":\"WebSite\",\"@id\":\"https:\\\/\\\/bertsch-holzbau.eu\\\/hu\\\/#website\",\"url\":\"https:\\\/\\\/bertsch-holzbau.eu\\\/hu\\\/\",\"name\":\"BHB Bertsch Holzbau\",\"description\":\"\",\"publisher\":{\"@id\":\"https:\\\/\\\/bertsch-holzbau.eu\\\/hu\\\/#organization\"},\"potentialAction\":[{\"@type\":\"SearchAction\",\"target\":{\"@type\":\"EntryPoint\",\"urlTemplate\":\"https:\\\/\\\/bertsch-holzbau.eu\\\/hu\\\/?s={search_term_string}\"},\"query-input\":{\"@type\":\"PropertyValueSpecification\",\"valueRequired\":true,\"valueName\":\"search_term_string\"}}],\"inLanguage\":\"hu\"},[],{\"@type\":\"Person\",\"@id\":\"https:\\\/\\\/bertsch-holzbau.eu\\\/hu\\\/#\\\/schema\\\/person\\\/4d07e01b7bb73487a8592fbd925811e5\",\"name\":\"l.bertsch\",\"image\":{\"@type\":\"ImageObject\",\"inLanguage\":\"hu\",\"@id\":\"https:\\\/\\\/bertsch-holzbau.eu\\\/wp-content\\\/litespeed\\\/avatar\\\/c7f290e24cac9aea0132e49c7d4d4a45.jpg?ver=1788160651\",\"url\":\"https:\\\/\\\/bertsch-holzbau.eu\\\/wp-content\\\/litespeed\\\/avatar\\\/c7f290e24cac9aea0132e49c7d4d4a45.jpg?ver=1788160651\",\"contentUrl\":\"https:\\\/\\\/bertsch-holzbau.eu\\\/wp-content\\\/litespeed\\\/avatar\\\/c7f290e24cac9aea0132e49c7d4d4a45.jpg?ver=1788160651\",\"caption\":\"l.bertsch\"},\"url\":\"https:\\\/\\\/bertsch-holzbau.eu\\\/hu\\\/blog\\\/author\\\/l-bertsch\\\/\"}]}<\/script>\n<!-- \/ Yoast SEO plugin. -->","yoast_head_json":{"title":"10 \u00e9rv a t\u00e9len-ny\u00e1ron lakhat\u00f3 fah\u00e1z mellett","description":"Tudd meg, mi\u00e9rt \u00e9ri meg fah\u00e1zba fektetni: k\u00e9nyelem, k\u00f6rnyezetbar\u00e1t megold\u00e1s, energiatakar\u00e9koss\u00e1g \u00e9s gyors kivitelez\u00e9s egyben.","robots":{"index":"index","follow":"follow","max-snippet":"max-snippet:-1","max-image-preview":"max-image-preview:large","max-video-preview":"max-video-preview:-1"},"og_locale":"hu_HU","og_type":"article","og_title":"10 \u00e9rv a t\u00e9len-ny\u00e1ron lakhat\u00f3 fah\u00e1z mellett","og_description":"Tudd meg, mi\u00e9rt \u00e9ri meg fah\u00e1zba fektetni: k\u00e9nyelem, k\u00f6rnyezetbar\u00e1t megold\u00e1s, energiatakar\u00e9koss\u00e1g \u00e9s gyors kivitelez\u00e9s egyben.","og_url":"https:\/\/bertsch-holzbau.eu\/hu\/blog\/miert-erdemes-befektetni-egy-egesz-evben-hasznalhato-fahazba\/","og_site_name":"BHB Bertsch Holzbau","article_publisher":"https:\/\/www.facebook.com\/bertschholzbau\/","article_published_time":"2025-07-29T18:32:34+00:00","article_modified_time":"2026-02-20T07:50:32+00:00","og_image":[{"width":1200,"height":900,"url":"https:\/\/bertsch-holzbau.eu\/wp-content\/uploads\/2025\/07\/Grafika_43_10-powodow-dlaczego-warto-zainwestowac-w-drewniany-dom-caloroczny.jpg","type":"image\/jpeg"}],"author":"l.bertsch","twitter_card":"summary_large_image","twitter_misc":{"Szerz\u0151:":"l.bertsch","Becs\u00fclt olvas\u00e1si id\u0151":"8 perc"},"schema":{"@context":"https:\/\/schema.org","@graph":[{"@type":"Article","@id":"https:\/\/bertsch-holzbau.eu\/hu\/blog\/miert-erdemes-befektetni-egy-egesz-evben-hasznalhato-fahazba\/#article","isPartOf":{"@id":"https:\/\/bertsch-holzbau.eu\/hu\/blog\/miert-erdemes-befektetni-egy-egesz-evben-hasznalhato-fahazba\/"},"author":{"name":"l.bertsch","@id":"https:\/\/bertsch-holzbau.eu\/hu\/#\/schema\/person\/4d07e01b7bb73487a8592fbd925811e5"},"headline":"10 ok, ami\u00e9rt \u00e9rdemes befektetni egy eg\u00e9sz \u00e9vben lakhat\u00f3 fah\u00e1zba","datePublished":"2025-07-29T18:32:34+00:00","dateModified":"2026-02-20T07:50:32+00:00","mainEntityOfPage":{"@id":"https:\/\/bertsch-holzbau.eu\/hu\/blog\/miert-erdemes-befektetni-egy-egesz-evben-hasznalhato-fahazba\/"},"wordCount":2422,"commentCount":0,"publisher":{"@id":"https:\/\/bertsch-holzbau.eu\/hu\/#organization"},"image":{"@id":"https:\/\/bertsch-holzbau.eu\/hu\/blog\/miert-erdemes-befektetni-egy-egesz-evben-hasznalhato-fahazba\/#primaryimage"},"thumbnailUrl":"https:\/\/bertsch-holzbau.eu\/wp-content\/uploads\/2025\/07\/Grafika_43_10-powodow-dlaczego-warto-zainwestowac-w-drewniany-dom-caloroczny.jpg","articleSection":["\u00d6tletek"],"inLanguage":"hu","potentialAction":[{"@type":"CommentAction","name":"Comment","target":["https:\/\/bertsch-holzbau.eu\/hu\/blog\/miert-erdemes-befektetni-egy-egesz-evben-hasznalhato-fahazba\/#respond"]}]},{"@type":"WebPage","@id":"https:\/\/bertsch-holzbau.eu\/hu\/blog\/miert-erdemes-befektetni-egy-egesz-evben-hasznalhato-fahazba\/","url":"https:\/\/bertsch-holzbau.eu\/hu\/blog\/miert-erdemes-befektetni-egy-egesz-evben-hasznalhato-fahazba\/","name":"10 \u00e9rv a t\u00e9len-ny\u00e1ron lakhat\u00f3 fah\u00e1z mellett","isPartOf":{"@id":"https:\/\/bertsch-holzbau.eu\/hu\/#website"},"primaryImageOfPage":{"@id":"https:\/\/bertsch-holzbau.eu\/hu\/blog\/miert-erdemes-befektetni-egy-egesz-evben-hasznalhato-fahazba\/#primaryimage"},"image":{"@id":"https:\/\/bertsch-holzbau.eu\/hu\/blog\/miert-erdemes-befektetni-egy-egesz-evben-hasznalhato-fahazba\/#primaryimage"},"thumbnailUrl":"https:\/\/bertsch-holzbau.eu\/wp-content\/uploads\/2025\/07\/Grafika_43_10-powodow-dlaczego-warto-zainwestowac-w-drewniany-dom-caloroczny.jpg","datePublished":"2025-07-29T18:32:34+00:00","dateModified":"2026-02-20T07:50:32+00:00","description":"Tudd meg, mi\u00e9rt \u00e9ri meg fah\u00e1zba fektetni: k\u00e9nyelem, k\u00f6rnyezetbar\u00e1t megold\u00e1s, energiatakar\u00e9koss\u00e1g \u00e9s gyors kivitelez\u00e9s egyben.","breadcrumb":{"@id":"https:\/\/bertsch-holzbau.eu\/hu\/blog\/miert-erdemes-befektetni-egy-egesz-evben-hasznalhato-fahazba\/#breadcrumb"},"inLanguage":"hu","potentialAction":[{"@type":"ReadAction","target":["https:\/\/bertsch-holzbau.eu\/hu\/blog\/miert-erdemes-befektetni-egy-egesz-evben-hasznalhato-fahazba\/"]}]},{"@type":"ImageObject","inLanguage":"hu","@id":"https:\/\/bertsch-holzbau.eu\/hu\/blog\/miert-erdemes-befektetni-egy-egesz-evben-hasznalhato-fahazba\/#primaryimage","url":"https:\/\/bertsch-holzbau.eu\/wp-content\/uploads\/2025\/07\/Grafika_43_10-powodow-dlaczego-warto-zainwestowac-w-drewniany-dom-caloroczny.jpg","contentUrl":"https:\/\/bertsch-holzbau.eu\/wp-content\/uploads\/2025\/07\/Grafika_43_10-powodow-dlaczego-warto-zainwestowac-w-drewniany-dom-caloroczny.jpg","width":1200,"height":900},{"@type":"BreadcrumbList","@id":"https:\/\/bertsch-holzbau.eu\/hu\/blog\/miert-erdemes-befektetni-egy-egesz-evben-hasznalhato-fahazba\/#breadcrumb","itemListElement":[{"@type":"ListItem","position":1,"name":"Home","item":"https:\/\/bertsch-holzbau.eu\/hu\/"},{"@type":"ListItem","position":2,"name":"10 ok, ami\u00e9rt \u00e9rdemes befektetni egy eg\u00e9sz \u00e9vben lakhat\u00f3 fah\u00e1zba"}]},{"@type":"WebSite","@id":"https:\/\/bertsch-holzbau.eu\/hu\/#website","url":"https:\/\/bertsch-holzbau.eu\/hu\/","name":"BHB Bertsch Holzbau","description":"","publisher":{"@id":"https:\/\/bertsch-holzbau.eu\/hu\/#organization"},"potentialAction":[{"@type":"SearchAction","target":{"@type":"EntryPoint","urlTemplate":"https:\/\/bertsch-holzbau.eu\/hu\/?s={search_term_string}"},"query-input":{"@type":"PropertyValueSpecification","valueRequired":true,"valueName":"search_term_string"}}],"inLanguage":"hu"},[],{"@type":"Person","@id":"https:\/\/bertsch-holzbau.eu\/hu\/#\/schema\/person\/4d07e01b7bb73487a8592fbd925811e5","name":"l.bertsch","image":{"@type":"ImageObject","inLanguage":"hu","@id":"https:\/\/bertsch-holzbau.eu\/wp-content\/litespeed\/avatar\/c7f290e24cac9aea0132e49c7d4d4a45.jpg?ver=1788160651","url":"https:\/\/bertsch-holzbau.eu\/wp-content\/litespeed\/avatar\/c7f290e24cac9aea0132e49c7d4d4a45.jpg?ver=1788160651","contentUrl":"https:\/\/bertsch-holzbau.eu\/wp-content\/litespeed\/avatar\/c7f290e24cac9aea0132e49c7d4d4a45.jpg?ver=1788160651","caption":"l.bertsch"},"url":"https:\/\/bertsch-holzbau.eu\/hu\/blog\/author\/l-bertsch\/"}]}},"_links":{"self":[{"href":"https:\/\/bertsch-holzbau.eu\/hu\/wp-json\/wp\/v2\/posts\/102182","targetHints":{"allow":["GET"]}}],"collection":[{"href":"https:\/\/bertsch-holzbau.eu\/hu\/wp-json\/wp\/v2\/posts"}],"about":[{"href":"https:\/\/bertsch-holzbau.eu\/hu\/wp-json\/wp\/v2\/types\/post"}],"author":[{"embeddable":true,"href":"https:\/\/bertsch-holzbau.eu\/hu\/wp-json\/wp\/v2\/users\/4"}],"replies":[{"embeddable":true,"href":"https:\/\/bertsch-holzbau.eu\/hu\/wp-json\/wp\/v2\/comments?post=102182"}],"version-history":[{"count":1,"href":"https:\/\/bertsch-holzbau.eu\/hu\/wp-json\/wp\/v2\/posts\/102182\/revisions"}],"predecessor-version":[{"id":102190,"href":"https:\/\/bertsch-holzbau.eu\/hu\/wp-json\/wp\/v2\/posts\/102182\/revisions\/102190"}],"wp:featuredmedia":[{"embeddable":true,"href":"https:\/\/bertsch-holzbau.eu\/hu\/wp-json\/wp\/v2\/media\/102156"}],"wp:attachment":[{"href":"https:\/\/bertsch-holzbau.eu\/hu\/wp-json\/wp\/v2\/media?parent=102182"}],"wp:term":[{"taxonomy":"category","embeddable":true,"href":"https:\/\/bertsch-holzbau.eu\/hu\/wp-json\/wp\/v2\/categories?post=102182"},{"taxonomy":"post_tag","embeddable":true,"href":"https:\/\/bertsch-holzbau.eu\/hu\/wp-json\/wp\/v2\/tags?post=102182"}],"curies":[{"name":"wp","href":"https:\/\/api.w.org\/{rel}","templated":true}]}}