{"id":100742,"date":"2025-06-24T18:49:31","date_gmt":"2025-06-24T16:49:31","guid":{"rendered":"https:\/\/bertsch-holzbau.eu\/blog\/outdoor-wood-protection\/"},"modified":"2025-06-25T18:56:35","modified_gmt":"2025-06-25T16:56:35","slug":"kulteri-faanyag-vedelem","status":"publish","type":"post","link":"https:\/\/bertsch-holzbau.eu\/hu\/blog\/kulteri-faanyag-vedelem\/","title":{"rendered":"K\u00fclt\u00e9ri faanyagok kezel\u00e9se \u00e9s v\u00e9delme: 7 m\u00f3dszer tart\u00f3s eredm\u00e9nyek\u00e9rt"},"content":{"rendered":"\n<p class=\"wp-block-paragraph\">A fa az egyik legterm\u00e9szetesebb \u00e9s legeszt\u00e9tikusabb anyag, amelyet a kertben haszn\u00e1lnak \u2013 a pavilonokt\u00f3l \u00e9s teraszokt\u00f3l kezdve a b\u00fatorokig \u00e9s ker\u00edt\u00e9sekig. Var\u00e1zsa azonban egy\u00fctt j\u00e1r a nedvess\u00e9g, a nap, a h\u0151m\u00e9rs\u00e9klet-v\u00e1ltoz\u00e1sok \u00e9s a biol\u00f3giai t\u00e9nyez\u0151k ir\u00e1nti \u00e9rz\u00e9kenys\u00e9ggel, amelyek id\u0151vel sz\u00fcrk\u00fcl\u00e9shez, reped\u00e9shez vagy rothad\u00e1shoz vezetnek. Ez\u00e9rt a fa megfelel\u0151 v\u00e9delme a k\u00fclt\u00e9ri k\u00f6rnyezetben nem v\u00e1laszt\u00e1s, hanem sz\u00fcks\u00e9gszer\u0171s\u00e9g. Ebben az \u00fatmutat\u00f3ban \u00f6ssze\u00e1ll\u00edtottuk a fa v\u00e9delm\u00e9nek bev\u00e1lt m\u00f3dszereit \u2013 a klasszikus olajokt\u00f3l \u00e9s impregn\u00e1l\u00f3szerekt\u0151l a modern v\u00e9delmi rendszerekig \u2013, hogy seg\u00edts\u00fcnk meg\u0151rizni annak tart\u00f3ss\u00e1g\u00e1t \u00e9s sz\u00e9ps\u00e9g\u00e9t az elk\u00f6vetkez\u0151 \u00e9vekre.<\/p>\n\n\n\n<h2 class=\"wp-block-heading\">Hogyan lehet hat\u00e9konyan v\u00e9deni a k\u00fclt\u00e9ri faanyagokat? Hat\u00e9kony m\u00f3dszerek \u00e1ttekint\u00e9se<\/h2>\n\n\n\n<div class=\"wp-block-columns is-layout-flex wp-container-core-columns-is-layout-8f761849 wp-block-columns-is-layout-flex\">\n<div class=\"wp-block-column is-vertically-aligned-center is-layout-flow wp-block-column-is-layout-flow\">\n<p class=\"wp-block-paragraph\">Miel\u0151tt az els\u0151 faipari term\u00e9k ut\u00e1n ny\u00falna, \u00e9rdemes megismerni a k\u00fcl\u00f6nb\u00f6z\u0151 v\u00e9delmi m\u00f3dszerek k\u00f6z\u00f6tti k\u00fcl\u00f6nbs\u00e9geket \u00e9s azok m\u0171k\u00f6d\u00e9s\u00e9t. Az al\u00e1bbiakban bemutatjuk a fa k\u00fclt\u00e9ri v\u00e9delm\u00e9nek leghat\u00e9konyabb m\u00f3dszereit \u2013 a klasszikus olajokt\u00f3l a modern t\u00f6bbr\u00e9teg\u0171 rendszerekig.<\/p>\n<\/div>\n\n\n\n<div class=\"wp-block-column is-vertically-aligned-center is-layout-flow wp-block-column-is-layout-flow\">\n<figure class=\"wp-block-image size-large\"><img loading=\"lazy\" decoding=\"async\" width=\"1024\" height=\"768\" src=\"https:\/\/bertsch-holzbau.eu\/wp-content\/uploads\/2024\/11\/001395-01-1024x768.jpg\" alt=\"\" class=\"wp-image-84838\" srcset=\"https:\/\/bertsch-holzbau.eu\/wp-content\/uploads\/2024\/11\/001395-01-1024x768.jpg 1024w, https:\/\/bertsch-holzbau.eu\/wp-content\/uploads\/2024\/11\/001395-01-300x225.jpg 300w, https:\/\/bertsch-holzbau.eu\/wp-content\/uploads\/2024\/11\/001395-01-768x576.jpg 768w, https:\/\/bertsch-holzbau.eu\/wp-content\/uploads\/2024\/11\/001395-01-1536x1152.jpg 1536w, https:\/\/bertsch-holzbau.eu\/wp-content\/uploads\/2024\/11\/001395-01-2048x1536.jpg 2048w, https:\/\/bertsch-holzbau.eu\/wp-content\/uploads\/2024\/11\/001395-01-400x300.jpg 400w, https:\/\/bertsch-holzbau.eu\/wp-content\/uploads\/2024\/11\/001395-01-600x450.jpg 600w, https:\/\/bertsch-holzbau.eu\/wp-content\/uploads\/2024\/11\/001395-01-800x600.jpg 800w, https:\/\/bertsch-holzbau.eu\/wp-content\/uploads\/2024\/11\/001395-01-1200x900.jpg 1200w\" sizes=\"auto, (max-width: 1024px) 100vw, 1024px\" \/><\/figure>\n<\/div>\n<\/div>\n\n\n\n<h3 class=\"wp-block-heading\">1. Faolajok \u2013 term\u00e9szetes v\u00e9delem bel\u00fclr\u0151l<\/h3>\n\n\n\n<p class=\"wp-block-paragraph\">Az olajoz\u00e1s az egyik legn\u00e9pszer\u0171bb m\u00f3dszer a fa k\u00fclt\u00e9ri v\u00e9delm\u00e9re, k\u00fcl\u00f6n\u00f6sen olyan elemekn\u00e9l, ahol fontos a term\u00e9szetes megjelen\u00e9s \u00e9s a sz\u00e1lszerkezet. A fest\u00e9kekkel \u00e9s lakkokkal ellent\u00e9tben az olaj nem k\u00e9pez k\u00fcls\u0151 bevonatot, hanem m\u00e9lyen behatol a f\u00e1ba, stabiliz\u00e1lja annak nedvess\u00e9gtartalm\u00e1t \u00e9s bel\u00fclr\u0151l v\u00e9di. Ez lehet\u0151v\u00e9 teszi a fa \u201el\u00e9legz\u00e9s\u00e9t\u201d \u00e9s term\u00e9szetes jelleg\u00e9nek \u00e9s selymes f\u00e9ny\u00e9nek meg\u0151rz\u00e9s\u00e9t.<\/p>\n\n\n\n<p class=\"wp-block-paragraph\">A legn\u00e9pszer\u0171bb olajok k\u00f6z\u00e9 tartozik a lenmag-, tung- \u00e9s d\u00e1n olaj \u2013 k\u00f6nnyen felvihet\u0151k, de az id\u0151j\u00e1r\u00e1si viszonyokt\u00f3l f\u00fcgg\u0151en 3\u201312 havonta rendszeresen meg kell \u00faj\u00edtani \u0151ket. \u00c9rdemes megfontolni a gyant\u00e1val \u00e9s UV-sz\u0171r\u0151kkel d\u00fas\u00edtott olajok haszn\u00e1lat\u00e1t is, amelyek tart\u00f3s v\u00edztasz\u00edt\u00f3 r\u00e9teget k\u00e9peznek, \u00e9s hat\u00e9konyabban v\u00e9dik a f\u00e1t a napf\u00e9nyt\u0151l \u00e9s a nedvess\u00e9gt\u0151l, k\u00fcl\u00f6n\u00f6sen olyan fel\u00fcleteken, mint a kerti b\u00fatorok, teraszok, vir\u00e1gl\u00e1d\u00e1k \u00e9s korl\u00e1tok.<\/p>\n\n\n\n<p class=\"wp-block-paragraph\"><strong>A BHB szak\u00e9rt\u0151 tan\u00e1csa:<\/strong><\/p>\n\n\n\n<p class=\"wp-block-paragraph\"><em>A fa olajoz\u00e1sa az egyik legegyszer\u0171bb \u00e9s leg intuit\u00edvabb \u00e1pol\u00e1si m\u00f3dszer \u2013 de csak akkor, ha a fa megfelel\u0151en el\u0151 van k\u00e9sz\u00edtve. A csiszol\u00e1s elmulaszt\u00e1sa vagy a nedves f\u00e1ra val\u00f3 felvitel teljesen t\u00f6nkreteheti a hat\u00e1st.<\/em><\/p>\n\n\n\n<p class=\"wp-block-paragraph\"><strong>Gyakorlati tippek:<\/strong><\/p>\n\n\n\n<ul class=\"wp-block-list\">\n<li>az olajoz\u00e1s el\u0151tt a f\u00e1t alaposan meg kell tiszt\u00edtani \u00e9s megsz\u00e1r\u00edtani \u2013 ide\u00e1lis esetben nedvess\u00e9gtartalma nem haladhatja meg a 20%-ot.<\/li>\n\n\n\n<li>aj\u00e1nlatos v\u00e9kony r\u00e9tegeket felvinni ecsettel vagy puha ruh\u00e1val, a sz\u00e1lir\u00e1nynak megfelel\u0151en.<\/li>\n\n\n\n<li>Az aj\u00e1nlott besz\u00edv\u00f3d\u00e1si id\u0151 (kb. 15\u201330 perc) ut\u00e1n a felesleges olajat el kell t\u00e1vol\u00edtani, hogy ne alakuljon ki ragad\u00f3s fel\u00fclet.<\/li>\n\n\n\n<li>A legjobb v\u00e9delem \u00e9rdek\u00e9ben t\u00f6bb \u00f3r\u00e1s id\u0151k\u00f6z\u00f6nk\u00e9nt 2\u20133 r\u00e9teget vigyen fel.<\/li>\n<\/ul>\n\n\n\n<p class=\"wp-block-paragraph\">B\u00e1r az olajoz\u00e1s rendszeres karbantart\u00e1st ig\u00e9nyel, el\u0151nye, hogy az \u00fajrafest\u00e9s el\u0151tt nem kell az eg\u00e9sz fel\u00fcletet csiszolni. Csak a kopott r\u00e9szeket kell fel\u00faj\u00edtani, ez\u00e9rt ez a m\u00f3dszer k\u00fcl\u00f6n\u00f6sen praktikus azok sz\u00e1m\u00e1ra, akik \u00e9rt\u00e9kelik a k\u00e9nyelmet \u00e9s az eszt\u00e9tik\u00e1t.<\/p>\n\n\n\n<h3 class=\"wp-block-heading\">2. Fa fest\u00e9kek \u00e9s sz\u00ednez\u00e9kek \u2013 tart\u00f3s sz\u00edn \u00e9s v\u00e9delem egyben<\/h3>\n\n\n\n<p class=\"wp-block-paragraph\">A fa fest\u00e9kek \u00e9s sz\u00ednez\u00e9kek n\u00e9pszer\u0171 v\u00e9d\u0151anyagok, amelyek nemcsak v\u00e9dik a f\u00e1t, hanem m\u00e9ly, dekorat\u00edv sz\u00ednt is adnak neki, kiemelve a term\u00e9szetes erezetet. Behatolnak a fa szerkezet\u00e9be, \u00edgy nem h\u00e1mlanak \u00e9s nem repednek, ami k\u00fcl\u00f6n\u00f6sen \u00e9rt\u00e9kess\u00e9 teszi \u0151ket er\u0151sen ig\u00e9nybe vett fel\u00fcleteken, p\u00e9ld\u00e1ul ker\u00edt\u00e9sek, kerti b\u00fatorok \u00e9s pavilonok eset\u00e9ben.<\/p>\n\n\n\n<p class=\"wp-block-paragraph\">A viaszfest\u00e9kek tov\u00e1bb n\u00f6velik a fa v\u00edz\u00e1ll\u00f3s\u00e1g\u00e1t, a modern fest\u00e9kek pedig UV-sz\u0171r\u0151kkel biztos\u00edtj\u00e1k a tart\u00f3s sz\u00ednt \u00e9s a fakul\u00e1s elleni v\u00e9delmet ak\u00e1r 2-3 \u00e9vig. J\u00f3 v\u00e1laszt\u00e1s azok sz\u00e1m\u00e1ra, akik az eszt\u00e9tik\u00e1t a praktikus v\u00e9delemmel szeretn\u00e9k \u00f6tv\u00f6zni, k\u00fcl\u00f6n\u00f6sen akkor, ha meg akarj\u00e1k \u0151rizni a fa term\u00e9szetes szerkezet\u00e9t, an\u00e9lk\u00fcl, hogy \u201emesters\u00e9ges\u201d bevonat hat\u00e1sa lenne.<\/p>\n\n\n\n<p class=\"wp-block-paragraph\"><strong>A BHB szak\u00e9rt\u0151 tan\u00e1csa:<\/strong><\/p>\n\n\n\n<p class=\"wp-block-paragraph\"><em>A fa fest\u00e9k ide\u00e1lis ott, ahol a megjelen\u00e9s ugyanolyan fontos, mint a v\u00e9delem \u2013 k\u00f6nnyen kombin\u00e1lhat\u00f3 lakkokkal, m\u00e1zakkal vagy olajjal. Ne feledje azonban, hogy a fa fest\u00e9k nem rendelkezik biocid tulajdons\u00e1gokkal \u2013 haszn\u00e1lat el\u0151tt \u00e9rdemes v\u00e9d\u0151 alapoz\u00f3t felvinni.<\/em><\/p>\n\n\n\n<p class=\"wp-block-paragraph\"><strong>Gyakorlati tippek:<\/strong><\/p>\n\n\n\n<ul class=\"wp-block-list\">\n<li>a fest\u00e9s el\u0151tt a f\u00e1t alaposan csiszolni \u00e9s porolni kell \u2013 csak \u00edgy lesz egyenletes a sz\u00edn.<\/li>\n\n\n\n<li>v\u00e9kony r\u00e9tegekben, a sz\u00e1lir\u00e1nynak megfelel\u0151en, lehet\u0151leg ecsettel vagy pamutp\u00e1rn\u00e1val vigye fel.<\/li>\n\n\n\n<li>a term\u00e9kt\u0151l f\u00fcgg\u0151en 2\u20133 r\u00e9teg felvitele javasolt a m\u00e9lyebb sz\u00edn el\u00e9r\u00e9se \u00e9rdek\u00e9ben.<\/li>\n\n\n\n<li>a fest\u00e9k megsz\u00e1rad\u00e1sa ut\u00e1n c\u00e9lszer\u0171 a fel\u00fcletet lakkkal vagy m\u00e1zzal v\u00e9deni \u2013 ez jav\u00edtja a tart\u00f3ss\u00e1got \u00e9s az id\u0151j\u00e1r\u00e1si viszonyok ellen\u00e1ll\u00e1s\u00e1t.<\/li>\n<\/ul>\n\n\n\n<p class=\"wp-block-paragraph\">A fest\u00e9kek \u00e9s sz\u00ednez\u00e9kek kiv\u00e1l\u00f3 v\u00e1laszt\u00e1s, ha az eszt\u00e9tik\u00e1t a praktikus v\u00e9delemmel szeretn\u00e9 \u00f6tv\u00f6zni, mik\u00f6zben meg\u0151rzi a fel\u00fclet term\u00e9szetes, fa jelleg\u00e9t.<\/p>\n\n\n\n<h3 class=\"wp-block-heading\">3. Impregn\u00e1l\u00e1s \u00e9s biol\u00f3giai v\u00e9delem<\/h3>\n\n\n\n<p class=\"wp-block-paragraph\">A faanyagv\u00e9d\u0151 szerek az egyik leghat\u00e9konyabb biol\u00f3giai v\u00e9delmi m\u00f3dszer, k\u00fcl\u00f6n\u00f6sen a nedvess\u00e9gnek, talajjal val\u00f3 \u00e9rintkez\u00e9snek vagy korl\u00e1tozott szell\u0151z\u00e9snek kitett elemek, p\u00e9ld\u00e1ul ker\u00edt\u00e9sek, platformok, pavilonok vagy szerkezeti oszlopok eset\u00e9ben. A lakkokkal vagy fest\u00e9kekkel ellent\u00e9tben nem k\u00e9peznek r\u00e9teget a fel\u00fcleten, hanem m\u00e9lyen behatolnak a fa szerkezet\u00e9be, ahol bel\u00fclr\u0151l v\u00e9dik a k\u00e9k pen\u00e9sz, a pen\u00e9sz, a gomb\u00e1k \u00e9s a rovarok ellen. Nekik k\u00f6sz\u00f6nhet\u0151en a fa sok \u00e9ven \u00e1t meg\u0151rzi mechanikai \u00e9s eszt\u00e9tikai tulajdons\u00e1gait.<\/p>\n\n\n\n<p class=\"wp-block-paragraph\">Az impregn\u00e1l\u00f3szerek sz\u00edntelen \u00e9s sz\u00ednezett v\u00e1ltozatban is kaphat\u00f3k. Az el\u0151bbiek akkor aj\u00e1nlottak, ha meg akarjuk \u0151rizni a fa term\u00e9szetes sz\u00edn\u00e9t, m\u00edg a sz\u00ednezettek gyakran tartalmaznak UV-v\u00e9delmet fokoz\u00f3 adal\u00e9kokat. Kaphat\u00f3k modern olajalap\u00fa impregn\u00e1l\u00f3szerek is, amelyek m\u00e9lyebb behatol\u00e1st biztos\u00edtanak \u00e9s helyettes\u00edthetik a tov\u00e1bbi v\u00e9d\u0151r\u00e9tegeket. Az ACQ- vagy CuAz-formul\u00e1kon alapul\u00f3 term\u00e9kek (melyek nem tartalmaznak m\u00e9rgez\u0151 neh\u00e9zf\u00e9meket) megfelelnek a jelenlegi EU- \u00e9s brit szabv\u00e1nyoknak, \u00e9s k\u00f6rnyezetk\u00edm\u00e9l\u0151ek, ugyanakkor nagyon hat\u00e9konyak.<\/p>\n\n\n\n<p class=\"wp-block-paragraph\"><strong>BHB szak\u00e9rt\u0151i tan\u00e1cs:<\/strong><\/p>\n\n\n\n<p class=\"wp-block-paragraph\"><em>Az impregn\u00e1l\u00f3szerek soha nem helyettes\u00edthetik a teljesen kop\u00e1s\u00e1ll\u00f3 bevonatot, de m\u00e9ly biol\u00f3giai v\u00e9delmet ny\u00fajtanak, \u00e9s mindig az els\u0151 l\u00e9p\u00e9snek kell lenni\u00fck a fa v\u00e9delm\u00e9ben, k\u00fcl\u00f6n\u00f6sen kerti szerkezetekn\u00e9l vagy a talajjal \u00e9rintkez\u0151 szerkezetekn\u00e9l.<\/em><\/p>\n\n\n\n<p class=\"wp-block-paragraph\"><strong>Gyakorlati tippek<\/strong>:<\/p>\n\n\n\n<ul class=\"wp-block-list\">\n<li><strong>nyers, sz\u00e1raz f\u00e1ra alkalmazza:<\/strong>\u00a0a nedvess\u00e9g megakad\u00e1lyozza az impregn\u00e1l\u00f3szer megfelel\u0151 felsz\u00edv\u00f3d\u00e1s\u00e1t \u2013 a fa nedvess\u00e9gtartalma legyen 20% alatt.<\/li>\n\n\n\n<li><strong>mindig kezdje impregn\u00e1l\u00e1ssal:<\/strong>\u00a0Ha fest\u00e9ket, lakkot vagy fest\u00e9ket szeretne haszn\u00e1lni, el\u0151sz\u00f6r v\u00e9dekezzen biol\u00f3giailag a fa ellen.<\/li>\n\n\n\n<li><strong>biztos\u00edtsa a teljes fed\u00e9st:<\/strong>\u00a0A deszk\u00e1k v\u00e9gei \u00e9s a v\u00edzszintes elemek k\u00fcl\u00f6n\u00f6sen fontosak, mivel ezek sz\u00edvj\u00e1k fel a legk\u00f6nnyebben a vizet.<\/li>\n\n\n\n<li><strong>ne alkalmazza r\u00e9gi fest\u00e9k-\/lakkr\u00e9tegekre:<\/strong>\u00a0Az impregn\u00e1l\u00f3szernek be kell hatolnia a szerkezetbe, ez\u00e9rt a fel\u00fcletnek tiszt\u00e1nak \u00e9s akad\u00e1lyoz\u00f3 bevonatokt\u00f3l mentesnek kell lennie.<\/li>\n\n\n\n<li><strong>A v\u00e9delmet rendszeresen meg kell \u00faj\u00edtani:<\/strong>\u00a0m\u00e9g a m\u00e9lyen behatol\u00f3 impregn\u00e1l\u00f3szerek is n\u00e9h\u00e1ny \u00e9v ut\u00e1n elvesz\u00edtik hat\u00e9konys\u00e1gukat \u2013 2\u20135 \u00e9vente c\u00e9lszer\u0171 meg\u00faj\u00edtani a kezel\u00e9st.<\/li>\n<\/ul>\n\n\n\n<p class=\"wp-block-paragraph\">Az impregn\u00e1l\u00e1s szil\u00e1rd \u201ealapot\u201d biztos\u00edt a v\u00e9delemhez \u2013 \u00e9s a j\u00f3l el\u0151k\u00e9sz\u00edtett fa jobban fogadja a k\u00e9s\u0151bbi dekorat\u00edv \u00e9s v\u00e9d\u0151r\u00e9tegeket, p\u00e9ld\u00e1ul az olajokat vagy a m\u00e1zakat.<\/p>\n\n\n\n<h3 class=\"wp-block-heading\">4. Lakkok \u00e9s poliuret\u00e1nok<\/h3>\n\n\n\n<p class=\"wp-block-paragraph\">A lakkok \u00e9s poliuret\u00e1nok olyan term\u00e9kek, amelyek k\u00fcls\u0151, rugalmas v\u00e9d\u0151r\u00e9teget k\u00e9peznek, amely megv\u00e9di a f\u00e1t az UV-sug\u00e1rz\u00e1st\u00f3l, a nedvess\u00e9gt\u0151l \u00e9s a mechanikai s\u00e9r\u00fcl\u00e9sekt\u0151l. K\u00fcl\u00f6n\u00f6sen j\u00f3 v\u00e1laszt\u00e1snak bizonyulnak az id\u0151j\u00e1r\u00e1si viszonyoknak kitett \u00e9p\u00edt\u00e9szeti elemek, p\u00e9ld\u00e1ul ablakok, ajt\u00f3k, korl\u00e1tok \u00e9s kerti b\u00fatorok eset\u00e9ben.<\/p>\n\n\n\n<p class=\"wp-block-paragraph\">Lakk kiv\u00e1laszt\u00e1sakor \u00e9rdemes a k\u00fclt\u00e9ri haszn\u00e1latra tervezett v\u00e1ltozatot v\u00e1lasztani, p\u00e9ld\u00e1ul szat\u00e9n vagy f\u00e9nyes. Az olaj alap\u00fa poliuret\u00e1nok kiv\u00e9teles tart\u00f3ss\u00e1got ny\u00fajtanak, b\u00e1r kiss\u00e9 merevebb bevonatot k\u00e9peznek, mint az olajok vagy impregn\u00e1l\u00f3szerek. A siker kulcsa a szil\u00e1rd aljzat \u2013 tiszta, sima \u00e9s megfelel\u0151en alapozott fel\u00fclet.<\/p>\n\n\n\n<div class=\"wp-block-group green-box\"><div class=\"wp-block-group__inner-container is-layout-constrained wp-block-group-is-layout-constrained\">\n<p class=\"wp-block-paragraph\"><strong>A BHB szak\u00e9rt\u0151 tan\u00e1csa:<\/strong><\/p>\n\n\n\n<p class=\"wp-block-paragraph\"><em>A lakkok felvitele el\u0151tt az alapfel\u00fcletet megfelel\u0151en el\u0151 kell k\u00e9sz\u00edteni. A legjobb term\u00e9k sem fog megfelel\u0151en m\u0171k\u00f6dni, ha csiszolatlan vagy nedves fel\u00fcletre<\/em>&nbsp;viszik fel.<\/p>\n<\/div><\/div>\n\n\n\n<p class=\"wp-block-paragraph\"><strong>Gyakorlati tippek:<\/strong><\/p>\n\n\n\n<ul class=\"wp-block-list\">\n<li>A lakkoz\u00e1s el\u0151tt csiszolja le a f\u00e1t 120\u2013180-as csiszol\u00f3pap\u00edrral.<\/li>\n\n\n\n<li>A lakkot v\u00e9kony r\u00e9tegekben vigye fel, a sz\u00e1lir\u00e1nynak megfelel\u0151en.<\/li>\n\n\n\n<li>Er\u0151s napf\u00e9nyben ne haszn\u00e1lja, mert h\u00f3lyagok keletkezhetnek.<\/li>\n\n\n\n<li>Az id\u0151j\u00e1r\u00e1snak val\u00f3 kitetts\u00e9gt\u0151l f\u00fcgg\u0151en 3\u20135 \u00e9vente \u00faj\u00edtsa meg.<\/li>\n<\/ul>\n\n\n\n<h3 class=\"wp-block-heading\">5. K\u00fcls\u0151 fest\u00e9kek<\/h3>\n\n\n\n<p class=\"wp-block-paragraph\">A k\u00fcls\u0151 fest\u00e9kek kiv\u00e1l\u00f3 v\u00e1laszt\u00e1s, ha nemcsak a fa v\u00e9delm\u00e9t szeretn\u00e9 biztos\u00edtani, hanem teljes fed\u00e9st \u00e9s intenz\u00edv sz\u00ednt is el\u00e9rni. Vastagabb, pigment\u00e1lt bevonatot k\u00e9peznek, amely g\u00e1tat k\u00e9pez a nedvess\u00e9g \u00e9s az UV-sug\u00e1rz\u00e1s ellen. Kiv\u00e1l\u00f3 megold\u00e1s ker\u00edt\u00e9sek, vir\u00e1gl\u00e1d\u00e1k, pavilonok \u00e9s fa homlokzatok fest\u00e9s\u00e9re.<\/p>\n\n\n\n<p class=\"wp-block-paragraph\">Az olajokhoz vagy lakkokhoz k\u00e9pest a fest\u00e9kek kop\u00e1s\u00e1ll\u00f3bbak, de teljesen eltakarj\u00e1k a fa term\u00e9szetes erezet\u00e9t. Ide\u00e1lisak olyan helyeken, ahol a sz\u00edn eszt\u00e9tik\u00e1ja \u00e9s a tart\u00f3ss\u00e1g a legfontosabb, \u00e9s a fa term\u00e9szetes megjelen\u00e9se nem olyan fontos.<\/p>\n\n\n\n<p class=\"wp-block-paragraph\"><strong>A BHB szak\u00e9rt\u0151 tan\u00e1csa:<\/strong><\/p>\n\n\n\n<p class=\"wp-block-paragraph\"><em>A fest\u00e9k nem csak sz\u00edn, hanem v\u00e9d\u0151r\u00e9teg is. A j\u00f3l megv\u00e1lasztott alapoz\u00f3 elengedhetetlen \u2013 n\u00e9lk\u00fcle a fest\u00e9k gyorsan h\u00e1moz\u00f3dhat \u00e9s lepattoghat.<\/em><\/p>\n\n\n\n<p class=\"wp-block-paragraph\"><strong>Gyakorlati tippek:<\/strong><\/p>\n\n\n\n<ul class=\"wp-block-list\">\n<li>fest\u00e9s el\u0151tt haszn\u00e1ljon alapoz\u00f3t, k\u00fcl\u00f6n\u00f6sen puha f\u00e1k eset\u00e9n.<\/li>\n\n\n\n<li>fest\u00e9shez 10\u201325 \u00b0C h\u0151m\u00e9rs\u00e9kletet tartson, ker\u00fclje a h\u0151t.<\/li>\n\n\n\n<li>\u00fajrafest\u00e9s el\u0151tt csiszolja le a r\u00e9gi bevonatot, ha az m\u00e1r h\u00e1mlik.<\/li>\n\n\n\n<li>3\u20135 \u00e9vente vagy a gy\u00e1rt\u00f3 aj\u00e1nl\u00e1sa szerint \u00faj\u00edtsa meg.<\/li>\n<\/ul>\n\n\n\n<h3 class=\"wp-block-heading\">6. Fa fest\u00e9kek<\/h3>\n\n\n\n<p class=\"wp-block-paragraph\">A fa fest\u00e9kek \u00f6tv\u00f6zik a lakkok \u00e9s impregn\u00e1l\u00f3szerek el\u0151nyeit \u2013 k\u00f6nny\u0171, finom f\u00e9ny\u0171 v\u00e9d\u0151r\u00e9teget k\u00e9peznek, mik\u00f6zben gyeng\u00e9den behatolnak a f\u00e1ba. \u00c1tl\u00e1tsz\u00f3ak vagy f\u00e9lig \u00e1tl\u00e1tsz\u00f3ak, \u00edgy meg\u0151rzik \u00e9s kiemelik a fa term\u00e9szetes erezet\u00e9t.<\/p>\n\n\n\n<p class=\"wp-block-paragraph\">A lazura legink\u00e1bb dekorat\u00edv elemekhez alkalmas: pergol\u00e1k, vir\u00e1gl\u00e1d\u00e1k, pavilonok, korl\u00e1tok. Ne feledje azonban, hogy a lazura \u00f6nmag\u00e1ban nem v\u00e9d a gomb\u00e1k \u00e9s rovarok ellen, ez\u00e9rt csak el\u0151zetesen impregn\u00e1lt f\u00e1ra szabad felvinni.<\/p>\n\n\n\n<p class=\"wp-block-paragraph\"><strong>A BHB szak\u00e9rt\u0151 tan\u00e1csa:<\/strong><\/p>\n\n\n\n<p class=\"wp-block-paragraph\"><em>A lazura ide\u00e1lis kev\u00e9sb\u00e9 ig\u00e9nybe vett elemekhez. El\u0151zetesen felt\u00e9tlen\u00fcl impregn\u00e1lja a f\u00e1t.<\/em><\/p>\n\n\n\n<p class=\"wp-block-paragraph\"><strong>Gyakorlati tippek:<\/strong><\/p>\n\n\n\n<ul class=\"wp-block-list\">\n<li>a lazura felvitele el\u0151tt haszn\u00e1ljon sz\u00edntelen biol\u00f3giai impregn\u00e1l\u00f3szert.<\/li>\n\n\n\n<li>Vigyen fel 2\u20133 v\u00e9kony r\u00e9teget, lehet\u0151leg ecsettel vagy sz\u00f3r\u00f3val.<\/li>\n\n\n\n<li>K\u00e9t \u00e9vente, k\u00fcl\u00f6n\u00f6sen t\u00e9l ut\u00e1n, ism\u00e9telje meg a kezel\u00e9st.<\/li>\n\n\n\n<li>Ker\u00fclje a v\u00edzszintes fel\u00fcleteken (pl. teraszok padl\u00f3j\u00e1n) val\u00f3 haszn\u00e1latot.<\/li>\n<\/ul>\n\n\n\n<h3 class=\"wp-block-heading\">7. K\u00fcl\u00f6nleges \u00e9s innovat\u00edv m\u00f3dszerek<\/h3>\n\n\n\n<p class=\"wp-block-paragraph\">Az acetilez\u00e9s egy modern k\u00e9miai m\u00f3dszer a fa tart\u00f3s m\u00f3dos\u00edt\u00e1s\u00e1ra, amely a sejtszerkezet megv\u00e1ltoztat\u00e1s\u00e1val j\u00e1r. Ez\u00e1ltal a fa ellen\u00e1ll\u00f3bb\u00e1 v\u00e1lik a nedvess\u00e9g, a gomb\u00e1k \u00e9s a v\u00e1ltoz\u00f3 id\u0151j\u00e1r\u00e1si k\u00f6r\u00fclm\u00e9nyek ellen \u2013 tov\u00e1bbi v\u00e9delmi int\u00e9zked\u00e9sek n\u00e9lk\u00fcl.<\/p>\n\n\n\n<p class=\"wp-block-paragraph\">P\u00e9lda erre az Accoya fa, amely az acetilez\u00e9snek k\u00f6sz\u00f6nhet\u0151en tr\u00f3pusi fafajokhoz hasonl\u00f3 tart\u00f3ss\u00e1got nyer. Fontos, hogy a folyamat nem ig\u00e9nyel m\u00e9rgez\u0151 anyagok haszn\u00e1lat\u00e1t, \u00edgy k\u00f6rnyezetbar\u00e1t megold\u00e1snak sz\u00e1m\u00edt.<\/p>\n\n\n\n<p class=\"wp-block-paragraph\"><strong>Gyakorlati tippek:<\/strong><\/p>\n\n\n\n<ul class=\"wp-block-list\">\n<li>V\u00e1s\u00e1roljon m\u00e1r acetilezett f\u00e1t (pl. Accoya) \u2013 ezt nem lehet saj\u00e1t kez\u0171leg elv\u00e9gezni.<\/li>\n\n\n\n<li>Ide\u00e1lis ablakokhoz, ajt\u00f3khoz, homlokzatokhoz \u00e9s nagy beruh\u00e1z\u00e1sokhoz.<\/li>\n\n\n\n<li>Nem ig\u00e9nyel rendszeres impregn\u00e1l\u00e1st vagy lakkoz\u00e1st.<\/li>\n\n\n\n<li>Magasabb \u00e1r, de jelent\u0151sen alacsonyabb karbantart\u00e1si k\u00f6lts\u00e9gek a j\u00f6v\u0151ben.<\/li>\n<\/ul>\n\n\n\n<p class=\"wp-block-paragraph\"><strong>Epoxi + lakk<\/strong><\/p>\n\n\n\n<p class=\"wp-block-paragraph\">Az epoxi + lakk rendszer megold\u00e1s ig\u00e9nyes alkalmaz\u00e1sokhoz \u2013 olyan helyeken, ahol a fa nagyon zord k\u00f6r\u00fclm\u00e9nyeknek van kit\u00e9ve: pl. \u00fasz\u00f3medenc\u00e9k k\u00f6r\u00fcl, haj\u00f3kon \u00e9s a modern kerti \u00e9p\u00edt\u00e9szetben. El\u0151sz\u00f6r epoxit visznek fel m\u00e9lyen behatol\u00f3 t\u00f6m\u00edt\u0151anyagk\u00e9nt, majd egy r\u00e9teg v\u00e9d\u0151lakkot.<\/p>\n\n\n\n<p class=\"wp-block-paragraph\">A rendszer el\u0151nye nemcsak a tart\u00f3ss\u00e1g, hanem a fel\u00fclet szinte teljes v\u00edzhatlans\u00e1ga is, amely \u00e9vekig v\u00e9di a f\u00e1t a v\u00edzt\u0151l \u00e9s a szennyez\u0151d\u00e9sekt\u0151l. Azonban alkalmaz\u00e1s\u00e1hoz tapasztalat \u00e9s nagyon j\u00f3 min\u0151s\u00e9g\u0171 term\u00e9kek sz\u00fcks\u00e9gesek.<\/p>\n\n\n\n<p class=\"wp-block-paragraph\"><strong>Gyakorlati tippek:<\/strong><\/p>\n\n\n\n<ul class=\"wp-block-list\">\n<li>az epoxigyant\u00e1t csak sz\u00e1raz \u00e9s zs\u00edrtalan\u00edtott f\u00e1ra vigye fel.<\/li>\n\n\n\n<li>haszn\u00e1ljon megfelel\u0151 maszkot \u00e9s szell\u0151z\u00e9st \u2013 a term\u00e9kek er\u0151s szag\u00faak lehetnek.<\/li>\n\n\n\n<li>ide\u00e1lis v\u00edzzel \u00e1lland\u00f3an \u00e9rintkez\u0151 faanyagokhoz.<\/li>\n\n\n\n<li>pontoss\u00e1got ig\u00e9nyel \u2013 a hib\u00e1k k\u00e9s\u0151bb ronthatj\u00e1k a bevonat tart\u00f3ss\u00e1g\u00e1t.<\/li>\n<\/ul>\n\n\n\n<h2 class=\"wp-block-heading\">\u00d6sszefoglal\u00e1s<\/h2>\n\n\n\n<p class=\"wp-block-paragraph\">A kerti fa gy\u00f6ny\u00f6r\u0171 \u00e9s term\u00e9szetes anyag, de rendszeres \u00e1pol\u00e1st ig\u00e9nyel, hogy megjelen\u00e9se \u00e9s tulajdons\u00e1gai hossz\u00fa \u00e9vekig megmaradjanak. A megfelel\u0151 v\u00e9delem meg\u00f3vja a nedvess\u00e9gt\u0151l, az UV sug\u00e1rz\u00e1st\u00f3l, a pen\u00e9szt\u0151l, a gomb\u00e1kt\u00f3l \u00e9s a k\u00e1rtev\u0151kt\u0151l.<\/p>\n\n\n\n<p class=\"wp-block-paragraph\">A BHB-n\u00e9l nemcsak kerti szerkezeteket tervez\u00fcnk \u00e9s gy\u00e1rtunk, pl.:\u00a0modern kerti szob\u00e1k\u00a0vagy kerti h\u00e1zak, hanem tan\u00e1csot is adunk azok \u00e1pol\u00e1s\u00e1r\u00f3l. Ennek k\u00f6sz\u00f6nhet\u0151en\u00a0<a href=\"https:\/\/bertsch-holzbau.eu\/hu\/pavilonok-es-elotetok\/\">robusztus \u00e9s id\u0151t\u00e1ll\u00f3 pavilonjaink \u00e9s pergol\u00e1ink<\/a>\u00a0nemcsak a telep\u00edt\u00e9s napj\u00e1n n\u00e9znek ki j\u00f3l, hanem sok \u00e9vszakon \u00e1t meg\u0151rzik sz\u00e9ps\u00e9g\u00fcket \u00e9s tart\u00f3ss\u00e1gukat. Minden megold\u00e1sunk az eszt\u00e9tika, a funkcionalit\u00e1s \u00e9s az anyagismeret kombin\u00e1ci\u00f3ja.<\/p>\n\n\n\n<figure class=\"wp-block-gallery has-nested-images columns-default is-cropped wp-block-gallery-1 is-layout-flex wp-block-gallery-is-layout-flex\">\n<figure class=\"wp-block-image size-large\"><img loading=\"lazy\" decoding=\"async\" width=\"1024\" height=\"768\" data-id=\"38662\" src=\"https:\/\/bertsch-holzbau.eu\/wp-content\/uploads\/2024\/08\/000023-03-1024x768.jpg\" alt=\"\" class=\"wp-image-38662\" srcset=\"https:\/\/bertsch-holzbau.eu\/wp-content\/uploads\/2024\/08\/000023-03-1024x768.jpg 1024w, https:\/\/bertsch-holzbau.eu\/wp-content\/uploads\/2024\/08\/000023-03-300x225.jpg 300w, https:\/\/bertsch-holzbau.eu\/wp-content\/uploads\/2024\/08\/000023-03-768x576.jpg 768w, https:\/\/bertsch-holzbau.eu\/wp-content\/uploads\/2024\/08\/000023-03-1536x1152.jpg 1536w, https:\/\/bertsch-holzbau.eu\/wp-content\/uploads\/2024\/08\/000023-03-400x300.jpg 400w, https:\/\/bertsch-holzbau.eu\/wp-content\/uploads\/2024\/08\/000023-03-600x450.jpg 600w, https:\/\/bertsch-holzbau.eu\/wp-content\/uploads\/2024\/08\/000023-03-800x600.jpg 800w, https:\/\/bertsch-holzbau.eu\/wp-content\/uploads\/2024\/08\/000023-03-1200x900.jpg 1200w, https:\/\/bertsch-holzbau.eu\/wp-content\/uploads\/2024\/08\/000023-03.jpg 2016w\" sizes=\"auto, (max-width: 1024px) 100vw, 1024px\" \/><\/figure>\n\n\n\n<figure class=\"wp-block-image size-large\"><img loading=\"lazy\" decoding=\"async\" width=\"1024\" height=\"768\" data-id=\"96132\" src=\"https:\/\/bertsch-holzbau.eu\/wp-content\/uploads\/2025\/04\/2014_01-1024x768.jpeg\" alt=\"\" class=\"wp-image-96132\" srcset=\"https:\/\/bertsch-holzbau.eu\/wp-content\/uploads\/2025\/04\/2014_01-1024x768.jpeg 1024w, https:\/\/bertsch-holzbau.eu\/wp-content\/uploads\/2025\/04\/2014_01-300x225.jpeg 300w, https:\/\/bertsch-holzbau.eu\/wp-content\/uploads\/2025\/04\/2014_01-768x576.jpeg 768w, https:\/\/bertsch-holzbau.eu\/wp-content\/uploads\/2025\/04\/2014_01-400x300.jpeg 400w, https:\/\/bertsch-holzbau.eu\/wp-content\/uploads\/2025\/04\/2014_01-600x450.jpeg 600w, https:\/\/bertsch-holzbau.eu\/wp-content\/uploads\/2025\/04\/2014_01-800x600.jpeg 800w, https:\/\/bertsch-holzbau.eu\/wp-content\/uploads\/2025\/04\/2014_01-1200x900.jpeg 1200w, https:\/\/bertsch-holzbau.eu\/wp-content\/uploads\/2025\/04\/2014_01.jpeg 1280w\" sizes=\"auto, (max-width: 1024px) 100vw, 1024px\" \/><\/figure>\n\n\n\n<figure class=\"wp-block-image size-large\"><img loading=\"lazy\" decoding=\"async\" width=\"1024\" height=\"768\" data-id=\"41570\" src=\"https:\/\/bertsch-holzbau.eu\/wp-content\/uploads\/2024\/08\/001518-01-1024x768.jpg\" alt=\"\" class=\"wp-image-41570\" srcset=\"https:\/\/bertsch-holzbau.eu\/wp-content\/uploads\/2024\/08\/001518-01-1024x768.jpg 1024w, https:\/\/bertsch-holzbau.eu\/wp-content\/uploads\/2024\/08\/001518-01-300x225.jpg 300w, https:\/\/bertsch-holzbau.eu\/wp-content\/uploads\/2024\/08\/001518-01-768x576.jpg 768w, https:\/\/bertsch-holzbau.eu\/wp-content\/uploads\/2024\/08\/001518-01-1536x1152.jpg 1536w, https:\/\/bertsch-holzbau.eu\/wp-content\/uploads\/2024\/08\/001518-01-2048x1536.jpg 2048w, https:\/\/bertsch-holzbau.eu\/wp-content\/uploads\/2024\/08\/001518-01-400x300.jpg 400w, https:\/\/bertsch-holzbau.eu\/wp-content\/uploads\/2024\/08\/001518-01-600x450.jpg 600w, https:\/\/bertsch-holzbau.eu\/wp-content\/uploads\/2024\/08\/001518-01-800x600.jpg 800w, https:\/\/bertsch-holzbau.eu\/wp-content\/uploads\/2024\/08\/001518-01-1200x900.jpg 1200w\" sizes=\"auto, (max-width: 1024px) 100vw, 1024px\" \/><\/figure>\n<\/figure>\n","protected":false},"excerpt":{"rendered":"<p>A fa az egyik legterm\u00e9szetesebb \u00e9s legeszt\u00e9tikusabb anyag, amelyet a kertben haszn\u00e1lnak \u2013 a pavilonokt\u00f3l \u00e9s teraszokt\u00f3l kezdve a b\u00fatorokig \u00e9s ker\u00edt\u00e9sekig. Var\u00e1zsa azonban egy\u00fctt j\u00e1r a nedvess\u00e9g, a nap, a h\u0151m\u00e9rs\u00e9klet-v\u00e1ltoz\u00e1sok \u00e9s a biol\u00f3giai t\u00e9nyez\u0151k ir\u00e1nti \u00e9rz\u00e9kenys\u00e9ggel, amelyek id\u0151vel sz\u00fcrk\u00fcl\u00e9shez, reped\u00e9shez vagy rothad\u00e1shoz vezetnek. Ez\u00e9rt a fa megfelel\u0151 v\u00e9delme a k\u00fclt\u00e9ri k\u00f6rnyezetben nem v\u00e1laszt\u00e1s, [&hellip;]<\/p>\n","protected":false},"author":6,"featured_media":100495,"comment_status":"open","ping_status":"open","sticky":false,"template":"","format":"standard","meta":{"_acf_changed":false,"footnotes":""},"categories":[608],"tags":[],"class_list":["post-100742","post","type-post","status-publish","format-standard","has-post-thumbnail","hentry","category-utmutatok"],"acf":[],"yoast_head":"<!-- This site is optimized with the Yoast SEO plugin v27.8 - https:\/\/yoast.com\/product\/yoast-seo-wordpress\/ -->\n<title>K\u00fclt\u00e9ri fav\u00e9delem: \u00edgy marad id\u0151j\u00e1r\u00e1s\u00e1ll\u00f3 \u00e9s tart\u00f3s a kerti fa<\/title>\n<meta name=\"description\" content=\"Tudja meg, hogyan v\u00e9dheti meg tart\u00f3san a f\u00e1t a szabadban \u2013 olajjal, impregn\u00e1l\u00f3val, fest\u00e9kkel vagy laz\u00farral. B\u00fatorokhoz, ker\u00edt\u00e9sekhez, teraszokhoz \u00e9s m\u00e9g sok m\u00e1shoz.\" \/>\n<meta name=\"robots\" content=\"index, follow, max-snippet:-1, max-image-preview:large, max-video-preview:-1\" \/>\n<meta property=\"og:locale\" content=\"hu_HU\" \/>\n<meta property=\"og:type\" content=\"article\" \/>\n<meta property=\"og:title\" content=\"K\u00fclt\u00e9ri fav\u00e9delem: \u00edgy marad id\u0151j\u00e1r\u00e1s\u00e1ll\u00f3 \u00e9s tart\u00f3s a kerti fa\" \/>\n<meta property=\"og:description\" content=\"Tudja meg, hogyan v\u00e9dheti meg tart\u00f3san a f\u00e1t a szabadban \u2013 olajjal, impregn\u00e1l\u00f3val, fest\u00e9kkel vagy laz\u00farral. B\u00fatorokhoz, ker\u00edt\u00e9sekhez, teraszokhoz \u00e9s m\u00e9g sok m\u00e1shoz.\" \/>\n<meta property=\"og:url\" content=\"https:\/\/bertsch-holzbau.eu\/hu\/blog\/kulteri-faanyag-vedelem\/\" \/>\n<meta property=\"og:site_name\" content=\"BHB Bertsch Holzbau\" \/>\n<meta property=\"article:publisher\" content=\"https:\/\/www.facebook.com\/bertschholzbau\/\" \/>\n<meta property=\"article:published_time\" content=\"2025-06-24T16:49:31+00:00\" \/>\n<meta property=\"article:modified_time\" content=\"2025-06-25T16:56:35+00:00\" \/>\n<meta property=\"og:image\" content=\"https:\/\/bertsch-holzbau.eu\/wp-content\/uploads\/2025\/06\/mime-attachment.jpg\" \/>\n\t<meta property=\"og:image:width\" content=\"1200\" \/>\n\t<meta property=\"og:image:height\" content=\"900\" \/>\n\t<meta property=\"og:image:type\" content=\"image\/jpeg\" \/>\n<meta name=\"author\" content=\"Joachim Bertsch\" \/>\n<meta name=\"twitter:card\" content=\"summary_large_image\" \/>\n<meta name=\"twitter:label1\" content=\"Szerz\u0151:\" \/>\n\t<meta name=\"twitter:data1\" content=\"Joachim Bertsch\" \/>\n\t<meta name=\"twitter:label2\" content=\"Becs\u00fclt olvas\u00e1si id\u0151\" \/>\n\t<meta name=\"twitter:data2\" content=\"9 perc\" \/>\n<script type=\"application\/ld+json\" class=\"yoast-schema-graph\">{\"@context\":\"https:\\\/\\\/schema.org\",\"@graph\":[{\"@type\":\"Article\",\"@id\":\"https:\\\/\\\/bertsch-holzbau.eu\\\/hu\\\/blog\\\/kulteri-faanyag-vedelem\\\/#article\",\"isPartOf\":{\"@id\":\"https:\\\/\\\/bertsch-holzbau.eu\\\/hu\\\/blog\\\/kulteri-faanyag-vedelem\\\/\"},\"author\":{\"name\":\"Joachim Bertsch\",\"@id\":\"https:\\\/\\\/bertsch-holzbau.eu\\\/hu\\\/#\\\/schema\\\/person\\\/13ecc06e359795647bc8686c8fc9628b\"},\"headline\":\"K\u00fclt\u00e9ri faanyagok kezel\u00e9se \u00e9s v\u00e9delme: 7 m\u00f3dszer tart\u00f3s eredm\u00e9nyek\u00e9rt\",\"datePublished\":\"2025-06-24T16:49:31+00:00\",\"dateModified\":\"2025-06-25T16:56:35+00:00\",\"mainEntityOfPage\":{\"@id\":\"https:\\\/\\\/bertsch-holzbau.eu\\\/hu\\\/blog\\\/kulteri-faanyag-vedelem\\\/\"},\"wordCount\":2638,\"commentCount\":0,\"publisher\":{\"@id\":\"https:\\\/\\\/bertsch-holzbau.eu\\\/hu\\\/#organization\"},\"image\":{\"@id\":\"https:\\\/\\\/bertsch-holzbau.eu\\\/hu\\\/blog\\\/kulteri-faanyag-vedelem\\\/#primaryimage\"},\"thumbnailUrl\":\"https:\\\/\\\/bertsch-holzbau.eu\\\/wp-content\\\/uploads\\\/2025\\\/06\\\/mime-attachment.jpg\",\"articleSection\":[\"\u00datmutat\u00f3k\"],\"inLanguage\":\"hu\",\"potentialAction\":[{\"@type\":\"CommentAction\",\"name\":\"Comment\",\"target\":[\"https:\\\/\\\/bertsch-holzbau.eu\\\/hu\\\/blog\\\/kulteri-faanyag-vedelem\\\/#respond\"]}]},{\"@type\":\"WebPage\",\"@id\":\"https:\\\/\\\/bertsch-holzbau.eu\\\/hu\\\/blog\\\/kulteri-faanyag-vedelem\\\/\",\"url\":\"https:\\\/\\\/bertsch-holzbau.eu\\\/hu\\\/blog\\\/kulteri-faanyag-vedelem\\\/\",\"name\":\"K\u00fclt\u00e9ri fav\u00e9delem: \u00edgy marad id\u0151j\u00e1r\u00e1s\u00e1ll\u00f3 \u00e9s tart\u00f3s a kerti fa\",\"isPartOf\":{\"@id\":\"https:\\\/\\\/bertsch-holzbau.eu\\\/hu\\\/#website\"},\"primaryImageOfPage\":{\"@id\":\"https:\\\/\\\/bertsch-holzbau.eu\\\/hu\\\/blog\\\/kulteri-faanyag-vedelem\\\/#primaryimage\"},\"image\":{\"@id\":\"https:\\\/\\\/bertsch-holzbau.eu\\\/hu\\\/blog\\\/kulteri-faanyag-vedelem\\\/#primaryimage\"},\"thumbnailUrl\":\"https:\\\/\\\/bertsch-holzbau.eu\\\/wp-content\\\/uploads\\\/2025\\\/06\\\/mime-attachment.jpg\",\"datePublished\":\"2025-06-24T16:49:31+00:00\",\"dateModified\":\"2025-06-25T16:56:35+00:00\",\"description\":\"Tudja meg, hogyan v\u00e9dheti meg tart\u00f3san a f\u00e1t a szabadban \u2013 olajjal, impregn\u00e1l\u00f3val, fest\u00e9kkel vagy laz\u00farral. B\u00fatorokhoz, ker\u00edt\u00e9sekhez, teraszokhoz \u00e9s m\u00e9g sok m\u00e1shoz.\",\"breadcrumb\":{\"@id\":\"https:\\\/\\\/bertsch-holzbau.eu\\\/hu\\\/blog\\\/kulteri-faanyag-vedelem\\\/#breadcrumb\"},\"inLanguage\":\"hu\",\"potentialAction\":[{\"@type\":\"ReadAction\",\"target\":[\"https:\\\/\\\/bertsch-holzbau.eu\\\/hu\\\/blog\\\/kulteri-faanyag-vedelem\\\/\"]}]},{\"@type\":\"ImageObject\",\"inLanguage\":\"hu\",\"@id\":\"https:\\\/\\\/bertsch-holzbau.eu\\\/hu\\\/blog\\\/kulteri-faanyag-vedelem\\\/#primaryimage\",\"url\":\"https:\\\/\\\/bertsch-holzbau.eu\\\/wp-content\\\/uploads\\\/2025\\\/06\\\/mime-attachment.jpg\",\"contentUrl\":\"https:\\\/\\\/bertsch-holzbau.eu\\\/wp-content\\\/uploads\\\/2025\\\/06\\\/mime-attachment.jpg\",\"width\":1200,\"height\":900},{\"@type\":\"BreadcrumbList\",\"@id\":\"https:\\\/\\\/bertsch-holzbau.eu\\\/hu\\\/blog\\\/kulteri-faanyag-vedelem\\\/#breadcrumb\",\"itemListElement\":[{\"@type\":\"ListItem\",\"position\":1,\"name\":\"Home\",\"item\":\"https:\\\/\\\/bertsch-holzbau.eu\\\/hu\\\/\"},{\"@type\":\"ListItem\",\"position\":2,\"name\":\"K\u00fclt\u00e9ri faanyagok kezel\u00e9se \u00e9s v\u00e9delme: 7 m\u00f3dszer tart\u00f3s eredm\u00e9nyek\u00e9rt\"}]},{\"@type\":\"WebSite\",\"@id\":\"https:\\\/\\\/bertsch-holzbau.eu\\\/hu\\\/#website\",\"url\":\"https:\\\/\\\/bertsch-holzbau.eu\\\/hu\\\/\",\"name\":\"BHB Bertsch Holzbau\",\"description\":\"\",\"publisher\":{\"@id\":\"https:\\\/\\\/bertsch-holzbau.eu\\\/hu\\\/#organization\"},\"potentialAction\":[{\"@type\":\"SearchAction\",\"target\":{\"@type\":\"EntryPoint\",\"urlTemplate\":\"https:\\\/\\\/bertsch-holzbau.eu\\\/hu\\\/?s={search_term_string}\"},\"query-input\":{\"@type\":\"PropertyValueSpecification\",\"valueRequired\":true,\"valueName\":\"search_term_string\"}}],\"inLanguage\":\"hu\"},[],{\"@type\":\"Person\",\"@id\":\"https:\\\/\\\/bertsch-holzbau.eu\\\/hu\\\/#\\\/schema\\\/person\\\/13ecc06e359795647bc8686c8fc9628b\",\"name\":\"Joachim Bertsch\",\"image\":{\"@type\":\"ImageObject\",\"inLanguage\":\"hu\",\"@id\":\"https:\\\/\\\/bertsch-holzbau.eu\\\/wp-content\\\/litespeed\\\/avatar\\\/81f1ede881040594386bd43727a0c7b5.jpg?ver=1788161130\",\"url\":\"https:\\\/\\\/bertsch-holzbau.eu\\\/wp-content\\\/litespeed\\\/avatar\\\/81f1ede881040594386bd43727a0c7b5.jpg?ver=1788161130\",\"contentUrl\":\"https:\\\/\\\/bertsch-holzbau.eu\\\/wp-content\\\/litespeed\\\/avatar\\\/81f1ede881040594386bd43727a0c7b5.jpg?ver=1788161130\",\"caption\":\"Joachim Bertsch\"},\"url\":\"https:\\\/\\\/bertsch-holzbau.eu\\\/hu\\\/blog\\\/author\\\/j-bertsch\\\/\"}]}<\/script>\n<!-- \/ Yoast SEO plugin. -->","yoast_head_json":{"title":"K\u00fclt\u00e9ri fav\u00e9delem: \u00edgy marad id\u0151j\u00e1r\u00e1s\u00e1ll\u00f3 \u00e9s tart\u00f3s a kerti fa","description":"Tudja meg, hogyan v\u00e9dheti meg tart\u00f3san a f\u00e1t a szabadban \u2013 olajjal, impregn\u00e1l\u00f3val, fest\u00e9kkel vagy laz\u00farral. B\u00fatorokhoz, ker\u00edt\u00e9sekhez, teraszokhoz \u00e9s m\u00e9g sok m\u00e1shoz.","robots":{"index":"index","follow":"follow","max-snippet":"max-snippet:-1","max-image-preview":"max-image-preview:large","max-video-preview":"max-video-preview:-1"},"og_locale":"hu_HU","og_type":"article","og_title":"K\u00fclt\u00e9ri fav\u00e9delem: \u00edgy marad id\u0151j\u00e1r\u00e1s\u00e1ll\u00f3 \u00e9s tart\u00f3s a kerti fa","og_description":"Tudja meg, hogyan v\u00e9dheti meg tart\u00f3san a f\u00e1t a szabadban \u2013 olajjal, impregn\u00e1l\u00f3val, fest\u00e9kkel vagy laz\u00farral. B\u00fatorokhoz, ker\u00edt\u00e9sekhez, teraszokhoz \u00e9s m\u00e9g sok m\u00e1shoz.","og_url":"https:\/\/bertsch-holzbau.eu\/hu\/blog\/kulteri-faanyag-vedelem\/","og_site_name":"BHB Bertsch Holzbau","article_publisher":"https:\/\/www.facebook.com\/bertschholzbau\/","article_published_time":"2025-06-24T16:49:31+00:00","article_modified_time":"2025-06-25T16:56:35+00:00","og_image":[{"width":1200,"height":900,"url":"https:\/\/bertsch-holzbau.eu\/wp-content\/uploads\/2025\/06\/mime-attachment.jpg","type":"image\/jpeg"}],"author":"Joachim Bertsch","twitter_card":"summary_large_image","twitter_misc":{"Szerz\u0151:":"Joachim Bertsch","Becs\u00fclt olvas\u00e1si id\u0151":"9 perc"},"schema":{"@context":"https:\/\/schema.org","@graph":[{"@type":"Article","@id":"https:\/\/bertsch-holzbau.eu\/hu\/blog\/kulteri-faanyag-vedelem\/#article","isPartOf":{"@id":"https:\/\/bertsch-holzbau.eu\/hu\/blog\/kulteri-faanyag-vedelem\/"},"author":{"name":"Joachim Bertsch","@id":"https:\/\/bertsch-holzbau.eu\/hu\/#\/schema\/person\/13ecc06e359795647bc8686c8fc9628b"},"headline":"K\u00fclt\u00e9ri faanyagok kezel\u00e9se \u00e9s v\u00e9delme: 7 m\u00f3dszer tart\u00f3s eredm\u00e9nyek\u00e9rt","datePublished":"2025-06-24T16:49:31+00:00","dateModified":"2025-06-25T16:56:35+00:00","mainEntityOfPage":{"@id":"https:\/\/bertsch-holzbau.eu\/hu\/blog\/kulteri-faanyag-vedelem\/"},"wordCount":2638,"commentCount":0,"publisher":{"@id":"https:\/\/bertsch-holzbau.eu\/hu\/#organization"},"image":{"@id":"https:\/\/bertsch-holzbau.eu\/hu\/blog\/kulteri-faanyag-vedelem\/#primaryimage"},"thumbnailUrl":"https:\/\/bertsch-holzbau.eu\/wp-content\/uploads\/2025\/06\/mime-attachment.jpg","articleSection":["\u00datmutat\u00f3k"],"inLanguage":"hu","potentialAction":[{"@type":"CommentAction","name":"Comment","target":["https:\/\/bertsch-holzbau.eu\/hu\/blog\/kulteri-faanyag-vedelem\/#respond"]}]},{"@type":"WebPage","@id":"https:\/\/bertsch-holzbau.eu\/hu\/blog\/kulteri-faanyag-vedelem\/","url":"https:\/\/bertsch-holzbau.eu\/hu\/blog\/kulteri-faanyag-vedelem\/","name":"K\u00fclt\u00e9ri fav\u00e9delem: \u00edgy marad id\u0151j\u00e1r\u00e1s\u00e1ll\u00f3 \u00e9s tart\u00f3s a kerti fa","isPartOf":{"@id":"https:\/\/bertsch-holzbau.eu\/hu\/#website"},"primaryImageOfPage":{"@id":"https:\/\/bertsch-holzbau.eu\/hu\/blog\/kulteri-faanyag-vedelem\/#primaryimage"},"image":{"@id":"https:\/\/bertsch-holzbau.eu\/hu\/blog\/kulteri-faanyag-vedelem\/#primaryimage"},"thumbnailUrl":"https:\/\/bertsch-holzbau.eu\/wp-content\/uploads\/2025\/06\/mime-attachment.jpg","datePublished":"2025-06-24T16:49:31+00:00","dateModified":"2025-06-25T16:56:35+00:00","description":"Tudja meg, hogyan v\u00e9dheti meg tart\u00f3san a f\u00e1t a szabadban \u2013 olajjal, impregn\u00e1l\u00f3val, fest\u00e9kkel vagy laz\u00farral. B\u00fatorokhoz, ker\u00edt\u00e9sekhez, teraszokhoz \u00e9s m\u00e9g sok m\u00e1shoz.","breadcrumb":{"@id":"https:\/\/bertsch-holzbau.eu\/hu\/blog\/kulteri-faanyag-vedelem\/#breadcrumb"},"inLanguage":"hu","potentialAction":[{"@type":"ReadAction","target":["https:\/\/bertsch-holzbau.eu\/hu\/blog\/kulteri-faanyag-vedelem\/"]}]},{"@type":"ImageObject","inLanguage":"hu","@id":"https:\/\/bertsch-holzbau.eu\/hu\/blog\/kulteri-faanyag-vedelem\/#primaryimage","url":"https:\/\/bertsch-holzbau.eu\/wp-content\/uploads\/2025\/06\/mime-attachment.jpg","contentUrl":"https:\/\/bertsch-holzbau.eu\/wp-content\/uploads\/2025\/06\/mime-attachment.jpg","width":1200,"height":900},{"@type":"BreadcrumbList","@id":"https:\/\/bertsch-holzbau.eu\/hu\/blog\/kulteri-faanyag-vedelem\/#breadcrumb","itemListElement":[{"@type":"ListItem","position":1,"name":"Home","item":"https:\/\/bertsch-holzbau.eu\/hu\/"},{"@type":"ListItem","position":2,"name":"K\u00fclt\u00e9ri faanyagok kezel\u00e9se \u00e9s v\u00e9delme: 7 m\u00f3dszer tart\u00f3s eredm\u00e9nyek\u00e9rt"}]},{"@type":"WebSite","@id":"https:\/\/bertsch-holzbau.eu\/hu\/#website","url":"https:\/\/bertsch-holzbau.eu\/hu\/","name":"BHB Bertsch Holzbau","description":"","publisher":{"@id":"https:\/\/bertsch-holzbau.eu\/hu\/#organization"},"potentialAction":[{"@type":"SearchAction","target":{"@type":"EntryPoint","urlTemplate":"https:\/\/bertsch-holzbau.eu\/hu\/?s={search_term_string}"},"query-input":{"@type":"PropertyValueSpecification","valueRequired":true,"valueName":"search_term_string"}}],"inLanguage":"hu"},[],{"@type":"Person","@id":"https:\/\/bertsch-holzbau.eu\/hu\/#\/schema\/person\/13ecc06e359795647bc8686c8fc9628b","name":"Joachim Bertsch","image":{"@type":"ImageObject","inLanguage":"hu","@id":"https:\/\/bertsch-holzbau.eu\/wp-content\/litespeed\/avatar\/81f1ede881040594386bd43727a0c7b5.jpg?ver=1788161130","url":"https:\/\/bertsch-holzbau.eu\/wp-content\/litespeed\/avatar\/81f1ede881040594386bd43727a0c7b5.jpg?ver=1788161130","contentUrl":"https:\/\/bertsch-holzbau.eu\/wp-content\/litespeed\/avatar\/81f1ede881040594386bd43727a0c7b5.jpg?ver=1788161130","caption":"Joachim Bertsch"},"url":"https:\/\/bertsch-holzbau.eu\/hu\/blog\/author\/j-bertsch\/"}]}},"_links":{"self":[{"href":"https:\/\/bertsch-holzbau.eu\/hu\/wp-json\/wp\/v2\/posts\/100742","targetHints":{"allow":["GET"]}}],"collection":[{"href":"https:\/\/bertsch-holzbau.eu\/hu\/wp-json\/wp\/v2\/posts"}],"about":[{"href":"https:\/\/bertsch-holzbau.eu\/hu\/wp-json\/wp\/v2\/types\/post"}],"author":[{"embeddable":true,"href":"https:\/\/bertsch-holzbau.eu\/hu\/wp-json\/wp\/v2\/users\/6"}],"replies":[{"embeddable":true,"href":"https:\/\/bertsch-holzbau.eu\/hu\/wp-json\/wp\/v2\/comments?post=100742"}],"version-history":[{"count":1,"href":"https:\/\/bertsch-holzbau.eu\/hu\/wp-json\/wp\/v2\/posts\/100742\/revisions"}],"predecessor-version":[{"id":100747,"href":"https:\/\/bertsch-holzbau.eu\/hu\/wp-json\/wp\/v2\/posts\/100742\/revisions\/100747"}],"wp:featuredmedia":[{"embeddable":true,"href":"https:\/\/bertsch-holzbau.eu\/hu\/wp-json\/wp\/v2\/media\/100495"}],"wp:attachment":[{"href":"https:\/\/bertsch-holzbau.eu\/hu\/wp-json\/wp\/v2\/media?parent=100742"}],"wp:term":[{"taxonomy":"category","embeddable":true,"href":"https:\/\/bertsch-holzbau.eu\/hu\/wp-json\/wp\/v2\/categories?post=100742"},{"taxonomy":"post_tag","embeddable":true,"href":"https:\/\/bertsch-holzbau.eu\/hu\/wp-json\/wp\/v2\/tags?post=100742"}],"curies":[{"name":"wp","href":"https:\/\/api.w.org\/{rel}","templated":true}]}}