{"id":84927,"date":"2024-11-13T10:09:49","date_gmt":"2024-11-13T09:09:49","guid":{"rendered":"https:\/\/bertsch-holzbau.eu\/blog\/bespoke-garden-saunas\/"},"modified":"2025-02-17T11:50:57","modified_gmt":"2025-02-17T10:50:57","slug":"saunas-de-jardin-sur-mesure","status":"publish","type":"post","link":"https:\/\/bertsch-holzbau.eu\/fr\/blog\/saunas-de-jardin-sur-mesure\/","title":{"rendered":"Saunas de jardin sur mesure &#8211; con\u00e7us pour une relaxation ultime"},"content":{"rendered":"\n<p class=\"wp-block-paragraph\">Les saunas de jardin sont un moyen unique de cr\u00e9er un espace de bien-\u00eatre priv\u00e9 devant votre maison. Nos produits combinent la beaut\u00e9 intemporelle de la nature avec l&rsquo;effet relaxant d&rsquo;un sauna. Nous proposons des saunas sur mesure qui se distinguent par la plus haute qualit\u00e9 de fabrication, la durabilit\u00e9 et la personnalisation compl\u00e8te. Gr\u00e2ce \u00e0 des mati\u00e8res premi\u00e8res soigneusement s\u00e9lectionn\u00e9es et \u00e0 des technologies de fabrication avanc\u00e9es, nous garantissons une exp\u00e9rience de sauna parfaite pour r\u00e9pondre \u00e0 tous les besoins.<\/p>\n\n\n\n<h2 class=\"wp-block-heading\">Pourquoi choisir un sauna de jardin ?<\/h2>\n\n\n\n<div class=\"wp-block-columns is-layout-flex wp-container-core-columns-is-layout-8f761849 wp-block-columns-is-layout-flex\">\n<div class=\"wp-block-column is-layout-flow wp-block-column-is-layout-flow\">\n<h3 class=\"wp-block-heading\">B\u00e9n\u00e9fices pour la sant\u00e9 et la relaxation<\/h3>\n\n\n\n<p class=\"wp-block-paragraph\">L&rsquo;utilisation du sauna apporte toute une s\u00e9rie de bienfaits pour la sant\u00e9. La chaleur favorise la circulation, d\u00e9tend les muscles et aide \u00e0 nettoyer le corps des toxines. Des s\u00e9ances r\u00e9guli\u00e8res de sauna renforcent le syst\u00e8me immunitaire, am\u00e9liorent l&rsquo;\u00e9tat de la peau et contribuent \u00e0 la r\u00e9duction du stress, en procurant une profonde relaxation. Notre sauna de jardin vous permet de cr\u00e9er un espace priv\u00e9 de bien-\u00eatre en plein air, qui non seulement soutient votre sant\u00e9 physique, mais am\u00e9liore \u00e9galement votre bien-\u00eatre.<\/p>\n\n\n\n<h3 class=\"wp-block-heading\">Le sauna ext\u00e9rieur &#8211; une exp\u00e9rience unique<\/h3>\n\n\n\n<p class=\"wp-block-paragraph\">L&rsquo;installation du sauna dans le jardin enrichit l&rsquo;espace et l&rsquo;exp\u00e9rience du sauna devient unique gr\u00e2ce \u00e0 l&rsquo;environnement naturel, mais aussi gr\u00e2ce au confort mental que procure la connaissance de son propre environnement. Apr\u00e8s chaque s\u00e9ance, vous pouvez vous rafra\u00eechir rapidement \u00e0 l&rsquo;air frais, ce qui renforce encore le corps et favorise la r\u00e9g\u00e9n\u00e9ration. Le jardin se transforme en une oasis de paix et d&rsquo;harmonie, tandis que le sauna domestique vous permet de faire une pause dans votre routine quotidienne.<\/p>\n<\/div>\n\n\n\n<div class=\"wp-block-column is-vertically-aligned-center is-layout-flow wp-block-column-is-layout-flow\">\n<figure class=\"wp-block-image size-large\"><img loading=\"lazy\" decoding=\"async\" width=\"1024\" height=\"768\" src=\"https:\/\/bertsch-holzbau.eu\/wp-content\/uploads\/2024\/11\/001486-03-1024x768.jpg\" alt=\"\" class=\"wp-image-84824\" srcset=\"https:\/\/bertsch-holzbau.eu\/wp-content\/uploads\/2024\/11\/001486-03-1024x768.jpg 1024w, https:\/\/bertsch-holzbau.eu\/wp-content\/uploads\/2024\/11\/001486-03-300x225.jpg 300w, https:\/\/bertsch-holzbau.eu\/wp-content\/uploads\/2024\/11\/001486-03-768x576.jpg 768w, https:\/\/bertsch-holzbau.eu\/wp-content\/uploads\/2024\/11\/001486-03-1536x1152.jpg 1536w, https:\/\/bertsch-holzbau.eu\/wp-content\/uploads\/2024\/11\/001486-03-2048x1536.jpg 2048w, https:\/\/bertsch-holzbau.eu\/wp-content\/uploads\/2024\/11\/001486-03-400x300.jpg 400w, https:\/\/bertsch-holzbau.eu\/wp-content\/uploads\/2024\/11\/001486-03-600x450.jpg 600w, https:\/\/bertsch-holzbau.eu\/wp-content\/uploads\/2024\/11\/001486-03-800x600.jpg 800w, https:\/\/bertsch-holzbau.eu\/wp-content\/uploads\/2024\/11\/001486-03-1200x900.jpg 1200w\" sizes=\"auto, (max-width: 1024px) 100vw, 1024px\" \/><\/figure>\n<\/div>\n<\/div>\n\n\n\n<h2 class=\"wp-block-heading\">Types de saunas de jardin disponibles chez Bertsch Holzbau<\/h2>\n\n\n\n<p class=\"wp-block-paragraph\">Nous proposons une vari\u00e9t\u00e9 de mod\u00e8les de saunas ext\u00e9rieurs pour r\u00e9pondre aux besoins et aux pr\u00e9f\u00e9rences de chaque client. Chaque mod\u00e8le se caract\u00e9rise par une fabrication de haute qualit\u00e9 et une esth\u00e9tique unique qui s&rsquo;int\u00e8grera parfaitement dans votre jardin.<\/p>\n\n\n\n<h3 class=\"wp-block-heading\">Saunas avec vestibule et douche<\/h3>\n\n\n\n<p class=\"wp-block-paragraph\">Pour ceux qui recherchent un maximum de confort et de fonctionnalit\u00e9, BHB propose des saunas dot\u00e9s d&rsquo;un vestibule et d&rsquo;une douche. Le vestibule sert d&rsquo;espace de transition o\u00f9 vous pouvez vous d\u00e9tendre avant et apr\u00e8s votre s\u00e9ance de sauna, sans avoir \u00e0 quitter l&rsquo;int\u00e9rieur du sauna. C&rsquo;est \u00e9galement un endroit id\u00e9al pour ranger les serviettes, les produits cosm\u00e9tiques ou les boissons, ce qui ajoute au confort du sauna.<\/p>\n\n\n\n<p class=\"wp-block-paragraph\">La douche est une fonction suppl\u00e9mentaire qui vous permet de vous rafra\u00eechir rapidement apr\u00e8s le sauna. Vous avez ainsi la possibilit\u00e9 d&rsquo;abaisser imm\u00e9diatement la temp\u00e9rature de votre corps, ce qui est un \u00e9l\u00e9ment essentiel d&rsquo;un bon rituel de sauna. Il n&rsquo;est donc pas n\u00e9cessaire de rentrer chez soi entre les s\u00e9ances, ce qui rend l&rsquo;ensemble du processus plus confortable et plus pratique. Il est id\u00e9al pour les journ\u00e9es plus fra\u00eeches ainsi que pour la chaleur de l&rsquo;\u00e9t\u00e9, lorsqu&rsquo;il est particuli\u00e8rement agr\u00e9able de se rafra\u00eechir imm\u00e9diatement apr\u00e8s une s\u00e9ance de sauna.<\/p>\n\n\n\n<h3 class=\"wp-block-heading\">Saunas de diff\u00e9rentes tailles et formes<\/h3>\n\n\n\n<p class=\"wp-block-paragraph\">Notre gamme comprend des saunas de tailles et de formes vari\u00e9es, qui s&rsquo;adaptent parfaitement \u00e0 l&rsquo;espace et aux pr\u00e9f\u00e9rences esth\u00e9tiques du client. Pour ceux qui disposent d&rsquo;un petit jardin, nous recommandons des mod\u00e8les compacts qui offrent une exp\u00e9rience de sauna compl\u00e8te dans un espace minimal. En revanche, pour ceux qui disposent de plus d&rsquo;espace, nous proposons des structures plus grandes pouvant accueillir jusqu&rsquo;\u00e0 plusieurs personnes, ce qui vous permet de faire du sauna en famille ou entre amis.<\/p>\n\n\n\n<p class=\"wp-block-paragraph\">Les clients peuvent choisir des saunas de diff\u00e9rentes formes &#8211; des cabines traditionnelles en bois qui apportent une atmosph\u00e8re rustique et chaleureuse aux blocs modernes et g\u00e9om\u00e9triques qui s&rsquo;int\u00e8grent parfaitement dans les jardins minimalistes. Gr\u00e2ce \u00e0 la flexibilit\u00e9 des formes et des dimensions, vous pouvez parfaitement adapter votre sauna au caract\u00e8re de votre jardin et \u00e0 vos go\u00fbts personnels. Nous proposons \u00e9galement diff\u00e9rentes variantes de toits, comme les toits en pente, les toits plats ou les toits courbes, ce qui permet au sauna de s&rsquo;harmoniser avec le style du b\u00e2timent qui entoure la maison.<\/p>\n\n\n\n<p class=\"wp-block-paragraph\">Chaque mod\u00e8le peut \u00eatre compl\u00e9t\u00e9 par des \u00e9quipements suppl\u00e9mentaires tels que des bancs \u00e9l\u00e9gants, un \u00e9clairage LED sp\u00e9cial, des grilles de sol \u00e9l\u00e9gantes ou des couvercles de cuisini\u00e8re robustes. Ainsi, nos saunas r\u00e9pondent aux attentes non seulement en termes de fonctionnalit\u00e9, mais aussi d&rsquo;esth\u00e9tique, et chaque structure devient un \u00e9l\u00e9ment harmonieux du jardin qui servira pendant des ann\u00e9es.<\/p>\n\n\n\n<p class=\"wp-block-paragraph\"><\/p>\n\n\n\n<div class=\"wp-block-group green-box\"><div class=\"wp-block-group__inner-container is-layout-constrained wp-block-group-is-layout-constrained\">\n<h2 class=\"wp-block-heading\">Conception de saunas individuels &#8211; personnalisation compl\u00e8te<\/h2>\n\n\n\n<p class=\"wp-block-paragraph\">L&rsquo;une des particularit\u00e9s de notre offre est la possibilit\u00e9 de personnaliser enti\u00e8rement les saunas de jardin. Nous sommes en mesure d&rsquo;adapter chaque projet aux pr\u00e9f\u00e9rences individuelles du client, ce qui vous permet de cr\u00e9er un espace de d\u00e9tente unique dans votre propre jardin.<\/p>\n<\/div><\/div>\n\n\n\n<h3 class=\"wp-block-heading\">Un sauna ext\u00e9rieur adapt\u00e9 \u00e0 l&rsquo;espace de votre jardin<\/h3>\n\n\n\n<p class=\"wp-block-paragraph\">Chaque sauna que nous cr\u00e9ons peut \u00eatre adapt\u00e9 \u00e0 la taille et \u00e0 la disposition de l&rsquo;espace de jardin de nos clients. Gr\u00e2ce \u00e0 notre flexibilit\u00e9 de conception, le client re\u00e7oit un produit qui s&rsquo;int\u00e8gre harmonieusement dans son environnement et qui r\u00e9pond \u00e0 toutes ses attentes en mati\u00e8re d&rsquo;utilisation.<\/p>\n\n\n\n<h3 class=\"wp-block-heading\">Options de personnalisation &#8211; de la taille aux d\u00e9tails les plus fins<\/h3>\n\n\n\n<p class=\"wp-block-paragraph\">Nos saunas peuvent \u00eatre personnalis\u00e9s non seulement en termes de taille, mais aussi en termes de style et de finition. Les clients peuvent choisir le type de portes et de fen\u00eatres, l&rsquo;agencement de l&rsquo;int\u00e9rieur, ainsi que les d\u00e9tails, ce qui rend le sauna unique et refl\u00e8te parfaitement les go\u00fbts de l&rsquo;utilisateur.<\/p>\n\n\n\n<h3 class=\"wp-block-heading\">Equipement complet avec Harvia &#8211; Sentiotec<\/h3>\n\n\n\n<p class=\"wp-block-paragraph\">Chaque sauna peut \u00eatre \u00e9quip\u00e9 d&rsquo;un po\u00eale professionnel Harvia, leader parmi les fabricants de po\u00eales \u00e0 sauna. Les po\u00eales Harvia assurent un chauffage uniforme de l&rsquo;int\u00e9rieur, ce qui garantit des conditions de d\u00e9tente confortables. Gr\u00e2ce \u00e0 notre coop\u00e9ration avec Harvia, nous pouvons proposer des po\u00eales d&rsquo;une grande efficacit\u00e9 et fiabilit\u00e9, qui compl\u00e8tent la haute qualit\u00e9 des saunas de jardin que nous fabriquons.<\/p>\n\n\n\n<h2 class=\"wp-block-heading\">Mat\u00e9riaux de premi\u00e8re qualit\u00e9 &#8211; bois pour la durabilit\u00e9<\/h2>\n\n\n\n<p class=\"wp-block-paragraph\">Un \u00e9l\u00e9ment cl\u00e9 de chacun de nos saunas est un mat\u00e9riau correctement s\u00e9lectionn\u00e9, qui assurera non seulement la durabilit\u00e9 de la structure, mais aussi l&rsquo;esth\u00e9tique et le confort d&rsquo;utilisation.<\/p>\n\n\n\n<h3 class=\"wp-block-heading\">S\u00e9lection du bois pour les saunas ext\u00e9rieurs<\/h3>\n\n\n\n<p class=\"wp-block-paragraph\">Nos saunas sont fabriqu\u00e9s \u00e0 partir d&rsquo;\u00e9pic\u00e9a scandinave de la plus haute qualit\u00e9, qui se caract\u00e9rise par sa grande durabilit\u00e9 et sa r\u00e9sistance aux conditions climatiques changeantes. L&rsquo;\u00e9pic\u00e9a des r\u00e9gions septentrionales de la Scandinavie a un faible taux d&rsquo;humidit\u00e9 (12-14 %), ce qui \u00e9vite les fissures et les d\u00e9formations et permet \u00e0 la structure d&rsquo;\u00eatre stable et de conserver ses propri\u00e9t\u00e9s pendant de nombreuses ann\u00e9es. En outre, le bois est soigneusement s\u00e9lectionn\u00e9 pour \u00eatre exempt de moelle et de n\u0153uds sains, ce qui garantit un aspect esth\u00e9tique et l&rsquo;absence de d\u00e9formations.<\/p>\n\n\n\n<h3 class=\"wp-block-heading\">Mati\u00e8res premi\u00e8res \u00e9cologiques et naturelles<\/h3>\n\n\n\n<p class=\"wp-block-paragraph\">Chez Bertsch Holzbau, nous mettons l&rsquo;accent sur l&rsquo;\u00e9cologie et n&rsquo;utilisons que des mati\u00e8res premi\u00e8res naturelles et \u00e9cologiques.L&rsquo;\u00e9pic\u00e9a scandinave ne se distingue pas seulement par sa durabilit\u00e9, mais aussi par sa belle teinte claire sans bleuissement, qui rehausse l&rsquo;esth\u00e9tique de toute construction. Il est important de noter que le bois certifi\u00e9 C24 est con\u00e7u pour les structures porteuses, ce qui rend nos saunas extr\u00eamement stables et, surtout, s\u00fbrs.<\/p>\n\n\n\n<h2 class=\"wp-block-heading\">R\u00e9sum\u00e9<\/h2>\n\n\n\n<p class=\"wp-block-paragraph\">Nos saunas de jardin combinent des mat\u00e9riaux de qualit\u00e9 sup\u00e9rieure, une conception flexible et une esth\u00e9tique qui transforment n&rsquo;importe quel espace ext\u00e9rieur en un spa priv\u00e9.\u00a0Fabriqu\u00e9s en \u00e9pic\u00e9a scandinave durable et disponibles dans un large \u00e9ventail de tailles, de formes et de finitions, nos saunas r\u00e9pondent aux attentes des clients les plus exigeants.\u00a0Le choix des po\u00eales Harvia garantit confort et fiabilit\u00e9, et la possibilit\u00e9 de personnaliser enti\u00e8rement chaque sauna le rend unique.<br><br>Chez Bertsch Holzbau, nous vous permettons de cr\u00e9er un espace de d\u00e9tente qui enrichit votre jardin de la beaut\u00e9 intemporelle du bois naturel, tout en respectant les normes de qualit\u00e9 les plus strictes en mati\u00e8re de s\u00e9curit\u00e9.Investir dans un sauna de jardin, c&rsquo;est investir dans la sant\u00e9, la d\u00e9tente et une atmosph\u00e8re unique \u00e0 appr\u00e9cier chaque jour.<\/p>\n\n\n\n<figure class=\"wp-block-gallery has-nested-images columns-default is-cropped wp-block-gallery-1 is-layout-flex wp-block-gallery-is-layout-flex\">\n<figure class=\"wp-block-image size-large\"><img loading=\"lazy\" decoding=\"async\" width=\"768\" height=\"1024\" data-id=\"84876\" src=\"https:\/\/bertsch-holzbau.eu\/wp-content\/uploads\/2024\/11\/001576-02-1-768x1024.jpg\" alt=\"\" class=\"wp-image-84876\" srcset=\"https:\/\/bertsch-holzbau.eu\/wp-content\/uploads\/2024\/11\/001576-02-1-768x1024.jpg 768w, https:\/\/bertsch-holzbau.eu\/wp-content\/uploads\/2024\/11\/001576-02-1-225x300.jpg 225w, https:\/\/bertsch-holzbau.eu\/wp-content\/uploads\/2024\/11\/001576-02-1-1152x1536.jpg 1152w, https:\/\/bertsch-holzbau.eu\/wp-content\/uploads\/2024\/11\/001576-02-1-1536x2048.jpg 1536w, https:\/\/bertsch-holzbau.eu\/wp-content\/uploads\/2024\/11\/001576-02-1-400x533.jpg 400w, https:\/\/bertsch-holzbau.eu\/wp-content\/uploads\/2024\/11\/001576-02-1-600x800.jpg 600w, https:\/\/bertsch-holzbau.eu\/wp-content\/uploads\/2024\/11\/001576-02-1-800x1067.jpg 800w, https:\/\/bertsch-holzbau.eu\/wp-content\/uploads\/2024\/11\/001576-02-1-1200x1600.jpg 1200w, https:\/\/bertsch-holzbau.eu\/wp-content\/uploads\/2024\/11\/001576-02-1.jpg 1920w\" sizes=\"auto, (max-width: 768px) 100vw, 768px\" \/><\/figure>\n\n\n\n<figure class=\"wp-block-image size-large\"><img loading=\"lazy\" decoding=\"async\" width=\"1024\" height=\"768\" data-id=\"84913\" src=\"https:\/\/bertsch-holzbau.eu\/wp-content\/uploads\/2024\/11\/001486-02-1024x768.jpg\" alt=\"\" class=\"wp-image-84913\" srcset=\"https:\/\/bertsch-holzbau.eu\/wp-content\/uploads\/2024\/11\/001486-02-1024x768.jpg 1024w, https:\/\/bertsch-holzbau.eu\/wp-content\/uploads\/2024\/11\/001486-02-300x225.jpg 300w, https:\/\/bertsch-holzbau.eu\/wp-content\/uploads\/2024\/11\/001486-02-768x576.jpg 768w, https:\/\/bertsch-holzbau.eu\/wp-content\/uploads\/2024\/11\/001486-02-1536x1151.jpg 1536w, https:\/\/bertsch-holzbau.eu\/wp-content\/uploads\/2024\/11\/001486-02-2048x1535.jpg 2048w, https:\/\/bertsch-holzbau.eu\/wp-content\/uploads\/2024\/11\/001486-02-400x300.jpg 400w, https:\/\/bertsch-holzbau.eu\/wp-content\/uploads\/2024\/11\/001486-02-600x450.jpg 600w, https:\/\/bertsch-holzbau.eu\/wp-content\/uploads\/2024\/11\/001486-02-800x600.jpg 800w, https:\/\/bertsch-holzbau.eu\/wp-content\/uploads\/2024\/11\/001486-02-1200x900.jpg 1200w\" sizes=\"auto, (max-width: 1024px) 100vw, 1024px\" \/><\/figure>\n\n\n\n<figure class=\"wp-block-image size-large\"><img loading=\"lazy\" decoding=\"async\" width=\"1024\" height=\"769\" data-id=\"84878\" src=\"https:\/\/bertsch-holzbau.eu\/wp-content\/uploads\/2024\/11\/001606-08-1024x769.jpg\" alt=\"\" class=\"wp-image-84878\" srcset=\"https:\/\/bertsch-holzbau.eu\/wp-content\/uploads\/2024\/11\/001606-08-1024x769.jpg 1024w, https:\/\/bertsch-holzbau.eu\/wp-content\/uploads\/2024\/11\/001606-08-300x225.jpg 300w, https:\/\/bertsch-holzbau.eu\/wp-content\/uploads\/2024\/11\/001606-08-768x577.jpg 768w, https:\/\/bertsch-holzbau.eu\/wp-content\/uploads\/2024\/11\/001606-08-1536x1154.jpg 1536w, https:\/\/bertsch-holzbau.eu\/wp-content\/uploads\/2024\/11\/001606-08-2048x1538.jpg 2048w, https:\/\/bertsch-holzbau.eu\/wp-content\/uploads\/2024\/11\/001606-08-400x300.jpg 400w, https:\/\/bertsch-holzbau.eu\/wp-content\/uploads\/2024\/11\/001606-08-600x451.jpg 600w, https:\/\/bertsch-holzbau.eu\/wp-content\/uploads\/2024\/11\/001606-08-800x601.jpg 800w, https:\/\/bertsch-holzbau.eu\/wp-content\/uploads\/2024\/11\/001606-08-1200x901.jpg 1200w\" sizes=\"auto, (max-width: 1024px) 100vw, 1024px\" \/><\/figure>\n<\/figure>\n\n\n\n<p class=\"wp-block-paragraph\"><br><br><br><\/p>\n","protected":false},"excerpt":{"rendered":"<p>Les saunas de jardin sont un moyen unique de cr\u00e9er un espace de bien-\u00eatre priv\u00e9 devant votre maison. Nos produits combinent la beaut\u00e9 intemporelle de la nature avec l&rsquo;effet relaxant d&rsquo;un sauna. Nous proposons des saunas sur mesure qui se distinguent par la plus haute qualit\u00e9 de fabrication, la durabilit\u00e9 et la personnalisation compl\u00e8te. Gr\u00e2ce [&hellip;]<\/p>\n","protected":false},"author":6,"featured_media":84811,"comment_status":"open","ping_status":"open","sticky":false,"template":"","format":"standard","meta":{"_acf_changed":false,"footnotes":""},"categories":[406],"tags":[],"class_list":["post-84927","post","type-post","status-publish","format-standard","has-post-thumbnail","hentry","category-nouvelles-du-bhb"],"acf":[],"yoast_head":"<!-- This site is optimized with the Yoast SEO plugin v27.8 - https:\/\/yoast.com\/product\/yoast-seo-wordpress\/ -->\n<title>Saunas de jardin sur mesure pour votre retraite en plein air | Bertsch Holzbau<\/title>\n<meta name=\"description\" content=\"Transformez votre jardin en une oasis de bien-\u00eatre priv\u00e9e gr\u00e2ce \u00e0 nos saunas ext\u00e9rieurs sur mesure et de haute qualit\u00e9 pour la sant\u00e9, la relaxation et le confort personnalis\u00e9.\" \/>\n<meta name=\"robots\" content=\"index, follow, max-snippet:-1, max-image-preview:large, max-video-preview:-1\" \/>\n<meta property=\"og:locale\" content=\"fr_FR\" \/>\n<meta property=\"og:type\" content=\"article\" \/>\n<meta property=\"og:title\" content=\"Saunas de jardin sur mesure pour votre retraite en plein air | Bertsch Holzbau\" \/>\n<meta property=\"og:description\" content=\"Transformez votre jardin en une oasis de bien-\u00eatre priv\u00e9e gr\u00e2ce \u00e0 nos saunas ext\u00e9rieurs sur mesure et de haute qualit\u00e9 pour la sant\u00e9, la relaxation et le confort personnalis\u00e9.\" \/>\n<meta property=\"og:url\" content=\"https:\/\/bertsch-holzbau.eu\/fr\/blog\/saunas-de-jardin-sur-mesure\/\" \/>\n<meta property=\"og:site_name\" content=\"BHB Bertsch Holzbau\" \/>\n<meta property=\"article:publisher\" content=\"https:\/\/www.facebook.com\/bertschholzbau\/\" \/>\n<meta property=\"article:published_time\" content=\"2024-11-13T09:09:49+00:00\" \/>\n<meta property=\"article:modified_time\" content=\"2025-02-17T10:50:57+00:00\" \/>\n<meta property=\"og:image\" content=\"https:\/\/bertsch-holzbau.eu\/wp-content\/uploads\/2024\/11\/Grafika_10.jpg\" \/>\n\t<meta property=\"og:image:width\" content=\"1200\" \/>\n\t<meta property=\"og:image:height\" content=\"900\" \/>\n\t<meta property=\"og:image:type\" content=\"image\/jpeg\" \/>\n<meta name=\"author\" content=\"Joachim Bertsch\" \/>\n<meta name=\"twitter:card\" content=\"summary_large_image\" \/>\n<meta name=\"twitter:label1\" content=\"\u00c9crit par\" \/>\n\t<meta name=\"twitter:data1\" content=\"Joachim Bertsch\" \/>\n\t<meta name=\"twitter:label2\" content=\"Dur\u00e9e de lecture estim\u00e9e\" \/>\n\t<meta name=\"twitter:data2\" content=\"7 minutes\" \/>\n<script type=\"application\/ld+json\" class=\"yoast-schema-graph\">{\"@context\":\"https:\\\/\\\/schema.org\",\"@graph\":[{\"@type\":\"Article\",\"@id\":\"https:\\\/\\\/bertsch-holzbau.eu\\\/fr\\\/blog\\\/saunas-de-jardin-sur-mesure\\\/#article\",\"isPartOf\":{\"@id\":\"https:\\\/\\\/bertsch-holzbau.eu\\\/fr\\\/blog\\\/saunas-de-jardin-sur-mesure\\\/\"},\"author\":{\"name\":\"Joachim Bertsch\",\"@id\":\"https:\\\/\\\/bertsch-holzbau.eu\\\/fr\\\/#\\\/schema\\\/person\\\/13ecc06e359795647bc8686c8fc9628b\"},\"headline\":\"Saunas de jardin sur mesure &#8211; con\u00e7us pour une relaxation ultime\",\"datePublished\":\"2024-11-13T09:09:49+00:00\",\"dateModified\":\"2025-02-17T10:50:57+00:00\",\"mainEntityOfPage\":{\"@id\":\"https:\\\/\\\/bertsch-holzbau.eu\\\/fr\\\/blog\\\/saunas-de-jardin-sur-mesure\\\/\"},\"wordCount\":1512,\"commentCount\":0,\"publisher\":{\"@id\":\"https:\\\/\\\/bertsch-holzbau.eu\\\/fr\\\/#organization\"},\"image\":{\"@id\":\"https:\\\/\\\/bertsch-holzbau.eu\\\/fr\\\/blog\\\/saunas-de-jardin-sur-mesure\\\/#primaryimage\"},\"thumbnailUrl\":\"https:\\\/\\\/bertsch-holzbau.eu\\\/wp-content\\\/uploads\\\/2024\\\/11\\\/Grafika_10.jpg\",\"articleSection\":[\"Nouvelles du BHB\"],\"inLanguage\":\"fr-FR\",\"potentialAction\":[{\"@type\":\"CommentAction\",\"name\":\"Comment\",\"target\":[\"https:\\\/\\\/bertsch-holzbau.eu\\\/fr\\\/blog\\\/saunas-de-jardin-sur-mesure\\\/#respond\"]}]},{\"@type\":\"WebPage\",\"@id\":\"https:\\\/\\\/bertsch-holzbau.eu\\\/fr\\\/blog\\\/saunas-de-jardin-sur-mesure\\\/\",\"url\":\"https:\\\/\\\/bertsch-holzbau.eu\\\/fr\\\/blog\\\/saunas-de-jardin-sur-mesure\\\/\",\"name\":\"Saunas de jardin sur mesure pour votre retraite en plein air | Bertsch Holzbau\",\"isPartOf\":{\"@id\":\"https:\\\/\\\/bertsch-holzbau.eu\\\/fr\\\/#website\"},\"primaryImageOfPage\":{\"@id\":\"https:\\\/\\\/bertsch-holzbau.eu\\\/fr\\\/blog\\\/saunas-de-jardin-sur-mesure\\\/#primaryimage\"},\"image\":{\"@id\":\"https:\\\/\\\/bertsch-holzbau.eu\\\/fr\\\/blog\\\/saunas-de-jardin-sur-mesure\\\/#primaryimage\"},\"thumbnailUrl\":\"https:\\\/\\\/bertsch-holzbau.eu\\\/wp-content\\\/uploads\\\/2024\\\/11\\\/Grafika_10.jpg\",\"datePublished\":\"2024-11-13T09:09:49+00:00\",\"dateModified\":\"2025-02-17T10:50:57+00:00\",\"description\":\"Transformez votre jardin en une oasis de bien-\u00eatre priv\u00e9e gr\u00e2ce \u00e0 nos saunas ext\u00e9rieurs sur mesure et de haute qualit\u00e9 pour la sant\u00e9, la relaxation et le confort personnalis\u00e9.\",\"breadcrumb\":{\"@id\":\"https:\\\/\\\/bertsch-holzbau.eu\\\/fr\\\/blog\\\/saunas-de-jardin-sur-mesure\\\/#breadcrumb\"},\"inLanguage\":\"fr-FR\",\"potentialAction\":[{\"@type\":\"ReadAction\",\"target\":[\"https:\\\/\\\/bertsch-holzbau.eu\\\/fr\\\/blog\\\/saunas-de-jardin-sur-mesure\\\/\"]}]},{\"@type\":\"ImageObject\",\"inLanguage\":\"fr-FR\",\"@id\":\"https:\\\/\\\/bertsch-holzbau.eu\\\/fr\\\/blog\\\/saunas-de-jardin-sur-mesure\\\/#primaryimage\",\"url\":\"https:\\\/\\\/bertsch-holzbau.eu\\\/wp-content\\\/uploads\\\/2024\\\/11\\\/Grafika_10.jpg\",\"contentUrl\":\"https:\\\/\\\/bertsch-holzbau.eu\\\/wp-content\\\/uploads\\\/2024\\\/11\\\/Grafika_10.jpg\",\"width\":1200,\"height\":900,\"caption\":\"example of bespoke garden sauna\"},{\"@type\":\"BreadcrumbList\",\"@id\":\"https:\\\/\\\/bertsch-holzbau.eu\\\/fr\\\/blog\\\/saunas-de-jardin-sur-mesure\\\/#breadcrumb\",\"itemListElement\":[{\"@type\":\"ListItem\",\"position\":1,\"name\":\"Home\",\"item\":\"https:\\\/\\\/bertsch-holzbau.eu\\\/fr\\\/\"},{\"@type\":\"ListItem\",\"position\":2,\"name\":\"Saunas de jardin sur mesure &#8211; con\u00e7us pour une relaxation ultime\"}]},{\"@type\":\"WebSite\",\"@id\":\"https:\\\/\\\/bertsch-holzbau.eu\\\/fr\\\/#website\",\"url\":\"https:\\\/\\\/bertsch-holzbau.eu\\\/fr\\\/\",\"name\":\"BHB Bertsch Holzbau\",\"description\":\"\",\"publisher\":{\"@id\":\"https:\\\/\\\/bertsch-holzbau.eu\\\/fr\\\/#organization\"},\"potentialAction\":[{\"@type\":\"SearchAction\",\"target\":{\"@type\":\"EntryPoint\",\"urlTemplate\":\"https:\\\/\\\/bertsch-holzbau.eu\\\/fr\\\/?s={search_term_string}\"},\"query-input\":{\"@type\":\"PropertyValueSpecification\",\"valueRequired\":true,\"valueName\":\"search_term_string\"}}],\"inLanguage\":\"fr-FR\"},[],{\"@type\":\"Person\",\"@id\":\"https:\\\/\\\/bertsch-holzbau.eu\\\/fr\\\/#\\\/schema\\\/person\\\/13ecc06e359795647bc8686c8fc9628b\",\"name\":\"Joachim Bertsch\",\"image\":{\"@type\":\"ImageObject\",\"inLanguage\":\"fr-FR\",\"@id\":\"https:\\\/\\\/bertsch-holzbau.eu\\\/wp-content\\\/litespeed\\\/avatar\\\/81f1ede881040594386bd43727a0c7b5.jpg?ver=1788161130\",\"url\":\"https:\\\/\\\/bertsch-holzbau.eu\\\/wp-content\\\/litespeed\\\/avatar\\\/81f1ede881040594386bd43727a0c7b5.jpg?ver=1788161130\",\"contentUrl\":\"https:\\\/\\\/bertsch-holzbau.eu\\\/wp-content\\\/litespeed\\\/avatar\\\/81f1ede881040594386bd43727a0c7b5.jpg?ver=1788161130\",\"caption\":\"Joachim Bertsch\"},\"url\":\"https:\\\/\\\/bertsch-holzbau.eu\\\/fr\\\/blog\\\/author\\\/j-bertsch\\\/\"}]}<\/script>\n<!-- \/ Yoast SEO plugin. -->","yoast_head_json":{"title":"Saunas de jardin sur mesure pour votre retraite en plein air | Bertsch Holzbau","description":"Transformez votre jardin en une oasis de bien-\u00eatre priv\u00e9e gr\u00e2ce \u00e0 nos saunas ext\u00e9rieurs sur mesure et de haute qualit\u00e9 pour la sant\u00e9, la relaxation et le confort personnalis\u00e9.","robots":{"index":"index","follow":"follow","max-snippet":"max-snippet:-1","max-image-preview":"max-image-preview:large","max-video-preview":"max-video-preview:-1"},"og_locale":"fr_FR","og_type":"article","og_title":"Saunas de jardin sur mesure pour votre retraite en plein air | Bertsch Holzbau","og_description":"Transformez votre jardin en une oasis de bien-\u00eatre priv\u00e9e gr\u00e2ce \u00e0 nos saunas ext\u00e9rieurs sur mesure et de haute qualit\u00e9 pour la sant\u00e9, la relaxation et le confort personnalis\u00e9.","og_url":"https:\/\/bertsch-holzbau.eu\/fr\/blog\/saunas-de-jardin-sur-mesure\/","og_site_name":"BHB Bertsch Holzbau","article_publisher":"https:\/\/www.facebook.com\/bertschholzbau\/","article_published_time":"2024-11-13T09:09:49+00:00","article_modified_time":"2025-02-17T10:50:57+00:00","og_image":[{"width":1200,"height":900,"url":"https:\/\/bertsch-holzbau.eu\/wp-content\/uploads\/2024\/11\/Grafika_10.jpg","type":"image\/jpeg"}],"author":"Joachim Bertsch","twitter_card":"summary_large_image","twitter_misc":{"\u00c9crit par":"Joachim Bertsch","Dur\u00e9e de lecture estim\u00e9e":"7 minutes"},"schema":{"@context":"https:\/\/schema.org","@graph":[{"@type":"Article","@id":"https:\/\/bertsch-holzbau.eu\/fr\/blog\/saunas-de-jardin-sur-mesure\/#article","isPartOf":{"@id":"https:\/\/bertsch-holzbau.eu\/fr\/blog\/saunas-de-jardin-sur-mesure\/"},"author":{"name":"Joachim Bertsch","@id":"https:\/\/bertsch-holzbau.eu\/fr\/#\/schema\/person\/13ecc06e359795647bc8686c8fc9628b"},"headline":"Saunas de jardin sur mesure &#8211; con\u00e7us pour une relaxation ultime","datePublished":"2024-11-13T09:09:49+00:00","dateModified":"2025-02-17T10:50:57+00:00","mainEntityOfPage":{"@id":"https:\/\/bertsch-holzbau.eu\/fr\/blog\/saunas-de-jardin-sur-mesure\/"},"wordCount":1512,"commentCount":0,"publisher":{"@id":"https:\/\/bertsch-holzbau.eu\/fr\/#organization"},"image":{"@id":"https:\/\/bertsch-holzbau.eu\/fr\/blog\/saunas-de-jardin-sur-mesure\/#primaryimage"},"thumbnailUrl":"https:\/\/bertsch-holzbau.eu\/wp-content\/uploads\/2024\/11\/Grafika_10.jpg","articleSection":["Nouvelles du BHB"],"inLanguage":"fr-FR","potentialAction":[{"@type":"CommentAction","name":"Comment","target":["https:\/\/bertsch-holzbau.eu\/fr\/blog\/saunas-de-jardin-sur-mesure\/#respond"]}]},{"@type":"WebPage","@id":"https:\/\/bertsch-holzbau.eu\/fr\/blog\/saunas-de-jardin-sur-mesure\/","url":"https:\/\/bertsch-holzbau.eu\/fr\/blog\/saunas-de-jardin-sur-mesure\/","name":"Saunas de jardin sur mesure pour votre retraite en plein air | Bertsch Holzbau","isPartOf":{"@id":"https:\/\/bertsch-holzbau.eu\/fr\/#website"},"primaryImageOfPage":{"@id":"https:\/\/bertsch-holzbau.eu\/fr\/blog\/saunas-de-jardin-sur-mesure\/#primaryimage"},"image":{"@id":"https:\/\/bertsch-holzbau.eu\/fr\/blog\/saunas-de-jardin-sur-mesure\/#primaryimage"},"thumbnailUrl":"https:\/\/bertsch-holzbau.eu\/wp-content\/uploads\/2024\/11\/Grafika_10.jpg","datePublished":"2024-11-13T09:09:49+00:00","dateModified":"2025-02-17T10:50:57+00:00","description":"Transformez votre jardin en une oasis de bien-\u00eatre priv\u00e9e gr\u00e2ce \u00e0 nos saunas ext\u00e9rieurs sur mesure et de haute qualit\u00e9 pour la sant\u00e9, la relaxation et le confort personnalis\u00e9.","breadcrumb":{"@id":"https:\/\/bertsch-holzbau.eu\/fr\/blog\/saunas-de-jardin-sur-mesure\/#breadcrumb"},"inLanguage":"fr-FR","potentialAction":[{"@type":"ReadAction","target":["https:\/\/bertsch-holzbau.eu\/fr\/blog\/saunas-de-jardin-sur-mesure\/"]}]},{"@type":"ImageObject","inLanguage":"fr-FR","@id":"https:\/\/bertsch-holzbau.eu\/fr\/blog\/saunas-de-jardin-sur-mesure\/#primaryimage","url":"https:\/\/bertsch-holzbau.eu\/wp-content\/uploads\/2024\/11\/Grafika_10.jpg","contentUrl":"https:\/\/bertsch-holzbau.eu\/wp-content\/uploads\/2024\/11\/Grafika_10.jpg","width":1200,"height":900,"caption":"example of bespoke garden sauna"},{"@type":"BreadcrumbList","@id":"https:\/\/bertsch-holzbau.eu\/fr\/blog\/saunas-de-jardin-sur-mesure\/#breadcrumb","itemListElement":[{"@type":"ListItem","position":1,"name":"Home","item":"https:\/\/bertsch-holzbau.eu\/fr\/"},{"@type":"ListItem","position":2,"name":"Saunas de jardin sur mesure &#8211; con\u00e7us pour une relaxation ultime"}]},{"@type":"WebSite","@id":"https:\/\/bertsch-holzbau.eu\/fr\/#website","url":"https:\/\/bertsch-holzbau.eu\/fr\/","name":"BHB Bertsch Holzbau","description":"","publisher":{"@id":"https:\/\/bertsch-holzbau.eu\/fr\/#organization"},"potentialAction":[{"@type":"SearchAction","target":{"@type":"EntryPoint","urlTemplate":"https:\/\/bertsch-holzbau.eu\/fr\/?s={search_term_string}"},"query-input":{"@type":"PropertyValueSpecification","valueRequired":true,"valueName":"search_term_string"}}],"inLanguage":"fr-FR"},[],{"@type":"Person","@id":"https:\/\/bertsch-holzbau.eu\/fr\/#\/schema\/person\/13ecc06e359795647bc8686c8fc9628b","name":"Joachim Bertsch","image":{"@type":"ImageObject","inLanguage":"fr-FR","@id":"https:\/\/bertsch-holzbau.eu\/wp-content\/litespeed\/avatar\/81f1ede881040594386bd43727a0c7b5.jpg?ver=1788161130","url":"https:\/\/bertsch-holzbau.eu\/wp-content\/litespeed\/avatar\/81f1ede881040594386bd43727a0c7b5.jpg?ver=1788161130","contentUrl":"https:\/\/bertsch-holzbau.eu\/wp-content\/litespeed\/avatar\/81f1ede881040594386bd43727a0c7b5.jpg?ver=1788161130","caption":"Joachim Bertsch"},"url":"https:\/\/bertsch-holzbau.eu\/fr\/blog\/author\/j-bertsch\/"}]}},"_links":{"self":[{"href":"https:\/\/bertsch-holzbau.eu\/fr\/wp-json\/wp\/v2\/posts\/84927","targetHints":{"allow":["GET"]}}],"collection":[{"href":"https:\/\/bertsch-holzbau.eu\/fr\/wp-json\/wp\/v2\/posts"}],"about":[{"href":"https:\/\/bertsch-holzbau.eu\/fr\/wp-json\/wp\/v2\/types\/post"}],"author":[{"embeddable":true,"href":"https:\/\/bertsch-holzbau.eu\/fr\/wp-json\/wp\/v2\/users\/6"}],"replies":[{"embeddable":true,"href":"https:\/\/bertsch-holzbau.eu\/fr\/wp-json\/wp\/v2\/comments?post=84927"}],"version-history":[{"count":3,"href":"https:\/\/bertsch-holzbau.eu\/fr\/wp-json\/wp\/v2\/posts\/84927\/revisions"}],"predecessor-version":[{"id":84953,"href":"https:\/\/bertsch-holzbau.eu\/fr\/wp-json\/wp\/v2\/posts\/84927\/revisions\/84953"}],"wp:featuredmedia":[{"embeddable":true,"href":"https:\/\/bertsch-holzbau.eu\/fr\/wp-json\/wp\/v2\/media\/84811"}],"wp:attachment":[{"href":"https:\/\/bertsch-holzbau.eu\/fr\/wp-json\/wp\/v2\/media?parent=84927"}],"wp:term":[{"taxonomy":"category","embeddable":true,"href":"https:\/\/bertsch-holzbau.eu\/fr\/wp-json\/wp\/v2\/categories?post=84927"},{"taxonomy":"post_tag","embeddable":true,"href":"https:\/\/bertsch-holzbau.eu\/fr\/wp-json\/wp\/v2\/tags?post=84927"}],"curies":[{"name":"wp","href":"https:\/\/api.w.org\/{rel}","templated":true}]}}