{"id":38246,"date":"2024-05-06T23:40:16","date_gmt":"2024-05-06T21:40:16","guid":{"rendered":"https:\/\/bertsch-holzbau.eu\/blog\/how-to-choose-a-shed\/"},"modified":"2024-11-27T23:41:34","modified_gmt":"2024-11-27T22:41:34","slug":"comment-choisir-un-cabanon","status":"publish","type":"post","link":"https:\/\/bertsch-holzbau.eu\/fr\/blog\/comment-choisir-un-cabanon\/","title":{"rendered":"Comment choisir un cabanon"},"content":{"rendered":"\n<h3 class=\"wp-block-heading\">Taille et espace requis<\/h3>\n\n\n\n<p class=\"wp-block-paragraph\">Pour choisir l&rsquo;abri \u00e0 outils id\u00e9al, il est essentiel de tenir compte de la taille et de l&rsquo;espace disponible dans votre jardin. Avant d&rsquo;opter pour un mod\u00e8le particulier, mesurez soigneusement l&rsquo;espace disponible et r\u00e9fl\u00e9chissez \u00e0 vos besoins futurs en mati\u00e8re de stockage. Il est important que l&rsquo;abri ne contienne pas seulement tous les outils et \u00e9quipements n\u00e9cessaires, mais aussi qu&rsquo;il s&rsquo;int\u00e8gre harmonieusement \u00e0 son environnement sans perturber l&rsquo;am\u00e9nagement g\u00e9n\u00e9ral du jardin.<\/p>\n\n\n\n<h3 class=\"wp-block-heading\">Types d&rsquo;abris \u00e0 outils<\/h3>\n\n\n\n<p class=\"wp-block-paragraph\">Les cabanes \u00e0 outils peuvent \u00eatre fabriqu\u00e9es \u00e0 partir de divers mat\u00e9riaux, chacun ayant ses propres avantages et inconv\u00e9nients. Les meilleures cabanes \u00e0 outils se caract\u00e9risent par leur durabilit\u00e9, leur r\u00e9sistance aux intemp\u00e9ries et leur espace con\u00e7u de mani\u00e8re r\u00e9fl\u00e9chie. Choisissez celle qui r\u00e9pond \u00e0 vos attentes :<\/p>\n\n\n\n<ul class=\"wp-block-list\">\n<li>Bois : aspect naturel, s&rsquo;int\u00e8gre bien dans le jardin. N\u00e9cessite un entretien r\u00e9gulier, mais offre une excellente isolation.<\/li>\n\n\n\n<li>M\u00e9tal : tr\u00e8s durable et r\u00e9sistant aux parasites. Cependant, il peut se corroder dans des conditions humides et isole mal en temp\u00e9rature..<\/li>\n\n\n\n<li>Plastique : Il n\u00e9cessite peu d&rsquo;entretien et r\u00e9siste \u00e0 la corrosion et aux moisissures. Il est souvent moins esth\u00e9tique et peut \u00eatre moins r\u00e9sistant aux changements de conditions m\u00e9t\u00e9orologiques..<\/li>\n<\/ul>\n\n\n\n<h3 class=\"wp-block-heading\">Abris \u00e0 outils en bois<\/h3>\n\n\n\n<h3 class=\"wp-block-heading\">Avantages des cabanes \u00e0 outils en bois<\/h3>\n\n\n\n<div class=\"wp-block-columns is-layout-flex wp-container-core-columns-is-layout-8f761849 wp-block-columns-is-layout-flex\">\n<div class=\"wp-block-column is-vertically-aligned-center is-layout-flow wp-block-column-is-layout-flow\">\n<ol class=\"wp-block-list\">\n<li>Esth\u00e9tique : le bois est un mat\u00e9riau qui s&rsquo;int\u00e8gre naturellement dans le paysage du jardin, lui apportant chaleur et charme esth\u00e9tique. Les maisons en bois peuvent \u00e9galement \u00eatre facilement personnalis\u00e9es en les peignant ou en les teintant de diff\u00e9rentes couleurs..<\/li>\n\n\n\n<li>Bien isoler : Le bois poss\u00e8de des propri\u00e9t\u00e9s isolantes naturelles qui rendent l&rsquo;int\u00e9rieur du chalet plus frais en \u00e9t\u00e9 et plus chaud en hiver. Les chalets en bois conviennent donc parfaitement au stockage d&rsquo;objets sensibles \u00e0 la temp\u00e9rature. Chez BHB Holzbau, nous utilisons du bois scandinave de haute qualit\u00e9, qui est robuste et conserve ses propri\u00e9t\u00e9s naturelles..<\/li>\n\n\n\n<li>Possibilit\u00e9s de personnalisation : Le bois est facile \u00e0 travailler, ce qui permet d&rsquo;apporter facilement des modifications telles que l&rsquo;ajout de fen\u00eatres, de portes ou d&rsquo;\u00e9tag\u00e8res, ainsi que d&rsquo;autres changements structurels..<\/li>\n\n\n\n<li>Un choix \u00e9cologique : le bois est une mati\u00e8re premi\u00e8re renouvelable et son utilisation dans la construction a un impact environnemental moindre que la production de plastique ou de m\u00e9tal. Les meilleures cabanes \u00e0 outils sont fabriqu\u00e9es \u00e0 partir de bois provenant de sources responsables.&nbsp;<\/li>\n<\/ol>\n<\/div>\n\n\n\n<div class=\"wp-block-column is-vertically-aligned-center is-layout-flow wp-block-column-is-layout-flow\">\n<figure class=\"wp-block-image size-large\"><img loading=\"lazy\" decoding=\"async\" width=\"1024\" height=\"778\" src=\"https:\/\/bertsch-holzbau.eu\/wp-content\/uploads\/2024\/08\/000766-01-1-1024x778.jpg\" alt=\"\" class=\"wp-image-39416\" srcset=\"https:\/\/bertsch-holzbau.eu\/wp-content\/uploads\/2024\/08\/000766-01-1-1024x778.jpg 1024w, https:\/\/bertsch-holzbau.eu\/wp-content\/uploads\/2024\/08\/000766-01-1-300x228.jpg 300w, https:\/\/bertsch-holzbau.eu\/wp-content\/uploads\/2024\/08\/000766-01-1-768x584.jpg 768w, https:\/\/bertsch-holzbau.eu\/wp-content\/uploads\/2024\/08\/000766-01-1-1536x1167.jpg 1536w, https:\/\/bertsch-holzbau.eu\/wp-content\/uploads\/2024\/08\/000766-01-1-400x304.jpg 400w, https:\/\/bertsch-holzbau.eu\/wp-content\/uploads\/2024\/08\/000766-01-1-600x456.jpg 600w, https:\/\/bertsch-holzbau.eu\/wp-content\/uploads\/2024\/08\/000766-01-1-800x608.jpg 800w, https:\/\/bertsch-holzbau.eu\/wp-content\/uploads\/2024\/08\/000766-01-1-1200x912.jpg 1200w, https:\/\/bertsch-holzbau.eu\/wp-content\/uploads\/2024\/08\/000766-01-1.jpg 1928w\" sizes=\"auto, (max-width: 1024px) 100vw, 1024px\" \/><\/figure>\n<\/div>\n<\/div>\n\n\n\n<h3 class=\"wp-block-heading\">Inconv\u00e9nients des cabanes \u00e0 outils en bois<\/h3>\n\n\n\n<ol class=\"wp-block-list\">\n<li>N\u00e9cessite un entretien : Le bois doit \u00eatre r\u00e9guli\u00e8rement entretenu et prot\u00e9g\u00e9 de l&rsquo;humidit\u00e9, des moisissures, des parasites et des intemp\u00e9ries. Il est n\u00e9cessaire d&rsquo;utiliser des impr\u00e9gnants, des peintures ou des vernis pour assurer la long\u00e9vit\u00e9 de la structure.<\/li>\n\n\n\n<li>Susceptibilit\u00e9 aux parasites : Le bois peut attirer des insectes qui peuvent causer de graves dommages structurels. N\u00e9cessite une pr\u00e9vention et un entretien appropri\u00e9s.<\/li>\n\n\n\n<li>Co\u00fbt : les cabanes \u00e0 outils en bois peuvent \u00eatre l\u00e9g\u00e8rement plus ch\u00e8res \u00e0 l&rsquo;achat et au fonctionnement que les cabanes en m\u00e9tal ou en plastique, en raison de la n\u00e9cessit\u00e9 d&rsquo;un entretien r\u00e9gulier et de mat\u00e9riaux potentiellement plus on\u00e9reux.<\/li>\n<\/ol>\n\n\n\n<h3 class=\"wp-block-heading\">Types et utilisations des maisons \u00e0 outils<\/h3>\n\n\n\n<p class=\"wp-block-paragraph\">Les abris de jardin diff\u00e8rent non seulement par leur mat\u00e9riau de construction, mais aussi par leur fonction:<\/p>\n\n\n\n<ul class=\"wp-block-list\">\n<li>Abris de stockage : id\u00e9al pour stocker des outils, du mat\u00e9riel de jardinage et d&rsquo;autres objets.<\/li>\n\n\n\n<li>Ateliers : Espaces permettant de travailler sur des projets plus importants, souvent \u00e9quip\u00e9s de fen\u00eatres suppl\u00e9mentaires pour un meilleur \u00e9clairage.<\/li>\n\n\n\n<li>Jardinage : les cabanes \u00e0 outils en bois sont id\u00e9ales pour conserver les plantes en automne et en hiver. Elles offrent une protection contre les intemp\u00e9ries et les basses temp\u00e9ratures.<\/li>\n<\/ul>\n\n\n\n<div class=\"wp-block-group green-box\"><div class=\"wp-block-group__inner-container is-layout-constrained wp-block-group-is-layout-constrained\">\n<h3 class=\"wp-block-heading\">Structures et caract\u00e9ristiques<\/h3>\n\n\n\n<p class=\"wp-block-paragraph\">Lors du choix d&rsquo;un mod\u00e8le d&rsquo;abri, il est important d&rsquo;examiner le type de toit, qui peut \u00eatre simple ou \u00e0 pignon, ainsi que les options de porte &#8211; simple ou double pour faciliter l&rsquo;acc\u00e8s. La lumi\u00e8re naturelle et la ventilation sont tout aussi importantes, surtout si vous pr\u00e9voyez de passer plus de temps dans l&rsquo;abri, par exemple pour bricoler.<\/p>\n<\/div><\/div>\n\n\n\n<p class=\"wp-block-paragraph\">Isolation et contr\u00f4le de la temp\u00e9rature : l&rsquo;isolation est essentielle si l&rsquo;abri doit \u00eatre utilis\u00e9 tout au long de l&rsquo;ann\u00e9e, en particulier dans les r\u00e9gions o\u00f9 les temp\u00e9ratures sont extr\u00eames. Une isolation de bonne qualit\u00e9 permet de maintenir la bonne temp\u00e9rature \u00e0 l&rsquo;int\u00e9rieur et de prot\u00e9ger les objets stock\u00e9s.<\/p>\n\n\n\n<p class=\"wp-block-paragraph\">Caract\u00e9ristiques de s\u00e9curit\u00e9 : Des serrures robustes, des charni\u00e8res durables et une bonne conception de la porte peuvent dissuader les voleurs potentiels.<\/p>\n\n\n\n<p class=\"wp-block-paragraph\">Consid\u00e9rations juridiques : Dans certains cas, en fonction de la taille ou de l&rsquo;objectif de la remise, un permis de construire peut \u00eatre n\u00e9cessaire. Il est toujours utile de v\u00e9rifier ce point aupr\u00e8s des autorit\u00e9s locales afin d&rsquo;\u00e9viter tout probl\u00e8me juridique.<\/p>\n\n\n\n<p class=\"wp-block-paragraph\">Budget : le co\u00fbt d&rsquo;achat d&rsquo;un abri de jardin peut varier consid\u00e9rablement en fonction de la taille, des mat\u00e9riaux et des caract\u00e9ristiques suppl\u00e9mentaires. Lorsque vous planifiez votre budget, il est utile de prendre en compte non seulement le co\u00fbt de l&rsquo;abri lui-m\u00eame, mais aussi celui des fondations, de l&rsquo;installation et des \u00e9ventuels travaux d&rsquo;adaptation.<\/p>\n\n\n\n<p class=\"wp-block-paragraph\">Les accessoires de l&rsquo;abri de jardin : \u00e9tag\u00e8res, solutions d&rsquo;\u00e9clairage ou m\u00eame panneaux solaires peuvent augmenter de mani\u00e8re significative la fonctionnalit\u00e9 d&rsquo;un abri de jardin. Ces accessoires permettent de mieux organiser l&rsquo;espace et peuvent contribuer \u00e0 l&rsquo;efficacit\u00e9 \u00e9nerg\u00e9tique de l&rsquo;ensemble de la maison.<\/p>\n\n\n\n<p class=\"wp-block-paragraph\">Le choix de l&rsquo;abri \u00e0 outils appropri\u00e9 n\u00e9cessite une d\u00e9cision r\u00e9fl\u00e9chie qui prend en compte de nombreux facteurs. Les meilleures cabanes \u00e0 outils sont celles qui sont adapt\u00e9es \u00e0 vos pr\u00e9f\u00e9rences individuelles. Pensez \u00e0 la taille, aux mat\u00e9riaux, \u00e0 la construction et aux caract\u00e9ristiques de s\u00e9curit\u00e9 et d&rsquo;isolation. Une d\u00e9cision r\u00e9fl\u00e9chie vous permettra de profiter d&rsquo;un ajout fonctionnel et esth\u00e9tique \u00e0 votre jardin pendant de nombreuses ann\u00e9es.<\/p>\n\n\n\n<figure class=\"wp-block-gallery has-nested-images columns-default is-cropped wp-block-gallery-1 is-layout-flex wp-block-gallery-is-layout-flex\">\n<figure class=\"wp-block-image size-large\"><img loading=\"lazy\" decoding=\"async\" width=\"1024\" height=\"683\" data-id=\"84604\" src=\"https:\/\/bertsch-holzbau.eu\/wp-content\/uploads\/2024\/10\/000605-01-1024x683.jpg\" alt=\"\" class=\"wp-image-84604\" srcset=\"https:\/\/bertsch-holzbau.eu\/wp-content\/uploads\/2024\/10\/000605-01-1024x683.jpg 1024w, https:\/\/bertsch-holzbau.eu\/wp-content\/uploads\/2024\/10\/000605-01-300x200.jpg 300w, https:\/\/bertsch-holzbau.eu\/wp-content\/uploads\/2024\/10\/000605-01-768x512.jpg 768w, https:\/\/bertsch-holzbau.eu\/wp-content\/uploads\/2024\/10\/000605-01-400x267.jpg 400w, https:\/\/bertsch-holzbau.eu\/wp-content\/uploads\/2024\/10\/000605-01-600x400.jpg 600w, https:\/\/bertsch-holzbau.eu\/wp-content\/uploads\/2024\/10\/000605-01-800x534.jpg 800w, https:\/\/bertsch-holzbau.eu\/wp-content\/uploads\/2024\/10\/000605-01-1200x801.jpg 1200w, https:\/\/bertsch-holzbau.eu\/wp-content\/uploads\/2024\/10\/000605-01.jpg 1331w\" sizes=\"auto, (max-width: 1024px) 100vw, 1024px\" \/><\/figure>\n\n\n\n<figure class=\"wp-block-image size-large\"><img loading=\"lazy\" decoding=\"async\" width=\"1024\" height=\"682\" data-id=\"39207\" src=\"https:\/\/bertsch-holzbau.eu\/wp-content\/uploads\/2024\/08\/000785-01-1024x682.jpg\" alt=\"\" class=\"wp-image-39207\" srcset=\"https:\/\/bertsch-holzbau.eu\/wp-content\/uploads\/2024\/08\/000785-01-1024x682.jpg 1024w, https:\/\/bertsch-holzbau.eu\/wp-content\/uploads\/2024\/08\/000785-01-300x200.jpg 300w, https:\/\/bertsch-holzbau.eu\/wp-content\/uploads\/2024\/08\/000785-01-768x512.jpg 768w, https:\/\/bertsch-holzbau.eu\/wp-content\/uploads\/2024\/08\/000785-01-1536x1024.jpg 1536w, https:\/\/bertsch-holzbau.eu\/wp-content\/uploads\/2024\/08\/000785-01-2048x1365.jpg 2048w, https:\/\/bertsch-holzbau.eu\/wp-content\/uploads\/2024\/08\/000785-01-400x267.jpg 400w, https:\/\/bertsch-holzbau.eu\/wp-content\/uploads\/2024\/08\/000785-01-600x400.jpg 600w, https:\/\/bertsch-holzbau.eu\/wp-content\/uploads\/2024\/08\/000785-01-800x533.jpg 800w, https:\/\/bertsch-holzbau.eu\/wp-content\/uploads\/2024\/08\/000785-01-1200x800.jpg 1200w\" sizes=\"auto, (max-width: 1024px) 100vw, 1024px\" \/><\/figure>\n\n\n\n<figure class=\"wp-block-image size-large\"><img loading=\"lazy\" decoding=\"async\" width=\"1024\" height=\"766\" data-id=\"39527\" src=\"https:\/\/bertsch-holzbau.eu\/wp-content\/uploads\/2024\/08\/000017-01-1024x766.jpg\" alt=\"\" class=\"wp-image-39527\" srcset=\"https:\/\/bertsch-holzbau.eu\/wp-content\/uploads\/2024\/08\/000017-01-1024x766.jpg 1024w, https:\/\/bertsch-holzbau.eu\/wp-content\/uploads\/2024\/08\/000017-01-300x224.jpg 300w, https:\/\/bertsch-holzbau.eu\/wp-content\/uploads\/2024\/08\/000017-01-768x574.jpg 768w, https:\/\/bertsch-holzbau.eu\/wp-content\/uploads\/2024\/08\/000017-01-1536x1148.jpg 1536w, https:\/\/bertsch-holzbau.eu\/wp-content\/uploads\/2024\/08\/000017-01-2048x1531.jpg 2048w, https:\/\/bertsch-holzbau.eu\/wp-content\/uploads\/2024\/08\/000017-01-400x299.jpg 400w, https:\/\/bertsch-holzbau.eu\/wp-content\/uploads\/2024\/08\/000017-01-600x449.jpg 600w, https:\/\/bertsch-holzbau.eu\/wp-content\/uploads\/2024\/08\/000017-01-800x598.jpg 800w, https:\/\/bertsch-holzbau.eu\/wp-content\/uploads\/2024\/08\/000017-01-1200x897.jpg 1200w\" sizes=\"auto, (max-width: 1024px) 100vw, 1024px\" \/><\/figure>\n<\/figure>\n","protected":false},"excerpt":{"rendered":"<p>Taille et espace requis Pour choisir l&rsquo;abri \u00e0 outils id\u00e9al, il est essentiel de tenir compte de la taille et de l&rsquo;espace disponible dans votre jardin. Avant d&rsquo;opter pour un mod\u00e8le particulier, mesurez soigneusement l&rsquo;espace disponible et r\u00e9fl\u00e9chissez \u00e0 vos besoins futurs en mati\u00e8re de stockage. Il est important que l&rsquo;abri ne contienne pas seulement [&hellip;]<\/p>\n","protected":false},"author":5,"featured_media":111991,"comment_status":"open","ping_status":"open","sticky":false,"template":"","format":"standard","meta":{"_acf_changed":false,"footnotes":""},"categories":[335],"tags":[],"class_list":["post-38246","post","type-post","status-publish","format-standard","has-post-thumbnail","hentry","category-guides"],"acf":[],"yoast_head":"<!-- This site is optimized with the Yoast SEO plugin v27.8 - https:\/\/yoast.com\/product\/yoast-seo-wordpress\/ -->\n<title>Comment choisir un cabanon - BHB Bertsch Holzbau<\/title>\n<meta name=\"robots\" content=\"index, follow, max-snippet:-1, max-image-preview:large, max-video-preview:-1\" \/>\n<meta property=\"og:locale\" content=\"fr_FR\" \/>\n<meta property=\"og:type\" content=\"article\" \/>\n<meta property=\"og:title\" content=\"Comment choisir un cabanon - BHB Bertsch Holzbau\" \/>\n<meta property=\"og:description\" content=\"Taille et espace requis Pour choisir l&rsquo;abri \u00e0 outils id\u00e9al, il est essentiel de tenir compte de la taille et de l&rsquo;espace disponible dans votre jardin. Avant d&rsquo;opter pour un mod\u00e8le particulier, mesurez soigneusement l&rsquo;espace disponible et r\u00e9fl\u00e9chissez \u00e0 vos besoins futurs en mati\u00e8re de stockage. Il est important que l&rsquo;abri ne contienne pas seulement [&hellip;]\" \/>\n<meta property=\"og:url\" content=\"https:\/\/bertsch-holzbau.eu\/fr\/blog\/comment-choisir-un-cabanon\/\" \/>\n<meta property=\"og:site_name\" content=\"BHB Bertsch Holzbau\" \/>\n<meta property=\"article:publisher\" content=\"https:\/\/www.facebook.com\/bertschholzbau\/\" \/>\n<meta property=\"article:published_time\" content=\"2024-05-06T21:40:16+00:00\" \/>\n<meta property=\"article:modified_time\" content=\"2024-11-27T22:41:34+00:00\" \/>\n<meta property=\"og:image\" content=\"https:\/\/bertsch-holzbau.eu\/wp-content\/uploads\/2024\/08\/001055-02.jpg\" \/>\n\t<meta property=\"og:image:width\" content=\"1920\" \/>\n\t<meta property=\"og:image:height\" content=\"2560\" \/>\n\t<meta property=\"og:image:type\" content=\"image\/jpeg\" \/>\n<meta name=\"author\" content=\"Magdalena Mroczka\" \/>\n<meta name=\"twitter:card\" content=\"summary_large_image\" \/>\n<meta name=\"twitter:label1\" content=\"\u00c9crit par\" \/>\n\t<meta name=\"twitter:data1\" content=\"Magdalena Mroczka\" \/>\n\t<meta name=\"twitter:label2\" content=\"Dur\u00e9e de lecture estim\u00e9e\" \/>\n\t<meta name=\"twitter:data2\" content=\"5 minutes\" \/>\n<script type=\"application\/ld+json\" class=\"yoast-schema-graph\">{\"@context\":\"https:\\\/\\\/schema.org\",\"@graph\":[{\"@type\":\"Article\",\"@id\":\"https:\\\/\\\/bertsch-holzbau.eu\\\/fr\\\/blog\\\/comment-choisir-un-cabanon\\\/#article\",\"isPartOf\":{\"@id\":\"https:\\\/\\\/bertsch-holzbau.eu\\\/fr\\\/blog\\\/comment-choisir-un-cabanon\\\/\"},\"author\":{\"name\":\"Magdalena Mroczka\",\"@id\":\"https:\\\/\\\/bertsch-holzbau.eu\\\/fr\\\/#\\\/schema\\\/person\\\/d991de296c7cd39d1a37ec5a5bd54a5f\"},\"headline\":\"Comment choisir un cabanon\",\"datePublished\":\"2024-05-06T21:40:16+00:00\",\"dateModified\":\"2024-11-27T22:41:34+00:00\",\"mainEntityOfPage\":{\"@id\":\"https:\\\/\\\/bertsch-holzbau.eu\\\/fr\\\/blog\\\/comment-choisir-un-cabanon\\\/\"},\"wordCount\":1059,\"commentCount\":0,\"publisher\":{\"@id\":\"https:\\\/\\\/bertsch-holzbau.eu\\\/fr\\\/#organization\"},\"image\":{\"@id\":\"https:\\\/\\\/bertsch-holzbau.eu\\\/fr\\\/blog\\\/comment-choisir-un-cabanon\\\/#primaryimage\"},\"thumbnailUrl\":\"https:\\\/\\\/bertsch-holzbau.eu\\\/wp-content\\\/uploads\\\/2024\\\/05\\\/17.-Jak-wybrac-domek-narzedziowy.jpg\",\"articleSection\":[\"Guides\"],\"inLanguage\":\"fr-FR\",\"potentialAction\":[{\"@type\":\"CommentAction\",\"name\":\"Comment\",\"target\":[\"https:\\\/\\\/bertsch-holzbau.eu\\\/fr\\\/blog\\\/comment-choisir-un-cabanon\\\/#respond\"]}]},{\"@type\":\"WebPage\",\"@id\":\"https:\\\/\\\/bertsch-holzbau.eu\\\/fr\\\/blog\\\/comment-choisir-un-cabanon\\\/\",\"url\":\"https:\\\/\\\/bertsch-holzbau.eu\\\/fr\\\/blog\\\/comment-choisir-un-cabanon\\\/\",\"name\":\"Comment choisir un cabanon - BHB Bertsch Holzbau\",\"isPartOf\":{\"@id\":\"https:\\\/\\\/bertsch-holzbau.eu\\\/fr\\\/#website\"},\"primaryImageOfPage\":{\"@id\":\"https:\\\/\\\/bertsch-holzbau.eu\\\/fr\\\/blog\\\/comment-choisir-un-cabanon\\\/#primaryimage\"},\"image\":{\"@id\":\"https:\\\/\\\/bertsch-holzbau.eu\\\/fr\\\/blog\\\/comment-choisir-un-cabanon\\\/#primaryimage\"},\"thumbnailUrl\":\"https:\\\/\\\/bertsch-holzbau.eu\\\/wp-content\\\/uploads\\\/2024\\\/05\\\/17.-Jak-wybrac-domek-narzedziowy.jpg\",\"datePublished\":\"2024-05-06T21:40:16+00:00\",\"dateModified\":\"2024-11-27T22:41:34+00:00\",\"breadcrumb\":{\"@id\":\"https:\\\/\\\/bertsch-holzbau.eu\\\/fr\\\/blog\\\/comment-choisir-un-cabanon\\\/#breadcrumb\"},\"inLanguage\":\"fr-FR\",\"potentialAction\":[{\"@type\":\"ReadAction\",\"target\":[\"https:\\\/\\\/bertsch-holzbau.eu\\\/fr\\\/blog\\\/comment-choisir-un-cabanon\\\/\"]}]},{\"@type\":\"ImageObject\",\"inLanguage\":\"fr-FR\",\"@id\":\"https:\\\/\\\/bertsch-holzbau.eu\\\/fr\\\/blog\\\/comment-choisir-un-cabanon\\\/#primaryimage\",\"url\":\"https:\\\/\\\/bertsch-holzbau.eu\\\/wp-content\\\/uploads\\\/2024\\\/05\\\/17.-Jak-wybrac-domek-narzedziowy.jpg\",\"contentUrl\":\"https:\\\/\\\/bertsch-holzbau.eu\\\/wp-content\\\/uploads\\\/2024\\\/05\\\/17.-Jak-wybrac-domek-narzedziowy.jpg\",\"width\":1200,\"height\":900},{\"@type\":\"BreadcrumbList\",\"@id\":\"https:\\\/\\\/bertsch-holzbau.eu\\\/fr\\\/blog\\\/comment-choisir-un-cabanon\\\/#breadcrumb\",\"itemListElement\":[{\"@type\":\"ListItem\",\"position\":1,\"name\":\"Home\",\"item\":\"https:\\\/\\\/bertsch-holzbau.eu\\\/fr\\\/\"},{\"@type\":\"ListItem\",\"position\":2,\"name\":\"Comment choisir un cabanon\"}]},{\"@type\":\"WebSite\",\"@id\":\"https:\\\/\\\/bertsch-holzbau.eu\\\/fr\\\/#website\",\"url\":\"https:\\\/\\\/bertsch-holzbau.eu\\\/fr\\\/\",\"name\":\"BHB Bertsch Holzbau\",\"description\":\"\",\"publisher\":{\"@id\":\"https:\\\/\\\/bertsch-holzbau.eu\\\/fr\\\/#organization\"},\"potentialAction\":[{\"@type\":\"SearchAction\",\"target\":{\"@type\":\"EntryPoint\",\"urlTemplate\":\"https:\\\/\\\/bertsch-holzbau.eu\\\/fr\\\/?s={search_term_string}\"},\"query-input\":{\"@type\":\"PropertyValueSpecification\",\"valueRequired\":true,\"valueName\":\"search_term_string\"}}],\"inLanguage\":\"fr-FR\"},[],{\"@type\":\"Person\",\"@id\":\"https:\\\/\\\/bertsch-holzbau.eu\\\/fr\\\/#\\\/schema\\\/person\\\/d991de296c7cd39d1a37ec5a5bd54a5f\",\"name\":\"Magdalena Mroczka\",\"image\":{\"@type\":\"ImageObject\",\"inLanguage\":\"fr-FR\",\"@id\":\"https:\\\/\\\/bertsch-holzbau.eu\\\/wp-content\\\/litespeed\\\/avatar\\\/8bbb42f3f1b67ba6d7d3e95d75a7313a.jpg?ver=1788166946\",\"url\":\"https:\\\/\\\/bertsch-holzbau.eu\\\/wp-content\\\/litespeed\\\/avatar\\\/8bbb42f3f1b67ba6d7d3e95d75a7313a.jpg?ver=1788166946\",\"contentUrl\":\"https:\\\/\\\/bertsch-holzbau.eu\\\/wp-content\\\/litespeed\\\/avatar\\\/8bbb42f3f1b67ba6d7d3e95d75a7313a.jpg?ver=1788166946\",\"caption\":\"Magdalena Mroczka\"},\"url\":\"https:\\\/\\\/bertsch-holzbau.eu\\\/fr\\\/blog\\\/author\\\/m-mroczka\\\/\"}]}<\/script>\n<!-- \/ Yoast SEO plugin. -->","yoast_head_json":{"title":"Comment choisir un cabanon - BHB Bertsch Holzbau","robots":{"index":"index","follow":"follow","max-snippet":"max-snippet:-1","max-image-preview":"max-image-preview:large","max-video-preview":"max-video-preview:-1"},"og_locale":"fr_FR","og_type":"article","og_title":"Comment choisir un cabanon - BHB Bertsch Holzbau","og_description":"Taille et espace requis Pour choisir l&rsquo;abri \u00e0 outils id\u00e9al, il est essentiel de tenir compte de la taille et de l&rsquo;espace disponible dans votre jardin. Avant d&rsquo;opter pour un mod\u00e8le particulier, mesurez soigneusement l&rsquo;espace disponible et r\u00e9fl\u00e9chissez \u00e0 vos besoins futurs en mati\u00e8re de stockage. Il est important que l&rsquo;abri ne contienne pas seulement [&hellip;]","og_url":"https:\/\/bertsch-holzbau.eu\/fr\/blog\/comment-choisir-un-cabanon\/","og_site_name":"BHB Bertsch Holzbau","article_publisher":"https:\/\/www.facebook.com\/bertschholzbau\/","article_published_time":"2024-05-06T21:40:16+00:00","article_modified_time":"2024-11-27T22:41:34+00:00","og_image":[{"width":1920,"height":2560,"url":"https:\/\/bertsch-holzbau.eu\/wp-content\/uploads\/2024\/08\/001055-02.jpg","type":"image\/jpeg"}],"author":"Magdalena Mroczka","twitter_card":"summary_large_image","twitter_misc":{"\u00c9crit par":"Magdalena Mroczka","Dur\u00e9e de lecture estim\u00e9e":"5 minutes"},"schema":{"@context":"https:\/\/schema.org","@graph":[{"@type":"Article","@id":"https:\/\/bertsch-holzbau.eu\/fr\/blog\/comment-choisir-un-cabanon\/#article","isPartOf":{"@id":"https:\/\/bertsch-holzbau.eu\/fr\/blog\/comment-choisir-un-cabanon\/"},"author":{"name":"Magdalena Mroczka","@id":"https:\/\/bertsch-holzbau.eu\/fr\/#\/schema\/person\/d991de296c7cd39d1a37ec5a5bd54a5f"},"headline":"Comment choisir un cabanon","datePublished":"2024-05-06T21:40:16+00:00","dateModified":"2024-11-27T22:41:34+00:00","mainEntityOfPage":{"@id":"https:\/\/bertsch-holzbau.eu\/fr\/blog\/comment-choisir-un-cabanon\/"},"wordCount":1059,"commentCount":0,"publisher":{"@id":"https:\/\/bertsch-holzbau.eu\/fr\/#organization"},"image":{"@id":"https:\/\/bertsch-holzbau.eu\/fr\/blog\/comment-choisir-un-cabanon\/#primaryimage"},"thumbnailUrl":"https:\/\/bertsch-holzbau.eu\/wp-content\/uploads\/2024\/05\/17.-Jak-wybrac-domek-narzedziowy.jpg","articleSection":["Guides"],"inLanguage":"fr-FR","potentialAction":[{"@type":"CommentAction","name":"Comment","target":["https:\/\/bertsch-holzbau.eu\/fr\/blog\/comment-choisir-un-cabanon\/#respond"]}]},{"@type":"WebPage","@id":"https:\/\/bertsch-holzbau.eu\/fr\/blog\/comment-choisir-un-cabanon\/","url":"https:\/\/bertsch-holzbau.eu\/fr\/blog\/comment-choisir-un-cabanon\/","name":"Comment choisir un cabanon - BHB Bertsch Holzbau","isPartOf":{"@id":"https:\/\/bertsch-holzbau.eu\/fr\/#website"},"primaryImageOfPage":{"@id":"https:\/\/bertsch-holzbau.eu\/fr\/blog\/comment-choisir-un-cabanon\/#primaryimage"},"image":{"@id":"https:\/\/bertsch-holzbau.eu\/fr\/blog\/comment-choisir-un-cabanon\/#primaryimage"},"thumbnailUrl":"https:\/\/bertsch-holzbau.eu\/wp-content\/uploads\/2024\/05\/17.-Jak-wybrac-domek-narzedziowy.jpg","datePublished":"2024-05-06T21:40:16+00:00","dateModified":"2024-11-27T22:41:34+00:00","breadcrumb":{"@id":"https:\/\/bertsch-holzbau.eu\/fr\/blog\/comment-choisir-un-cabanon\/#breadcrumb"},"inLanguage":"fr-FR","potentialAction":[{"@type":"ReadAction","target":["https:\/\/bertsch-holzbau.eu\/fr\/blog\/comment-choisir-un-cabanon\/"]}]},{"@type":"ImageObject","inLanguage":"fr-FR","@id":"https:\/\/bertsch-holzbau.eu\/fr\/blog\/comment-choisir-un-cabanon\/#primaryimage","url":"https:\/\/bertsch-holzbau.eu\/wp-content\/uploads\/2024\/05\/17.-Jak-wybrac-domek-narzedziowy.jpg","contentUrl":"https:\/\/bertsch-holzbau.eu\/wp-content\/uploads\/2024\/05\/17.-Jak-wybrac-domek-narzedziowy.jpg","width":1200,"height":900},{"@type":"BreadcrumbList","@id":"https:\/\/bertsch-holzbau.eu\/fr\/blog\/comment-choisir-un-cabanon\/#breadcrumb","itemListElement":[{"@type":"ListItem","position":1,"name":"Home","item":"https:\/\/bertsch-holzbau.eu\/fr\/"},{"@type":"ListItem","position":2,"name":"Comment choisir un cabanon"}]},{"@type":"WebSite","@id":"https:\/\/bertsch-holzbau.eu\/fr\/#website","url":"https:\/\/bertsch-holzbau.eu\/fr\/","name":"BHB Bertsch Holzbau","description":"","publisher":{"@id":"https:\/\/bertsch-holzbau.eu\/fr\/#organization"},"potentialAction":[{"@type":"SearchAction","target":{"@type":"EntryPoint","urlTemplate":"https:\/\/bertsch-holzbau.eu\/fr\/?s={search_term_string}"},"query-input":{"@type":"PropertyValueSpecification","valueRequired":true,"valueName":"search_term_string"}}],"inLanguage":"fr-FR"},[],{"@type":"Person","@id":"https:\/\/bertsch-holzbau.eu\/fr\/#\/schema\/person\/d991de296c7cd39d1a37ec5a5bd54a5f","name":"Magdalena Mroczka","image":{"@type":"ImageObject","inLanguage":"fr-FR","@id":"https:\/\/bertsch-holzbau.eu\/wp-content\/litespeed\/avatar\/8bbb42f3f1b67ba6d7d3e95d75a7313a.jpg?ver=1788166946","url":"https:\/\/bertsch-holzbau.eu\/wp-content\/litespeed\/avatar\/8bbb42f3f1b67ba6d7d3e95d75a7313a.jpg?ver=1788166946","contentUrl":"https:\/\/bertsch-holzbau.eu\/wp-content\/litespeed\/avatar\/8bbb42f3f1b67ba6d7d3e95d75a7313a.jpg?ver=1788166946","caption":"Magdalena Mroczka"},"url":"https:\/\/bertsch-holzbau.eu\/fr\/blog\/author\/m-mroczka\/"}]}},"_links":{"self":[{"href":"https:\/\/bertsch-holzbau.eu\/fr\/wp-json\/wp\/v2\/posts\/38246","targetHints":{"allow":["GET"]}}],"collection":[{"href":"https:\/\/bertsch-holzbau.eu\/fr\/wp-json\/wp\/v2\/posts"}],"about":[{"href":"https:\/\/bertsch-holzbau.eu\/fr\/wp-json\/wp\/v2\/types\/post"}],"author":[{"embeddable":true,"href":"https:\/\/bertsch-holzbau.eu\/fr\/wp-json\/wp\/v2\/users\/5"}],"replies":[{"embeddable":true,"href":"https:\/\/bertsch-holzbau.eu\/fr\/wp-json\/wp\/v2\/comments?post=38246"}],"version-history":[{"count":2,"href":"https:\/\/bertsch-holzbau.eu\/fr\/wp-json\/wp\/v2\/posts\/38246\/revisions"}],"predecessor-version":[{"id":88692,"href":"https:\/\/bertsch-holzbau.eu\/fr\/wp-json\/wp\/v2\/posts\/38246\/revisions\/88692"}],"wp:featuredmedia":[{"embeddable":true,"href":"https:\/\/bertsch-holzbau.eu\/fr\/wp-json\/wp\/v2\/media\/111991"}],"wp:attachment":[{"href":"https:\/\/bertsch-holzbau.eu\/fr\/wp-json\/wp\/v2\/media?parent=38246"}],"wp:term":[{"taxonomy":"category","embeddable":true,"href":"https:\/\/bertsch-holzbau.eu\/fr\/wp-json\/wp\/v2\/categories?post=38246"},{"taxonomy":"post_tag","embeddable":true,"href":"https:\/\/bertsch-holzbau.eu\/fr\/wp-json\/wp\/v2\/tags?post=38246"}],"curies":[{"name":"wp","href":"https:\/\/api.w.org\/{rel}","templated":true}]}}