{"id":95867,"date":"2025-04-15T19:26:27","date_gmt":"2025-04-15T17:26:27","guid":{"rendered":"https:\/\/bertsch-holzbau.eu\/blog\/mafal-new-metal-products-from-bhb\/"},"modified":"2026-02-20T08:57:20","modified_gmt":"2026-02-20T07:57:20","slug":"mafal-nuevos-productos-metalicos-de-bhb","status":"publish","type":"post","link":"https:\/\/bertsch-holzbau.eu\/es\/blog\/mafal-nuevos-productos-metalicos-de-bhb\/","title":{"rendered":"MAFAL &#8211; nuevos productos de metal de Bertsch Holzbau"},"content":{"rendered":"\n<p class=\"wp-block-paragraph\">MAFAL es una nueva marca de Bertsch Holzbau que abre un nuevo cap\u00edtulo en el dise\u00f1o y la producci\u00f3n de estructuras met\u00e1licas modernas para jardines. Naci\u00f3 de la necesidad de crear productos tan duraderos como est\u00e9ticos, que respondieran a las expectativas de los clientes que buscan soluciones modernas, resistentes y personalizadas para su jard\u00edn o propiedad.<\/p>\n\n\n\n<h2 class=\"wp-block-heading\">\u00bfDe d\u00f3nde viene el nombre MAFAL?<\/h2>\n\n\n\n<p class=\"wp-block-paragraph\">MAFAL es una marca con alma. Al igual que ZULUNA, una marca subsidiaria de BHB, MAFAL toma su nombre de historias familiares personales. No es una colecci\u00f3n aleatoria de letras, sino una composici\u00f3n bien pensada de significados y emociones.<br><\/p>\n\n\n\n<div class=\"wp-block-columns is-layout-flex wp-container-core-columns-is-layout-8f761849 wp-block-columns-is-layout-flex\">\n<div class=\"wp-block-column is-vertically-aligned-center is-layout-flow wp-block-column-is-layout-flow\">\n<ul class=\"wp-block-list\">\n<li><strong>La M<\/strong>\u00a0representa a Marcelina, la hija menor de la propietaria, que simboliza una perspectiva fresca, el coraje en el pensamiento de dise\u00f1o y la est\u00e9tica moderna. Su nombre es una invitaci\u00f3n a una nueva generaci\u00f3n de arquitectura de jardines.<\/li>\n\n\n\n<li><strong>F<\/strong>\u00a0es de\u00a0<em>Ferro (<\/em>hierro). Es el coraz\u00f3n de toda la estructura, sin\u00f3nimo de fiabilidad, resistencia y fuerza, que define la durabilidad de los cobertizos y marquesinas MAFAL.<\/li>\n\n\n\n<li><strong>AL<\/strong>\u00a0tiene un doble significado:\u00a0<em>aluminio<\/em>, un material que simboliza modernidad, ligereza y fuerza, y\u00a0<strong>Alicja<\/strong>, la esposa del propietario, que fue la inspiraci\u00f3n para crear una marca con s\u00f3lidas bases familiares.<\/li>\n<\/ul>\n<\/div>\n\n\n\n<div class=\"wp-block-column is-vertically-aligned-center is-layout-flow wp-block-column-is-layout-flow\">\n<figure class=\"wp-block-image size-large\"><img loading=\"lazy\" decoding=\"async\" width=\"1024\" height=\"768\" src=\"https:\/\/bertsch-holzbau.eu\/wp-content\/uploads\/2025\/04\/Mafal_1-1024x768.webp\" alt=\"\" class=\"wp-image-95792\" srcset=\"https:\/\/bertsch-holzbau.eu\/wp-content\/uploads\/2025\/04\/Mafal_1-1024x768.webp 1024w, https:\/\/bertsch-holzbau.eu\/wp-content\/uploads\/2025\/04\/Mafal_1-300x225.webp 300w, https:\/\/bertsch-holzbau.eu\/wp-content\/uploads\/2025\/04\/Mafal_1-768x576.webp 768w, https:\/\/bertsch-holzbau.eu\/wp-content\/uploads\/2025\/04\/Mafal_1-1536x1152.webp 1536w, https:\/\/bertsch-holzbau.eu\/wp-content\/uploads\/2025\/04\/Mafal_1-2048x1536.webp 2048w, https:\/\/bertsch-holzbau.eu\/wp-content\/uploads\/2025\/04\/Mafal_1-400x300.webp 400w, https:\/\/bertsch-holzbau.eu\/wp-content\/uploads\/2025\/04\/Mafal_1-600x450.webp 600w, https:\/\/bertsch-holzbau.eu\/wp-content\/uploads\/2025\/04\/Mafal_1-800x600.webp 800w, https:\/\/bertsch-holzbau.eu\/wp-content\/uploads\/2025\/04\/Mafal_1-1200x900.webp 1200w\" sizes=\"auto, (max-width: 1024px) 100vw, 1024px\" \/><\/figure>\n<\/div>\n<\/div>\n\n\n\n<p class=\"wp-block-paragraph\"><br><\/p>\n\n\n\n<p class=\"wp-block-paragraph\">Como resultado, MAFAL no es solo un nombre, es una historia sobre valores que est\u00e1n profundamente arraigados en la filosof\u00eda de BHB: familia, calidad y autenticidad. Al igual que ZULUNA combina el exotismo con la funcionalidad, MAFAL es una uni\u00f3n de excelencia t\u00e9cnica e identidad emocional. Los productos de la marca no se crearon en una sala de producci\u00f3n an\u00f3nima, sino que se crearon teniendo en cuenta a las personas y sus necesidades. Cada casa, cochera o cerramiento tiene su origen en esta historia, la historia de c\u00f3mo el hierro y el aluminio se enamoraron.<\/p>\n\n\n\n<h2 class=\"wp-block-heading\">MAFAL: \u00bfqu\u00e9 ofrece?<\/h2>\n\n\n\n<p class=\"wp-block-paragraph\">La marca se centra en tres \u00e1reas principales, que puede adaptar libremente a su espacio, estilo y expectativas. Todos los productos est\u00e1n disponibles en varias variantes de color, con la opci\u00f3n de pintura imitaci\u00f3n madera, y tambi\u00e9n est\u00e1n equipados con detalles funcionales como ventanas de PVC o puertas de cristal.<\/p>\n\n\n\n<ul class=\"wp-block-list\">\n<li>Casetas de herramientas<\/li>\n\n\n\n<li>Aparcamientos<\/li>\n\n\n\n<li>Accesorios met\u00e1licos para jard\u00edn<\/li>\n<\/ul>\n\n\n\n<h3 class=\"wp-block-heading\">Casetas para herramientas MAFAL: compactas, funcionales, modernas<\/h3>\n\n\n\n<p class=\"wp-block-paragraph\">Es una combinaci\u00f3n de una construcci\u00f3n s\u00f3lida, dise\u00f1o moderno y funcionalidad adaptada a las necesidades cotidianas. Dise\u00f1adas para usuarios que no solo quieren almacenar equipos de jardiner\u00eda, bicicletas o herramientas, sino que tambi\u00e9n quieren crear un espacio organizado y est\u00e9tico en el jard\u00edn.<\/p>\n\n\n\n<p class=\"wp-block-paragraph\">Est\u00e1n disponibles en versiones compactas, ideales para jardines peque\u00f1os, as\u00ed como en variantes con una le\u00f1era adicional, que le permite almacenar le\u00f1a directamente en la casa.<\/p>\n\n\n\n<p class=\"wp-block-paragraph\">Todos los modelos se pueden personalizar por completo: desde las dimensiones hasta la disposici\u00f3n de las ventanas y puertas, pasando por el color de la chapa (paleta RAL) y el acabado similar a la madera (por ejemplo, nogal, roble dorado). Tambi\u00e9n puede elegir ventanas de PVC con cristal cl\u00e1sico o de espejo, que proporcionan privacidad y luz al interior.<\/p>\n\n\n\n<h3 class=\"wp-block-heading\">Cocheras: no solo para coches<\/h3>\n\n\n\n<p class=\"wp-block-paragraph\">Las cocheras MAFAL son mucho m\u00e1s que una simple protecci\u00f3n para su veh\u00edculo. Son estructuras modulares y modernas que puede adaptar f\u00e1cilmente a la distribuci\u00f3n de su parcela, al n\u00famero de coches y al estilo de la arquitectura. La oferta incluye cocheras para uno, dos o incluso tres coches, as\u00ed como la posibilidad de ampliaci\u00f3n, con un compartimento de almacenamiento con cerradura, una extensi\u00f3n o incluso paredes parcialmente cerradas para mayor privacidad.<\/p>\n\n\n\n<p class=\"wp-block-paragraph\">Gracias al uso de l\u00e1minas acr\u00edlicas de 0,5 mm de grosor, los cocheras son resistentes a las condiciones clim\u00e1ticas (nieve, lluvia, radiaci\u00f3n UV) y, al mismo tiempo, f\u00e1ciles de limpiar. Tambi\u00e9n puede elegir el color de la estructura entre una amplia gama de colores RAL (por ejemplo, antracita RAL 7016, blanco cl\u00e1sico RAL 9010, marr\u00f3n c\u00e1lido RAL 8017), as\u00ed como elegir un acabado similar a la madera.<\/p>\n\n\n\n<p class=\"wp-block-paragraph\">Cada proyecto se fabrica a medida para satisfacer las necesidades espec\u00edficas del usuario, ya sea que est\u00e9 buscando una cochera con una extensi\u00f3n o un elegante refugio met\u00e1lico parcialmente cerrado para un jard\u00edn moderno.<\/p>\n\n\n\n<div class=\"wp-block-group green-box\"><div class=\"wp-block-group__inner-container is-layout-constrained wp-block-group-is-layout-constrained\">\n<h3 class=\"wp-block-heading\">Accesorios de jard\u00edn: organizaci\u00f3n moderna del espacio<\/h3>\n\n\n\n<p class=\"wp-block-paragraph\">Con su dise\u00f1o moderno y su s\u00f3lida fabricaci\u00f3n, los accesorios de jard\u00edn son perfectos para propiedades privadas, urbanizaciones o locales de empresas.<br><\/p>\n<\/div><\/div>\n\n\n\n<p class=\"wp-block-paragraph\"><br>Los<strong>&nbsp;cerramientos para cubos de basura<\/strong>&nbsp;son una forma de ocultar cubos antiest\u00e9ticos, facilitar el acceso y, al mismo tiempo, proteger contra el viento o los animales. Fabricados en chapa met\u00e1lica revestida, son f\u00e1ciles de limpiar, resistentes a la corrosi\u00f3n y est\u00e1n disponibles en una variedad de colores y estilos, tambi\u00e9n con la opci\u00f3n de combinar con la valla.<\/p>\n\n\n\n<p class=\"wp-block-paragraph\"><strong>Los bikebox<\/strong>&nbsp;son cobertizos para bicicletas con cerradura y la soluci\u00f3n ideal para los ciclistas. Protegen las bicicletas de la lluvia, la nieve y la radiaci\u00f3n UV, as\u00ed como del robo, especialmente en zonas comunes, complejos residenciales o casas sin garaje.<\/p>\n\n\n\n<p class=\"wp-block-paragraph\"><strong>Los cubos de basura<\/strong>, disponibles como estructuras independientes o integrados en vallas, son una excelente alternativa a los cubos de basura cl\u00e1sicos, con un claro enfoque en un dise\u00f1o minimalista y una alta funcionalidad.<\/p>\n\n\n\n<p class=\"wp-block-paragraph\">Ideales para propiedades modernas: gracias a sus l\u00edneas limpias, materiales duraderos y la posibilidad de personalizaci\u00f3n, los accesorios MAFAL hacen que incluso los elementos utilitarios sean una parte coherente de la arquitectura del jard\u00edn.<\/p>\n\n\n\n<h2 class=\"wp-block-heading\">\u00bfQu\u00e9 hace que MAFAL destaque?<\/h2>\n\n\n\n<p class=\"wp-block-paragraph\">MAFAL es una calidad completamente nueva en el segmento de las construcciones modernas de jardines y garajes. No se trata solo de productos, sino de una filosof\u00eda de dise\u00f1o completa basada en un enfoque individual, tecnolog\u00eda avanzada y una elecci\u00f3n consciente de los materiales.<\/p>\n\n\n\n<p class=\"wp-block-paragraph\"><strong>\u00bfPor qu\u00e9 elegir MAFAL?<\/strong><\/p>\n\n\n\n<ul class=\"wp-block-list\">\n<li><strong>Dise\u00f1os individuales<\/strong>: cada casa o cochera se fabrica a medida, teniendo en cuenta las dimensiones de la parcela, el estilo arquitect\u00f3nico de la casa y las preferencias personales del cliente. Usted decide la distribuci\u00f3n, la combinaci\u00f3n de colores, el tipo de ventanas e incluso&#8230; \u00a1el tipo de acabado de efecto madera!<\/li>\n\n\n\n<li><strong>Servicio integral<\/strong>: desde el asesoramiento de dise\u00f1o hasta la selecci\u00f3n de accesorios, pasando por el transporte y el montaje, MAFAL gu\u00eda al cliente paso a paso, ofreci\u00e9ndole no solo un producto, sino una experiencia de cooperaci\u00f3n de primera calidad.<\/li>\n\n\n\n<li><strong>Est\u00e9tica y funcionalidad<\/strong>: las estructuras met\u00e1licas MAFAL combinan una forma limpia y moderna con soluciones pr\u00e1cticas. Son productos que tienen un buen aspecto y funcionan a la perfecci\u00f3n durante a\u00f1os.<\/li>\n<\/ul>\n\n\n\n<h2 class=\"wp-block-heading\">Resumen<\/h2>\n\n\n\n<p class=\"wp-block-paragraph\">MAFAL es una nueva marca que ofrece soluciones met\u00e1licas funcionales, est\u00e9ticas y duraderas, desde cobertizos para herramientas hasta cocheras y accesorios de jard\u00edn. Los productos est\u00e1n hechos 100 % a medida, con la posibilidad de personalizar cada detalle, desde el color y el acabado hasta la disposici\u00f3n de ventanas, puertas y accesorios.<\/p>\n\n\n\n<p class=\"wp-block-paragraph\">Si busca estructuras modernas y funcionales para su jard\u00edn que duren muchas temporadas y sean agradables a la vista, la marca MAFAL es justo lo que necesita.<br><\/p>\n\n\n\n<figure class=\"wp-block-gallery has-nested-images columns-default is-cropped wp-block-gallery-1 is-layout-flex wp-block-gallery-is-layout-flex\">\n<figure class=\"wp-block-image size-large\"><img loading=\"lazy\" decoding=\"async\" width=\"1024\" height=\"768\" data-id=\"95804\" src=\"https:\/\/bertsch-holzbau.eu\/wp-content\/uploads\/2025\/04\/Mafal_2-1024x768.webp\" alt=\"\" class=\"wp-image-95804\" srcset=\"https:\/\/bertsch-holzbau.eu\/wp-content\/uploads\/2025\/04\/Mafal_2-1024x768.webp 1024w, https:\/\/bertsch-holzbau.eu\/wp-content\/uploads\/2025\/04\/Mafal_2-300x225.webp 300w, https:\/\/bertsch-holzbau.eu\/wp-content\/uploads\/2025\/04\/Mafal_2-768x576.webp 768w, https:\/\/bertsch-holzbau.eu\/wp-content\/uploads\/2025\/04\/Mafal_2-1536x1152.webp 1536w, https:\/\/bertsch-holzbau.eu\/wp-content\/uploads\/2025\/04\/Mafal_2-2048x1536.webp 2048w, https:\/\/bertsch-holzbau.eu\/wp-content\/uploads\/2025\/04\/Mafal_2-400x300.webp 400w, https:\/\/bertsch-holzbau.eu\/wp-content\/uploads\/2025\/04\/Mafal_2-600x450.webp 600w, https:\/\/bertsch-holzbau.eu\/wp-content\/uploads\/2025\/04\/Mafal_2-800x600.webp 800w, https:\/\/bertsch-holzbau.eu\/wp-content\/uploads\/2025\/04\/Mafal_2-1200x900.webp 1200w\" sizes=\"auto, (max-width: 1024px) 100vw, 1024px\" \/><\/figure>\n\n\n\n<figure class=\"wp-block-image size-large\"><img loading=\"lazy\" decoding=\"async\" width=\"1024\" height=\"768\" data-id=\"95816\" src=\"https:\/\/bertsch-holzbau.eu\/wp-content\/uploads\/2025\/04\/Mafal_3-1024x768.webp\" alt=\"\" class=\"wp-image-95816\" srcset=\"https:\/\/bertsch-holzbau.eu\/wp-content\/uploads\/2025\/04\/Mafal_3-1024x768.webp 1024w, https:\/\/bertsch-holzbau.eu\/wp-content\/uploads\/2025\/04\/Mafal_3-300x225.webp 300w, https:\/\/bertsch-holzbau.eu\/wp-content\/uploads\/2025\/04\/Mafal_3-768x576.webp 768w, https:\/\/bertsch-holzbau.eu\/wp-content\/uploads\/2025\/04\/Mafal_3-1536x1152.webp 1536w, https:\/\/bertsch-holzbau.eu\/wp-content\/uploads\/2025\/04\/Mafal_3-400x300.webp 400w, https:\/\/bertsch-holzbau.eu\/wp-content\/uploads\/2025\/04\/Mafal_3-600x450.webp 600w, https:\/\/bertsch-holzbau.eu\/wp-content\/uploads\/2025\/04\/Mafal_3-800x600.webp 800w, https:\/\/bertsch-holzbau.eu\/wp-content\/uploads\/2025\/04\/Mafal_3-1200x900.webp 1200w, https:\/\/bertsch-holzbau.eu\/wp-content\/uploads\/2025\/04\/Mafal_3.webp 2048w\" sizes=\"auto, (max-width: 1024px) 100vw, 1024px\" \/><\/figure>\n<\/figure>\n","protected":false},"excerpt":{"rendered":"<p>MAFAL es una nueva marca de Bertsch Holzbau que abre un nuevo cap\u00edtulo en el dise\u00f1o y la producci\u00f3n de estructuras met\u00e1licas modernas para jardines. Naci\u00f3 de la necesidad de crear productos tan duraderos como est\u00e9ticos, que respondieran a las expectativas de los clientes que buscan soluciones modernas, resistentes y personalizadas para su jard\u00edn o [&hellip;]<\/p>\n","protected":false},"author":4,"featured_media":95790,"comment_status":"open","ping_status":"open","sticky":false,"template":"","format":"standard","meta":{"_acf_changed":false,"footnotes":""},"categories":[423],"tags":[],"class_list":["post-95867","post","type-post","status-publish","format-standard","has-post-thumbnail","hentry","category-noticias-de-bhb"],"acf":[],"yoast_head":"<!-- This site is optimized with the Yoast SEO plugin v27.8 - https:\/\/yoast.com\/product\/yoast-seo-wordpress\/ -->\n<title>MAFAL - nuevos productos de metal de Bertsch Holzbau - BHB Bertsch Holzbau<\/title>\n<meta name=\"robots\" content=\"index, follow, max-snippet:-1, max-image-preview:large, max-video-preview:-1\" \/>\n<meta property=\"og:locale\" content=\"es_ES\" \/>\n<meta property=\"og:type\" content=\"article\" \/>\n<meta property=\"og:title\" content=\"MAFAL - nuevos productos de metal de Bertsch Holzbau - BHB Bertsch Holzbau\" \/>\n<meta property=\"og:description\" content=\"MAFAL es una nueva marca de Bertsch Holzbau que abre un nuevo cap\u00edtulo en el dise\u00f1o y la producci\u00f3n de estructuras met\u00e1licas modernas para jardines. Naci\u00f3 de la necesidad de crear productos tan duraderos como est\u00e9ticos, que respondieran a las expectativas de los clientes que buscan soluciones modernas, resistentes y personalizadas para su jard\u00edn o [&hellip;]\" \/>\n<meta property=\"og:url\" content=\"https:\/\/bertsch-holzbau.eu\/es\/blog\/mafal-nuevos-productos-metalicos-de-bhb\/\" \/>\n<meta property=\"og:site_name\" content=\"BHB Bertsch Holzbau\" \/>\n<meta property=\"article:publisher\" content=\"https:\/\/www.facebook.com\/bertschholzbau\/\" \/>\n<meta property=\"article:published_time\" content=\"2025-04-15T17:26:27+00:00\" \/>\n<meta property=\"article:modified_time\" content=\"2026-02-20T07:57:20+00:00\" \/>\n<meta property=\"og:image\" content=\"https:\/\/bertsch-holzbau.eu\/wp-content\/uploads\/2025\/04\/Grafika_30_MAFAL.jpg\" \/>\n\t<meta property=\"og:image:width\" content=\"1200\" \/>\n\t<meta property=\"og:image:height\" content=\"900\" \/>\n\t<meta property=\"og:image:type\" content=\"image\/jpeg\" \/>\n<meta name=\"author\" content=\"l.bertsch\" \/>\n<meta name=\"twitter:card\" content=\"summary_large_image\" \/>\n<meta name=\"twitter:label1\" content=\"Escrito por\" \/>\n\t<meta name=\"twitter:data1\" content=\"l.bertsch\" \/>\n\t<meta name=\"twitter:label2\" content=\"Tiempo de lectura\" \/>\n\t<meta name=\"twitter:data2\" content=\"6 minutos\" \/>\n<script type=\"application\/ld+json\" class=\"yoast-schema-graph\">{\"@context\":\"https:\\\/\\\/schema.org\",\"@graph\":[{\"@type\":\"Article\",\"@id\":\"https:\\\/\\\/bertsch-holzbau.eu\\\/es\\\/blog\\\/mafal-nuevos-productos-metalicos-de-bhb\\\/#article\",\"isPartOf\":{\"@id\":\"https:\\\/\\\/bertsch-holzbau.eu\\\/es\\\/blog\\\/mafal-nuevos-productos-metalicos-de-bhb\\\/\"},\"author\":{\"name\":\"l.bertsch\",\"@id\":\"https:\\\/\\\/bertsch-holzbau.eu\\\/es\\\/#\\\/schema\\\/person\\\/4d07e01b7bb73487a8592fbd925811e5\"},\"headline\":\"MAFAL &#8211; nuevos productos de metal de Bertsch Holzbau\",\"datePublished\":\"2025-04-15T17:26:27+00:00\",\"dateModified\":\"2026-02-20T07:57:20+00:00\",\"mainEntityOfPage\":{\"@id\":\"https:\\\/\\\/bertsch-holzbau.eu\\\/es\\\/blog\\\/mafal-nuevos-productos-metalicos-de-bhb\\\/\"},\"wordCount\":1238,\"commentCount\":0,\"publisher\":{\"@id\":\"https:\\\/\\\/bertsch-holzbau.eu\\\/es\\\/#organization\"},\"image\":{\"@id\":\"https:\\\/\\\/bertsch-holzbau.eu\\\/es\\\/blog\\\/mafal-nuevos-productos-metalicos-de-bhb\\\/#primaryimage\"},\"thumbnailUrl\":\"https:\\\/\\\/bertsch-holzbau.eu\\\/wp-content\\\/uploads\\\/2025\\\/04\\\/Grafika_30_MAFAL.jpg\",\"articleSection\":[\"Noticias de BHB\"],\"inLanguage\":\"es\",\"potentialAction\":[{\"@type\":\"CommentAction\",\"name\":\"Comment\",\"target\":[\"https:\\\/\\\/bertsch-holzbau.eu\\\/es\\\/blog\\\/mafal-nuevos-productos-metalicos-de-bhb\\\/#respond\"]}]},{\"@type\":\"WebPage\",\"@id\":\"https:\\\/\\\/bertsch-holzbau.eu\\\/es\\\/blog\\\/mafal-nuevos-productos-metalicos-de-bhb\\\/\",\"url\":\"https:\\\/\\\/bertsch-holzbau.eu\\\/es\\\/blog\\\/mafal-nuevos-productos-metalicos-de-bhb\\\/\",\"name\":\"MAFAL - nuevos productos de metal de Bertsch Holzbau - BHB Bertsch Holzbau\",\"isPartOf\":{\"@id\":\"https:\\\/\\\/bertsch-holzbau.eu\\\/es\\\/#website\"},\"primaryImageOfPage\":{\"@id\":\"https:\\\/\\\/bertsch-holzbau.eu\\\/es\\\/blog\\\/mafal-nuevos-productos-metalicos-de-bhb\\\/#primaryimage\"},\"image\":{\"@id\":\"https:\\\/\\\/bertsch-holzbau.eu\\\/es\\\/blog\\\/mafal-nuevos-productos-metalicos-de-bhb\\\/#primaryimage\"},\"thumbnailUrl\":\"https:\\\/\\\/bertsch-holzbau.eu\\\/wp-content\\\/uploads\\\/2025\\\/04\\\/Grafika_30_MAFAL.jpg\",\"datePublished\":\"2025-04-15T17:26:27+00:00\",\"dateModified\":\"2026-02-20T07:57:20+00:00\",\"breadcrumb\":{\"@id\":\"https:\\\/\\\/bertsch-holzbau.eu\\\/es\\\/blog\\\/mafal-nuevos-productos-metalicos-de-bhb\\\/#breadcrumb\"},\"inLanguage\":\"es\",\"potentialAction\":[{\"@type\":\"ReadAction\",\"target\":[\"https:\\\/\\\/bertsch-holzbau.eu\\\/es\\\/blog\\\/mafal-nuevos-productos-metalicos-de-bhb\\\/\"]}]},{\"@type\":\"ImageObject\",\"inLanguage\":\"es\",\"@id\":\"https:\\\/\\\/bertsch-holzbau.eu\\\/es\\\/blog\\\/mafal-nuevos-productos-metalicos-de-bhb\\\/#primaryimage\",\"url\":\"https:\\\/\\\/bertsch-holzbau.eu\\\/wp-content\\\/uploads\\\/2025\\\/04\\\/Grafika_30_MAFAL.jpg\",\"contentUrl\":\"https:\\\/\\\/bertsch-holzbau.eu\\\/wp-content\\\/uploads\\\/2025\\\/04\\\/Grafika_30_MAFAL.jpg\",\"width\":1200,\"height\":900},{\"@type\":\"BreadcrumbList\",\"@id\":\"https:\\\/\\\/bertsch-holzbau.eu\\\/es\\\/blog\\\/mafal-nuevos-productos-metalicos-de-bhb\\\/#breadcrumb\",\"itemListElement\":[{\"@type\":\"ListItem\",\"position\":1,\"name\":\"Home\",\"item\":\"https:\\\/\\\/bertsch-holzbau.eu\\\/es\\\/\"},{\"@type\":\"ListItem\",\"position\":2,\"name\":\"MAFAL &#8211; nuevos productos de metal de Bertsch Holzbau\"}]},{\"@type\":\"WebSite\",\"@id\":\"https:\\\/\\\/bertsch-holzbau.eu\\\/es\\\/#website\",\"url\":\"https:\\\/\\\/bertsch-holzbau.eu\\\/es\\\/\",\"name\":\"BHB Bertsch Holzbau\",\"description\":\"\",\"publisher\":{\"@id\":\"https:\\\/\\\/bertsch-holzbau.eu\\\/es\\\/#organization\"},\"potentialAction\":[{\"@type\":\"SearchAction\",\"target\":{\"@type\":\"EntryPoint\",\"urlTemplate\":\"https:\\\/\\\/bertsch-holzbau.eu\\\/es\\\/?s={search_term_string}\"},\"query-input\":{\"@type\":\"PropertyValueSpecification\",\"valueRequired\":true,\"valueName\":\"search_term_string\"}}],\"inLanguage\":\"es\"},[],{\"@type\":\"Person\",\"@id\":\"https:\\\/\\\/bertsch-holzbau.eu\\\/es\\\/#\\\/schema\\\/person\\\/4d07e01b7bb73487a8592fbd925811e5\",\"name\":\"l.bertsch\",\"image\":{\"@type\":\"ImageObject\",\"inLanguage\":\"es\",\"@id\":\"https:\\\/\\\/bertsch-holzbau.eu\\\/wp-content\\\/litespeed\\\/avatar\\\/c7f290e24cac9aea0132e49c7d4d4a45.jpg?ver=1788160651\",\"url\":\"https:\\\/\\\/bertsch-holzbau.eu\\\/wp-content\\\/litespeed\\\/avatar\\\/c7f290e24cac9aea0132e49c7d4d4a45.jpg?ver=1788160651\",\"contentUrl\":\"https:\\\/\\\/bertsch-holzbau.eu\\\/wp-content\\\/litespeed\\\/avatar\\\/c7f290e24cac9aea0132e49c7d4d4a45.jpg?ver=1788160651\",\"caption\":\"l.bertsch\"},\"url\":\"https:\\\/\\\/bertsch-holzbau.eu\\\/es\\\/blog\\\/author\\\/l-bertsch\\\/\"}]}<\/script>\n<!-- \/ Yoast SEO plugin. -->","yoast_head_json":{"title":"MAFAL - nuevos productos de metal de Bertsch Holzbau - BHB Bertsch Holzbau","robots":{"index":"index","follow":"follow","max-snippet":"max-snippet:-1","max-image-preview":"max-image-preview:large","max-video-preview":"max-video-preview:-1"},"og_locale":"es_ES","og_type":"article","og_title":"MAFAL - nuevos productos de metal de Bertsch Holzbau - BHB Bertsch Holzbau","og_description":"MAFAL es una nueva marca de Bertsch Holzbau que abre un nuevo cap\u00edtulo en el dise\u00f1o y la producci\u00f3n de estructuras met\u00e1licas modernas para jardines. Naci\u00f3 de la necesidad de crear productos tan duraderos como est\u00e9ticos, que respondieran a las expectativas de los clientes que buscan soluciones modernas, resistentes y personalizadas para su jard\u00edn o [&hellip;]","og_url":"https:\/\/bertsch-holzbau.eu\/es\/blog\/mafal-nuevos-productos-metalicos-de-bhb\/","og_site_name":"BHB Bertsch Holzbau","article_publisher":"https:\/\/www.facebook.com\/bertschholzbau\/","article_published_time":"2025-04-15T17:26:27+00:00","article_modified_time":"2026-02-20T07:57:20+00:00","og_image":[{"width":1200,"height":900,"url":"https:\/\/bertsch-holzbau.eu\/wp-content\/uploads\/2025\/04\/Grafika_30_MAFAL.jpg","type":"image\/jpeg"}],"author":"l.bertsch","twitter_card":"summary_large_image","twitter_misc":{"Escrito por":"l.bertsch","Tiempo de lectura":"6 minutos"},"schema":{"@context":"https:\/\/schema.org","@graph":[{"@type":"Article","@id":"https:\/\/bertsch-holzbau.eu\/es\/blog\/mafal-nuevos-productos-metalicos-de-bhb\/#article","isPartOf":{"@id":"https:\/\/bertsch-holzbau.eu\/es\/blog\/mafal-nuevos-productos-metalicos-de-bhb\/"},"author":{"name":"l.bertsch","@id":"https:\/\/bertsch-holzbau.eu\/es\/#\/schema\/person\/4d07e01b7bb73487a8592fbd925811e5"},"headline":"MAFAL &#8211; nuevos productos de metal de Bertsch Holzbau","datePublished":"2025-04-15T17:26:27+00:00","dateModified":"2026-02-20T07:57:20+00:00","mainEntityOfPage":{"@id":"https:\/\/bertsch-holzbau.eu\/es\/blog\/mafal-nuevos-productos-metalicos-de-bhb\/"},"wordCount":1238,"commentCount":0,"publisher":{"@id":"https:\/\/bertsch-holzbau.eu\/es\/#organization"},"image":{"@id":"https:\/\/bertsch-holzbau.eu\/es\/blog\/mafal-nuevos-productos-metalicos-de-bhb\/#primaryimage"},"thumbnailUrl":"https:\/\/bertsch-holzbau.eu\/wp-content\/uploads\/2025\/04\/Grafika_30_MAFAL.jpg","articleSection":["Noticias de BHB"],"inLanguage":"es","potentialAction":[{"@type":"CommentAction","name":"Comment","target":["https:\/\/bertsch-holzbau.eu\/es\/blog\/mafal-nuevos-productos-metalicos-de-bhb\/#respond"]}]},{"@type":"WebPage","@id":"https:\/\/bertsch-holzbau.eu\/es\/blog\/mafal-nuevos-productos-metalicos-de-bhb\/","url":"https:\/\/bertsch-holzbau.eu\/es\/blog\/mafal-nuevos-productos-metalicos-de-bhb\/","name":"MAFAL - nuevos productos de metal de Bertsch Holzbau - BHB Bertsch Holzbau","isPartOf":{"@id":"https:\/\/bertsch-holzbau.eu\/es\/#website"},"primaryImageOfPage":{"@id":"https:\/\/bertsch-holzbau.eu\/es\/blog\/mafal-nuevos-productos-metalicos-de-bhb\/#primaryimage"},"image":{"@id":"https:\/\/bertsch-holzbau.eu\/es\/blog\/mafal-nuevos-productos-metalicos-de-bhb\/#primaryimage"},"thumbnailUrl":"https:\/\/bertsch-holzbau.eu\/wp-content\/uploads\/2025\/04\/Grafika_30_MAFAL.jpg","datePublished":"2025-04-15T17:26:27+00:00","dateModified":"2026-02-20T07:57:20+00:00","breadcrumb":{"@id":"https:\/\/bertsch-holzbau.eu\/es\/blog\/mafal-nuevos-productos-metalicos-de-bhb\/#breadcrumb"},"inLanguage":"es","potentialAction":[{"@type":"ReadAction","target":["https:\/\/bertsch-holzbau.eu\/es\/blog\/mafal-nuevos-productos-metalicos-de-bhb\/"]}]},{"@type":"ImageObject","inLanguage":"es","@id":"https:\/\/bertsch-holzbau.eu\/es\/blog\/mafal-nuevos-productos-metalicos-de-bhb\/#primaryimage","url":"https:\/\/bertsch-holzbau.eu\/wp-content\/uploads\/2025\/04\/Grafika_30_MAFAL.jpg","contentUrl":"https:\/\/bertsch-holzbau.eu\/wp-content\/uploads\/2025\/04\/Grafika_30_MAFAL.jpg","width":1200,"height":900},{"@type":"BreadcrumbList","@id":"https:\/\/bertsch-holzbau.eu\/es\/blog\/mafal-nuevos-productos-metalicos-de-bhb\/#breadcrumb","itemListElement":[{"@type":"ListItem","position":1,"name":"Home","item":"https:\/\/bertsch-holzbau.eu\/es\/"},{"@type":"ListItem","position":2,"name":"MAFAL &#8211; nuevos productos de metal de Bertsch Holzbau"}]},{"@type":"WebSite","@id":"https:\/\/bertsch-holzbau.eu\/es\/#website","url":"https:\/\/bertsch-holzbau.eu\/es\/","name":"BHB Bertsch Holzbau","description":"","publisher":{"@id":"https:\/\/bertsch-holzbau.eu\/es\/#organization"},"potentialAction":[{"@type":"SearchAction","target":{"@type":"EntryPoint","urlTemplate":"https:\/\/bertsch-holzbau.eu\/es\/?s={search_term_string}"},"query-input":{"@type":"PropertyValueSpecification","valueRequired":true,"valueName":"search_term_string"}}],"inLanguage":"es"},[],{"@type":"Person","@id":"https:\/\/bertsch-holzbau.eu\/es\/#\/schema\/person\/4d07e01b7bb73487a8592fbd925811e5","name":"l.bertsch","image":{"@type":"ImageObject","inLanguage":"es","@id":"https:\/\/bertsch-holzbau.eu\/wp-content\/litespeed\/avatar\/c7f290e24cac9aea0132e49c7d4d4a45.jpg?ver=1788160651","url":"https:\/\/bertsch-holzbau.eu\/wp-content\/litespeed\/avatar\/c7f290e24cac9aea0132e49c7d4d4a45.jpg?ver=1788160651","contentUrl":"https:\/\/bertsch-holzbau.eu\/wp-content\/litespeed\/avatar\/c7f290e24cac9aea0132e49c7d4d4a45.jpg?ver=1788160651","caption":"l.bertsch"},"url":"https:\/\/bertsch-holzbau.eu\/es\/blog\/author\/l-bertsch\/"}]}},"_links":{"self":[{"href":"https:\/\/bertsch-holzbau.eu\/es\/wp-json\/wp\/v2\/posts\/95867","targetHints":{"allow":["GET"]}}],"collection":[{"href":"https:\/\/bertsch-holzbau.eu\/es\/wp-json\/wp\/v2\/posts"}],"about":[{"href":"https:\/\/bertsch-holzbau.eu\/es\/wp-json\/wp\/v2\/types\/post"}],"author":[{"embeddable":true,"href":"https:\/\/bertsch-holzbau.eu\/es\/wp-json\/wp\/v2\/users\/4"}],"replies":[{"embeddable":true,"href":"https:\/\/bertsch-holzbau.eu\/es\/wp-json\/wp\/v2\/comments?post=95867"}],"version-history":[{"count":1,"href":"https:\/\/bertsch-holzbau.eu\/es\/wp-json\/wp\/v2\/posts\/95867\/revisions"}],"predecessor-version":[{"id":95869,"href":"https:\/\/bertsch-holzbau.eu\/es\/wp-json\/wp\/v2\/posts\/95867\/revisions\/95869"}],"wp:featuredmedia":[{"embeddable":true,"href":"https:\/\/bertsch-holzbau.eu\/es\/wp-json\/wp\/v2\/media\/95790"}],"wp:attachment":[{"href":"https:\/\/bertsch-holzbau.eu\/es\/wp-json\/wp\/v2\/media?parent=95867"}],"wp:term":[{"taxonomy":"category","embeddable":true,"href":"https:\/\/bertsch-holzbau.eu\/es\/wp-json\/wp\/v2\/categories?post=95867"},{"taxonomy":"post_tag","embeddable":true,"href":"https:\/\/bertsch-holzbau.eu\/es\/wp-json\/wp\/v2\/tags?post=95867"}],"curies":[{"name":"wp","href":"https:\/\/api.w.org\/{rel}","templated":true}]}}