{"id":84933,"date":"2024-11-13T10:09:49","date_gmt":"2024-11-13T09:09:49","guid":{"rendered":"https:\/\/bertsch-holzbau.eu\/blog\/bespoke-garden-saunas\/"},"modified":"2025-02-17T12:03:54","modified_gmt":"2025-02-17T11:03:54","slug":"saunas-de-jardin-a-medida","status":"publish","type":"post","link":"https:\/\/bertsch-holzbau.eu\/es\/blog\/saunas-de-jardin-a-medida\/","title":{"rendered":"Saunas de jard\u00edn a medida: dise\u00f1adas para su m\u00e1xima relajaci\u00f3n"},"content":{"rendered":"\n<p class=\"wp-block-paragraph\">Las saunas de jard\u00edn son una forma \u00fanica de crear un espacio de bienestar privado delante de su propia casa. Nuestros productos combinan la belleza intemporal de la naturaleza con el efecto relajante de una sauna. Ofrecemos saunas hechas a medida que se distinguen por la m\u00e1xima calidad de fabricaci\u00f3n, durabilidad y personalizaci\u00f3n total. Gracias a materias primas cuidadosamente seleccionadas y tecnolog\u00edas de fabricaci\u00f3n avanzadas, garantizamos una experiencia de sauna perfecta que se adapta a todas las necesidades.<\/p>\n\n\n\n<h2 class=\"wp-block-heading\">Por qu\u00e9 elegir una sauna de jard\u00edn?<\/h2>\n\n\n\n<div class=\"wp-block-columns is-layout-flex wp-container-core-columns-is-layout-8f761849 wp-block-columns-is-layout-flex\">\n<div class=\"wp-block-column is-layout-flow wp-block-column-is-layout-flow\">\n<h3 class=\"wp-block-heading\">Beneficios para la salud y la relajaci\u00f3n<\/h3>\n\n\n\n<p class=\"wp-block-paragraph\">El uso de saunas aporta una serie de beneficios para la salud. El calor favorece la circulaci\u00f3n, relaja los m\u00fasculos y ayuda a limpiar el organismo de toxinas. Las sesiones regulares de sauna refuerzan el sistema inmunol\u00f3gico, mejoran el estado de la piel y contribuyen a reducir el estr\u00e9s, proporcionando una profunda relajaci\u00f3n. Nuestra sauna de jard\u00edn le permite crear una zona privada de bienestar al aire libre, que no s\u00f3lo favorece su salud f\u00edsica, sino que tambi\u00e9n mejora su bienestar.<\/p>\n\n\n\n<h3 class=\"wp-block-heading\">Sauna al aire libre: una experiencia \u00fanica<\/h3>\n\n\n\n<p class=\"wp-block-paragraph\">Colocar la sauna en el jard\u00edn enriquece el espacio, y la propia experiencia de la sauna se convierte en algo \u00fanico gracias al entorno natural, pero tambi\u00e9n gracias a la comodidad mental de conocer tu propio entorno. Despu\u00e9s de cada sesi\u00f3n puedes refrescarte r\u00e1pidamente al aire libre, lo que endurece a\u00fan m\u00e1s el cuerpo y favorece la regeneraci\u00f3n.El jard\u00edn se transforma en un oasis de paz y armon\u00eda, mientras que la sauna dom\u00e9stica te permite hacer una pausa en tu rutina diaria.<\/p>\n<\/div>\n\n\n\n<div class=\"wp-block-column is-vertically-aligned-center is-layout-flow wp-block-column-is-layout-flow\">\n<figure class=\"wp-block-image size-large\"><img loading=\"lazy\" decoding=\"async\" width=\"1024\" height=\"768\" src=\"https:\/\/bertsch-holzbau.eu\/wp-content\/uploads\/2024\/11\/001486-03-1024x768.jpg\" alt=\"\" class=\"wp-image-84824\" srcset=\"https:\/\/bertsch-holzbau.eu\/wp-content\/uploads\/2024\/11\/001486-03-1024x768.jpg 1024w, https:\/\/bertsch-holzbau.eu\/wp-content\/uploads\/2024\/11\/001486-03-300x225.jpg 300w, https:\/\/bertsch-holzbau.eu\/wp-content\/uploads\/2024\/11\/001486-03-768x576.jpg 768w, https:\/\/bertsch-holzbau.eu\/wp-content\/uploads\/2024\/11\/001486-03-1536x1152.jpg 1536w, https:\/\/bertsch-holzbau.eu\/wp-content\/uploads\/2024\/11\/001486-03-2048x1536.jpg 2048w, https:\/\/bertsch-holzbau.eu\/wp-content\/uploads\/2024\/11\/001486-03-400x300.jpg 400w, https:\/\/bertsch-holzbau.eu\/wp-content\/uploads\/2024\/11\/001486-03-600x450.jpg 600w, https:\/\/bertsch-holzbau.eu\/wp-content\/uploads\/2024\/11\/001486-03-800x600.jpg 800w, https:\/\/bertsch-holzbau.eu\/wp-content\/uploads\/2024\/11\/001486-03-1200x900.jpg 1200w\" sizes=\"auto, (max-width: 1024px) 100vw, 1024px\" \/><\/figure>\n<\/div>\n<\/div>\n\n\n\n<h2 class=\"wp-block-heading\">Tipos de saunas de jard\u00edn de Bertsch Holzbau<\/h2>\n\n\n\n<p class=\"wp-block-paragraph\">Ofrecemos una variedad de modelos de saunas de exterior que se adaptan a las necesidades y preferencias individuales de cada cliente. Cada modelo se caracteriza por una mano de obra de alta calidad y una est\u00e9tica \u00fanica que se integrar\u00e1 perfectamente en el espacio de su jard\u00edn.<\/p>\n\n\n\n<h3 class=\"wp-block-heading\">Saunas con vest\u00edbulo y ducha<\/h3>\n\n\n\n<p class=\"wp-block-paragraph\">Para quienes buscan el m\u00e1ximo confort y funcionalidad, BHB ofrece saunas con vest\u00edbulo y opci\u00f3n de ducha. El vest\u00edbulo act\u00faa como un espacio de transici\u00f3n donde podr\u00e1 relajarse antes y despu\u00e9s de su sesi\u00f3n de sauna, sin tener que salir del interior de la sauna. Tambi\u00e9n es un lugar ideal para guardar toallas, cosm\u00e9ticos o bebidas, lo que aumenta la comodidad de la sauna.<\/p>\n\n\n\n<p class=\"wp-block-paragraph\">La ducha es una funci\u00f3n adicional que le permite refrescarse r\u00e1pidamente despu\u00e9s de la sauna. Esto le da la oportunidad de bajar inmediatamente la temperatura corporal, que es una parte esencial de un ritual de sauna adecuado. Esto elimina la necesidad de ir a casa entre sesiones y hace que todo el proceso sea m\u00e1s c\u00f3modo y pr\u00e1ctico. Es ideal para los d\u00edas m\u00e1s frescos, as\u00ed como en el calor del verano, cuando un enfriamiento instant\u00e1neo despu\u00e9s de la sauna es particularmente agradable.<\/p>\n\n\n\n<h3 class=\"wp-block-heading\">Saunas de distintos tama\u00f1os y formas<\/h3>\n\n\n\n<p class=\"wp-block-paragraph\">Nuestra gama incluye saunas de distintos tama\u00f1os y formas, que se adaptan perfectamente al espacio y las preferencias est\u00e9ticas del cliente. Para quienes disponen de jardines peque\u00f1os, recomendamos modelos compactos que proporcionan una experiencia de sauna completa con un espacio m\u00ednimo. Por otro lado, para quienes dispongan de m\u00e1s espacio, ofrecemos estructuras m\u00e1s grandes con capacidad para varias personas, lo que le permitir\u00e1 saunear junto a familiares o amigos.<\/p>\n\n\n\n<p class=\"wp-block-paragraph\">Los clientes pueden elegir saunas de formas muy variadas: desde las tradicionales caba\u00f1as de madera, que aportan un ambiente r\u00fastico y acogedor, hasta los modernos bloques geom\u00e9tricos, que encajan a la perfecci\u00f3n en jardines minimalistas. Gracias a la flexibilidad en cuanto a formas y tama\u00f1os, puede adaptar perfectamente su sauna al car\u00e1cter de su jard\u00edn y a su gusto personal. Tambi\u00e9n ofrecemos la posibilidad de elegir entre distintas variantes de tejado, como tejados inclinados, planos o curvos, lo que permite adem\u00e1s que la sauna se adapte al estilo del edificio que rodea la casa.<\/p>\n\n\n\n<p class=\"wp-block-paragraph\">Cada modelo puede complementarse con equipamiento adicional, como elegantes bancos, iluminaci\u00f3n LED especial, elegantes rejillas para el suelo o robustas cubiertas para la cocina. De este modo, nuestras saunas cumplen las expectativas no solo en cuanto a funcionalidad, sino tambi\u00e9n en cuanto a est\u00e9tica, y cada estructura se convierte en una parte armoniosa del jard\u00edn que sirve para muchos a\u00f1os.<\/p>\n\n\n\n<p class=\"wp-block-paragraph\"><\/p>\n\n\n\n<div class=\"wp-block-group green-box\"><div class=\"wp-block-group__inner-container is-layout-constrained wp-block-group-is-layout-constrained\">\n<h2 class=\"wp-block-heading\">Dise\u00f1os de sauna individuales: personalizaci\u00f3n total<\/h2>\n\n\n\n<p class=\"wp-block-paragraph\">Una de las caracter\u00edsticas distintivas de nuestra oferta es la posibilidad de personalizar totalmente las saunas de jard\u00edn. Podemos adaptar cada proyecto a las preferencias individuales de cada cliente, lo que le permitir\u00e1 crear un espacio de relajaci\u00f3n \u00fanico en su propio jard\u00edn.<\/p>\n<\/div><\/div>\n\n\n\n<h3 class=\"wp-block-heading\">Una sauna de exterior que se adapta al espacio de su jard\u00edn<\/h3>\n\n\n\n<p class=\"wp-block-paragraph\">Cada sauna que creamos puede adaptarse al tama\u00f1o y la distribuci\u00f3n del espacio del jard\u00edn de nuestros clientes. Gracias a nuestra flexibilidad de dise\u00f1o, el cliente recibe un producto que se integra armoniosamente en su entorno y cumple todas sus expectativas de uso.<\/p>\n\n\n\n<h3 class=\"wp-block-heading\">Opciones de personalizaci\u00f3n: desde el tama\u00f1o hasta el m\u00e1s m\u00ednimo detalle<\/h3>\n\n\n\n<p class=\"wp-block-paragraph\">Nuestras saunas se pueden personalizar no s\u00f3lo en cuanto a tama\u00f1o, sino tambi\u00e9n en cuanto a estilo y acabado. Los clientes pueden elegir el tipo de puertas y ventanas, la distribuci\u00f3n del interior, as\u00ed como los detalles, lo que hace que la sauna sea \u00fanica y refleje a la perfecci\u00f3n el gusto del usuario.<\/p>\n\n\n\n<h3 class=\"wp-block-heading\">Equipamiento integral con Harvia &#8211; Sentiotec<\/h3>\n\n\n\n<p class=\"wp-block-paragraph\">Cada sauna puede equiparse con un calefactor profesional de Harvia, l\u00edder entre los fabricantes de cocinas de sauna. Los calefactores Harvia aseguran un calentamiento uniforme del interior, lo que garantiza unas condiciones confortables para la relajaci\u00f3n. Gracias a nuestra cooperaci\u00f3n con Harvia, podemos ofrecer cocinas de gran eficacia y fiabilidad, que complementan la alta calidad de las saunas de jard\u00edn fabricadas por nosotros.<\/p>\n\n\n\n<h2 class=\"wp-block-heading\">Materiales de primera calidad: madera para una mayor durabilidad<\/h2>\n\n\n\n<p class=\"wp-block-paragraph\">Un elemento clave de cada una de nuestras saunas es un material adecuadamente seleccionado, que garantizar\u00e1 no s\u00f3lo la durabilidad de la estructura, sino tambi\u00e9n la est\u00e9tica y la comodidad de uso.<\/p>\n\n\n\n<h3 class=\"wp-block-heading\">Selecci\u00f3n de maderas para saunas de exterior<\/h3>\n\n\n\n<p class=\"wp-block-paragraph\">Nuestras saunas est\u00e1n fabricadas con madera de abeto escandinavo de la m\u00e1s alta calidad, que se caracteriza por su gran durabilidad y resistencia a las condiciones clim\u00e1ticas cambiantes. El abeto procedente de las regiones septentrionales de Escandinavia tiene un bajo contenido de humedad (12-14%), lo que evita la formaci\u00f3n de grietas y deformaciones y hace que la estructura sea estable y conserve sus propiedades durante muchos a\u00f1os. Adem\u00e1s, la madera se selecciona cuidadosamente para que no tenga m\u00e9dula ni nudos sanos, lo que garantiza un aspecto est\u00e9ticamente agradable y sin deformaciones.<\/p>\n\n\n\n<h3 class=\"wp-block-heading\">Materias primas ecol\u00f3gicas y naturales<\/h3>\n\n\n\n<p class=\"wp-block-paragraph\">En Bertsch Holzbau, hacemos hincapi\u00e9 en la ecolog\u00eda y s\u00f3lo utilizamos materias primas naturales y ecol\u00f3gicas.La picea escandinava no s\u00f3lo se distingue por su durabilidad, sino tambi\u00e9n por su hermoso tono claro sin azulado, que realza la est\u00e9tica de cualquier construcci\u00f3n.Es importante destacar que la madera con certificaci\u00f3n C24 est\u00e1 dise\u00f1ada para estructuras portantes, lo que hace que nuestras saunas sean extremadamente estables y, lo m\u00e1s importante, seguras.<\/p>\n\n\n\n<h2 class=\"wp-block-heading\">Resumen<\/h2>\n\n\n\n<p class=\"wp-block-paragraph\">Nuestras saunas de jard\u00edn combinan materiales de excelente calidad, flexibilidad de dise\u00f1o y est\u00e9tica para transformar cualquier espacio exterior en un spa privado. Fabricadas en duradero abeto escandinavo y disponibles en una amplia gama de tama\u00f1os, formas y opciones de acabado, nuestras saunas satisfacen las expectativas de los clientes m\u00e1s exigentes. La elecci\u00f3n de cocinas Harvia garantiza comodidad y fiabilidad, y la posibilidad de personalizaci\u00f3n total hace que cada sauna sea \u00fanica.<\/p>\n\n\n\n<p class=\"wp-block-paragraph\">En Bertsch Holzbau, le permitiremos crear un espacio de relajaci\u00f3n que enriquezca su jard\u00edn con la belleza intemporal de la madera natural, manteniendo al mismo tiempo los m\u00e1s altos est\u00e1ndares de calidad en seguridad. Una inversi\u00f3n en nuestra sauna de jard\u00edn, es una inversi\u00f3n en salud, relajaci\u00f3n y un ambiente \u00fanico para disfrutar cada d\u00eda.<\/p>\n\n\n\n<figure class=\"wp-block-gallery has-nested-images columns-default is-cropped wp-block-gallery-1 is-layout-flex wp-block-gallery-is-layout-flex\">\n<figure class=\"wp-block-image size-large\"><img loading=\"lazy\" decoding=\"async\" width=\"768\" height=\"1024\" data-id=\"84876\" src=\"https:\/\/bertsch-holzbau.eu\/wp-content\/uploads\/2024\/11\/001576-02-1-768x1024.jpg\" alt=\"\" class=\"wp-image-84876\" srcset=\"https:\/\/bertsch-holzbau.eu\/wp-content\/uploads\/2024\/11\/001576-02-1-768x1024.jpg 768w, https:\/\/bertsch-holzbau.eu\/wp-content\/uploads\/2024\/11\/001576-02-1-225x300.jpg 225w, https:\/\/bertsch-holzbau.eu\/wp-content\/uploads\/2024\/11\/001576-02-1-1152x1536.jpg 1152w, https:\/\/bertsch-holzbau.eu\/wp-content\/uploads\/2024\/11\/001576-02-1-1536x2048.jpg 1536w, https:\/\/bertsch-holzbau.eu\/wp-content\/uploads\/2024\/11\/001576-02-1-400x533.jpg 400w, https:\/\/bertsch-holzbau.eu\/wp-content\/uploads\/2024\/11\/001576-02-1-600x800.jpg 600w, https:\/\/bertsch-holzbau.eu\/wp-content\/uploads\/2024\/11\/001576-02-1-800x1067.jpg 800w, https:\/\/bertsch-holzbau.eu\/wp-content\/uploads\/2024\/11\/001576-02-1-1200x1600.jpg 1200w, https:\/\/bertsch-holzbau.eu\/wp-content\/uploads\/2024\/11\/001576-02-1.jpg 1920w\" sizes=\"auto, (max-width: 768px) 100vw, 768px\" \/><\/figure>\n\n\n\n<figure class=\"wp-block-image size-large\"><img loading=\"lazy\" decoding=\"async\" width=\"1024\" height=\"768\" data-id=\"84913\" src=\"https:\/\/bertsch-holzbau.eu\/wp-content\/uploads\/2024\/11\/001486-02-1024x768.jpg\" alt=\"\" class=\"wp-image-84913\" srcset=\"https:\/\/bertsch-holzbau.eu\/wp-content\/uploads\/2024\/11\/001486-02-1024x768.jpg 1024w, https:\/\/bertsch-holzbau.eu\/wp-content\/uploads\/2024\/11\/001486-02-300x225.jpg 300w, https:\/\/bertsch-holzbau.eu\/wp-content\/uploads\/2024\/11\/001486-02-768x576.jpg 768w, https:\/\/bertsch-holzbau.eu\/wp-content\/uploads\/2024\/11\/001486-02-1536x1151.jpg 1536w, https:\/\/bertsch-holzbau.eu\/wp-content\/uploads\/2024\/11\/001486-02-2048x1535.jpg 2048w, https:\/\/bertsch-holzbau.eu\/wp-content\/uploads\/2024\/11\/001486-02-400x300.jpg 400w, https:\/\/bertsch-holzbau.eu\/wp-content\/uploads\/2024\/11\/001486-02-600x450.jpg 600w, https:\/\/bertsch-holzbau.eu\/wp-content\/uploads\/2024\/11\/001486-02-800x600.jpg 800w, https:\/\/bertsch-holzbau.eu\/wp-content\/uploads\/2024\/11\/001486-02-1200x900.jpg 1200w\" sizes=\"auto, (max-width: 1024px) 100vw, 1024px\" \/><\/figure>\n\n\n\n<figure class=\"wp-block-image size-large\"><img loading=\"lazy\" decoding=\"async\" width=\"1024\" height=\"769\" data-id=\"84878\" src=\"https:\/\/bertsch-holzbau.eu\/wp-content\/uploads\/2024\/11\/001606-08-1024x769.jpg\" alt=\"\" class=\"wp-image-84878\" srcset=\"https:\/\/bertsch-holzbau.eu\/wp-content\/uploads\/2024\/11\/001606-08-1024x769.jpg 1024w, https:\/\/bertsch-holzbau.eu\/wp-content\/uploads\/2024\/11\/001606-08-300x225.jpg 300w, https:\/\/bertsch-holzbau.eu\/wp-content\/uploads\/2024\/11\/001606-08-768x577.jpg 768w, https:\/\/bertsch-holzbau.eu\/wp-content\/uploads\/2024\/11\/001606-08-1536x1154.jpg 1536w, https:\/\/bertsch-holzbau.eu\/wp-content\/uploads\/2024\/11\/001606-08-2048x1538.jpg 2048w, https:\/\/bertsch-holzbau.eu\/wp-content\/uploads\/2024\/11\/001606-08-400x300.jpg 400w, https:\/\/bertsch-holzbau.eu\/wp-content\/uploads\/2024\/11\/001606-08-600x451.jpg 600w, https:\/\/bertsch-holzbau.eu\/wp-content\/uploads\/2024\/11\/001606-08-800x601.jpg 800w, https:\/\/bertsch-holzbau.eu\/wp-content\/uploads\/2024\/11\/001606-08-1200x901.jpg 1200w\" sizes=\"auto, (max-width: 1024px) 100vw, 1024px\" \/><\/figure>\n<\/figure>\n\n\n\n<p class=\"wp-block-paragraph\"><br><br><br><\/p>\n","protected":false},"excerpt":{"rendered":"<p>Las saunas de jard\u00edn son una forma \u00fanica de crear un espacio de bienestar privado delante de su propia casa. Nuestros productos combinan la belleza intemporal de la naturaleza con el efecto relajante de una sauna. Ofrecemos saunas hechas a medida que se distinguen por la m\u00e1xima calidad de fabricaci\u00f3n, durabilidad y personalizaci\u00f3n total. Gracias [&hellip;]<\/p>\n","protected":false},"author":6,"featured_media":84818,"comment_status":"open","ping_status":"open","sticky":false,"template":"","format":"standard","meta":{"_acf_changed":false,"footnotes":""},"categories":[423],"tags":[],"class_list":["post-84933","post","type-post","status-publish","format-standard","has-post-thumbnail","hentry","category-noticias-de-bhb"],"acf":[],"yoast_head":"<!-- This site is optimized with the Yoast SEO plugin v27.8 - https:\/\/yoast.com\/product\/yoast-seo-wordpress\/ -->\n<title>Saunas de jard\u00edn a medida para su retiro perfecto al aire libre | Bertsch Holzbau<\/title>\n<meta name=\"description\" content=\"Transforme su jard\u00edn en un oasis privado de bienestar con nuestras saunas exteriores a medida de alta calidad para disfrutar de salud, relajaci\u00f3n y confort personalizado.\" \/>\n<meta name=\"robots\" content=\"index, follow, max-snippet:-1, max-image-preview:large, max-video-preview:-1\" \/>\n<meta property=\"og:locale\" content=\"es_ES\" \/>\n<meta property=\"og:type\" content=\"article\" \/>\n<meta property=\"og:title\" content=\"Saunas de jard\u00edn a medida para su retiro perfecto al aire libre | Bertsch Holzbau\" \/>\n<meta property=\"og:description\" content=\"Transforme su jard\u00edn en un oasis privado de bienestar con nuestras saunas exteriores a medida de alta calidad para disfrutar de salud, relajaci\u00f3n y confort personalizado.\" \/>\n<meta property=\"og:url\" content=\"https:\/\/bertsch-holzbau.eu\/es\/blog\/saunas-de-jardin-a-medida\/\" \/>\n<meta property=\"og:site_name\" content=\"BHB Bertsch Holzbau\" \/>\n<meta property=\"article:publisher\" content=\"https:\/\/www.facebook.com\/bertschholzbau\/\" \/>\n<meta property=\"article:published_time\" content=\"2024-11-13T09:09:49+00:00\" \/>\n<meta property=\"article:modified_time\" content=\"2025-02-17T11:03:54+00:00\" \/>\n<meta property=\"og:image\" content=\"https:\/\/bertsch-holzbau.eu\/wp-content\/uploads\/2024\/11\/Grafika_10.jpg\" \/>\n\t<meta property=\"og:image:width\" content=\"1200\" \/>\n\t<meta property=\"og:image:height\" content=\"900\" \/>\n\t<meta property=\"og:image:type\" content=\"image\/jpeg\" \/>\n<meta name=\"author\" content=\"Joachim Bertsch\" \/>\n<meta name=\"twitter:card\" content=\"summary_large_image\" \/>\n<meta name=\"twitter:label1\" content=\"Escrito por\" \/>\n\t<meta name=\"twitter:data1\" content=\"Joachim Bertsch\" \/>\n\t<meta name=\"twitter:label2\" content=\"Tiempo de lectura\" \/>\n\t<meta name=\"twitter:data2\" content=\"7 minutos\" \/>\n<script type=\"application\/ld+json\" class=\"yoast-schema-graph\">{\"@context\":\"https:\\\/\\\/schema.org\",\"@graph\":[{\"@type\":\"Article\",\"@id\":\"https:\\\/\\\/bertsch-holzbau.eu\\\/es\\\/blog\\\/saunas-de-jardin-a-medida\\\/#article\",\"isPartOf\":{\"@id\":\"https:\\\/\\\/bertsch-holzbau.eu\\\/es\\\/blog\\\/saunas-de-jardin-a-medida\\\/\"},\"author\":{\"name\":\"Joachim Bertsch\",\"@id\":\"https:\\\/\\\/bertsch-holzbau.eu\\\/es\\\/#\\\/schema\\\/person\\\/13ecc06e359795647bc8686c8fc9628b\"},\"headline\":\"Saunas de jard\u00edn a medida: dise\u00f1adas para su m\u00e1xima relajaci\u00f3n\",\"datePublished\":\"2024-11-13T09:09:49+00:00\",\"dateModified\":\"2025-02-17T11:03:54+00:00\",\"mainEntityOfPage\":{\"@id\":\"https:\\\/\\\/bertsch-holzbau.eu\\\/es\\\/blog\\\/saunas-de-jardin-a-medida\\\/\"},\"wordCount\":1429,\"commentCount\":0,\"publisher\":{\"@id\":\"https:\\\/\\\/bertsch-holzbau.eu\\\/es\\\/#organization\"},\"image\":{\"@id\":\"https:\\\/\\\/bertsch-holzbau.eu\\\/es\\\/blog\\\/saunas-de-jardin-a-medida\\\/#primaryimage\"},\"thumbnailUrl\":\"https:\\\/\\\/bertsch-holzbau.eu\\\/wp-content\\\/uploads\\\/2024\\\/11\\\/Grafika_10.jpg\",\"articleSection\":[\"Noticias de BHB\"],\"inLanguage\":\"es\",\"potentialAction\":[{\"@type\":\"CommentAction\",\"name\":\"Comment\",\"target\":[\"https:\\\/\\\/bertsch-holzbau.eu\\\/es\\\/blog\\\/saunas-de-jardin-a-medida\\\/#respond\"]}]},{\"@type\":\"WebPage\",\"@id\":\"https:\\\/\\\/bertsch-holzbau.eu\\\/es\\\/blog\\\/saunas-de-jardin-a-medida\\\/\",\"url\":\"https:\\\/\\\/bertsch-holzbau.eu\\\/es\\\/blog\\\/saunas-de-jardin-a-medida\\\/\",\"name\":\"Saunas de jard\u00edn a medida para su retiro perfecto al aire libre | Bertsch Holzbau\",\"isPartOf\":{\"@id\":\"https:\\\/\\\/bertsch-holzbau.eu\\\/es\\\/#website\"},\"primaryImageOfPage\":{\"@id\":\"https:\\\/\\\/bertsch-holzbau.eu\\\/es\\\/blog\\\/saunas-de-jardin-a-medida\\\/#primaryimage\"},\"image\":{\"@id\":\"https:\\\/\\\/bertsch-holzbau.eu\\\/es\\\/blog\\\/saunas-de-jardin-a-medida\\\/#primaryimage\"},\"thumbnailUrl\":\"https:\\\/\\\/bertsch-holzbau.eu\\\/wp-content\\\/uploads\\\/2024\\\/11\\\/Grafika_10.jpg\",\"datePublished\":\"2024-11-13T09:09:49+00:00\",\"dateModified\":\"2025-02-17T11:03:54+00:00\",\"description\":\"Transforme su jard\u00edn en un oasis privado de bienestar con nuestras saunas exteriores a medida de alta calidad para disfrutar de salud, relajaci\u00f3n y confort personalizado.\",\"breadcrumb\":{\"@id\":\"https:\\\/\\\/bertsch-holzbau.eu\\\/es\\\/blog\\\/saunas-de-jardin-a-medida\\\/#breadcrumb\"},\"inLanguage\":\"es\",\"potentialAction\":[{\"@type\":\"ReadAction\",\"target\":[\"https:\\\/\\\/bertsch-holzbau.eu\\\/es\\\/blog\\\/saunas-de-jardin-a-medida\\\/\"]}]},{\"@type\":\"ImageObject\",\"inLanguage\":\"es\",\"@id\":\"https:\\\/\\\/bertsch-holzbau.eu\\\/es\\\/blog\\\/saunas-de-jardin-a-medida\\\/#primaryimage\",\"url\":\"https:\\\/\\\/bertsch-holzbau.eu\\\/wp-content\\\/uploads\\\/2024\\\/11\\\/Grafika_10.jpg\",\"contentUrl\":\"https:\\\/\\\/bertsch-holzbau.eu\\\/wp-content\\\/uploads\\\/2024\\\/11\\\/Grafika_10.jpg\",\"width\":1200,\"height\":900,\"caption\":\"example of bespoke garden sauna\"},{\"@type\":\"BreadcrumbList\",\"@id\":\"https:\\\/\\\/bertsch-holzbau.eu\\\/es\\\/blog\\\/saunas-de-jardin-a-medida\\\/#breadcrumb\",\"itemListElement\":[{\"@type\":\"ListItem\",\"position\":1,\"name\":\"Home\",\"item\":\"https:\\\/\\\/bertsch-holzbau.eu\\\/es\\\/\"},{\"@type\":\"ListItem\",\"position\":2,\"name\":\"Saunas de jard\u00edn a medida: dise\u00f1adas para su m\u00e1xima relajaci\u00f3n\"}]},{\"@type\":\"WebSite\",\"@id\":\"https:\\\/\\\/bertsch-holzbau.eu\\\/es\\\/#website\",\"url\":\"https:\\\/\\\/bertsch-holzbau.eu\\\/es\\\/\",\"name\":\"BHB Bertsch Holzbau\",\"description\":\"\",\"publisher\":{\"@id\":\"https:\\\/\\\/bertsch-holzbau.eu\\\/es\\\/#organization\"},\"potentialAction\":[{\"@type\":\"SearchAction\",\"target\":{\"@type\":\"EntryPoint\",\"urlTemplate\":\"https:\\\/\\\/bertsch-holzbau.eu\\\/es\\\/?s={search_term_string}\"},\"query-input\":{\"@type\":\"PropertyValueSpecification\",\"valueRequired\":true,\"valueName\":\"search_term_string\"}}],\"inLanguage\":\"es\"},[],{\"@type\":\"Person\",\"@id\":\"https:\\\/\\\/bertsch-holzbau.eu\\\/es\\\/#\\\/schema\\\/person\\\/13ecc06e359795647bc8686c8fc9628b\",\"name\":\"Joachim Bertsch\",\"image\":{\"@type\":\"ImageObject\",\"inLanguage\":\"es\",\"@id\":\"https:\\\/\\\/bertsch-holzbau.eu\\\/wp-content\\\/litespeed\\\/avatar\\\/81f1ede881040594386bd43727a0c7b5.jpg?ver=1788161130\",\"url\":\"https:\\\/\\\/bertsch-holzbau.eu\\\/wp-content\\\/litespeed\\\/avatar\\\/81f1ede881040594386bd43727a0c7b5.jpg?ver=1788161130\",\"contentUrl\":\"https:\\\/\\\/bertsch-holzbau.eu\\\/wp-content\\\/litespeed\\\/avatar\\\/81f1ede881040594386bd43727a0c7b5.jpg?ver=1788161130\",\"caption\":\"Joachim Bertsch\"},\"url\":\"https:\\\/\\\/bertsch-holzbau.eu\\\/es\\\/blog\\\/author\\\/j-bertsch\\\/\"}]}<\/script>\n<!-- \/ Yoast SEO plugin. -->","yoast_head_json":{"title":"Saunas de jard\u00edn a medida para su retiro perfecto al aire libre | Bertsch Holzbau","description":"Transforme su jard\u00edn en un oasis privado de bienestar con nuestras saunas exteriores a medida de alta calidad para disfrutar de salud, relajaci\u00f3n y confort personalizado.","robots":{"index":"index","follow":"follow","max-snippet":"max-snippet:-1","max-image-preview":"max-image-preview:large","max-video-preview":"max-video-preview:-1"},"og_locale":"es_ES","og_type":"article","og_title":"Saunas de jard\u00edn a medida para su retiro perfecto al aire libre | Bertsch Holzbau","og_description":"Transforme su jard\u00edn en un oasis privado de bienestar con nuestras saunas exteriores a medida de alta calidad para disfrutar de salud, relajaci\u00f3n y confort personalizado.","og_url":"https:\/\/bertsch-holzbau.eu\/es\/blog\/saunas-de-jardin-a-medida\/","og_site_name":"BHB Bertsch Holzbau","article_publisher":"https:\/\/www.facebook.com\/bertschholzbau\/","article_published_time":"2024-11-13T09:09:49+00:00","article_modified_time":"2025-02-17T11:03:54+00:00","og_image":[{"width":1200,"height":900,"url":"https:\/\/bertsch-holzbau.eu\/wp-content\/uploads\/2024\/11\/Grafika_10.jpg","type":"image\/jpeg"}],"author":"Joachim Bertsch","twitter_card":"summary_large_image","twitter_misc":{"Escrito por":"Joachim Bertsch","Tiempo de lectura":"7 minutos"},"schema":{"@context":"https:\/\/schema.org","@graph":[{"@type":"Article","@id":"https:\/\/bertsch-holzbau.eu\/es\/blog\/saunas-de-jardin-a-medida\/#article","isPartOf":{"@id":"https:\/\/bertsch-holzbau.eu\/es\/blog\/saunas-de-jardin-a-medida\/"},"author":{"name":"Joachim Bertsch","@id":"https:\/\/bertsch-holzbau.eu\/es\/#\/schema\/person\/13ecc06e359795647bc8686c8fc9628b"},"headline":"Saunas de jard\u00edn a medida: dise\u00f1adas para su m\u00e1xima relajaci\u00f3n","datePublished":"2024-11-13T09:09:49+00:00","dateModified":"2025-02-17T11:03:54+00:00","mainEntityOfPage":{"@id":"https:\/\/bertsch-holzbau.eu\/es\/blog\/saunas-de-jardin-a-medida\/"},"wordCount":1429,"commentCount":0,"publisher":{"@id":"https:\/\/bertsch-holzbau.eu\/es\/#organization"},"image":{"@id":"https:\/\/bertsch-holzbau.eu\/es\/blog\/saunas-de-jardin-a-medida\/#primaryimage"},"thumbnailUrl":"https:\/\/bertsch-holzbau.eu\/wp-content\/uploads\/2024\/11\/Grafika_10.jpg","articleSection":["Noticias de BHB"],"inLanguage":"es","potentialAction":[{"@type":"CommentAction","name":"Comment","target":["https:\/\/bertsch-holzbau.eu\/es\/blog\/saunas-de-jardin-a-medida\/#respond"]}]},{"@type":"WebPage","@id":"https:\/\/bertsch-holzbau.eu\/es\/blog\/saunas-de-jardin-a-medida\/","url":"https:\/\/bertsch-holzbau.eu\/es\/blog\/saunas-de-jardin-a-medida\/","name":"Saunas de jard\u00edn a medida para su retiro perfecto al aire libre | Bertsch Holzbau","isPartOf":{"@id":"https:\/\/bertsch-holzbau.eu\/es\/#website"},"primaryImageOfPage":{"@id":"https:\/\/bertsch-holzbau.eu\/es\/blog\/saunas-de-jardin-a-medida\/#primaryimage"},"image":{"@id":"https:\/\/bertsch-holzbau.eu\/es\/blog\/saunas-de-jardin-a-medida\/#primaryimage"},"thumbnailUrl":"https:\/\/bertsch-holzbau.eu\/wp-content\/uploads\/2024\/11\/Grafika_10.jpg","datePublished":"2024-11-13T09:09:49+00:00","dateModified":"2025-02-17T11:03:54+00:00","description":"Transforme su jard\u00edn en un oasis privado de bienestar con nuestras saunas exteriores a medida de alta calidad para disfrutar de salud, relajaci\u00f3n y confort personalizado.","breadcrumb":{"@id":"https:\/\/bertsch-holzbau.eu\/es\/blog\/saunas-de-jardin-a-medida\/#breadcrumb"},"inLanguage":"es","potentialAction":[{"@type":"ReadAction","target":["https:\/\/bertsch-holzbau.eu\/es\/blog\/saunas-de-jardin-a-medida\/"]}]},{"@type":"ImageObject","inLanguage":"es","@id":"https:\/\/bertsch-holzbau.eu\/es\/blog\/saunas-de-jardin-a-medida\/#primaryimage","url":"https:\/\/bertsch-holzbau.eu\/wp-content\/uploads\/2024\/11\/Grafika_10.jpg","contentUrl":"https:\/\/bertsch-holzbau.eu\/wp-content\/uploads\/2024\/11\/Grafika_10.jpg","width":1200,"height":900,"caption":"example of bespoke garden sauna"},{"@type":"BreadcrumbList","@id":"https:\/\/bertsch-holzbau.eu\/es\/blog\/saunas-de-jardin-a-medida\/#breadcrumb","itemListElement":[{"@type":"ListItem","position":1,"name":"Home","item":"https:\/\/bertsch-holzbau.eu\/es\/"},{"@type":"ListItem","position":2,"name":"Saunas de jard\u00edn a medida: dise\u00f1adas para su m\u00e1xima relajaci\u00f3n"}]},{"@type":"WebSite","@id":"https:\/\/bertsch-holzbau.eu\/es\/#website","url":"https:\/\/bertsch-holzbau.eu\/es\/","name":"BHB Bertsch Holzbau","description":"","publisher":{"@id":"https:\/\/bertsch-holzbau.eu\/es\/#organization"},"potentialAction":[{"@type":"SearchAction","target":{"@type":"EntryPoint","urlTemplate":"https:\/\/bertsch-holzbau.eu\/es\/?s={search_term_string}"},"query-input":{"@type":"PropertyValueSpecification","valueRequired":true,"valueName":"search_term_string"}}],"inLanguage":"es"},[],{"@type":"Person","@id":"https:\/\/bertsch-holzbau.eu\/es\/#\/schema\/person\/13ecc06e359795647bc8686c8fc9628b","name":"Joachim Bertsch","image":{"@type":"ImageObject","inLanguage":"es","@id":"https:\/\/bertsch-holzbau.eu\/wp-content\/litespeed\/avatar\/81f1ede881040594386bd43727a0c7b5.jpg?ver=1788161130","url":"https:\/\/bertsch-holzbau.eu\/wp-content\/litespeed\/avatar\/81f1ede881040594386bd43727a0c7b5.jpg?ver=1788161130","contentUrl":"https:\/\/bertsch-holzbau.eu\/wp-content\/litespeed\/avatar\/81f1ede881040594386bd43727a0c7b5.jpg?ver=1788161130","caption":"Joachim Bertsch"},"url":"https:\/\/bertsch-holzbau.eu\/es\/blog\/author\/j-bertsch\/"}]}},"_links":{"self":[{"href":"https:\/\/bertsch-holzbau.eu\/es\/wp-json\/wp\/v2\/posts\/84933","targetHints":{"allow":["GET"]}}],"collection":[{"href":"https:\/\/bertsch-holzbau.eu\/es\/wp-json\/wp\/v2\/posts"}],"about":[{"href":"https:\/\/bertsch-holzbau.eu\/es\/wp-json\/wp\/v2\/types\/post"}],"author":[{"embeddable":true,"href":"https:\/\/bertsch-holzbau.eu\/es\/wp-json\/wp\/v2\/users\/6"}],"replies":[{"embeddable":true,"href":"https:\/\/bertsch-holzbau.eu\/es\/wp-json\/wp\/v2\/comments?post=84933"}],"version-history":[{"count":1,"href":"https:\/\/bertsch-holzbau.eu\/es\/wp-json\/wp\/v2\/posts\/84933\/revisions"}],"predecessor-version":[{"id":84962,"href":"https:\/\/bertsch-holzbau.eu\/es\/wp-json\/wp\/v2\/posts\/84933\/revisions\/84962"}],"wp:featuredmedia":[{"embeddable":true,"href":"https:\/\/bertsch-holzbau.eu\/es\/wp-json\/wp\/v2\/media\/84818"}],"wp:attachment":[{"href":"https:\/\/bertsch-holzbau.eu\/es\/wp-json\/wp\/v2\/media?parent=84933"}],"wp:term":[{"taxonomy":"category","embeddable":true,"href":"https:\/\/bertsch-holzbau.eu\/es\/wp-json\/wp\/v2\/categories?post=84933"},{"taxonomy":"post_tag","embeddable":true,"href":"https:\/\/bertsch-holzbau.eu\/es\/wp-json\/wp\/v2\/tags?post=84933"}],"curies":[{"name":"wp","href":"https:\/\/api.w.org\/{rel}","templated":true}]}}