{"id":83879,"date":"2024-10-25T11:03:23","date_gmt":"2024-10-25T09:03:23","guid":{"rendered":"https:\/\/bertsch-holzbau.eu\/blog\/right-materials-for-log-cabin\/"},"modified":"2024-11-25T11:35:43","modified_gmt":"2024-11-25T10:35:43","slug":"como-elijo-los-materiales-adecuados-para-una-cabana-de-madera-a-medida","status":"publish","type":"post","link":"https:\/\/bertsch-holzbau.eu\/es\/blog\/como-elijo-los-materiales-adecuados-para-una-cabana-de-madera-a-medida\/","title":{"rendered":"C\u00f3mo elijo los materiales adecuados para una caba\u00f1a de madera a medida?"},"content":{"rendered":"\n<p class=\"wp-block-paragraph\">Construir una caba\u00f1a de madera es una inversi\u00f3n a largo plazo, por lo que elegir los materiales adecuados es esencial. En Bertsch Holzbau, somos conscientes de la importancia de seleccionar el tipo de madera adecuado y garantizar su correcto tratamiento. Estos factores son fundamentales para la durabilidad, la est\u00e9tica y el confort de la caba\u00f1a. En este art\u00edculo hablaremos de lo que hay que tener en cuenta cuando se decide construir una caba\u00f1a de madera y de las tecnolog\u00edas que utilizamos para ofrecer productos de la m\u00e1xima calidad.<\/p>\n\n\n\n<h2 class=\"wp-block-heading\">Qu\u00e9 es una caba\u00f1a de madera?<\/h2>\n\n\n\n<p class=\"wp-block-paragraph\">Las caba\u00f1as de troncos son estructuras de madera que se caracterizan por un sistema de uni\u00f3n \u00fanico: los perfiles se unen mediante juntas machihembradas. Estas construcciones son populares en los pa\u00edses de clima fr\u00edo, donde la madera se ha utilizado durante siglos para construir casas resistentes y duraderas. Su encanto, naturalidad y propiedades aislantes aumentan su popularidad.<\/p>\n\n\n\n<p class=\"wp-block-paragraph\">La construcci\u00f3n de estas caba\u00f1as de troncos se basa en el uso de troncos macizos y bien procesados que garantizan la estabilidad estructural y un excelente aislamiento t\u00e9rmico. Las caba\u00f1as de madera tambi\u00e9n son apreciadas por su rapidez de montaje y su flexibilidad para personalizar los dise\u00f1os seg\u00fan las necesidades individuales.<\/p>\n\n\n\n<h2 class=\"wp-block-heading\">Qu\u00e9 madera es adecuada para las caba\u00f1as de madera?<\/h2>\n\n\n\n<p class=\"wp-block-paragraph\">El mejor material para construir caba\u00f1as de madera es la madera, en particular el abeto. Sus caracter\u00edsticas la convierten en la primera opci\u00f3n para la mayor\u00eda de las empresas especializadas en la construcci\u00f3n de caba\u00f1as. \u00bfPor qu\u00e9 el abeto? He aqu\u00ed algunas ventajas clave que la convierten en la materia prima ideal para las estructuras de madera:<\/p>\n\n\n\n<ul class=\"wp-block-list\">\n<li><\/li>\n<\/ul>\n\n\n\n<div class=\"wp-block-columns is-layout-flex wp-container-core-columns-is-layout-8f761849 wp-block-columns-is-layout-flex\">\n<div class=\"wp-block-column is-layout-flow wp-block-column-is-layout-flow\">\n<ul id=\"block-c0f6535b-da36-4a4c-89e2-76c1c4734797\" class=\"wp-block-list\">\n<li>Resistencia y durabilidad: La madera de abeto es muy resistente a los da\u00f1os mec\u00e1nicos, lo que contribuye directamente a la larga vida \u00fatil de la estructura. Esto es crucial para las caba\u00f1as de todo el a\u00f1o que deben soportar condiciones clim\u00e1ticas variables.<\/li>\n\n\n\n<li>Excelente aislante: El abeto proporciona una excelente protecci\u00f3n contra el fr\u00edo, lo que lo convierte en un material ideal para caba\u00f1as destinadas a un uso durante todo el a\u00f1o. Esto permite a los residentes mantenerse calientes incluso en los d\u00edas m\u00e1s fr\u00edos.<\/li>\n\n\n\n<li>Ligereza: La madera de abeto es m\u00e1s ligera que otros tipos de madera, lo que facilita el transporte y el montaje. Esto es especialmente importante en las grandes estructuras, donde los troncos m\u00e1s ligeros facilitan un trabajo m\u00e1s r\u00e1pido y eficaz.<\/li>\n\n\n\n<li>Atractivo est\u00e9tico: El abeto tiene un color claro y uniforme que complementa a la perfecci\u00f3n el aspecto natural de las caba\u00f1as de madera. Confiere a las construcciones un aspecto c\u00e1lido y acogedor, desarrollando con el tiempo una hermosa p\u00e1tina natural.<\/li>\n<\/ul>\n<\/div>\n\n\n\n<div class=\"wp-block-column is-vertically-aligned-center is-layout-flow wp-block-column-is-layout-flow\">\n<figure class=\"wp-block-image size-large\"><img loading=\"lazy\" decoding=\"async\" width=\"1024\" height=\"682\" src=\"https:\/\/bertsch-holzbau.eu\/wp-content\/uploads\/2024\/10\/001409-01-1024x682.jpg\" alt=\"\" class=\"wp-image-83701\" srcset=\"https:\/\/bertsch-holzbau.eu\/wp-content\/uploads\/2024\/10\/001409-01-1024x682.jpg 1024w, https:\/\/bertsch-holzbau.eu\/wp-content\/uploads\/2024\/10\/001409-01-300x200.jpg 300w, https:\/\/bertsch-holzbau.eu\/wp-content\/uploads\/2024\/10\/001409-01-768x512.jpg 768w, https:\/\/bertsch-holzbau.eu\/wp-content\/uploads\/2024\/10\/001409-01-1536x1024.jpg 1536w, https:\/\/bertsch-holzbau.eu\/wp-content\/uploads\/2024\/10\/001409-01-2048x1365.jpg 2048w, https:\/\/bertsch-holzbau.eu\/wp-content\/uploads\/2024\/10\/001409-01-400x267.jpg 400w, https:\/\/bertsch-holzbau.eu\/wp-content\/uploads\/2024\/10\/001409-01-600x400.jpg 600w, https:\/\/bertsch-holzbau.eu\/wp-content\/uploads\/2024\/10\/001409-01-800x533.jpg 800w, https:\/\/bertsch-holzbau.eu\/wp-content\/uploads\/2024\/10\/001409-01-1200x800.jpg 1200w\" sizes=\"auto, (max-width: 1024px) 100vw, 1024px\" \/><\/figure>\n<\/div>\n<\/div>\n\n\n\n<h3 class=\"wp-block-heading\">El abeto escandinavo y la certificaci\u00f3n C24<\/h3>\n\n\n\n<p class=\"wp-block-paragraph\">En Bertsch Holzbau, utilizamos un tipo espec\u00edfico de abeto para nuestras caba\u00f1as de madera: el abeto escandinavo, conocido por sus excelentes propiedades t\u00e9cnicas. Posee la certificaci\u00f3n C24, que indica que cumple las normas de resistencia m\u00e1s estrictas. Esta certificaci\u00f3n destaca la excepcional durabilidad y estabilidad de la madera, ideal para estructuras expuestas a condiciones clim\u00e1ticas cambiantes. Esto garantiza que nuestras caba\u00f1as no solo son bonitas, sino tambi\u00e9n robustas y resistentes frente a factores externos, ofreciendo durabilidad y confort a largo plazo.<\/p>\n\n\n\n<h2 class=\"wp-block-heading\">Grosor del perfil<\/h2>\n\n\n\n<p class=\"wp-block-paragraph\">El grosor de los troncos utilizados en la construcci\u00f3n de caba\u00f1as de madera es uno de los factores clave que afectan a la calidad, la funcionalidad y el confort de la estructura. Elegir el grosor adecuado de los troncos influye directamente en el aislamiento t\u00e9rmico, la estabilidad estructural y la est\u00e9tica. A la hora de elegir una caba\u00f1a de madera, ten en cuenta tus necesidades, el uso previsto del edificio y las condiciones meteorol\u00f3gicas a las que se enfrentar\u00e1.<\/p>\n\n\n\n<h3 class=\"wp-block-heading\">Por qu\u00e9 es importante el grosor de los troncos?<\/h3>\n\n\n\n<p class=\"wp-block-paragraph\">Los troncos m\u00e1s gruesos ofrecen mejor aislamiento t\u00e9rmico y mayor estabilidad estructural. Los perfiles de 45 mm o m\u00e1s son ideales para caba\u00f1as que se utilizan todo el a\u00f1o, ya que proporcionan suficiente protecci\u00f3n contra el fr\u00edo incluso en climas duros. En cambio, los perfiles m\u00e1s finos, como los de 28 mm, est\u00e1n pensados para caba\u00f1as de temporada utilizadas en los meses m\u00e1s c\u00e1lidos. Las cabinas con estos grosores de pared son m\u00e1s adecuadas para regiones con climas m\u00e1s suaves.<\/p>\n\n\n\n<p class=\"wp-block-paragraph\">Las caba\u00f1as de troncos con paredes de 28 mm a 45 mm de grosor son \u00f3ptimas para quienes buscan comodidad sin un uso intensivo en invierno. Las paredes m\u00e1s gruesas, a partir de unos 77 mm, permiten que las caba\u00f1as funcionen como hogares todo el a\u00f1o, ya que ofrecen un mejor aislamiento que mantiene la caba\u00f1a caliente en invierno y fresca en verano.<\/p>\n\n\n\n<p class=\"wp-block-paragraph\"><\/p>\n\n\n\n<div class=\"wp-block-group green-box\"><div class=\"wp-block-group__inner-container is-layout-constrained wp-block-group-is-layout-constrained\">\n<h2 class=\"wp-block-heading\">Espesor del perfil en Bertsch Holzbau<\/h2>\n\n\n\n<p class=\"wp-block-paragraph\">En Bertsch Holzbau, ofrecemos una amplia gama de grosores de pared para nuestras caba\u00f1as de madera, desde 28 mm hasta 112 mm. Esto nos permite adaptar las soluciones a las preferencias \u00fanicas de cada cliente. Para las caba\u00f1as de temporada utilizadas principalmente en verano, los perfiles con un grosor de 28 mm funcionan perfectamente. Para los clientes que buscan una construcci\u00f3n para todo el a\u00f1o, recomendamos perfiles m\u00e1s gruesos -a partir de 45 mm- que ofrecen una mejor protecci\u00f3n contra el fr\u00edo y una mayor estabilidad.<\/p>\n<\/div><\/div>\n\n\n\n<p class=\"wp-block-paragraph\">Adem\u00e1s, los troncos m\u00e1s gruesos no s\u00f3lo mejoran la funcionalidad de la caba\u00f1a, sino que tambi\u00e9n le a\u00f1aden atractivo est\u00e9tico. Los expertos se\u00f1alan que unas paredes m\u00e1s macizas dan a las construcciones un aspecto m\u00e1s tradicional y s\u00f3lido. El grosor de los troncos tambi\u00e9n influye en la integraci\u00f3n de la caba\u00f1a en el entorno, sobre todo en paisajes naturales, donde los troncos m\u00e1s grandes dan a la estructura un aire armonioso y aut\u00e9ntico.<\/p>\n\n\n\n<h2 class=\"wp-block-heading\">Importancia est\u00e9tica y pr\u00e1ctica del grosor de los troncos<\/h2>\n\n\n\n<p class=\"wp-block-paragraph\">El grosor de los troncos no s\u00f3lo influye en las propiedades t\u00e9cnicas de la caba\u00f1a, sino tambi\u00e9n en su atractivo est\u00e9tico. Los perfiles m\u00e1s gruesos dan a la estructura una forma m\u00e1s robusta y tradicional, lo que puede ser importante para quienes aprecian la arquitectura cl\u00e1sica de madera. Las caba\u00f1as hechas con troncos m\u00e1s gruesos tienen una estructura distinta y visible que resalta su car\u00e1cter \u00fanico. Sin embargo, la elecci\u00f3n del grosor de los troncos debe guiarse no s\u00f3lo por la apariencia, sino tambi\u00e9n por la funcionalidad. Los troncos m\u00e1s gruesos a\u00edslan mejor y estabilizan toda la estructura, lo que hace que la caba\u00f1a resista mejor los cambios meteorol\u00f3gicos.<\/p>\n\n\n\n<p class=\"wp-block-paragraph\">En Bertsch Holzbau, independientemente del grosor de tronco seleccionado, prestamos especial atenci\u00f3n a la precisi\u00f3n en el procesamiento y montaje de los elementos, garantizando un excelente aislamiento y durabilidad estructural. Al ofrecer varias opciones de grosor de pared, ayudamos a nuestros clientes a adaptar sus dise\u00f1os a sus necesidades y a las condiciones en las que se utilizar\u00e1 la caba\u00f1a.<\/p>\n\n\n\n<h2 class=\"wp-block-heading\">Perfiles: clave de la calidad<\/h2>\n\n\n\n<p class=\"wp-block-paragraph\">En Bertsch Holzbau nos aseguramos de que los perfiles queden lisos y perfectamente ajustados. Utilizamos tecnolog\u00edas avanzadas, incluido un sistema automatizado de Weinig. Esto garantiza que la superficie del perfil sea perfectamente lisa, mejorando tanto la est\u00e9tica de la cabina como sus propiedades aislantes.<\/p>\n\n\n\n<p class=\"wp-block-paragraph\">Todas las fresas y cuchillas utilizadas para cortar los perfiles son de fabricaci\u00f3n propia, lo que garantiza la m\u00e1xima calidad de las uniones machihembradas. Adem\u00e1s, utilizamos una t\u00e9cnica especializada en la fabricaci\u00f3n de placas de fachada para evitar el alabeo, un problema habitual con los materiales de baja calidad.<\/p>\n\n\n\n<h2 class=\"wp-block-heading\">Calidad de la madera: garant\u00eda de durabilidad y belleza<\/h2>\n\n\n\n<p class=\"wp-block-paragraph\">La calidad de la madera utilizada en las caba\u00f1as de madera desempe\u00f1a un papel crucial en la durabilidad y el aislamiento de la estructura. En Bertsch Holzbau, seleccionamos meticulosamente la madera para eliminar defectos como la mancha azul, los nudos o los defectos del n\u00facleo que podr\u00edan comprometer la resistencia y la est\u00e9tica de la casa. La madera debe ser duradera y perfectamente lisa para garantizar tanto la belleza como la eficacia del montaje. Todos los perfiles se someten a un riguroso control de calidad: s\u00f3lo los que cumplen las normas m\u00e1s estrictas pasan a la fase de procesamiento posterior. La madera que no cumple nuestros criterios se desecha para garantizar que nuestro producto sea bello y funcional durante a\u00f1os.<\/p>\n\n\n\n<p class=\"wp-block-paragraph\">A la hora de elegir la madera para las caba\u00f1as de madera, tenemos en cuenta varios factores importantes:<\/p>\n\n\n\n<ul class=\"wp-block-list\">\n<li>Eliminaci\u00f3n de defectos del material: Eliminamos la madera con nudos que podr\u00edan debilitar la estructura y las secciones centrales propensas a agrietarse.<\/li>\n\n\n\n<li>Estabilidad y durabilidad: Seleccionamos maderas que garantizan la estabilidad estructural y la resistencia a las condiciones clim\u00e1ticas cambiantes.<\/li>\n\n\n\n<li>Superficie perfectamente lisa: La madera se somete a un tratamiento preciso que garantiza que los perfiles queden perfectamente lisos, mejorando la est\u00e9tica y facilitando el montaje.<\/li>\n\n\n\n<li>Aislamiento mejorado: Los perfiles lisos mejoran la estanqueidad estructural, mejorando directamente el aislamiento t\u00e9rmico de la caba\u00f1a de madera.<\/li>\n<\/ul>\n\n\n\n<h3 class=\"wp-block-heading\">Conclusi\u00f3n<\/h3>\n\n\n\n<p class=\"wp-block-paragraph\">En Bertsch Holzbau somos conscientes de que la calidad de la madera y el grosor de los troncos adecuadamente seleccionados son factores clave que determinan la durabilidad, el aislamiento y la est\u00e9tica de las caba\u00f1as de madera. Como l\u00edderes en el mercado de la construcci\u00f3n de caba\u00f1as de madera, mantenemos los m\u00e1s altos est\u00e1ndares de calidad en cada fase de la producci\u00f3n. Para asegurarnos de que nuestra madera es de la mejor calidad, utilizamos abeto escandinavo con certificaci\u00f3n C24, lo que nos da la seguridad de que nuestros productos son de la mejor clase. Sabemos combinar la artesan\u00eda tradicional con soluciones modernas, por lo que nuestros clientes pueden estar seguros de que haremos realidad sus sue\u00f1os en una caba\u00f1a que disfrutar\u00e1n durante a\u00f1os.<\/p>\n\n\n\n<figure class=\"wp-block-gallery has-nested-images columns-default is-cropped wp-block-gallery-1 is-layout-flex wp-block-gallery-is-layout-flex\">\n<figure class=\"wp-block-image size-large\"><img loading=\"lazy\" decoding=\"async\" width=\"1024\" height=\"768\" data-id=\"83713\" src=\"https:\/\/bertsch-holzbau.eu\/wp-content\/uploads\/2024\/10\/000477-02-1024x768.jpg\" alt=\"\" class=\"wp-image-83713\" srcset=\"https:\/\/bertsch-holzbau.eu\/wp-content\/uploads\/2024\/10\/000477-02-1024x768.jpg 1024w, https:\/\/bertsch-holzbau.eu\/wp-content\/uploads\/2024\/10\/000477-02-300x225.jpg 300w, https:\/\/bertsch-holzbau.eu\/wp-content\/uploads\/2024\/10\/000477-02-768x576.jpg 768w, https:\/\/bertsch-holzbau.eu\/wp-content\/uploads\/2024\/10\/000477-02-1536x1152.jpg 1536w, https:\/\/bertsch-holzbau.eu\/wp-content\/uploads\/2024\/10\/000477-02-2048x1536.jpg 2048w, https:\/\/bertsch-holzbau.eu\/wp-content\/uploads\/2024\/10\/000477-02-400x300.jpg 400w, https:\/\/bertsch-holzbau.eu\/wp-content\/uploads\/2024\/10\/000477-02-600x450.jpg 600w, https:\/\/bertsch-holzbau.eu\/wp-content\/uploads\/2024\/10\/000477-02-800x600.jpg 800w, https:\/\/bertsch-holzbau.eu\/wp-content\/uploads\/2024\/10\/000477-02-1200x900.jpg 1200w\" sizes=\"auto, (max-width: 1024px) 100vw, 1024px\" \/><\/figure>\n\n\n\n<figure class=\"wp-block-image size-large\"><img loading=\"lazy\" decoding=\"async\" width=\"1024\" height=\"768\" data-id=\"83749\" src=\"https:\/\/bertsch-holzbau.eu\/wp-content\/uploads\/2024\/10\/001488-02-1024x768.jpg\" alt=\"\" class=\"wp-image-83749\" srcset=\"https:\/\/bertsch-holzbau.eu\/wp-content\/uploads\/2024\/10\/001488-02-1024x768.jpg 1024w, https:\/\/bertsch-holzbau.eu\/wp-content\/uploads\/2024\/10\/001488-02-300x225.jpg 300w, https:\/\/bertsch-holzbau.eu\/wp-content\/uploads\/2024\/10\/001488-02-768x576.jpg 768w, https:\/\/bertsch-holzbau.eu\/wp-content\/uploads\/2024\/10\/001488-02-1536x1152.jpg 1536w, https:\/\/bertsch-holzbau.eu\/wp-content\/uploads\/2024\/10\/001488-02-400x300.jpg 400w, https:\/\/bertsch-holzbau.eu\/wp-content\/uploads\/2024\/10\/001488-02-600x450.jpg 600w, https:\/\/bertsch-holzbau.eu\/wp-content\/uploads\/2024\/10\/001488-02-800x600.jpg 800w, https:\/\/bertsch-holzbau.eu\/wp-content\/uploads\/2024\/10\/001488-02-1200x900.jpg 1200w, https:\/\/bertsch-holzbau.eu\/wp-content\/uploads\/2024\/10\/001488-02.jpg 2016w\" sizes=\"auto, (max-width: 1024px) 100vw, 1024px\" \/><\/figure>\n\n\n\n<figure class=\"wp-block-image size-large\"><img loading=\"lazy\" decoding=\"async\" width=\"1024\" height=\"683\" data-id=\"83714\" src=\"https:\/\/bertsch-holzbau.eu\/wp-content\/uploads\/2024\/10\/001478-01-1024x683.jpg\" alt=\"\" class=\"wp-image-83714\" srcset=\"https:\/\/bertsch-holzbau.eu\/wp-content\/uploads\/2024\/10\/001478-01-1024x683.jpg 1024w, https:\/\/bertsch-holzbau.eu\/wp-content\/uploads\/2024\/10\/001478-01-300x200.jpg 300w, https:\/\/bertsch-holzbau.eu\/wp-content\/uploads\/2024\/10\/001478-01-768x512.jpg 768w, https:\/\/bertsch-holzbau.eu\/wp-content\/uploads\/2024\/10\/001478-01-1536x1024.jpg 1536w, https:\/\/bertsch-holzbau.eu\/wp-content\/uploads\/2024\/10\/001478-01-2048x1366.jpg 2048w, https:\/\/bertsch-holzbau.eu\/wp-content\/uploads\/2024\/10\/001478-01-400x267.jpg 400w, https:\/\/bertsch-holzbau.eu\/wp-content\/uploads\/2024\/10\/001478-01-600x400.jpg 600w, https:\/\/bertsch-holzbau.eu\/wp-content\/uploads\/2024\/10\/001478-01-800x533.jpg 800w, https:\/\/bertsch-holzbau.eu\/wp-content\/uploads\/2024\/10\/001478-01-1200x800.jpg 1200w\" sizes=\"auto, (max-width: 1024px) 100vw, 1024px\" \/><\/figure>\n<\/figure>\n\n\n\n<p class=\"wp-block-paragraph\"><br><\/p>\n","protected":false},"excerpt":{"rendered":"<p>Construir una caba\u00f1a de madera es una inversi\u00f3n a largo plazo, por lo que elegir los materiales adecuados es esencial. En Bertsch Holzbau, somos conscientes de la importancia de seleccionar el tipo de madera adecuado y garantizar su correcto tratamiento. Estos factores son fundamentales para la durabilidad, la est\u00e9tica y el confort de la caba\u00f1a. [&hellip;]<\/p>\n","protected":false},"author":6,"featured_media":83695,"comment_status":"open","ping_status":"open","sticky":false,"template":"","format":"standard","meta":{"_acf_changed":false,"footnotes":""},"categories":[422],"tags":[],"class_list":["post-83879","post","type-post","status-publish","format-standard","has-post-thumbnail","hentry","category-guias-practicas"],"acf":[],"yoast_head":"<!-- This site is optimized with the Yoast SEO plugin v27.8 - https:\/\/yoast.com\/product\/yoast-seo-wordpress\/ -->\n<title>C\u00f3mo elijo los materiales adecuados para una caba\u00f1a de madera a medida? | Bertsch Holzbau<\/title>\n<meta name=\"description\" content=\"Elegir los materiales adecuados es esencial para la durabilidad y el confort de una caba\u00f1a de madera. Descubra c\u00f3mo influyen el abeto escandinavo y el grosor de los troncos en la calidad de la construcci\u00f3n.\" \/>\n<meta name=\"robots\" content=\"index, follow, max-snippet:-1, max-image-preview:large, max-video-preview:-1\" \/>\n<meta property=\"og:locale\" content=\"es_ES\" \/>\n<meta property=\"og:type\" content=\"article\" \/>\n<meta property=\"og:title\" content=\"C\u00f3mo elijo los materiales adecuados para una caba\u00f1a de madera a medida? | Bertsch Holzbau\" \/>\n<meta property=\"og:description\" content=\"Elegir los materiales adecuados es esencial para la durabilidad y el confort de una caba\u00f1a de madera. Descubra c\u00f3mo influyen el abeto escandinavo y el grosor de los troncos en la calidad de la construcci\u00f3n.\" \/>\n<meta property=\"og:url\" content=\"https:\/\/bertsch-holzbau.eu\/es\/blog\/como-elijo-los-materiales-adecuados-para-una-cabana-de-madera-a-medida\/\" \/>\n<meta property=\"og:site_name\" content=\"BHB Bertsch Holzbau\" \/>\n<meta property=\"article:publisher\" content=\"https:\/\/www.facebook.com\/bertschholzbau\/\" \/>\n<meta property=\"article:published_time\" content=\"2024-10-25T09:03:23+00:00\" \/>\n<meta property=\"article:modified_time\" content=\"2024-11-25T10:35:43+00:00\" \/>\n<meta property=\"og:image\" content=\"https:\/\/bertsch-holzbau.eu\/wp-content\/uploads\/2024\/10\/Grafika_1_Jak-wybrac-idealne-drewno-dla-profili.jpg\" \/>\n\t<meta property=\"og:image:width\" content=\"1200\" \/>\n\t<meta property=\"og:image:height\" content=\"900\" \/>\n\t<meta property=\"og:image:type\" content=\"image\/jpeg\" \/>\n<meta name=\"author\" content=\"Joachim Bertsch\" \/>\n<meta name=\"twitter:card\" content=\"summary_large_image\" \/>\n<meta name=\"twitter:label1\" content=\"Escrito por\" \/>\n\t<meta name=\"twitter:data1\" content=\"Joachim Bertsch\" \/>\n\t<meta name=\"twitter:label2\" content=\"Tiempo de lectura\" \/>\n\t<meta name=\"twitter:data2\" content=\"8 minutos\" \/>\n<script type=\"application\/ld+json\" class=\"yoast-schema-graph\">{\"@context\":\"https:\\\/\\\/schema.org\",\"@graph\":[{\"@type\":\"Article\",\"@id\":\"https:\\\/\\\/bertsch-holzbau.eu\\\/es\\\/blog\\\/como-elijo-los-materiales-adecuados-para-una-cabana-de-madera-a-medida\\\/#article\",\"isPartOf\":{\"@id\":\"https:\\\/\\\/bertsch-holzbau.eu\\\/es\\\/blog\\\/como-elijo-los-materiales-adecuados-para-una-cabana-de-madera-a-medida\\\/\"},\"author\":{\"name\":\"Joachim Bertsch\",\"@id\":\"https:\\\/\\\/bertsch-holzbau.eu\\\/es\\\/#\\\/schema\\\/person\\\/13ecc06e359795647bc8686c8fc9628b\"},\"headline\":\"C\u00f3mo elijo los materiales adecuados para una caba\u00f1a de madera a medida?\",\"datePublished\":\"2024-10-25T09:03:23+00:00\",\"dateModified\":\"2024-11-25T10:35:43+00:00\",\"mainEntityOfPage\":{\"@id\":\"https:\\\/\\\/bertsch-holzbau.eu\\\/es\\\/blog\\\/como-elijo-los-materiales-adecuados-para-una-cabana-de-madera-a-medida\\\/\"},\"wordCount\":1725,\"commentCount\":0,\"publisher\":{\"@id\":\"https:\\\/\\\/bertsch-holzbau.eu\\\/es\\\/#organization\"},\"image\":{\"@id\":\"https:\\\/\\\/bertsch-holzbau.eu\\\/es\\\/blog\\\/como-elijo-los-materiales-adecuados-para-una-cabana-de-madera-a-medida\\\/#primaryimage\"},\"thumbnailUrl\":\"https:\\\/\\\/bertsch-holzbau.eu\\\/wp-content\\\/uploads\\\/2024\\\/10\\\/Grafika_1_Jak-wybrac-idealne-drewno-dla-profili.jpg\",\"articleSection\":[\"Gu\u00edas pr\u00e1cticas\"],\"inLanguage\":\"es\",\"potentialAction\":[{\"@type\":\"CommentAction\",\"name\":\"Comment\",\"target\":[\"https:\\\/\\\/bertsch-holzbau.eu\\\/es\\\/blog\\\/como-elijo-los-materiales-adecuados-para-una-cabana-de-madera-a-medida\\\/#respond\"]}]},{\"@type\":\"WebPage\",\"@id\":\"https:\\\/\\\/bertsch-holzbau.eu\\\/es\\\/blog\\\/como-elijo-los-materiales-adecuados-para-una-cabana-de-madera-a-medida\\\/\",\"url\":\"https:\\\/\\\/bertsch-holzbau.eu\\\/es\\\/blog\\\/como-elijo-los-materiales-adecuados-para-una-cabana-de-madera-a-medida\\\/\",\"name\":\"C\u00f3mo elijo los materiales adecuados para una caba\u00f1a de madera a medida? | Bertsch Holzbau\",\"isPartOf\":{\"@id\":\"https:\\\/\\\/bertsch-holzbau.eu\\\/es\\\/#website\"},\"primaryImageOfPage\":{\"@id\":\"https:\\\/\\\/bertsch-holzbau.eu\\\/es\\\/blog\\\/como-elijo-los-materiales-adecuados-para-una-cabana-de-madera-a-medida\\\/#primaryimage\"},\"image\":{\"@id\":\"https:\\\/\\\/bertsch-holzbau.eu\\\/es\\\/blog\\\/como-elijo-los-materiales-adecuados-para-una-cabana-de-madera-a-medida\\\/#primaryimage\"},\"thumbnailUrl\":\"https:\\\/\\\/bertsch-holzbau.eu\\\/wp-content\\\/uploads\\\/2024\\\/10\\\/Grafika_1_Jak-wybrac-idealne-drewno-dla-profili.jpg\",\"datePublished\":\"2024-10-25T09:03:23+00:00\",\"dateModified\":\"2024-11-25T10:35:43+00:00\",\"description\":\"Elegir los materiales adecuados es esencial para la durabilidad y el confort de una caba\u00f1a de madera. Descubra c\u00f3mo influyen el abeto escandinavo y el grosor de los troncos en la calidad de la construcci\u00f3n.\",\"breadcrumb\":{\"@id\":\"https:\\\/\\\/bertsch-holzbau.eu\\\/es\\\/blog\\\/como-elijo-los-materiales-adecuados-para-una-cabana-de-madera-a-medida\\\/#breadcrumb\"},\"inLanguage\":\"es\",\"potentialAction\":[{\"@type\":\"ReadAction\",\"target\":[\"https:\\\/\\\/bertsch-holzbau.eu\\\/es\\\/blog\\\/como-elijo-los-materiales-adecuados-para-una-cabana-de-madera-a-medida\\\/\"]}]},{\"@type\":\"ImageObject\",\"inLanguage\":\"es\",\"@id\":\"https:\\\/\\\/bertsch-holzbau.eu\\\/es\\\/blog\\\/como-elijo-los-materiales-adecuados-para-una-cabana-de-madera-a-medida\\\/#primaryimage\",\"url\":\"https:\\\/\\\/bertsch-holzbau.eu\\\/wp-content\\\/uploads\\\/2024\\\/10\\\/Grafika_1_Jak-wybrac-idealne-drewno-dla-profili.jpg\",\"contentUrl\":\"https:\\\/\\\/bertsch-holzbau.eu\\\/wp-content\\\/uploads\\\/2024\\\/10\\\/Grafika_1_Jak-wybrac-idealne-drewno-dla-profili.jpg\",\"width\":1200,\"height\":900},{\"@type\":\"BreadcrumbList\",\"@id\":\"https:\\\/\\\/bertsch-holzbau.eu\\\/es\\\/blog\\\/como-elijo-los-materiales-adecuados-para-una-cabana-de-madera-a-medida\\\/#breadcrumb\",\"itemListElement\":[{\"@type\":\"ListItem\",\"position\":1,\"name\":\"Home\",\"item\":\"https:\\\/\\\/bertsch-holzbau.eu\\\/es\\\/\"},{\"@type\":\"ListItem\",\"position\":2,\"name\":\"C\u00f3mo elijo los materiales adecuados para una caba\u00f1a de madera a medida?\"}]},{\"@type\":\"WebSite\",\"@id\":\"https:\\\/\\\/bertsch-holzbau.eu\\\/es\\\/#website\",\"url\":\"https:\\\/\\\/bertsch-holzbau.eu\\\/es\\\/\",\"name\":\"BHB Bertsch Holzbau\",\"description\":\"\",\"publisher\":{\"@id\":\"https:\\\/\\\/bertsch-holzbau.eu\\\/es\\\/#organization\"},\"potentialAction\":[{\"@type\":\"SearchAction\",\"target\":{\"@type\":\"EntryPoint\",\"urlTemplate\":\"https:\\\/\\\/bertsch-holzbau.eu\\\/es\\\/?s={search_term_string}\"},\"query-input\":{\"@type\":\"PropertyValueSpecification\",\"valueRequired\":true,\"valueName\":\"search_term_string\"}}],\"inLanguage\":\"es\"},[],{\"@type\":\"Person\",\"@id\":\"https:\\\/\\\/bertsch-holzbau.eu\\\/es\\\/#\\\/schema\\\/person\\\/13ecc06e359795647bc8686c8fc9628b\",\"name\":\"Joachim Bertsch\",\"image\":{\"@type\":\"ImageObject\",\"inLanguage\":\"es\",\"@id\":\"https:\\\/\\\/bertsch-holzbau.eu\\\/wp-content\\\/litespeed\\\/avatar\\\/81f1ede881040594386bd43727a0c7b5.jpg?ver=1788161130\",\"url\":\"https:\\\/\\\/bertsch-holzbau.eu\\\/wp-content\\\/litespeed\\\/avatar\\\/81f1ede881040594386bd43727a0c7b5.jpg?ver=1788161130\",\"contentUrl\":\"https:\\\/\\\/bertsch-holzbau.eu\\\/wp-content\\\/litespeed\\\/avatar\\\/81f1ede881040594386bd43727a0c7b5.jpg?ver=1788161130\",\"caption\":\"Joachim Bertsch\"},\"url\":\"https:\\\/\\\/bertsch-holzbau.eu\\\/es\\\/blog\\\/author\\\/j-bertsch\\\/\"}]}<\/script>\n<!-- \/ Yoast SEO plugin. -->","yoast_head_json":{"title":"C\u00f3mo elijo los materiales adecuados para una caba\u00f1a de madera a medida? | Bertsch Holzbau","description":"Elegir los materiales adecuados es esencial para la durabilidad y el confort de una caba\u00f1a de madera. Descubra c\u00f3mo influyen el abeto escandinavo y el grosor de los troncos en la calidad de la construcci\u00f3n.","robots":{"index":"index","follow":"follow","max-snippet":"max-snippet:-1","max-image-preview":"max-image-preview:large","max-video-preview":"max-video-preview:-1"},"og_locale":"es_ES","og_type":"article","og_title":"C\u00f3mo elijo los materiales adecuados para una caba\u00f1a de madera a medida? | Bertsch Holzbau","og_description":"Elegir los materiales adecuados es esencial para la durabilidad y el confort de una caba\u00f1a de madera. Descubra c\u00f3mo influyen el abeto escandinavo y el grosor de los troncos en la calidad de la construcci\u00f3n.","og_url":"https:\/\/bertsch-holzbau.eu\/es\/blog\/como-elijo-los-materiales-adecuados-para-una-cabana-de-madera-a-medida\/","og_site_name":"BHB Bertsch Holzbau","article_publisher":"https:\/\/www.facebook.com\/bertschholzbau\/","article_published_time":"2024-10-25T09:03:23+00:00","article_modified_time":"2024-11-25T10:35:43+00:00","og_image":[{"width":1200,"height":900,"url":"https:\/\/bertsch-holzbau.eu\/wp-content\/uploads\/2024\/10\/Grafika_1_Jak-wybrac-idealne-drewno-dla-profili.jpg","type":"image\/jpeg"}],"author":"Joachim Bertsch","twitter_card":"summary_large_image","twitter_misc":{"Escrito por":"Joachim Bertsch","Tiempo de lectura":"8 minutos"},"schema":{"@context":"https:\/\/schema.org","@graph":[{"@type":"Article","@id":"https:\/\/bertsch-holzbau.eu\/es\/blog\/como-elijo-los-materiales-adecuados-para-una-cabana-de-madera-a-medida\/#article","isPartOf":{"@id":"https:\/\/bertsch-holzbau.eu\/es\/blog\/como-elijo-los-materiales-adecuados-para-una-cabana-de-madera-a-medida\/"},"author":{"name":"Joachim Bertsch","@id":"https:\/\/bertsch-holzbau.eu\/es\/#\/schema\/person\/13ecc06e359795647bc8686c8fc9628b"},"headline":"C\u00f3mo elijo los materiales adecuados para una caba\u00f1a de madera a medida?","datePublished":"2024-10-25T09:03:23+00:00","dateModified":"2024-11-25T10:35:43+00:00","mainEntityOfPage":{"@id":"https:\/\/bertsch-holzbau.eu\/es\/blog\/como-elijo-los-materiales-adecuados-para-una-cabana-de-madera-a-medida\/"},"wordCount":1725,"commentCount":0,"publisher":{"@id":"https:\/\/bertsch-holzbau.eu\/es\/#organization"},"image":{"@id":"https:\/\/bertsch-holzbau.eu\/es\/blog\/como-elijo-los-materiales-adecuados-para-una-cabana-de-madera-a-medida\/#primaryimage"},"thumbnailUrl":"https:\/\/bertsch-holzbau.eu\/wp-content\/uploads\/2024\/10\/Grafika_1_Jak-wybrac-idealne-drewno-dla-profili.jpg","articleSection":["Gu\u00edas pr\u00e1cticas"],"inLanguage":"es","potentialAction":[{"@type":"CommentAction","name":"Comment","target":["https:\/\/bertsch-holzbau.eu\/es\/blog\/como-elijo-los-materiales-adecuados-para-una-cabana-de-madera-a-medida\/#respond"]}]},{"@type":"WebPage","@id":"https:\/\/bertsch-holzbau.eu\/es\/blog\/como-elijo-los-materiales-adecuados-para-una-cabana-de-madera-a-medida\/","url":"https:\/\/bertsch-holzbau.eu\/es\/blog\/como-elijo-los-materiales-adecuados-para-una-cabana-de-madera-a-medida\/","name":"C\u00f3mo elijo los materiales adecuados para una caba\u00f1a de madera a medida? | Bertsch Holzbau","isPartOf":{"@id":"https:\/\/bertsch-holzbau.eu\/es\/#website"},"primaryImageOfPage":{"@id":"https:\/\/bertsch-holzbau.eu\/es\/blog\/como-elijo-los-materiales-adecuados-para-una-cabana-de-madera-a-medida\/#primaryimage"},"image":{"@id":"https:\/\/bertsch-holzbau.eu\/es\/blog\/como-elijo-los-materiales-adecuados-para-una-cabana-de-madera-a-medida\/#primaryimage"},"thumbnailUrl":"https:\/\/bertsch-holzbau.eu\/wp-content\/uploads\/2024\/10\/Grafika_1_Jak-wybrac-idealne-drewno-dla-profili.jpg","datePublished":"2024-10-25T09:03:23+00:00","dateModified":"2024-11-25T10:35:43+00:00","description":"Elegir los materiales adecuados es esencial para la durabilidad y el confort de una caba\u00f1a de madera. Descubra c\u00f3mo influyen el abeto escandinavo y el grosor de los troncos en la calidad de la construcci\u00f3n.","breadcrumb":{"@id":"https:\/\/bertsch-holzbau.eu\/es\/blog\/como-elijo-los-materiales-adecuados-para-una-cabana-de-madera-a-medida\/#breadcrumb"},"inLanguage":"es","potentialAction":[{"@type":"ReadAction","target":["https:\/\/bertsch-holzbau.eu\/es\/blog\/como-elijo-los-materiales-adecuados-para-una-cabana-de-madera-a-medida\/"]}]},{"@type":"ImageObject","inLanguage":"es","@id":"https:\/\/bertsch-holzbau.eu\/es\/blog\/como-elijo-los-materiales-adecuados-para-una-cabana-de-madera-a-medida\/#primaryimage","url":"https:\/\/bertsch-holzbau.eu\/wp-content\/uploads\/2024\/10\/Grafika_1_Jak-wybrac-idealne-drewno-dla-profili.jpg","contentUrl":"https:\/\/bertsch-holzbau.eu\/wp-content\/uploads\/2024\/10\/Grafika_1_Jak-wybrac-idealne-drewno-dla-profili.jpg","width":1200,"height":900},{"@type":"BreadcrumbList","@id":"https:\/\/bertsch-holzbau.eu\/es\/blog\/como-elijo-los-materiales-adecuados-para-una-cabana-de-madera-a-medida\/#breadcrumb","itemListElement":[{"@type":"ListItem","position":1,"name":"Home","item":"https:\/\/bertsch-holzbau.eu\/es\/"},{"@type":"ListItem","position":2,"name":"C\u00f3mo elijo los materiales adecuados para una caba\u00f1a de madera a medida?"}]},{"@type":"WebSite","@id":"https:\/\/bertsch-holzbau.eu\/es\/#website","url":"https:\/\/bertsch-holzbau.eu\/es\/","name":"BHB Bertsch Holzbau","description":"","publisher":{"@id":"https:\/\/bertsch-holzbau.eu\/es\/#organization"},"potentialAction":[{"@type":"SearchAction","target":{"@type":"EntryPoint","urlTemplate":"https:\/\/bertsch-holzbau.eu\/es\/?s={search_term_string}"},"query-input":{"@type":"PropertyValueSpecification","valueRequired":true,"valueName":"search_term_string"}}],"inLanguage":"es"},[],{"@type":"Person","@id":"https:\/\/bertsch-holzbau.eu\/es\/#\/schema\/person\/13ecc06e359795647bc8686c8fc9628b","name":"Joachim Bertsch","image":{"@type":"ImageObject","inLanguage":"es","@id":"https:\/\/bertsch-holzbau.eu\/wp-content\/litespeed\/avatar\/81f1ede881040594386bd43727a0c7b5.jpg?ver=1788161130","url":"https:\/\/bertsch-holzbau.eu\/wp-content\/litespeed\/avatar\/81f1ede881040594386bd43727a0c7b5.jpg?ver=1788161130","contentUrl":"https:\/\/bertsch-holzbau.eu\/wp-content\/litespeed\/avatar\/81f1ede881040594386bd43727a0c7b5.jpg?ver=1788161130","caption":"Joachim Bertsch"},"url":"https:\/\/bertsch-holzbau.eu\/es\/blog\/author\/j-bertsch\/"}]}},"_links":{"self":[{"href":"https:\/\/bertsch-holzbau.eu\/es\/wp-json\/wp\/v2\/posts\/83879","targetHints":{"allow":["GET"]}}],"collection":[{"href":"https:\/\/bertsch-holzbau.eu\/es\/wp-json\/wp\/v2\/posts"}],"about":[{"href":"https:\/\/bertsch-holzbau.eu\/es\/wp-json\/wp\/v2\/types\/post"}],"author":[{"embeddable":true,"href":"https:\/\/bertsch-holzbau.eu\/es\/wp-json\/wp\/v2\/users\/6"}],"replies":[{"embeddable":true,"href":"https:\/\/bertsch-holzbau.eu\/es\/wp-json\/wp\/v2\/comments?post=83879"}],"version-history":[{"count":4,"href":"https:\/\/bertsch-holzbau.eu\/es\/wp-json\/wp\/v2\/posts\/83879\/revisions"}],"predecessor-version":[{"id":88282,"href":"https:\/\/bertsch-holzbau.eu\/es\/wp-json\/wp\/v2\/posts\/83879\/revisions\/88282"}],"wp:featuredmedia":[{"embeddable":true,"href":"https:\/\/bertsch-holzbau.eu\/es\/wp-json\/wp\/v2\/media\/83695"}],"wp:attachment":[{"href":"https:\/\/bertsch-holzbau.eu\/es\/wp-json\/wp\/v2\/media?parent=83879"}],"wp:term":[{"taxonomy":"category","embeddable":true,"href":"https:\/\/bertsch-holzbau.eu\/es\/wp-json\/wp\/v2\/categories?post=83879"},{"taxonomy":"post_tag","embeddable":true,"href":"https:\/\/bertsch-holzbau.eu\/es\/wp-json\/wp\/v2\/tags?post=83879"}],"curies":[{"name":"wp","href":"https:\/\/api.w.org\/{rel}","templated":true}]}}