{"id":57918,"date":"2024-06-22T12:34:27","date_gmt":"2024-06-22T10:34:27","guid":{"rendered":"https:\/\/bertsch-holzbau.eu\/blog\/pawilon-odporny-na-burze-przez-caly-rok\/"},"modified":"2024-11-25T12:03:02","modified_gmt":"2024-11-25T11:03:02","slug":"pabellon-a-prueba-de-tormentas-todo-el-ano","status":"publish","type":"post","link":"https:\/\/bertsch-holzbau.eu\/es\/blog\/pabellon-a-prueba-de-tormentas-todo-el-ano\/","title":{"rendered":"Pabell\u00f3n a prueba de tormentas todo el a\u00f1o"},"content":{"rendered":"\n<p class=\"wp-block-paragraph\">Un pabell\u00f3n de jard\u00edn es una estructura que cumple una funci\u00f3n tanto decorativa como utilitaria en el jard\u00edn. Es un lugar donde pasar tiempo al aire libre, protegi\u00e9ndose del sol, la lluvia o el viento. Los pabellones de jard\u00edn est\u00e1n disponibles en una gran variedad de estilos y tama\u00f1os para adaptarse a cualquier tipo de jard\u00edn y a las necesidades de cada usuario.<\/p>\n\n\n\n<p class=\"wp-block-paragraph\">Disponer de un pabell\u00f3n de jard\u00edn que resista tormentas y condiciones clim\u00e1ticas adversas es sumamente importante, sobre todo en regiones de clima cambiante. Un pabell\u00f3n de este tipo no s\u00f3lo ofrece protecci\u00f3n contra las inclemencias del tiempo, sino tambi\u00e9n durabilidad y longevidad de la estructura. Esto le permite disfrutar de su jard\u00edn durante todo el a\u00f1o, independientemente de las condiciones meteorol\u00f3gicas imperantes. Un pabell\u00f3n duradero y robusto es tambi\u00e9n una inversi\u00f3n en seguridad y comodidad, ya que elimina el riesgo de da\u00f1os provocados por fuertes vientos o lluvias torrenciales.<\/p>\n\n\n\n<h2 class=\"wp-block-heading\">Qu\u00e9 debe tener en cuenta a la hora de elegir un pabell\u00f3n que resista las tormentas durante todo el a\u00f1o?<\/h2>\n\n\n\n<p class=\"wp-block-paragraph\">Elegir el pabell\u00f3n de jard\u00edn adecuado para resistir tormentas y condiciones clim\u00e1ticas adversas implica tener en cuenta varios factores clave. He aqu\u00ed los m\u00e1s importantes:<\/p>\n\n\n\n<h3 class=\"wp-block-heading\">Elegir el material adecuado<\/h3>\n\n\n\n<div class=\"wp-block-columns is-layout-flex wp-container-core-columns-is-layout-8f761849 wp-block-columns-is-layout-flex\">\n<div class=\"wp-block-column is-layout-flow wp-block-column-is-layout-flow\">\n<ol class=\"wp-block-list\">\n<li>Aluminio: es resistente al agua y a la corrosi\u00f3n por naturaleza, lo que lo convierte en un material ideal para las estructuras de jard\u00edn. Es ligero pero tambi\u00e9n muy resistente, por lo que un pabell\u00f3n de aluminio ser\u00e1 estable y duradero.<\/li>\n\n\n\n<li>Acero &#8211; es un material muy resistente, pero requiere una protecci\u00f3n adecuada contra la corrosi\u00f3n. Las superficies de acero deben tratarse con un revestimiento anticorrosi\u00f3n para garantizar la longevidad de la estructura. Los pabellones de acero suelen elegirse por su robustez.<\/li>\n\n\n\n<li>Madera &#8211; los pabellones de madera son muy agradables est\u00e9ticamente, pero requieren una impermeabilizaci\u00f3n y un mantenimiento regulares para hacerlos resistentes a la humedad y a las condiciones meteorol\u00f3gicas cambiantes. La madera combina bien con el entorno natural del jard\u00edn, pero requiere m\u00e1s mantenimiento.<\/li>\n\n\n\n<li>Pl\u00e1stico: los pabellones de pl\u00e1stico son ligeros y f\u00e1ciles de montar, pero pueden no ser tan duraderos como los de metal o madera. Sin embargo, los pl\u00e1sticos de alta calidad pueden ser resistentes a la intemperie y a los rayos UV.<\/li>\n<\/ol>\n<\/div>\n\n\n\n<div class=\"wp-block-column is-vertically-aligned-center is-layout-flow wp-block-column-is-layout-flow\">\n<figure class=\"wp-block-image size-large\"><img loading=\"lazy\" decoding=\"async\" width=\"1024\" height=\"682\" src=\"https:\/\/bertsch-holzbau.eu\/wp-content\/uploads\/2024\/06\/000047-04-2-1024x682.jpg\" alt=\"\" class=\"wp-image-88050\" srcset=\"https:\/\/bertsch-holzbau.eu\/wp-content\/uploads\/2024\/06\/000047-04-2-1024x682.jpg 1024w, https:\/\/bertsch-holzbau.eu\/wp-content\/uploads\/2024\/06\/000047-04-2-300x200.jpg 300w, https:\/\/bertsch-holzbau.eu\/wp-content\/uploads\/2024\/06\/000047-04-2-768x512.jpg 768w, https:\/\/bertsch-holzbau.eu\/wp-content\/uploads\/2024\/06\/000047-04-2-1536x1024.jpg 1536w, https:\/\/bertsch-holzbau.eu\/wp-content\/uploads\/2024\/06\/000047-04-2-2048x1365.jpg 2048w, https:\/\/bertsch-holzbau.eu\/wp-content\/uploads\/2024\/06\/000047-04-2-400x267.jpg 400w, https:\/\/bertsch-holzbau.eu\/wp-content\/uploads\/2024\/06\/000047-04-2-600x400.jpg 600w, https:\/\/bertsch-holzbau.eu\/wp-content\/uploads\/2024\/06\/000047-04-2-800x533.jpg 800w, https:\/\/bertsch-holzbau.eu\/wp-content\/uploads\/2024\/06\/000047-04-2-1200x800.jpg 1200w\" sizes=\"auto, (max-width: 1024px) 100vw, 1024px\" \/><\/figure>\n<\/div>\n<\/div>\n\n\n\n<h3 class=\"wp-block-heading\">Resistencia a los rayos UV<\/h3>\n\n\n\n<p class=\"wp-block-paragraph\">La exposici\u00f3n prolongada a la luz solar puede da\u00f1ar los materiales de los pabellones. Por eso es importante elegir materiales resistentes a los rayos UV. La madera, debidamente protegida y tratada, puede ser una buena elecci\u00f3n, ya que es menos susceptible a la degradaci\u00f3n inducida por el sol en comparaci\u00f3n con algunos pl\u00e1sticos.<\/p>\n\n\n\n<h3 class=\"wp-block-heading\">Estabilidad estructural<\/h3>\n\n\n\n<p class=\"wp-block-paragraph\">La estabilidad estructural es un factor clave a la hora de elegir un pabell\u00f3n resistente a las tormentas. Unos materiales robustos y una forma de construcci\u00f3n adecuada garantizan que el pabell\u00f3n pueda soportar fuertes r\u00e1fagas de viento. Preste atenci\u00f3n a la calidad de las juntas y fijaciones y aseg\u00farese de que la estructura est\u00e1 correctamente anclada al suelo.<\/p>\n\n\n\n<h3 class=\"wp-block-heading\">Resistencia a las condiciones invernales<\/h3>\n\n\n\n<p class=\"wp-block-paragraph\">Un pabell\u00f3n de jard\u00edn no s\u00f3lo debe resistir las tormentas de verano, sino tambi\u00e9n las condiciones invernales. Los materiales del pabell\u00f3n deben ser resistentes a las bajas temperaturas, la nieve y el hielo. Una construcci\u00f3n robusta garantizar\u00e1 que el pabell\u00f3n no sufra da\u00f1os por el peso de la nieve o las heladas.<\/p>\n\n\n\n<h2 class=\"wp-block-heading\">Tipos de pabellones y sus caracter\u00edsticas<\/h2>\n\n\n\n<p class=\"wp-block-paragraph\">Hay muchos tipos de pabellones de jard\u00edn, cada uno con sus propias ventajas e inconvenientes. He aqu\u00ed los m\u00e1s populares:<\/p>\n\n\n\n<h3 class=\"wp-block-heading\">Pabellones de aluminio<\/h3>\n\n\n\n<p class=\"wp-block-paragraph\">Los pabellones de aluminio son muy populares por su ligereza y su resistencia a la corrosi\u00f3n. El aluminio no se oxida, lo que facilita su mantenimiento. Tambi\u00e9n son muy estables y duraderos, lo que los convierte en la opci\u00f3n ideal para jardines expuestos a condiciones clim\u00e1ticas cambiantes. La desventaja puede ser su mayor coste en comparaci\u00f3n con otros materiales.<\/p>\n\n\n\n<h3 class=\"wp-block-heading\">Pabellones de acero<\/h3>\n\n\n\n<p class=\"wp-block-paragraph\">Los pabellones de acero son muy resistentes y duraderos, lo que los convierte en una opci\u00f3n excelente para zonas expuestas a fuertes vientos y lluvias torrenciales. Sin embargo, el acero requiere una protecci\u00f3n adecuada contra la corrosi\u00f3n, lo que puede acarrear costes adicionales y un mantenimiento regular.<\/p>\n\n\n\n<p class=\"wp-block-paragraph\"><\/p>\n\n\n\n<div class=\"wp-block-group green-box\"><div class=\"wp-block-group__inner-container is-layout-constrained wp-block-group-is-layout-constrained\">\n<h2 class=\"wp-block-heading\">Pabellones de madera<\/h2>\n\n\n\n<p class=\"wp-block-paragraph\">Los pabellones de madera son muy vers\u00e1tiles y est\u00e9ticamente agradables. La madera se integra bien en el entorno natural del jard\u00edn y puede personalizarse f\u00e1cilmente. Sin embargo, los pabellones de madera requieren un mantenimiento regular para que sean duraderos y resistentes a la intemperie. Su ventaja es que pueden personalizarse y renovarse, lo que significa que pueden durar muchos a\u00f1os.<\/p>\n<\/div><\/div>\n\n\n\n<h2 class=\"wp-block-heading\">Pabell\u00f3n de madera para jard\u00edn: \u00bfpor qu\u00e9 es una buena elecci\u00f3n?<\/h2>\n\n\n\n<p class=\"wp-block-paragraph\">Los pabellones de madera para jard\u00edn no s\u00f3lo son est\u00e9ticos, sino tambi\u00e9n pr\u00e1cticos y duraderos. He aqu\u00ed algunas razones por las que deber\u00eda optar por un pabell\u00f3n de madera:<\/p>\n\n\n\n<h3 class=\"wp-block-heading\">Aspecto y est\u00e9tica naturales<\/h3>\n\n\n\n<p class=\"wp-block-paragraph\">Como material natural, la madera se integra perfectamente en el entorno del jard\u00edn, d\u00e1ndole un aspecto c\u00e1lido y acogedor. Los pabellones de madera son est\u00e9ticamente agradables y pueden adaptarse a diferentes estilos de jard\u00edn.<\/p>\n\n\n\n<h3 class=\"wp-block-heading\">Ecolog\u00eda y sostenibilidad<\/h3>\n\n\n\n<p class=\"wp-block-paragraph\">La madera es un material ecol\u00f3gico y renovable. Al elegir un pabell\u00f3n de madera, estar\u00e1 contribuyendo a la sostenibilidad y a la protecci\u00f3n del medio ambiente. Muchas empresas ofrecen productos fabricados con madera procedente de fuentes certificadas, lo que aumenta a\u00fan m\u00e1s su valor medioambiental.<\/p>\n\n\n\n<h3 class=\"wp-block-heading\">Excelentes propiedades aislantes<\/h3>\n\n\n\n<p class=\"wp-block-paragraph\">La madera tiene excelentes propiedades aislantes, por lo que un pabell\u00f3n de madera proporciona confort t\u00e9rmico tanto en verano como en invierno. En verano protege de la luz solar excesiva y en invierno mantiene el calor.<\/p>\n\n\n\n<h3 class=\"wp-block-heading\">Durabilidad y resistencia<\/h3>\n\n\n\n<p class=\"wp-block-paragraph\">Protegida y mantenida adecuadamente, la madera es muy duradera y resistente. Los pabellones de madera pueden durar muchos a\u00f1os si se mantienen adecuadamente.<\/p>\n\n\n\n<h3 class=\"wp-block-heading\">F\u00e1ciles de renovar y personalizar<\/h3>\n\n\n\n<p class=\"wp-block-paragraph\">Los pabellones de madera son f\u00e1ciles de renovar y personalizar. Se pueden pintar, te\u00f1ir o barnizar, lo que permite adaptar su aspecto a las necesidades y preferencias individuales.<\/p>\n\n\n\n<h2 class=\"wp-block-heading\">Consejos pr\u00e1cticos: \u00bfc\u00f3mo hacer que su pabell\u00f3n sea a prueba de tormentas?<\/h2>\n\n\n\n<p class=\"wp-block-paragraph\">Para que su pabell\u00f3n de jard\u00edn sea resistente a las tormentas y a la intemperie, hay que tomar algunas medidas clave:<\/p>\n\n\n\n<h3 class=\"wp-block-heading\">Mantenimiento y cuidados diarios<\/h3>\n\n\n\n<p class=\"wp-block-paragraph\">Un mantenimiento regular es fundamental para conservar el pabell\u00f3n en buen estado. Esto incluye la limpieza, la comprobaci\u00f3n del estado de los materiales y la reparaci\u00f3n de cualquier da\u00f1o. Los pabellones de madera deben impermeabilizarse y pintarse con regularidad para hacerlos resistentes a la humedad y a los rayos UV.<\/p>\n\n\n\n<h3 class=\"wp-block-heading\">Preparativos estacionales<\/h3>\n\n\n\n<p class=\"wp-block-paragraph\">Antes de que empiece la temporada de tormentas, invierno o sol intenso, merece la pena llevar a cabo preparativos adicionales. Esto incluye asegurar la estructura contra vientos fuertes ancl\u00e1ndola firmemente al suelo, as\u00ed como recubrir la superficie con revestimientos protectores.<\/p>\n\n\n\n<h3 class=\"wp-block-heading\">Protecci\u00f3n contra el viento y las precipitaciones<\/h3>\n\n\n\n<p class=\"wp-block-paragraph\">Para que el pabell\u00f3n sea resistente a los fuertes vientos, hay que tener cuidado para garantizar su estabilidad. Se pueden utilizar anclajes y fijaciones adicionales para evitar que la estructura vuelque. En caso de fuertes lluvias, es aconsejable asegurarse de que existe un sistema de drenaje adecuado para evitar que la humedad se acumule en el techo del pabell\u00f3n.<\/p>\n\n\n\n<h2 class=\"wp-block-heading\">Finalizaci\u00f3n<\/h2>\n\n\n\n<p class=\"wp-block-paragraph\">Elegir el pabell\u00f3n de jard\u00edn adecuado para soportar tormentas y condiciones clim\u00e1ticas adversas es clave para disfrutar de su jard\u00edn durante todo el a\u00f1o. Es importante prestar atenci\u00f3n a los materiales de la estructura, su estabilidad y una adecuada protecci\u00f3n contra los rayos UV y la corrosi\u00f3n. Los pabellones de madera ofrecen un aspecto natural, excelentes propiedades aislantes y posibilidad de personalizaci\u00f3n, lo que los convierte en una gran elecci\u00f3n para cualquier jard\u00edn.<\/p>\n\n\n\n<p class=\"wp-block-paragraph\">Invertir en un pabell\u00f3n duradero y resistente garantiza comodidad y seguridad, mientras que un mantenimiento regular y unos preparativos estacionales adecuados le permitir\u00e1n disfrutar de la belleza de su jard\u00edn con independencia de las condiciones meteorol\u00f3gicas imperantes.<\/p>\n\n\n\n<figure class=\"wp-block-gallery has-nested-images columns-default is-cropped wp-block-gallery-1 is-layout-flex wp-block-gallery-is-layout-flex\">\n<figure class=\"wp-block-image size-large\"><img loading=\"lazy\" decoding=\"async\" width=\"1024\" height=\"768\" data-id=\"88087\" src=\"https:\/\/bertsch-holzbau.eu\/wp-content\/uploads\/2024\/06\/001607-01-2-1024x768.jpg\" alt=\"\" class=\"wp-image-88087\" srcset=\"https:\/\/bertsch-holzbau.eu\/wp-content\/uploads\/2024\/06\/001607-01-2-1024x768.jpg 1024w, https:\/\/bertsch-holzbau.eu\/wp-content\/uploads\/2024\/06\/001607-01-2-300x225.jpg 300w, https:\/\/bertsch-holzbau.eu\/wp-content\/uploads\/2024\/06\/001607-01-2-768x576.jpg 768w, https:\/\/bertsch-holzbau.eu\/wp-content\/uploads\/2024\/06\/001607-01-2-1536x1152.jpg 1536w, https:\/\/bertsch-holzbau.eu\/wp-content\/uploads\/2024\/06\/001607-01-2-2048x1536.jpg 2048w, https:\/\/bertsch-holzbau.eu\/wp-content\/uploads\/2024\/06\/001607-01-2-400x300.jpg 400w, https:\/\/bertsch-holzbau.eu\/wp-content\/uploads\/2024\/06\/001607-01-2-600x450.jpg 600w, https:\/\/bertsch-holzbau.eu\/wp-content\/uploads\/2024\/06\/001607-01-2-800x600.jpg 800w, https:\/\/bertsch-holzbau.eu\/wp-content\/uploads\/2024\/06\/001607-01-2-1200x900.jpg 1200w\" sizes=\"auto, (max-width: 1024px) 100vw, 1024px\" \/><\/figure>\n\n\n\n<figure class=\"wp-block-image size-large\"><img loading=\"lazy\" decoding=\"async\" width=\"1024\" height=\"997\" data-id=\"88082\" src=\"https:\/\/bertsch-holzbau.eu\/wp-content\/uploads\/2024\/06\/000431-01-2-1024x997.jpg\" alt=\"\" class=\"wp-image-88082\" srcset=\"https:\/\/bertsch-holzbau.eu\/wp-content\/uploads\/2024\/06\/000431-01-2-1024x997.jpg 1024w, https:\/\/bertsch-holzbau.eu\/wp-content\/uploads\/2024\/06\/000431-01-2-300x292.jpg 300w, https:\/\/bertsch-holzbau.eu\/wp-content\/uploads\/2024\/06\/000431-01-2-768x748.jpg 768w, https:\/\/bertsch-holzbau.eu\/wp-content\/uploads\/2024\/06\/000431-01-2-1536x1496.jpg 1536w, https:\/\/bertsch-holzbau.eu\/wp-content\/uploads\/2024\/06\/000431-01-2-2048x1994.jpg 2048w, https:\/\/bertsch-holzbau.eu\/wp-content\/uploads\/2024\/06\/000431-01-2-400x390.jpg 400w, https:\/\/bertsch-holzbau.eu\/wp-content\/uploads\/2024\/06\/000431-01-2-600x584.jpg 600w, https:\/\/bertsch-holzbau.eu\/wp-content\/uploads\/2024\/06\/000431-01-2-800x779.jpg 800w, https:\/\/bertsch-holzbau.eu\/wp-content\/uploads\/2024\/06\/000431-01-2-1200x1169.jpg 1200w\" sizes=\"auto, (max-width: 1024px) 100vw, 1024px\" \/><\/figure>\n\n\n\n<figure class=\"wp-block-image size-large\"><img loading=\"lazy\" decoding=\"async\" width=\"1024\" height=\"768\" data-id=\"88063\" src=\"https:\/\/bertsch-holzbau.eu\/wp-content\/uploads\/2024\/06\/000023-01-2-1024x768.jpg\" alt=\"\" class=\"wp-image-88063\" srcset=\"https:\/\/bertsch-holzbau.eu\/wp-content\/uploads\/2024\/06\/000023-01-2-1024x768.jpg 1024w, https:\/\/bertsch-holzbau.eu\/wp-content\/uploads\/2024\/06\/000023-01-2-300x225.jpg 300w, https:\/\/bertsch-holzbau.eu\/wp-content\/uploads\/2024\/06\/000023-01-2-768x576.jpg 768w, https:\/\/bertsch-holzbau.eu\/wp-content\/uploads\/2024\/06\/000023-01-2-1536x1152.jpg 1536w, https:\/\/bertsch-holzbau.eu\/wp-content\/uploads\/2024\/06\/000023-01-2-400x300.jpg 400w, https:\/\/bertsch-holzbau.eu\/wp-content\/uploads\/2024\/06\/000023-01-2-600x450.jpg 600w, https:\/\/bertsch-holzbau.eu\/wp-content\/uploads\/2024\/06\/000023-01-2-800x600.jpg 800w, https:\/\/bertsch-holzbau.eu\/wp-content\/uploads\/2024\/06\/000023-01-2-1200x900.jpg 1200w, https:\/\/bertsch-holzbau.eu\/wp-content\/uploads\/2024\/06\/000023-01-2.jpg 2016w\" sizes=\"auto, (max-width: 1024px) 100vw, 1024px\" \/><\/figure>\n<\/figure>\n","protected":false},"excerpt":{"rendered":"<p>Un pabell\u00f3n de jard\u00edn es una estructura que cumple una funci\u00f3n tanto decorativa como utilitaria en el jard\u00edn. Es un lugar donde pasar tiempo al aire libre, protegi\u00e9ndose del sol, la lluvia o el viento. Los pabellones de jard\u00edn est\u00e1n disponibles en una gran variedad de estilos y tama\u00f1os para adaptarse a cualquier tipo de [&hellip;]<\/p>\n","protected":false},"author":6,"featured_media":112179,"comment_status":"open","ping_status":"open","sticky":false,"template":"","format":"standard","meta":{"_acf_changed":false,"footnotes":""},"categories":[422],"tags":[],"class_list":["post-57918","post","type-post","status-publish","format-standard","has-post-thumbnail","hentry","category-guias-practicas"],"acf":[],"yoast_head":"<!-- This site is optimized with the Yoast SEO plugin v27.8 - https:\/\/yoast.com\/product\/yoast-seo-wordpress\/ -->\n<title>Pabell\u00f3n a prueba de tormentas todo el a\u00f1o | Bertsch Holzbau<\/title>\n<meta name=\"description\" content=\"Disfruta de un pabell\u00f3n resistente a tormentas durante todo el a\u00f1o, dise\u00f1ado para soportar cualquier clima y ofrecerte m\u00e1xima protecci\u00f3n y confort.\" \/>\n<meta name=\"robots\" content=\"index, follow, max-snippet:-1, max-image-preview:large, max-video-preview:-1\" \/>\n<meta property=\"og:locale\" content=\"es_ES\" \/>\n<meta property=\"og:type\" content=\"article\" \/>\n<meta property=\"og:title\" content=\"Pabell\u00f3n a prueba de tormentas todo el a\u00f1o | Bertsch Holzbau\" \/>\n<meta property=\"og:description\" content=\"Disfruta de un pabell\u00f3n resistente a tormentas durante todo el a\u00f1o, dise\u00f1ado para soportar cualquier clima y ofrecerte m\u00e1xima protecci\u00f3n y confort.\" \/>\n<meta property=\"og:url\" content=\"https:\/\/bertsch-holzbau.eu\/es\/blog\/pabellon-a-prueba-de-tormentas-todo-el-ano\/\" \/>\n<meta property=\"og:site_name\" content=\"BHB Bertsch Holzbau\" \/>\n<meta property=\"article:publisher\" content=\"https:\/\/www.facebook.com\/bertschholzbau\/\" \/>\n<meta property=\"article:published_time\" content=\"2024-06-22T10:34:27+00:00\" \/>\n<meta property=\"article:modified_time\" content=\"2024-11-25T11:03:02+00:00\" \/>\n<meta property=\"og:image\" content=\"https:\/\/bertsch-holzbau.eu\/wp-content\/uploads\/2024\/08\/000741-01.jpg\" \/>\n\t<meta property=\"og:image:width\" content=\"2560\" \/>\n\t<meta property=\"og:image:height\" content=\"1920\" \/>\n\t<meta property=\"og:image:type\" content=\"image\/jpeg\" \/>\n<meta name=\"author\" content=\"Joachim Bertsch\" \/>\n<meta name=\"twitter:card\" content=\"summary_large_image\" \/>\n<meta name=\"twitter:label1\" content=\"Escrito por\" \/>\n\t<meta name=\"twitter:data1\" content=\"Joachim Bertsch\" \/>\n\t<meta name=\"twitter:label2\" content=\"Tiempo de lectura\" \/>\n\t<meta name=\"twitter:data2\" content=\"7 minutos\" \/>\n<script type=\"application\/ld+json\" class=\"yoast-schema-graph\">{\"@context\":\"https:\\\/\\\/schema.org\",\"@graph\":[{\"@type\":\"Article\",\"@id\":\"https:\\\/\\\/bertsch-holzbau.eu\\\/es\\\/blog\\\/pabellon-a-prueba-de-tormentas-todo-el-ano\\\/#article\",\"isPartOf\":{\"@id\":\"https:\\\/\\\/bertsch-holzbau.eu\\\/es\\\/blog\\\/pabellon-a-prueba-de-tormentas-todo-el-ano\\\/\"},\"author\":{\"name\":\"Joachim Bertsch\",\"@id\":\"https:\\\/\\\/bertsch-holzbau.eu\\\/es\\\/#\\\/schema\\\/person\\\/13ecc06e359795647bc8686c8fc9628b\"},\"headline\":\"Pabell\u00f3n a prueba de tormentas todo el a\u00f1o\",\"datePublished\":\"2024-06-22T10:34:27+00:00\",\"dateModified\":\"2024-11-25T11:03:02+00:00\",\"mainEntityOfPage\":{\"@id\":\"https:\\\/\\\/bertsch-holzbau.eu\\\/es\\\/blog\\\/pabellon-a-prueba-de-tormentas-todo-el-ano\\\/\"},\"wordCount\":1422,\"commentCount\":0,\"publisher\":{\"@id\":\"https:\\\/\\\/bertsch-holzbau.eu\\\/es\\\/#organization\"},\"image\":{\"@id\":\"https:\\\/\\\/bertsch-holzbau.eu\\\/es\\\/blog\\\/pabellon-a-prueba-de-tormentas-todo-el-ano\\\/#primaryimage\"},\"thumbnailUrl\":\"https:\\\/\\\/bertsch-holzbau.eu\\\/wp-content\\\/uploads\\\/2024\\\/06\\\/12.-Pawilon-odporny-na-burze-przez-caly-rok.jpg\",\"articleSection\":[\"Gu\u00edas pr\u00e1cticas\"],\"inLanguage\":\"es\",\"potentialAction\":[{\"@type\":\"CommentAction\",\"name\":\"Comment\",\"target\":[\"https:\\\/\\\/bertsch-holzbau.eu\\\/es\\\/blog\\\/pabellon-a-prueba-de-tormentas-todo-el-ano\\\/#respond\"]}]},{\"@type\":\"WebPage\",\"@id\":\"https:\\\/\\\/bertsch-holzbau.eu\\\/es\\\/blog\\\/pabellon-a-prueba-de-tormentas-todo-el-ano\\\/\",\"url\":\"https:\\\/\\\/bertsch-holzbau.eu\\\/es\\\/blog\\\/pabellon-a-prueba-de-tormentas-todo-el-ano\\\/\",\"name\":\"Pabell\u00f3n a prueba de tormentas todo el a\u00f1o | Bertsch Holzbau\",\"isPartOf\":{\"@id\":\"https:\\\/\\\/bertsch-holzbau.eu\\\/es\\\/#website\"},\"primaryImageOfPage\":{\"@id\":\"https:\\\/\\\/bertsch-holzbau.eu\\\/es\\\/blog\\\/pabellon-a-prueba-de-tormentas-todo-el-ano\\\/#primaryimage\"},\"image\":{\"@id\":\"https:\\\/\\\/bertsch-holzbau.eu\\\/es\\\/blog\\\/pabellon-a-prueba-de-tormentas-todo-el-ano\\\/#primaryimage\"},\"thumbnailUrl\":\"https:\\\/\\\/bertsch-holzbau.eu\\\/wp-content\\\/uploads\\\/2024\\\/06\\\/12.-Pawilon-odporny-na-burze-przez-caly-rok.jpg\",\"datePublished\":\"2024-06-22T10:34:27+00:00\",\"dateModified\":\"2024-11-25T11:03:02+00:00\",\"description\":\"Disfruta de un pabell\u00f3n resistente a tormentas durante todo el a\u00f1o, dise\u00f1ado para soportar cualquier clima y ofrecerte m\u00e1xima protecci\u00f3n y confort.\",\"breadcrumb\":{\"@id\":\"https:\\\/\\\/bertsch-holzbau.eu\\\/es\\\/blog\\\/pabellon-a-prueba-de-tormentas-todo-el-ano\\\/#breadcrumb\"},\"inLanguage\":\"es\",\"potentialAction\":[{\"@type\":\"ReadAction\",\"target\":[\"https:\\\/\\\/bertsch-holzbau.eu\\\/es\\\/blog\\\/pabellon-a-prueba-de-tormentas-todo-el-ano\\\/\"]}]},{\"@type\":\"ImageObject\",\"inLanguage\":\"es\",\"@id\":\"https:\\\/\\\/bertsch-holzbau.eu\\\/es\\\/blog\\\/pabellon-a-prueba-de-tormentas-todo-el-ano\\\/#primaryimage\",\"url\":\"https:\\\/\\\/bertsch-holzbau.eu\\\/wp-content\\\/uploads\\\/2024\\\/06\\\/12.-Pawilon-odporny-na-burze-przez-caly-rok.jpg\",\"contentUrl\":\"https:\\\/\\\/bertsch-holzbau.eu\\\/wp-content\\\/uploads\\\/2024\\\/06\\\/12.-Pawilon-odporny-na-burze-przez-caly-rok.jpg\",\"width\":1200,\"height\":900},{\"@type\":\"BreadcrumbList\",\"@id\":\"https:\\\/\\\/bertsch-holzbau.eu\\\/es\\\/blog\\\/pabellon-a-prueba-de-tormentas-todo-el-ano\\\/#breadcrumb\",\"itemListElement\":[{\"@type\":\"ListItem\",\"position\":1,\"name\":\"Home\",\"item\":\"https:\\\/\\\/bertsch-holzbau.eu\\\/es\\\/\"},{\"@type\":\"ListItem\",\"position\":2,\"name\":\"Pabell\u00f3n a prueba de tormentas todo el a\u00f1o\"}]},{\"@type\":\"WebSite\",\"@id\":\"https:\\\/\\\/bertsch-holzbau.eu\\\/es\\\/#website\",\"url\":\"https:\\\/\\\/bertsch-holzbau.eu\\\/es\\\/\",\"name\":\"BHB Bertsch Holzbau\",\"description\":\"\",\"publisher\":{\"@id\":\"https:\\\/\\\/bertsch-holzbau.eu\\\/es\\\/#organization\"},\"potentialAction\":[{\"@type\":\"SearchAction\",\"target\":{\"@type\":\"EntryPoint\",\"urlTemplate\":\"https:\\\/\\\/bertsch-holzbau.eu\\\/es\\\/?s={search_term_string}\"},\"query-input\":{\"@type\":\"PropertyValueSpecification\",\"valueRequired\":true,\"valueName\":\"search_term_string\"}}],\"inLanguage\":\"es\"},[],{\"@type\":\"Person\",\"@id\":\"https:\\\/\\\/bertsch-holzbau.eu\\\/es\\\/#\\\/schema\\\/person\\\/13ecc06e359795647bc8686c8fc9628b\",\"name\":\"Joachim Bertsch\",\"image\":{\"@type\":\"ImageObject\",\"inLanguage\":\"es\",\"@id\":\"https:\\\/\\\/bertsch-holzbau.eu\\\/wp-content\\\/litespeed\\\/avatar\\\/81f1ede881040594386bd43727a0c7b5.jpg?ver=1788161130\",\"url\":\"https:\\\/\\\/bertsch-holzbau.eu\\\/wp-content\\\/litespeed\\\/avatar\\\/81f1ede881040594386bd43727a0c7b5.jpg?ver=1788161130\",\"contentUrl\":\"https:\\\/\\\/bertsch-holzbau.eu\\\/wp-content\\\/litespeed\\\/avatar\\\/81f1ede881040594386bd43727a0c7b5.jpg?ver=1788161130\",\"caption\":\"Joachim Bertsch\"},\"url\":\"https:\\\/\\\/bertsch-holzbau.eu\\\/es\\\/blog\\\/author\\\/j-bertsch\\\/\"}]}<\/script>\n<!-- \/ Yoast SEO plugin. -->","yoast_head_json":{"title":"Pabell\u00f3n a prueba de tormentas todo el a\u00f1o | Bertsch Holzbau","description":"Disfruta de un pabell\u00f3n resistente a tormentas durante todo el a\u00f1o, dise\u00f1ado para soportar cualquier clima y ofrecerte m\u00e1xima protecci\u00f3n y confort.","robots":{"index":"index","follow":"follow","max-snippet":"max-snippet:-1","max-image-preview":"max-image-preview:large","max-video-preview":"max-video-preview:-1"},"og_locale":"es_ES","og_type":"article","og_title":"Pabell\u00f3n a prueba de tormentas todo el a\u00f1o | Bertsch Holzbau","og_description":"Disfruta de un pabell\u00f3n resistente a tormentas durante todo el a\u00f1o, dise\u00f1ado para soportar cualquier clima y ofrecerte m\u00e1xima protecci\u00f3n y confort.","og_url":"https:\/\/bertsch-holzbau.eu\/es\/blog\/pabellon-a-prueba-de-tormentas-todo-el-ano\/","og_site_name":"BHB Bertsch Holzbau","article_publisher":"https:\/\/www.facebook.com\/bertschholzbau\/","article_published_time":"2024-06-22T10:34:27+00:00","article_modified_time":"2024-11-25T11:03:02+00:00","og_image":[{"width":2560,"height":1920,"url":"https:\/\/bertsch-holzbau.eu\/wp-content\/uploads\/2024\/08\/000741-01.jpg","type":"image\/jpeg"}],"author":"Joachim Bertsch","twitter_card":"summary_large_image","twitter_misc":{"Escrito por":"Joachim Bertsch","Tiempo de lectura":"7 minutos"},"schema":{"@context":"https:\/\/schema.org","@graph":[{"@type":"Article","@id":"https:\/\/bertsch-holzbau.eu\/es\/blog\/pabellon-a-prueba-de-tormentas-todo-el-ano\/#article","isPartOf":{"@id":"https:\/\/bertsch-holzbau.eu\/es\/blog\/pabellon-a-prueba-de-tormentas-todo-el-ano\/"},"author":{"name":"Joachim Bertsch","@id":"https:\/\/bertsch-holzbau.eu\/es\/#\/schema\/person\/13ecc06e359795647bc8686c8fc9628b"},"headline":"Pabell\u00f3n a prueba de tormentas todo el a\u00f1o","datePublished":"2024-06-22T10:34:27+00:00","dateModified":"2024-11-25T11:03:02+00:00","mainEntityOfPage":{"@id":"https:\/\/bertsch-holzbau.eu\/es\/blog\/pabellon-a-prueba-de-tormentas-todo-el-ano\/"},"wordCount":1422,"commentCount":0,"publisher":{"@id":"https:\/\/bertsch-holzbau.eu\/es\/#organization"},"image":{"@id":"https:\/\/bertsch-holzbau.eu\/es\/blog\/pabellon-a-prueba-de-tormentas-todo-el-ano\/#primaryimage"},"thumbnailUrl":"https:\/\/bertsch-holzbau.eu\/wp-content\/uploads\/2024\/06\/12.-Pawilon-odporny-na-burze-przez-caly-rok.jpg","articleSection":["Gu\u00edas pr\u00e1cticas"],"inLanguage":"es","potentialAction":[{"@type":"CommentAction","name":"Comment","target":["https:\/\/bertsch-holzbau.eu\/es\/blog\/pabellon-a-prueba-de-tormentas-todo-el-ano\/#respond"]}]},{"@type":"WebPage","@id":"https:\/\/bertsch-holzbau.eu\/es\/blog\/pabellon-a-prueba-de-tormentas-todo-el-ano\/","url":"https:\/\/bertsch-holzbau.eu\/es\/blog\/pabellon-a-prueba-de-tormentas-todo-el-ano\/","name":"Pabell\u00f3n a prueba de tormentas todo el a\u00f1o | Bertsch Holzbau","isPartOf":{"@id":"https:\/\/bertsch-holzbau.eu\/es\/#website"},"primaryImageOfPage":{"@id":"https:\/\/bertsch-holzbau.eu\/es\/blog\/pabellon-a-prueba-de-tormentas-todo-el-ano\/#primaryimage"},"image":{"@id":"https:\/\/bertsch-holzbau.eu\/es\/blog\/pabellon-a-prueba-de-tormentas-todo-el-ano\/#primaryimage"},"thumbnailUrl":"https:\/\/bertsch-holzbau.eu\/wp-content\/uploads\/2024\/06\/12.-Pawilon-odporny-na-burze-przez-caly-rok.jpg","datePublished":"2024-06-22T10:34:27+00:00","dateModified":"2024-11-25T11:03:02+00:00","description":"Disfruta de un pabell\u00f3n resistente a tormentas durante todo el a\u00f1o, dise\u00f1ado para soportar cualquier clima y ofrecerte m\u00e1xima protecci\u00f3n y confort.","breadcrumb":{"@id":"https:\/\/bertsch-holzbau.eu\/es\/blog\/pabellon-a-prueba-de-tormentas-todo-el-ano\/#breadcrumb"},"inLanguage":"es","potentialAction":[{"@type":"ReadAction","target":["https:\/\/bertsch-holzbau.eu\/es\/blog\/pabellon-a-prueba-de-tormentas-todo-el-ano\/"]}]},{"@type":"ImageObject","inLanguage":"es","@id":"https:\/\/bertsch-holzbau.eu\/es\/blog\/pabellon-a-prueba-de-tormentas-todo-el-ano\/#primaryimage","url":"https:\/\/bertsch-holzbau.eu\/wp-content\/uploads\/2024\/06\/12.-Pawilon-odporny-na-burze-przez-caly-rok.jpg","contentUrl":"https:\/\/bertsch-holzbau.eu\/wp-content\/uploads\/2024\/06\/12.-Pawilon-odporny-na-burze-przez-caly-rok.jpg","width":1200,"height":900},{"@type":"BreadcrumbList","@id":"https:\/\/bertsch-holzbau.eu\/es\/blog\/pabellon-a-prueba-de-tormentas-todo-el-ano\/#breadcrumb","itemListElement":[{"@type":"ListItem","position":1,"name":"Home","item":"https:\/\/bertsch-holzbau.eu\/es\/"},{"@type":"ListItem","position":2,"name":"Pabell\u00f3n a prueba de tormentas todo el a\u00f1o"}]},{"@type":"WebSite","@id":"https:\/\/bertsch-holzbau.eu\/es\/#website","url":"https:\/\/bertsch-holzbau.eu\/es\/","name":"BHB Bertsch Holzbau","description":"","publisher":{"@id":"https:\/\/bertsch-holzbau.eu\/es\/#organization"},"potentialAction":[{"@type":"SearchAction","target":{"@type":"EntryPoint","urlTemplate":"https:\/\/bertsch-holzbau.eu\/es\/?s={search_term_string}"},"query-input":{"@type":"PropertyValueSpecification","valueRequired":true,"valueName":"search_term_string"}}],"inLanguage":"es"},[],{"@type":"Person","@id":"https:\/\/bertsch-holzbau.eu\/es\/#\/schema\/person\/13ecc06e359795647bc8686c8fc9628b","name":"Joachim Bertsch","image":{"@type":"ImageObject","inLanguage":"es","@id":"https:\/\/bertsch-holzbau.eu\/wp-content\/litespeed\/avatar\/81f1ede881040594386bd43727a0c7b5.jpg?ver=1788161130","url":"https:\/\/bertsch-holzbau.eu\/wp-content\/litespeed\/avatar\/81f1ede881040594386bd43727a0c7b5.jpg?ver=1788161130","contentUrl":"https:\/\/bertsch-holzbau.eu\/wp-content\/litespeed\/avatar\/81f1ede881040594386bd43727a0c7b5.jpg?ver=1788161130","caption":"Joachim Bertsch"},"url":"https:\/\/bertsch-holzbau.eu\/es\/blog\/author\/j-bertsch\/"}]}},"_links":{"self":[{"href":"https:\/\/bertsch-holzbau.eu\/es\/wp-json\/wp\/v2\/posts\/57918","targetHints":{"allow":["GET"]}}],"collection":[{"href":"https:\/\/bertsch-holzbau.eu\/es\/wp-json\/wp\/v2\/posts"}],"about":[{"href":"https:\/\/bertsch-holzbau.eu\/es\/wp-json\/wp\/v2\/types\/post"}],"author":[{"embeddable":true,"href":"https:\/\/bertsch-holzbau.eu\/es\/wp-json\/wp\/v2\/users\/6"}],"replies":[{"embeddable":true,"href":"https:\/\/bertsch-holzbau.eu\/es\/wp-json\/wp\/v2\/comments?post=57918"}],"version-history":[{"count":3,"href":"https:\/\/bertsch-holzbau.eu\/es\/wp-json\/wp\/v2\/posts\/57918\/revisions"}],"predecessor-version":[{"id":88095,"href":"https:\/\/bertsch-holzbau.eu\/es\/wp-json\/wp\/v2\/posts\/57918\/revisions\/88095"}],"wp:featuredmedia":[{"embeddable":true,"href":"https:\/\/bertsch-holzbau.eu\/es\/wp-json\/wp\/v2\/media\/112179"}],"wp:attachment":[{"href":"https:\/\/bertsch-holzbau.eu\/es\/wp-json\/wp\/v2\/media?parent=57918"}],"wp:term":[{"taxonomy":"category","embeddable":true,"href":"https:\/\/bertsch-holzbau.eu\/es\/wp-json\/wp\/v2\/categories?post=57918"},{"taxonomy":"post_tag","embeddable":true,"href":"https:\/\/bertsch-holzbau.eu\/es\/wp-json\/wp\/v2\/tags?post=57918"}],"curies":[{"name":"wp","href":"https:\/\/api.w.org\/{rel}","templated":true}]}}