{"id":57916,"date":"2024-07-15T11:14:09","date_gmt":"2024-07-15T09:14:09","guid":{"rendered":"https:\/\/bertsch-holzbau.eu\/blog\/czy-moge-mieszkac-w-domku-ogrodowym\/"},"modified":"2025-02-17T12:05:12","modified_gmt":"2025-02-17T11:05:12","slug":"puedo-vivir-en-una-casa-con-jardin","status":"publish","type":"post","link":"https:\/\/bertsch-holzbau.eu\/es\/blog\/puedo-vivir-en-una-casa-con-jardin\/","title":{"rendered":"\u00bfPuedo vivir en una casa con jard\u00edn?"},"content":{"rendered":"\n<p class=\"wp-block-paragraph\"><strong>Las casitas de madera para jard\u00edn tienen muchas ventajas.<\/strong> <strong>Se construyen r\u00e1pidamente, son m\u00e1s baratas que las de ladrillo y, sin duda, m\u00e1s m\u00f3viles.<\/strong> <strong>Por eso, mucha gente se pregunta si es posible vivir en ellas todo el a\u00f1o.<\/strong> <strong>\u00bfEs posible?<\/strong> <strong>\u00bfCu\u00e1l es el mejor uso de una casa de jard\u00edn?<\/strong><\/p>\n\n\n\n<h2 class=\"wp-block-heading\">\u00bfSe puede vivir en una casa de madera para jard\u00edn?<\/h2>\n\n\n\n<p class=\"wp-block-paragraph\">La construcci\u00f3n de una casa de madera no suele requerir permiso. Por eso, este tipo de estructuras se utilizan en los jardines como complemento de las construcciones de ladrillo normales. Sirven como almac\u00e9n adicional, lugar de reuni\u00f3n con los amigos y espacio para practicar aficiones.<\/p>\n\n\n\n<p class=\"wp-block-paragraph\">Sin embargo, si quiere vivir en una casa de madera para jard\u00edn, tendr\u00e1 que obtener los permisos necesarios. Los tr\u00e1mites son ligeramente distintos en cada pa\u00eds. Tambi\u00e9n var\u00edan en funci\u00f3n de la regi\u00f3n en la que se vaya a construir la estructura de madera. Por eso, incluso antes de encargar una casita, es aconsejable acudir a las autoridades locales y preguntar qu\u00e9 permisos se necesitan para vivir en una estructura de este tipo.<\/p>\n\n\n\n<p class=\"wp-block-paragraph\">Hay una serie de factores que determinar\u00e1n qu\u00e9 tr\u00e1mites hay que realizar. Entre ellos figuran<\/p>\n\n\n\n<ul class=\"wp-block-list\">\n<li>Los metros cuadrados de la caba\u00f1a de madera,<\/li>\n\n\n\n<li>La ubicaci\u00f3n de la estructura,<\/li>\n\n\n\n<li>Las estancias de la caba\u00f1a de madera; por ejemplo, en Alemania todas las construcciones con sal\u00f3n, chimenea y aseos requieren un permiso de construcci\u00f3n,<\/li>\n\n\n\n<li>La finalidad de la caba\u00f1a,<\/li>\n\n\n\n<li>los requisitos y normativas locales.<\/li>\n<\/ul>\n\n\n\n<p class=\"wp-block-paragraph\">En algunos pa\u00edses, las casas de jard\u00edn con ba\u00f1o y sal\u00f3n est\u00e1n sujetas a la normativa general de construcci\u00f3n. Esto significa que deben tener una protecci\u00f3n adecuada contra incendios, aislamiento ac\u00fastico, drenaje, etc. Merece la pena tener esto en cuenta en la fase de dise\u00f1o de una construcci\u00f3n de este tipo.<\/p>\n\n\n\n<h2 class=\"wp-block-heading\">Chalets de madera para todo el a\u00f1o<\/h2>\n\n\n\n<p class=\"wp-block-paragraph\">Si ya tiene el permiso necesario para construir un chal\u00e9 para todo el a\u00f1o, puede empezar a buscar la estructura de sus sue\u00f1os. Las estructuras peque\u00f1as utilizadas como trasteros o cenadores cerrados son diferentes de las que pueden utilizarse para vivir. Como Bertsch Holzbau, ofrecemos una amplia gama de chalets de madera para todo el a\u00f1o que:<\/p>\n\n\n\n<div class=\"wp-block-columns is-layout-flex wp-container-core-columns-is-layout-8f761849 wp-block-columns-is-layout-flex\">\n<div class=\"wp-block-column is-vertically-aligned-center is-layout-flow wp-block-column-is-layout-flow\">\n<ul class=\"wp-block-list\">\n<li>son m\u00e1s grandes que los que se suelen utilizar con fines recreativos &#8211; para que pueda vivir en ellos c\u00f3modamente con toda su familia.<\/li>\n\n\n\n<li>ofrecemos chal\u00e9s en dos sistemas: perfil y entramado de madera.<\/li>\n\n\n\n<li>las opciones de personalizaci\u00f3n incluyen ventanas, puertas, tipos de tejado y grosores de pared (58 mm, 70 mm, 94 mm, 112 mm)<\/li>\n\n\n\n<li>el cliente puede personalizar completamente su caba\u00f1a para todo el a\u00f1o: desde la superficie de la casa, pasando por el n\u00famero de ventanas y puertas, hasta el sistema en el que se va a construir<\/li>\n<\/ul>\n<\/div>\n\n\n\n<div class=\"wp-block-column is-vertically-aligned-center is-layout-flow wp-block-column-is-layout-flow\">\n<figure class=\"wp-block-image size-large\"><img loading=\"lazy\" decoding=\"async\" width=\"1024\" height=\"784\" src=\"https:\/\/bertsch-holzbau.eu\/wp-content\/uploads\/2024\/08\/000041-03-1-1024x784.jpg\" alt=\"\" class=\"wp-image-59600\" srcset=\"https:\/\/bertsch-holzbau.eu\/wp-content\/uploads\/2024\/08\/000041-03-1-1024x784.jpg 1024w, https:\/\/bertsch-holzbau.eu\/wp-content\/uploads\/2024\/08\/000041-03-1-300x230.jpg 300w, https:\/\/bertsch-holzbau.eu\/wp-content\/uploads\/2024\/08\/000041-03-1-768x588.jpg 768w, https:\/\/bertsch-holzbau.eu\/wp-content\/uploads\/2024\/08\/000041-03-1-1536x1177.jpg 1536w, https:\/\/bertsch-holzbau.eu\/wp-content\/uploads\/2024\/08\/000041-03-1-2048x1569.jpg 2048w, https:\/\/bertsch-holzbau.eu\/wp-content\/uploads\/2024\/08\/000041-03-1-400x306.jpg 400w, https:\/\/bertsch-holzbau.eu\/wp-content\/uploads\/2024\/08\/000041-03-1-600x460.jpg 600w, https:\/\/bertsch-holzbau.eu\/wp-content\/uploads\/2024\/08\/000041-03-1-800x613.jpg 800w, https:\/\/bertsch-holzbau.eu\/wp-content\/uploads\/2024\/08\/000041-03-1-1200x919.jpg 1200w\" sizes=\"auto, (max-width: 1024px) 100vw, 1024px\" \/><\/figure>\n<\/div>\n<\/div>\n\n\n\n<h2 class=\"wp-block-heading\">Equipamiento de la casa perfilada<\/h2>\n\n\n\n<p class=\"wp-block-paragraph\">Para vivir todo el a\u00f1o en una casa de campo de madera, \u00e9sta debe estar equipada con muchos de los elementos necesarios para la vida normal. En este tipo de construcciones se gestiona el espacio para la cocina y el cuarto de ba\u00f1o. Tambi\u00e9n se suministran los servicios necesarios para los electrodom\u00e9sticos, la iluminaci\u00f3n o los sistemas de calefacci\u00f3n.<\/p>\n\n\n\n<p class=\"wp-block-paragraph\">En las caba\u00f1as de madera se puede crear cualquier n\u00famero de dormitorios. Por este motivo, es una gran opci\u00f3n tanto para solteros como para parejas o familias con ni\u00f1os. La \u00fanica limitaci\u00f3n es el tama\u00f1o de la propiedad. Normalmente, el mobiliario de este tipo de caba\u00f1as se planifica junto con el cliente, de modo que el tipo de habitaciones, su tama\u00f1o y distribuci\u00f3n pueden adaptarse a las necesidades individuales de los futuros ocupantes.<\/p>\n\n\n\n<p class=\"wp-block-paragraph\">La caba\u00f1a de madera debe contener todos los electrodom\u00e9sticos y muebles que tambi\u00e9n se utilizan en las construcciones est\u00e1ndar de ladrillo. Esto se debe a que tales construcciones deben permitir una vida c\u00f3moda. No deben diferir en funcionalidad de las casas cl\u00e1sicas. La \u00fanica diferencia entre las construcciones de troncos y las de mamposter\u00eda debe ser el ambiente acogedor y agradable que proporciona la madera natural.<\/p>\n\n\n\n<h2 class=\"wp-block-heading\">Aislamiento, electricidad<\/h2>\n\n\n\n<p class=\"wp-block-paragraph\">El aislamiento de las casas de madera var\u00eda en funci\u00f3n del dise\u00f1o y las necesidades del cliente. Se utilizan distintos materiales y tecnolog\u00edas de trabajo para proteger estos edificios de la p\u00e9rdida excesiva de calor. Algunos de ellos pueden aplicarse ya antes, incluso antes de que la estructura se instale en la parcela del cliente. As\u00ed, el edificio se entrega en la propiedad listo para su uso, sin necesidad de aislamiento adicional.<\/p>\n\n\n\n<p class=\"wp-block-paragraph\">Tambi\u00e9n es posible encargar aislamiento adicional. Esto es muy importante, ya que es imposible vivir en una casa en invierno sin un aislamiento adecuado. Es m\u00e1s, en algunos pa\u00edses se exige aislamiento t\u00e9rmico independientemente de la tecnolog\u00eda utilizada para construir la casa.<\/p>\n\n\n\n<h2 class=\"wp-block-heading\">Tama\u00f1o de la casa<\/h2>\n\n\n\n<p class=\"wp-block-paragraph\">El bungalow en el que piensas vivir todo el a\u00f1o tiene que ser m\u00e1s grande que un a\u00f1adido a un edificio de ladrillo. Debe tener espacio para un cuarto de ba\u00f1o, una cocina, un sal\u00f3n y un dormitorio (o dos o incluso tres). Por eso, estos chalets suelen tener m\u00e1s de 30 m2. En una superficie as\u00ed, es posible que quepan todas las habitaciones mencionadas, como en los pisos peque\u00f1os de un bloque de viviendas.<\/p>\n\n\n\n<div class=\"wp-block-group green-box\"><div class=\"wp-block-group__inner-container is-layout-constrained wp-block-group-is-layout-constrained\">\n<h2 class=\"wp-block-heading\">Antes de construir un bungalow<\/h2>\n\n\n\n<p class=\"wp-block-paragraph\">sin embargo, conviene comprobar qu\u00e9 dice la normativa local sobre el tama\u00f1o de la casa. En algunos lugares, la construcci\u00f3n de edificios que superen un determinado tama\u00f1o requiere tr\u00e1mites adicionales.<\/p>\n<\/div><\/div>\n\n\n\n<h2 class=\"wp-block-heading\">Vivir en una casa con jard\u00edn<\/h2>\n\n\n\n<p class=\"wp-block-paragraph\">Las ventajas m\u00e1s importantes de vivir en una casa de perfil en el jard\u00edn son<\/p>\n\n\n\n<ul class=\"wp-block-list\">\n<li>coherencia con el entorno &#8211; las caba\u00f1as de madera se integran en el entorno, lo que redunda en armon\u00eda con la naturaleza,<\/li>\n\n\n\n<li>ecolog\u00eda &#8211; la madera es un material natural y ecol\u00f3gico, lo que hace que este tipo de caba\u00f1as sean respetuosas con el medio ambiente,<\/li>\n\n\n\n<li>microclima adecuado &#8211; la madera tiene propiedades reguladoras de la humedad del aire, lo que contribuye a crear un microclima saludable en el interior de la casa,<\/li>\n\n\n\n<li>est\u00e9tica &#8211; las caba\u00f1as de madera tienen un aspecto \u00fanico y r\u00fastico que mucha gente encuentra muy atractivo,<\/li>\n\n\n\n<li>construcci\u00f3n r\u00e1pida &#8211; la construcci\u00f3n de caba\u00f1as de madera es mucho m\u00e1s r\u00e1pida en comparaci\u00f3n con, por ejemplo, el m\u00e9todo del ladrillo.<\/li>\n<\/ul>\n\n\n\n<h2 class=\"wp-block-heading\">Las caba\u00f1as tambi\u00e9n tienen algunas desventajas:<\/h2>\n\n\n\n<ul class=\"wp-block-list\">\n<li>coste &#8211; construir una casa de madera puede ser m\u00e1s caro en comparaci\u00f3n con otros tipos de construcci\u00f3n,<\/li>\n\n\n\n<li>mantenimiento &#8211; la madera requiere un mantenimiento regular para evitar da\u00f1os por la humedad, los insectos o la radiaci\u00f3n ultravioleta,<\/li>\n\n\n\n<li>riesgo de incendio &#8211; las casas de madera son m\u00e1s vulnerables al fuego que las de materiales incombustibles. Por eso es tan importante protegerlas adecuadamente,<\/li>\n\n\n\n<li>limitaciones estructurales &#8211; los dise\u00f1os de las casas de madera pueden tener algunas limitaciones estructurales en comparaci\u00f3n con las de mamposter\u00eda,<\/li>\n\n\n\n<li>la necesidad de obtener permisos &#8211; en algunos pa\u00edses, vivir en casas de troncos s\u00f3lo es posible tras obtener permisos espec\u00edficos. Tambi\u00e9n ocurre que, en el caso de las estructuras equipadas con cuarto de ba\u00f1o y dormitorio, se requiere un permiso aunque no se piense vivir en ellas de forma permanente.<\/li>\n<\/ul>\n\n\n\n<h2 class=\"wp-block-heading\">Resumen<\/h2>\n\n\n\n<p class=\"wp-block-paragraph\">Las estructuras de madera son una gran alternativa a los edificios de mamposter\u00eda. Si se dise\u00f1an correctamente, pueden convertirse en su hogar durante todo el a\u00f1o. Sin embargo, antes de encargar este tipo de estructuras, conviene comprobar la normativa local y obtener los permisos (cuando sean necesarios). Tambi\u00e9n es buena idea recurrir a especialistas en dise\u00f1o de casas de jard\u00edn, que no ser\u00e1n peores que una construcci\u00f3n est\u00e1ndar.<\/p>\n\n\n\n<figure class=\"wp-block-gallery has-nested-images columns-default is-cropped wp-block-gallery-1 is-layout-flex wp-block-gallery-is-layout-flex\">\n<figure class=\"wp-block-image size-large\"><img loading=\"lazy\" decoding=\"async\" width=\"1024\" height=\"682\" data-id=\"59259\" src=\"https:\/\/bertsch-holzbau.eu\/wp-content\/uploads\/2024\/08\/000040-01-1-1024x682.jpg\" alt=\"\" class=\"wp-image-59259\" srcset=\"https:\/\/bertsch-holzbau.eu\/wp-content\/uploads\/2024\/08\/000040-01-1-1024x682.jpg 1024w, https:\/\/bertsch-holzbau.eu\/wp-content\/uploads\/2024\/08\/000040-01-1-300x200.jpg 300w, https:\/\/bertsch-holzbau.eu\/wp-content\/uploads\/2024\/08\/000040-01-1-768x512.jpg 768w, https:\/\/bertsch-holzbau.eu\/wp-content\/uploads\/2024\/08\/000040-01-1-1536x1024.jpg 1536w, https:\/\/bertsch-holzbau.eu\/wp-content\/uploads\/2024\/08\/000040-01-1-2048x1365.jpg 2048w, https:\/\/bertsch-holzbau.eu\/wp-content\/uploads\/2024\/08\/000040-01-1-400x267.jpg 400w, https:\/\/bertsch-holzbau.eu\/wp-content\/uploads\/2024\/08\/000040-01-1-600x400.jpg 600w, https:\/\/bertsch-holzbau.eu\/wp-content\/uploads\/2024\/08\/000040-01-1-800x533.jpg 800w, https:\/\/bertsch-holzbau.eu\/wp-content\/uploads\/2024\/08\/000040-01-1-1200x800.jpg 1200w\" sizes=\"auto, (max-width: 1024px) 100vw, 1024px\" \/><\/figure>\n\n\n\n<figure class=\"wp-block-image size-large\"><img loading=\"lazy\" decoding=\"async\" width=\"1024\" height=\"682\" data-id=\"57906\" src=\"https:\/\/bertsch-holzbau.eu\/wp-content\/uploads\/2024\/08\/000579-01-1-1024x682.jpg\" alt=\"\" class=\"wp-image-57906\" srcset=\"https:\/\/bertsch-holzbau.eu\/wp-content\/uploads\/2024\/08\/000579-01-1-1024x682.jpg 1024w, https:\/\/bertsch-holzbau.eu\/wp-content\/uploads\/2024\/08\/000579-01-1-300x200.jpg 300w, https:\/\/bertsch-holzbau.eu\/wp-content\/uploads\/2024\/08\/000579-01-1-768x512.jpg 768w, https:\/\/bertsch-holzbau.eu\/wp-content\/uploads\/2024\/08\/000579-01-1-1536x1024.jpg 1536w, https:\/\/bertsch-holzbau.eu\/wp-content\/uploads\/2024\/08\/000579-01-1-2048x1365.jpg 2048w, https:\/\/bertsch-holzbau.eu\/wp-content\/uploads\/2024\/08\/000579-01-1-400x267.jpg 400w, https:\/\/bertsch-holzbau.eu\/wp-content\/uploads\/2024\/08\/000579-01-1-600x400.jpg 600w, https:\/\/bertsch-holzbau.eu\/wp-content\/uploads\/2024\/08\/000579-01-1-800x533.jpg 800w, https:\/\/bertsch-holzbau.eu\/wp-content\/uploads\/2024\/08\/000579-01-1-1200x800.jpg 1200w\" sizes=\"auto, (max-width: 1024px) 100vw, 1024px\" \/><\/figure>\n\n\n\n<figure class=\"wp-block-image size-large\"><img loading=\"lazy\" decoding=\"async\" width=\"1024\" height=\"499\" data-id=\"59129\" src=\"https:\/\/bertsch-holzbau.eu\/wp-content\/uploads\/2024\/08\/000555-01-1024x499.jpg\" alt=\"\" class=\"wp-image-59129\" srcset=\"https:\/\/bertsch-holzbau.eu\/wp-content\/uploads\/2024\/08\/000555-01-1024x499.jpg 1024w, https:\/\/bertsch-holzbau.eu\/wp-content\/uploads\/2024\/08\/000555-01-300x146.jpg 300w, https:\/\/bertsch-holzbau.eu\/wp-content\/uploads\/2024\/08\/000555-01-768x374.jpg 768w, https:\/\/bertsch-holzbau.eu\/wp-content\/uploads\/2024\/08\/000555-01-1536x748.jpg 1536w, https:\/\/bertsch-holzbau.eu\/wp-content\/uploads\/2024\/08\/000555-01-400x195.jpg 400w, https:\/\/bertsch-holzbau.eu\/wp-content\/uploads\/2024\/08\/000555-01-600x292.jpg 600w, https:\/\/bertsch-holzbau.eu\/wp-content\/uploads\/2024\/08\/000555-01-800x390.jpg 800w, https:\/\/bertsch-holzbau.eu\/wp-content\/uploads\/2024\/08\/000555-01-1200x585.jpg 1200w, https:\/\/bertsch-holzbau.eu\/wp-content\/uploads\/2024\/08\/000555-01.jpg 1675w\" sizes=\"auto, (max-width: 1024px) 100vw, 1024px\" \/><\/figure>\n<\/figure>\n","protected":false},"excerpt":{"rendered":"<p>Las casitas de madera para jard\u00edn tienen muchas ventajas. Se construyen r\u00e1pidamente, son m\u00e1s baratas que las de ladrillo y, sin duda, m\u00e1s m\u00f3viles. Por eso, mucha gente se pregunta si es posible vivir en ellas todo el a\u00f1o. \u00bfEs posible? \u00bfCu\u00e1l es el mejor uso de una casa de jard\u00edn? \u00bfSe puede vivir en [&hellip;]<\/p>\n","protected":false},"author":6,"featured_media":112167,"comment_status":"open","ping_status":"open","sticky":false,"template":"","format":"standard","meta":{"_acf_changed":false,"footnotes":""},"categories":[422],"tags":[],"class_list":["post-57916","post","type-post","status-publish","format-standard","has-post-thumbnail","hentry","category-guias-practicas"],"acf":[],"yoast_head":"<!-- This site is optimized with the Yoast SEO plugin v27.8 - https:\/\/yoast.com\/product\/yoast-seo-wordpress\/ -->\n<title>\u00bfPuedo vivir en una casa con jard\u00edn? - BHB Bertsch Holzbau<\/title>\n<meta name=\"robots\" content=\"index, follow, max-snippet:-1, max-image-preview:large, max-video-preview:-1\" \/>\n<meta property=\"og:locale\" content=\"es_ES\" \/>\n<meta property=\"og:type\" content=\"article\" \/>\n<meta property=\"og:title\" content=\"\u00bfPuedo vivir en una casa con jard\u00edn? - BHB Bertsch Holzbau\" \/>\n<meta property=\"og:description\" content=\"Las casitas de madera para jard\u00edn tienen muchas ventajas. Se construyen r\u00e1pidamente, son m\u00e1s baratas que las de ladrillo y, sin duda, m\u00e1s m\u00f3viles. Por eso, mucha gente se pregunta si es posible vivir en ellas todo el a\u00f1o. \u00bfEs posible? \u00bfCu\u00e1l es el mejor uso de una casa de jard\u00edn? \u00bfSe puede vivir en [&hellip;]\" \/>\n<meta property=\"og:url\" content=\"https:\/\/bertsch-holzbau.eu\/es\/blog\/puedo-vivir-en-una-casa-con-jardin\/\" \/>\n<meta property=\"og:site_name\" content=\"BHB Bertsch Holzbau\" \/>\n<meta property=\"article:publisher\" content=\"https:\/\/www.facebook.com\/bertschholzbau\/\" \/>\n<meta property=\"article:published_time\" content=\"2024-07-15T09:14:09+00:00\" \/>\n<meta property=\"article:modified_time\" content=\"2025-02-17T11:05:12+00:00\" \/>\n<meta property=\"og:image\" content=\"https:\/\/bertsch-holzbau.eu\/wp-content\/uploads\/2024\/08\/000041-01.jpg\" \/>\n\t<meta property=\"og:image:width\" content=\"2336\" \/>\n\t<meta property=\"og:image:height\" content=\"1607\" \/>\n\t<meta property=\"og:image:type\" content=\"image\/jpeg\" \/>\n<meta name=\"author\" content=\"Joachim Bertsch\" \/>\n<meta name=\"twitter:card\" content=\"summary_large_image\" \/>\n<meta name=\"twitter:label1\" content=\"Escrito por\" \/>\n\t<meta name=\"twitter:data1\" content=\"Joachim Bertsch\" \/>\n\t<meta name=\"twitter:label2\" content=\"Tiempo de lectura\" \/>\n\t<meta name=\"twitter:data2\" content=\"7 minutos\" \/>\n<script type=\"application\/ld+json\" class=\"yoast-schema-graph\">{\"@context\":\"https:\\\/\\\/schema.org\",\"@graph\":[{\"@type\":\"Article\",\"@id\":\"https:\\\/\\\/bertsch-holzbau.eu\\\/es\\\/blog\\\/puedo-vivir-en-una-casa-con-jardin\\\/#article\",\"isPartOf\":{\"@id\":\"https:\\\/\\\/bertsch-holzbau.eu\\\/es\\\/blog\\\/puedo-vivir-en-una-casa-con-jardin\\\/\"},\"author\":{\"name\":\"Joachim Bertsch\",\"@id\":\"https:\\\/\\\/bertsch-holzbau.eu\\\/es\\\/#\\\/schema\\\/person\\\/13ecc06e359795647bc8686c8fc9628b\"},\"headline\":\"\u00bfPuedo vivir en una casa con jard\u00edn?\",\"datePublished\":\"2024-07-15T09:14:09+00:00\",\"dateModified\":\"2025-02-17T11:05:12+00:00\",\"mainEntityOfPage\":{\"@id\":\"https:\\\/\\\/bertsch-holzbau.eu\\\/es\\\/blog\\\/puedo-vivir-en-una-casa-con-jardin\\\/\"},\"wordCount\":1364,\"commentCount\":0,\"publisher\":{\"@id\":\"https:\\\/\\\/bertsch-holzbau.eu\\\/es\\\/#organization\"},\"image\":{\"@id\":\"https:\\\/\\\/bertsch-holzbau.eu\\\/es\\\/blog\\\/puedo-vivir-en-una-casa-con-jardin\\\/#primaryimage\"},\"thumbnailUrl\":\"https:\\\/\\\/bertsch-holzbau.eu\\\/wp-content\\\/uploads\\\/2024\\\/07\\\/11.-Czy-moge-mieszkac-w-domku-ogrodowym.jpg\",\"articleSection\":[\"Gu\u00edas pr\u00e1cticas\"],\"inLanguage\":\"es\",\"potentialAction\":[{\"@type\":\"CommentAction\",\"name\":\"Comment\",\"target\":[\"https:\\\/\\\/bertsch-holzbau.eu\\\/es\\\/blog\\\/puedo-vivir-en-una-casa-con-jardin\\\/#respond\"]}]},{\"@type\":\"WebPage\",\"@id\":\"https:\\\/\\\/bertsch-holzbau.eu\\\/es\\\/blog\\\/puedo-vivir-en-una-casa-con-jardin\\\/\",\"url\":\"https:\\\/\\\/bertsch-holzbau.eu\\\/es\\\/blog\\\/puedo-vivir-en-una-casa-con-jardin\\\/\",\"name\":\"\u00bfPuedo vivir en una casa con jard\u00edn? - BHB Bertsch Holzbau\",\"isPartOf\":{\"@id\":\"https:\\\/\\\/bertsch-holzbau.eu\\\/es\\\/#website\"},\"primaryImageOfPage\":{\"@id\":\"https:\\\/\\\/bertsch-holzbau.eu\\\/es\\\/blog\\\/puedo-vivir-en-una-casa-con-jardin\\\/#primaryimage\"},\"image\":{\"@id\":\"https:\\\/\\\/bertsch-holzbau.eu\\\/es\\\/blog\\\/puedo-vivir-en-una-casa-con-jardin\\\/#primaryimage\"},\"thumbnailUrl\":\"https:\\\/\\\/bertsch-holzbau.eu\\\/wp-content\\\/uploads\\\/2024\\\/07\\\/11.-Czy-moge-mieszkac-w-domku-ogrodowym.jpg\",\"datePublished\":\"2024-07-15T09:14:09+00:00\",\"dateModified\":\"2025-02-17T11:05:12+00:00\",\"breadcrumb\":{\"@id\":\"https:\\\/\\\/bertsch-holzbau.eu\\\/es\\\/blog\\\/puedo-vivir-en-una-casa-con-jardin\\\/#breadcrumb\"},\"inLanguage\":\"es\",\"potentialAction\":[{\"@type\":\"ReadAction\",\"target\":[\"https:\\\/\\\/bertsch-holzbau.eu\\\/es\\\/blog\\\/puedo-vivir-en-una-casa-con-jardin\\\/\"]}]},{\"@type\":\"ImageObject\",\"inLanguage\":\"es\",\"@id\":\"https:\\\/\\\/bertsch-holzbau.eu\\\/es\\\/blog\\\/puedo-vivir-en-una-casa-con-jardin\\\/#primaryimage\",\"url\":\"https:\\\/\\\/bertsch-holzbau.eu\\\/wp-content\\\/uploads\\\/2024\\\/07\\\/11.-Czy-moge-mieszkac-w-domku-ogrodowym.jpg\",\"contentUrl\":\"https:\\\/\\\/bertsch-holzbau.eu\\\/wp-content\\\/uploads\\\/2024\\\/07\\\/11.-Czy-moge-mieszkac-w-domku-ogrodowym.jpg\",\"width\":1200,\"height\":900},{\"@type\":\"BreadcrumbList\",\"@id\":\"https:\\\/\\\/bertsch-holzbau.eu\\\/es\\\/blog\\\/puedo-vivir-en-una-casa-con-jardin\\\/#breadcrumb\",\"itemListElement\":[{\"@type\":\"ListItem\",\"position\":1,\"name\":\"Home\",\"item\":\"https:\\\/\\\/bertsch-holzbau.eu\\\/es\\\/\"},{\"@type\":\"ListItem\",\"position\":2,\"name\":\"\u00bfPuedo vivir en una casa con jard\u00edn?\"}]},{\"@type\":\"WebSite\",\"@id\":\"https:\\\/\\\/bertsch-holzbau.eu\\\/es\\\/#website\",\"url\":\"https:\\\/\\\/bertsch-holzbau.eu\\\/es\\\/\",\"name\":\"BHB Bertsch Holzbau\",\"description\":\"\",\"publisher\":{\"@id\":\"https:\\\/\\\/bertsch-holzbau.eu\\\/es\\\/#organization\"},\"potentialAction\":[{\"@type\":\"SearchAction\",\"target\":{\"@type\":\"EntryPoint\",\"urlTemplate\":\"https:\\\/\\\/bertsch-holzbau.eu\\\/es\\\/?s={search_term_string}\"},\"query-input\":{\"@type\":\"PropertyValueSpecification\",\"valueRequired\":true,\"valueName\":\"search_term_string\"}}],\"inLanguage\":\"es\"},[],{\"@type\":\"Person\",\"@id\":\"https:\\\/\\\/bertsch-holzbau.eu\\\/es\\\/#\\\/schema\\\/person\\\/13ecc06e359795647bc8686c8fc9628b\",\"name\":\"Joachim Bertsch\",\"image\":{\"@type\":\"ImageObject\",\"inLanguage\":\"es\",\"@id\":\"https:\\\/\\\/bertsch-holzbau.eu\\\/wp-content\\\/litespeed\\\/avatar\\\/81f1ede881040594386bd43727a0c7b5.jpg?ver=1788161130\",\"url\":\"https:\\\/\\\/bertsch-holzbau.eu\\\/wp-content\\\/litespeed\\\/avatar\\\/81f1ede881040594386bd43727a0c7b5.jpg?ver=1788161130\",\"contentUrl\":\"https:\\\/\\\/bertsch-holzbau.eu\\\/wp-content\\\/litespeed\\\/avatar\\\/81f1ede881040594386bd43727a0c7b5.jpg?ver=1788161130\",\"caption\":\"Joachim Bertsch\"},\"url\":\"https:\\\/\\\/bertsch-holzbau.eu\\\/es\\\/blog\\\/author\\\/j-bertsch\\\/\"}]}<\/script>\n<!-- \/ Yoast SEO plugin. -->","yoast_head_json":{"title":"\u00bfPuedo vivir en una casa con jard\u00edn? - BHB Bertsch Holzbau","robots":{"index":"index","follow":"follow","max-snippet":"max-snippet:-1","max-image-preview":"max-image-preview:large","max-video-preview":"max-video-preview:-1"},"og_locale":"es_ES","og_type":"article","og_title":"\u00bfPuedo vivir en una casa con jard\u00edn? - BHB Bertsch Holzbau","og_description":"Las casitas de madera para jard\u00edn tienen muchas ventajas. Se construyen r\u00e1pidamente, son m\u00e1s baratas que las de ladrillo y, sin duda, m\u00e1s m\u00f3viles. Por eso, mucha gente se pregunta si es posible vivir en ellas todo el a\u00f1o. \u00bfEs posible? \u00bfCu\u00e1l es el mejor uso de una casa de jard\u00edn? \u00bfSe puede vivir en [&hellip;]","og_url":"https:\/\/bertsch-holzbau.eu\/es\/blog\/puedo-vivir-en-una-casa-con-jardin\/","og_site_name":"BHB Bertsch Holzbau","article_publisher":"https:\/\/www.facebook.com\/bertschholzbau\/","article_published_time":"2024-07-15T09:14:09+00:00","article_modified_time":"2025-02-17T11:05:12+00:00","og_image":[{"width":2336,"height":1607,"url":"https:\/\/bertsch-holzbau.eu\/wp-content\/uploads\/2024\/08\/000041-01.jpg","type":"image\/jpeg"}],"author":"Joachim Bertsch","twitter_card":"summary_large_image","twitter_misc":{"Escrito por":"Joachim Bertsch","Tiempo de lectura":"7 minutos"},"schema":{"@context":"https:\/\/schema.org","@graph":[{"@type":"Article","@id":"https:\/\/bertsch-holzbau.eu\/es\/blog\/puedo-vivir-en-una-casa-con-jardin\/#article","isPartOf":{"@id":"https:\/\/bertsch-holzbau.eu\/es\/blog\/puedo-vivir-en-una-casa-con-jardin\/"},"author":{"name":"Joachim Bertsch","@id":"https:\/\/bertsch-holzbau.eu\/es\/#\/schema\/person\/13ecc06e359795647bc8686c8fc9628b"},"headline":"\u00bfPuedo vivir en una casa con jard\u00edn?","datePublished":"2024-07-15T09:14:09+00:00","dateModified":"2025-02-17T11:05:12+00:00","mainEntityOfPage":{"@id":"https:\/\/bertsch-holzbau.eu\/es\/blog\/puedo-vivir-en-una-casa-con-jardin\/"},"wordCount":1364,"commentCount":0,"publisher":{"@id":"https:\/\/bertsch-holzbau.eu\/es\/#organization"},"image":{"@id":"https:\/\/bertsch-holzbau.eu\/es\/blog\/puedo-vivir-en-una-casa-con-jardin\/#primaryimage"},"thumbnailUrl":"https:\/\/bertsch-holzbau.eu\/wp-content\/uploads\/2024\/07\/11.-Czy-moge-mieszkac-w-domku-ogrodowym.jpg","articleSection":["Gu\u00edas pr\u00e1cticas"],"inLanguage":"es","potentialAction":[{"@type":"CommentAction","name":"Comment","target":["https:\/\/bertsch-holzbau.eu\/es\/blog\/puedo-vivir-en-una-casa-con-jardin\/#respond"]}]},{"@type":"WebPage","@id":"https:\/\/bertsch-holzbau.eu\/es\/blog\/puedo-vivir-en-una-casa-con-jardin\/","url":"https:\/\/bertsch-holzbau.eu\/es\/blog\/puedo-vivir-en-una-casa-con-jardin\/","name":"\u00bfPuedo vivir en una casa con jard\u00edn? - BHB Bertsch Holzbau","isPartOf":{"@id":"https:\/\/bertsch-holzbau.eu\/es\/#website"},"primaryImageOfPage":{"@id":"https:\/\/bertsch-holzbau.eu\/es\/blog\/puedo-vivir-en-una-casa-con-jardin\/#primaryimage"},"image":{"@id":"https:\/\/bertsch-holzbau.eu\/es\/blog\/puedo-vivir-en-una-casa-con-jardin\/#primaryimage"},"thumbnailUrl":"https:\/\/bertsch-holzbau.eu\/wp-content\/uploads\/2024\/07\/11.-Czy-moge-mieszkac-w-domku-ogrodowym.jpg","datePublished":"2024-07-15T09:14:09+00:00","dateModified":"2025-02-17T11:05:12+00:00","breadcrumb":{"@id":"https:\/\/bertsch-holzbau.eu\/es\/blog\/puedo-vivir-en-una-casa-con-jardin\/#breadcrumb"},"inLanguage":"es","potentialAction":[{"@type":"ReadAction","target":["https:\/\/bertsch-holzbau.eu\/es\/blog\/puedo-vivir-en-una-casa-con-jardin\/"]}]},{"@type":"ImageObject","inLanguage":"es","@id":"https:\/\/bertsch-holzbau.eu\/es\/blog\/puedo-vivir-en-una-casa-con-jardin\/#primaryimage","url":"https:\/\/bertsch-holzbau.eu\/wp-content\/uploads\/2024\/07\/11.-Czy-moge-mieszkac-w-domku-ogrodowym.jpg","contentUrl":"https:\/\/bertsch-holzbau.eu\/wp-content\/uploads\/2024\/07\/11.-Czy-moge-mieszkac-w-domku-ogrodowym.jpg","width":1200,"height":900},{"@type":"BreadcrumbList","@id":"https:\/\/bertsch-holzbau.eu\/es\/blog\/puedo-vivir-en-una-casa-con-jardin\/#breadcrumb","itemListElement":[{"@type":"ListItem","position":1,"name":"Home","item":"https:\/\/bertsch-holzbau.eu\/es\/"},{"@type":"ListItem","position":2,"name":"\u00bfPuedo vivir en una casa con jard\u00edn?"}]},{"@type":"WebSite","@id":"https:\/\/bertsch-holzbau.eu\/es\/#website","url":"https:\/\/bertsch-holzbau.eu\/es\/","name":"BHB Bertsch Holzbau","description":"","publisher":{"@id":"https:\/\/bertsch-holzbau.eu\/es\/#organization"},"potentialAction":[{"@type":"SearchAction","target":{"@type":"EntryPoint","urlTemplate":"https:\/\/bertsch-holzbau.eu\/es\/?s={search_term_string}"},"query-input":{"@type":"PropertyValueSpecification","valueRequired":true,"valueName":"search_term_string"}}],"inLanguage":"es"},[],{"@type":"Person","@id":"https:\/\/bertsch-holzbau.eu\/es\/#\/schema\/person\/13ecc06e359795647bc8686c8fc9628b","name":"Joachim Bertsch","image":{"@type":"ImageObject","inLanguage":"es","@id":"https:\/\/bertsch-holzbau.eu\/wp-content\/litespeed\/avatar\/81f1ede881040594386bd43727a0c7b5.jpg?ver=1788161130","url":"https:\/\/bertsch-holzbau.eu\/wp-content\/litespeed\/avatar\/81f1ede881040594386bd43727a0c7b5.jpg?ver=1788161130","contentUrl":"https:\/\/bertsch-holzbau.eu\/wp-content\/litespeed\/avatar\/81f1ede881040594386bd43727a0c7b5.jpg?ver=1788161130","caption":"Joachim Bertsch"},"url":"https:\/\/bertsch-holzbau.eu\/es\/blog\/author\/j-bertsch\/"}]}},"_links":{"self":[{"href":"https:\/\/bertsch-holzbau.eu\/es\/wp-json\/wp\/v2\/posts\/57916","targetHints":{"allow":["GET"]}}],"collection":[{"href":"https:\/\/bertsch-holzbau.eu\/es\/wp-json\/wp\/v2\/posts"}],"about":[{"href":"https:\/\/bertsch-holzbau.eu\/es\/wp-json\/wp\/v2\/types\/post"}],"author":[{"embeddable":true,"href":"https:\/\/bertsch-holzbau.eu\/es\/wp-json\/wp\/v2\/users\/6"}],"replies":[{"embeddable":true,"href":"https:\/\/bertsch-holzbau.eu\/es\/wp-json\/wp\/v2\/comments?post=57916"}],"version-history":[{"count":2,"href":"https:\/\/bertsch-holzbau.eu\/es\/wp-json\/wp\/v2\/posts\/57916\/revisions"}],"predecessor-version":[{"id":88431,"href":"https:\/\/bertsch-holzbau.eu\/es\/wp-json\/wp\/v2\/posts\/57916\/revisions\/88431"}],"wp:featuredmedia":[{"embeddable":true,"href":"https:\/\/bertsch-holzbau.eu\/es\/wp-json\/wp\/v2\/media\/112167"}],"wp:attachment":[{"href":"https:\/\/bertsch-holzbau.eu\/es\/wp-json\/wp\/v2\/media?parent=57916"}],"wp:term":[{"taxonomy":"category","embeddable":true,"href":"https:\/\/bertsch-holzbau.eu\/es\/wp-json\/wp\/v2\/categories?post=57916"},{"taxonomy":"post_tag","embeddable":true,"href":"https:\/\/bertsch-holzbau.eu\/es\/wp-json\/wp\/v2\/tags?post=57916"}],"curies":[{"name":"wp","href":"https:\/\/api.w.org\/{rel}","templated":true}]}}