{"id":57914,"date":"2024-07-15T12:18:08","date_gmt":"2024-07-15T10:18:08","guid":{"rendered":"https:\/\/bertsch-holzbau.eu\/blog\/domek-ogrodowy-na-zamowienie\/"},"modified":"2025-02-17T12:05:07","modified_gmt":"2025-02-17T11:05:07","slug":"casa-de-jardin-a-medida","status":"publish","type":"post","link":"https:\/\/bertsch-holzbau.eu\/es\/blog\/casa-de-jardin-a-medida\/","title":{"rendered":"Casa de jard\u00edn a medida"},"content":{"rendered":"\n<p class=\"wp-block-paragraph\"><strong>Las casas de jard\u00edn son siempre muy populares.<\/strong> <strong>Le permiten crear un espacio personalizado para relajarse en su propio jard\u00edn.<\/strong> <strong>Pueden adaptarse al estilo de la construcci\u00f3n, al espacio disponible y a sus preferencias.<\/strong> <strong>\u00bfC\u00f3mo se encargan estas estructuras?<\/strong> <strong>\u00bfQu\u00e9 influye en su precio y por qu\u00e9 merece la pena instalarlas en el jard\u00edn?<\/strong><br><\/p>\n\n\n\n<h2 class=\"wp-block-heading\">\u00bfPor qu\u00e9 elegir una casita de jard\u00edn a medida?<br><\/h2>\n\n\n\n<p class=\"wp-block-paragraph\">Las casitas de jard\u00edn a medida tienen muchas ventajas, sobre todo si se comparan con las estructuras est\u00e1ndar. \u00bfPor qu\u00e9 elegirlas?<br><\/p>\n\n\n\n<div class=\"wp-block-columns is-layout-flex wp-container-core-columns-is-layout-8f761849 wp-block-columns-is-layout-flex\">\n<div class=\"wp-block-column is-layout-flow wp-block-column-is-layout-flow\">\n<ul class=\"wp-block-list\">\n<li>Una casita de jard\u00edn a medida puede tener cualquier tama\u00f1o y forma. El cliente decide su distribuci\u00f3n. Junto con un especialista, crea un dise\u00f1o para una estructura que funcionar\u00e1 mejor en una parcela espec\u00edfica.<br><\/li>\n\n\n\n<li>Un bungalow hecho a medida funcionar\u00e1 bien cuando el terreno tenga una forma o pendiente espec\u00edfica. Esto se debe a que la estructura puede adaptarse a las condiciones del terreno.<br><\/li>\n\n\n\n<li>El cliente puede decidir el dise\u00f1o y los colores de su cenador. De \u00e9l depende que el dise\u00f1o sea minimalista y moderno o que est\u00e9 decorado con interesantes tallas o colores.<br><\/li>\n\n\n\n<li>Los cenadores a medida pueden equiparse con ventanas, puertas, plataformas, verandas e incluso sistemas de drenaje. La instalaci\u00f3n de estos elementos la decide el cliente, en funci\u00f3n de sus necesidades y presupuesto.<br><\/li>\n\n\n\n<li>Al crear una casa de jard\u00edn a medida, el cliente puede decidir personalizar el espacio para adaptarlo a sus necesidades. Estos cenadores est\u00e1n equipados, por ejemplo, con cajas para herramientas, almacenamiento para tumbonas, mesas para port\u00e1tiles o ganchos para hamacas.<\/li>\n<\/ul>\n<\/div>\n\n\n\n<div class=\"wp-block-column is-vertically-aligned-center is-layout-flow wp-block-column-is-layout-flow\">\n<figure class=\"wp-block-image size-large\"><img loading=\"lazy\" decoding=\"async\" width=\"1024\" height=\"768\" src=\"https:\/\/bertsch-holzbau.eu\/wp-content\/uploads\/2024\/07\/001604-02-1-1024x768.jpg\" alt=\"\" class=\"wp-image-71241\" srcset=\"https:\/\/bertsch-holzbau.eu\/wp-content\/uploads\/2024\/07\/001604-02-1-1024x768.jpg 1024w, https:\/\/bertsch-holzbau.eu\/wp-content\/uploads\/2024\/07\/001604-02-1-300x225.jpg 300w, https:\/\/bertsch-holzbau.eu\/wp-content\/uploads\/2024\/07\/001604-02-1-768x576.jpg 768w, https:\/\/bertsch-holzbau.eu\/wp-content\/uploads\/2024\/07\/001604-02-1-1536x1152.jpg 1536w, https:\/\/bertsch-holzbau.eu\/wp-content\/uploads\/2024\/07\/001604-02-1-2048x1536.jpg 2048w, https:\/\/bertsch-holzbau.eu\/wp-content\/uploads\/2024\/07\/001604-02-1-400x300.jpg 400w, https:\/\/bertsch-holzbau.eu\/wp-content\/uploads\/2024\/07\/001604-02-1-600x450.jpg 600w, https:\/\/bertsch-holzbau.eu\/wp-content\/uploads\/2024\/07\/001604-02-1-800x600.jpg 800w, https:\/\/bertsch-holzbau.eu\/wp-content\/uploads\/2024\/07\/001604-02-1-1200x900.jpg 1200w\" sizes=\"auto, (max-width: 1024px) 100vw, 1024px\" \/><\/figure>\n<\/div>\n<\/div>\n\n\n\n<p class=\"wp-block-paragraph\">Un cenador a medida funcionar\u00e1 a la perfecci\u00f3n si no existen en el mercado estructuras est\u00e1ndar que se adapten a sus necesidades. Transformar objetos ya existentes puede llevar mucho tiempo y a menudo ni siquiera es posible. Una casita de jard\u00edn hecha a medida desde cero se crea exactamente como usted desea.<br><\/p>\n\n\n\n<h2 class=\"wp-block-heading\">El proceso de creaci\u00f3n de una casita de jard\u00edn a medida<br><\/h2>\n\n\n\n<p class=\"wp-block-paragraph\">Las casitas de jard\u00edn a medida se crean de una manera espec\u00edfica. Es importante seguir la secuencia correcta de pasos y acordar todos los detalles antes de empezar la construcci\u00f3n.<br><\/p>\n\n\n\n<ol class=\"wp-block-list\">\n<li>Consulta y planificaci\u00f3n: al principio, el cliente presenta sus expectativas y posibilidades econ\u00f3micas a los expertos. Los especialistas de Bertsch Holzbau sugerir\u00e1n soluciones que se ajusten a sus necesidades. Le presentar\u00e1n varias opciones alternativas, permiti\u00e9ndole encontrar la que mejor se adapte a su parcela.<br><\/li>\n\n\n\n<li>Elecci\u00f3n de los materiales: creamos casas de campo con madera de primera calidad. Se trata de un material respetuoso con el medio ambiente que tiene un aspecto muy natural y combina a la perfecci\u00f3n con la vegetaci\u00f3n del jard\u00edn. El cliente puede elegir entre varios tipos de madera, que var\u00edan en color, veta y propiedades. Todas estas caracter\u00edsticas influyen en la durabilidad y el aspecto final de la casita.<br><\/li>\n\n\n\n<li>Personalizaci\u00f3n: cada cliente tiene necesidades completamente distintas. La posibilidad de crear una casita de jard\u00edn a medida permite que la estructura acabada se adapte perfectamente a las expectativas del cliente. Entre otras cosas, el cliente decide la construcci\u00f3n del tejado, la colocaci\u00f3n de ventanas y puertas, el grosor de las paredes, los materiales utilizados y el acabado de la casa de verano. Tambi\u00e9n puede pedir que se incluya espacio para guardar objetos espec\u00edficos (herramientas, tumbonas, accesorios de jardiner\u00eda, bicicletas, juguetes de jard\u00edn o barbacoas).<br><\/li>\n<\/ol>\n\n\n\n<p class=\"wp-block-paragraph\">S\u00f3lo una vez acordados todos estos detalles se procede a la construcci\u00f3n. El tiempo que transcurre desde la primera conversaci\u00f3n con los especialistas hasta la instalaci\u00f3n de la casita terminada var\u00eda en funci\u00f3n de la complejidad del proyecto. Suele ser de unas pocas semanas.<\/p>\n\n\n\n<h2 class=\"wp-block-heading\">Ejemplos de uso de las casitas de jard\u00edn a medida<br><\/h2>\n\n\n\n<p class=\"wp-block-paragraph\">Las casitas de jard\u00edn a medida pueden cumplir varias funciones. Son una opci\u00f3n excelente para<br><\/p>\n\n\n\n<ul class=\"wp-block-list\">\n<li>Reuniones con amigos: puede invitar a sus seres queridos a una barbacoa o a una fiesta de cumplea\u00f1os o bautizo al aire libre. La casita ser\u00e1 un lugar acogedor, a la sombra y protegido del viento, donde sus invitados podr\u00e1n relajarse y guardar comida o efectos personales;<br><\/li>\n\n\n\n<li>Oficina exterior: durante la temporada de verano, la casita de jard\u00edn tambi\u00e9n puede utilizarse como oficina. En ese caso, es conveniente instalarle electricidad y enchufes interiores;<br><\/li>\n\n\n\n<li>Estudio: si necesitas un espacio cerrado para jugar, hacer barro, pintar u otros trabajos desordenados, la casita de jard\u00edn es una opci\u00f3n excelente. Tendr\u00e1 espacio para todo lo que necesites. Tambi\u00e9n le permitir\u00e1 disponer de un espacio independiente para dedicarse a sus aficiones fuera de casa;<br><\/li>\n\n\n\n<li>Un lugar para que jueguen los ni\u00f1os: los residentes m\u00e1s j\u00f3venes de la propiedad se lo pasar\u00e1n en grande en la casita de madera, situada ligeramente alejada del edificio principal. Es el lugar perfecto para reunirse con los amigos y realizar actividades que en parte tienen lugar al aire libre;<br><br><\/li>\n<\/ul>\n\n\n\n<div class=\"wp-block-group green-box\"><div class=\"wp-block-group__inner-container is-layout-constrained wp-block-group-is-layout-constrained\">\n<h2 class=\"wp-block-heading\">Espacio para guardar herramientas<\/h2>\n\n\n\n<p class=\"wp-block-paragraph\">la casita de jard\u00edn puede utilizarse para guardar objetos que no deben estar mucho tiempo a la intemperie. Nos referimos a herramientas de jard\u00edn y coche, cortac\u00e9spedes, barbacoas o incluso muebles de jard\u00edn. Tambi\u00e9n puede guardar otros objetos en la casita, sobre todo durante el invierno. Es una alternativa al garaje.<\/p>\n<\/div><\/div>\n\n\n\n<p class=\"wp-block-paragraph\">Las casitas de jard\u00edn de madera tambi\u00e9n pueden cumplir varias funciones diferentes al mismo tiempo. Las grandes estructuras ofrecen espacio para trabajar, relajarse, guardar herramientas de jard\u00edn o tumbonas. Tambi\u00e9n se pueden instalar f\u00e1cilmente los servicios p\u00fablicos para disfrutar de acceso a la electricidad o la iluminaci\u00f3n.<br><\/p>\n\n\n\n<h2 class=\"wp-block-heading\">Costes y precios<br><\/h2>\n\n\n\n<p class=\"wp-block-paragraph\">En el coste final de la construcci\u00f3n de una caseta de jard\u00edn influyen muchos factores. Entre ellos, el tama\u00f1o de la estructura, los materiales utilizados o el grado de personalizaci\u00f3n. Las casitas grandes y elaboradas que se espera que tengan muchos adornos o espacios de almacenamiento adicionales son m\u00e1s caras. Pagar\u00e1 menos por las estructuras peque\u00f1as, sin instalaciones opcionales y fabricadas con maderas m\u00e1s baratas.<br><\/p>\n\n\n\n<p class=\"wp-block-paragraph\">Los especialistas cotizan el coste de una estructura una vez que han establecido la informaci\u00f3n clave sobre la casita que se va a encargar. En esta fase, tambi\u00e9n pueden indicar la fecha prevista de preparaci\u00f3n de la estructura. La decisi\u00f3n final de cooperar siempre la toma el cliente tras leer los detalles del presupuesto.<br><\/p>\n\n\n\n<h2 class=\"wp-block-heading\">Resumen<br><\/h2>\n\n\n\n<p class=\"wp-block-paragraph\">Las casitas de jard\u00edn de madera son una opci\u00f3n muy est\u00e9tica y funcional para cualquier parcela. Permiten crear un espacio adicional para el descanso, el almacenamiento y muchas otras actividades. Puede encontrar estructuras de este tipo ya hechas en el mercado, pero una opci\u00f3n mucho mejor es dise\u00f1arlas usted mismo desde cero. As\u00ed podr\u00e1 adaptar cada detalle del edificio a sus propias necesidades, as\u00ed como al espacio disponible en la parcela.<br><\/p>\n\n\n\n<p class=\"wp-block-paragraph\">Las casitas de jard\u00edn personalizadas las fabrican especialistas. Garantizan que la estructura acabada satisfar\u00e1 las necesidades del cliente y, adem\u00e1s, permitir\u00e1 utilizarla c\u00f3modamente durante muchos a\u00f1os. Merece la pena aprovechar su experiencia para crear una casita que sea funcional, est\u00e9ticamente agradable y duradera.<\/p>\n\n\n\n<figure class=\"wp-block-gallery has-nested-images columns-default is-cropped wp-block-gallery-1 is-layout-flex wp-block-gallery-is-layout-flex\">\n<figure class=\"wp-block-image size-large\"><img loading=\"lazy\" decoding=\"async\" width=\"1024\" height=\"768\" data-id=\"70745\" src=\"https:\/\/bertsch-holzbau.eu\/wp-content\/uploads\/2024\/07\/001575-04-1024x768.jpg\" alt=\"\" class=\"wp-image-70745\" srcset=\"https:\/\/bertsch-holzbau.eu\/wp-content\/uploads\/2024\/07\/001575-04-1024x768.jpg 1024w, https:\/\/bertsch-holzbau.eu\/wp-content\/uploads\/2024\/07\/001575-04-300x225.jpg 300w, https:\/\/bertsch-holzbau.eu\/wp-content\/uploads\/2024\/07\/001575-04-768x576.jpg 768w, https:\/\/bertsch-holzbau.eu\/wp-content\/uploads\/2024\/07\/001575-04-1536x1152.jpg 1536w, https:\/\/bertsch-holzbau.eu\/wp-content\/uploads\/2024\/07\/001575-04-2048x1536.jpg 2048w, https:\/\/bertsch-holzbau.eu\/wp-content\/uploads\/2024\/07\/001575-04-400x300.jpg 400w, https:\/\/bertsch-holzbau.eu\/wp-content\/uploads\/2024\/07\/001575-04-600x450.jpg 600w, https:\/\/bertsch-holzbau.eu\/wp-content\/uploads\/2024\/07\/001575-04-800x600.jpg 800w, https:\/\/bertsch-holzbau.eu\/wp-content\/uploads\/2024\/07\/001575-04-1200x900.jpg 1200w\" sizes=\"auto, (max-width: 1024px) 100vw, 1024px\" \/><\/figure>\n\n\n\n<figure class=\"wp-block-image size-large\"><img loading=\"lazy\" decoding=\"async\" width=\"1024\" height=\"683\" data-id=\"70741\" src=\"https:\/\/bertsch-holzbau.eu\/wp-content\/uploads\/2024\/07\/000549-01-1024x683.jpg\" alt=\"\" class=\"wp-image-70741\" srcset=\"https:\/\/bertsch-holzbau.eu\/wp-content\/uploads\/2024\/07\/000549-01-1024x683.jpg 1024w, https:\/\/bertsch-holzbau.eu\/wp-content\/uploads\/2024\/07\/000549-01-300x200.jpg 300w, https:\/\/bertsch-holzbau.eu\/wp-content\/uploads\/2024\/07\/000549-01-768x512.jpg 768w, https:\/\/bertsch-holzbau.eu\/wp-content\/uploads\/2024\/07\/000549-01-1536x1024.jpg 1536w, https:\/\/bertsch-holzbau.eu\/wp-content\/uploads\/2024\/07\/000549-01-2048x1366.jpg 2048w, https:\/\/bertsch-holzbau.eu\/wp-content\/uploads\/2024\/07\/000549-01-400x267.jpg 400w, https:\/\/bertsch-holzbau.eu\/wp-content\/uploads\/2024\/07\/000549-01-600x400.jpg 600w, https:\/\/bertsch-holzbau.eu\/wp-content\/uploads\/2024\/07\/000549-01-800x534.jpg 800w, https:\/\/bertsch-holzbau.eu\/wp-content\/uploads\/2024\/07\/000549-01-1200x800.jpg 1200w\" sizes=\"auto, (max-width: 1024px) 100vw, 1024px\" \/><\/figure>\n\n\n\n<figure class=\"wp-block-image size-large\"><img loading=\"lazy\" decoding=\"async\" width=\"1024\" height=\"768\" data-id=\"71241\" src=\"https:\/\/bertsch-holzbau.eu\/wp-content\/uploads\/2024\/07\/001604-02-1-1024x768.jpg\" alt=\"\" class=\"wp-image-71241\" srcset=\"https:\/\/bertsch-holzbau.eu\/wp-content\/uploads\/2024\/07\/001604-02-1-1024x768.jpg 1024w, https:\/\/bertsch-holzbau.eu\/wp-content\/uploads\/2024\/07\/001604-02-1-300x225.jpg 300w, https:\/\/bertsch-holzbau.eu\/wp-content\/uploads\/2024\/07\/001604-02-1-768x576.jpg 768w, https:\/\/bertsch-holzbau.eu\/wp-content\/uploads\/2024\/07\/001604-02-1-1536x1152.jpg 1536w, https:\/\/bertsch-holzbau.eu\/wp-content\/uploads\/2024\/07\/001604-02-1-2048x1536.jpg 2048w, https:\/\/bertsch-holzbau.eu\/wp-content\/uploads\/2024\/07\/001604-02-1-400x300.jpg 400w, https:\/\/bertsch-holzbau.eu\/wp-content\/uploads\/2024\/07\/001604-02-1-600x450.jpg 600w, https:\/\/bertsch-holzbau.eu\/wp-content\/uploads\/2024\/07\/001604-02-1-800x600.jpg 800w, https:\/\/bertsch-holzbau.eu\/wp-content\/uploads\/2024\/07\/001604-02-1-1200x900.jpg 1200w\" sizes=\"auto, (max-width: 1024px) 100vw, 1024px\" \/><\/figure>\n<\/figure>\n","protected":false},"excerpt":{"rendered":"<p>Las casas de jard\u00edn son siempre muy populares. Le permiten crear un espacio personalizado para relajarse en su propio jard\u00edn. Pueden adaptarse al estilo de la construcci\u00f3n, al espacio disponible y a sus preferencias. \u00bfC\u00f3mo se encargan estas estructuras? \u00bfQu\u00e9 influye en su precio y por qu\u00e9 merece la pena instalarlas en el jard\u00edn? \u00bfPor [&hellip;]<\/p>\n","protected":false},"author":6,"featured_media":112058,"comment_status":"open","ping_status":"open","sticky":false,"template":"","format":"standard","meta":{"_acf_changed":false,"footnotes":""},"categories":[422],"tags":[],"class_list":["post-57914","post","type-post","status-publish","format-standard","has-post-thumbnail","hentry","category-guias-practicas"],"acf":[],"yoast_head":"<!-- This site is optimized with the Yoast SEO plugin v27.8 - https:\/\/yoast.com\/product\/yoast-seo-wordpress\/ -->\n<title>Casa de jard\u00edn a medida - BHB Bertsch Holzbau<\/title>\n<meta name=\"robots\" content=\"index, follow, max-snippet:-1, max-image-preview:large, max-video-preview:-1\" \/>\n<meta property=\"og:locale\" content=\"es_ES\" \/>\n<meta property=\"og:type\" content=\"article\" \/>\n<meta property=\"og:title\" content=\"Casa de jard\u00edn a medida - BHB Bertsch Holzbau\" \/>\n<meta property=\"og:description\" content=\"Las casas de jard\u00edn son siempre muy populares. Le permiten crear un espacio personalizado para relajarse en su propio jard\u00edn. Pueden adaptarse al estilo de la construcci\u00f3n, al espacio disponible y a sus preferencias. \u00bfC\u00f3mo se encargan estas estructuras? \u00bfQu\u00e9 influye en su precio y por qu\u00e9 merece la pena instalarlas en el jard\u00edn? \u00bfPor [&hellip;]\" \/>\n<meta property=\"og:url\" content=\"https:\/\/bertsch-holzbau.eu\/es\/blog\/casa-de-jardin-a-medida\/\" \/>\n<meta property=\"og:site_name\" content=\"BHB Bertsch Holzbau\" \/>\n<meta property=\"article:publisher\" content=\"https:\/\/www.facebook.com\/bertschholzbau\/\" \/>\n<meta property=\"article:published_time\" content=\"2024-07-15T10:18:08+00:00\" \/>\n<meta property=\"article:modified_time\" content=\"2025-02-17T11:05:07+00:00\" \/>\n<meta property=\"og:image\" content=\"https:\/\/bertsch-holzbau.eu\/wp-content\/uploads\/2024\/07\/000575-01.jpg\" \/>\n\t<meta property=\"og:image:width\" content=\"2126\" \/>\n\t<meta property=\"og:image:height\" content=\"1627\" \/>\n\t<meta property=\"og:image:type\" content=\"image\/jpeg\" \/>\n<meta name=\"author\" content=\"Joachim Bertsch\" \/>\n<meta name=\"twitter:card\" content=\"summary_large_image\" \/>\n<meta name=\"twitter:label1\" content=\"Escrito por\" \/>\n\t<meta name=\"twitter:data1\" content=\"Joachim Bertsch\" \/>\n\t<meta name=\"twitter:label2\" content=\"Tiempo de lectura\" \/>\n\t<meta name=\"twitter:data2\" content=\"6 minutos\" \/>\n<script type=\"application\/ld+json\" class=\"yoast-schema-graph\">{\"@context\":\"https:\\\/\\\/schema.org\",\"@graph\":[{\"@type\":\"Article\",\"@id\":\"https:\\\/\\\/bertsch-holzbau.eu\\\/es\\\/blog\\\/casa-de-jardin-a-medida\\\/#article\",\"isPartOf\":{\"@id\":\"https:\\\/\\\/bertsch-holzbau.eu\\\/es\\\/blog\\\/casa-de-jardin-a-medida\\\/\"},\"author\":{\"name\":\"Joachim Bertsch\",\"@id\":\"https:\\\/\\\/bertsch-holzbau.eu\\\/es\\\/#\\\/schema\\\/person\\\/13ecc06e359795647bc8686c8fc9628b\"},\"headline\":\"Casa de jard\u00edn a medida\",\"datePublished\":\"2024-07-15T10:18:08+00:00\",\"dateModified\":\"2025-02-17T11:05:07+00:00\",\"mainEntityOfPage\":{\"@id\":\"https:\\\/\\\/bertsch-holzbau.eu\\\/es\\\/blog\\\/casa-de-jardin-a-medida\\\/\"},\"wordCount\":1225,\"commentCount\":0,\"publisher\":{\"@id\":\"https:\\\/\\\/bertsch-holzbau.eu\\\/es\\\/#organization\"},\"image\":{\"@id\":\"https:\\\/\\\/bertsch-holzbau.eu\\\/es\\\/blog\\\/casa-de-jardin-a-medida\\\/#primaryimage\"},\"thumbnailUrl\":\"https:\\\/\\\/bertsch-holzbau.eu\\\/wp-content\\\/uploads\\\/2024\\\/07\\\/10.-Domek-ogrodowy-na-zamowienie.jpg\",\"articleSection\":[\"Gu\u00edas pr\u00e1cticas\"],\"inLanguage\":\"es\",\"potentialAction\":[{\"@type\":\"CommentAction\",\"name\":\"Comment\",\"target\":[\"https:\\\/\\\/bertsch-holzbau.eu\\\/es\\\/blog\\\/casa-de-jardin-a-medida\\\/#respond\"]}]},{\"@type\":\"WebPage\",\"@id\":\"https:\\\/\\\/bertsch-holzbau.eu\\\/es\\\/blog\\\/casa-de-jardin-a-medida\\\/\",\"url\":\"https:\\\/\\\/bertsch-holzbau.eu\\\/es\\\/blog\\\/casa-de-jardin-a-medida\\\/\",\"name\":\"Casa de jard\u00edn a medida - BHB Bertsch Holzbau\",\"isPartOf\":{\"@id\":\"https:\\\/\\\/bertsch-holzbau.eu\\\/es\\\/#website\"},\"primaryImageOfPage\":{\"@id\":\"https:\\\/\\\/bertsch-holzbau.eu\\\/es\\\/blog\\\/casa-de-jardin-a-medida\\\/#primaryimage\"},\"image\":{\"@id\":\"https:\\\/\\\/bertsch-holzbau.eu\\\/es\\\/blog\\\/casa-de-jardin-a-medida\\\/#primaryimage\"},\"thumbnailUrl\":\"https:\\\/\\\/bertsch-holzbau.eu\\\/wp-content\\\/uploads\\\/2024\\\/07\\\/10.-Domek-ogrodowy-na-zamowienie.jpg\",\"datePublished\":\"2024-07-15T10:18:08+00:00\",\"dateModified\":\"2025-02-17T11:05:07+00:00\",\"breadcrumb\":{\"@id\":\"https:\\\/\\\/bertsch-holzbau.eu\\\/es\\\/blog\\\/casa-de-jardin-a-medida\\\/#breadcrumb\"},\"inLanguage\":\"es\",\"potentialAction\":[{\"@type\":\"ReadAction\",\"target\":[\"https:\\\/\\\/bertsch-holzbau.eu\\\/es\\\/blog\\\/casa-de-jardin-a-medida\\\/\"]}]},{\"@type\":\"ImageObject\",\"inLanguage\":\"es\",\"@id\":\"https:\\\/\\\/bertsch-holzbau.eu\\\/es\\\/blog\\\/casa-de-jardin-a-medida\\\/#primaryimage\",\"url\":\"https:\\\/\\\/bertsch-holzbau.eu\\\/wp-content\\\/uploads\\\/2024\\\/07\\\/10.-Domek-ogrodowy-na-zamowienie.jpg\",\"contentUrl\":\"https:\\\/\\\/bertsch-holzbau.eu\\\/wp-content\\\/uploads\\\/2024\\\/07\\\/10.-Domek-ogrodowy-na-zamowienie.jpg\",\"width\":1200,\"height\":900},{\"@type\":\"BreadcrumbList\",\"@id\":\"https:\\\/\\\/bertsch-holzbau.eu\\\/es\\\/blog\\\/casa-de-jardin-a-medida\\\/#breadcrumb\",\"itemListElement\":[{\"@type\":\"ListItem\",\"position\":1,\"name\":\"Home\",\"item\":\"https:\\\/\\\/bertsch-holzbau.eu\\\/es\\\/\"},{\"@type\":\"ListItem\",\"position\":2,\"name\":\"Casa de jard\u00edn a medida\"}]},{\"@type\":\"WebSite\",\"@id\":\"https:\\\/\\\/bertsch-holzbau.eu\\\/es\\\/#website\",\"url\":\"https:\\\/\\\/bertsch-holzbau.eu\\\/es\\\/\",\"name\":\"BHB Bertsch Holzbau\",\"description\":\"\",\"publisher\":{\"@id\":\"https:\\\/\\\/bertsch-holzbau.eu\\\/es\\\/#organization\"},\"potentialAction\":[{\"@type\":\"SearchAction\",\"target\":{\"@type\":\"EntryPoint\",\"urlTemplate\":\"https:\\\/\\\/bertsch-holzbau.eu\\\/es\\\/?s={search_term_string}\"},\"query-input\":{\"@type\":\"PropertyValueSpecification\",\"valueRequired\":true,\"valueName\":\"search_term_string\"}}],\"inLanguage\":\"es\"},[],{\"@type\":\"Person\",\"@id\":\"https:\\\/\\\/bertsch-holzbau.eu\\\/es\\\/#\\\/schema\\\/person\\\/13ecc06e359795647bc8686c8fc9628b\",\"name\":\"Joachim Bertsch\",\"image\":{\"@type\":\"ImageObject\",\"inLanguage\":\"es\",\"@id\":\"https:\\\/\\\/bertsch-holzbau.eu\\\/wp-content\\\/litespeed\\\/avatar\\\/81f1ede881040594386bd43727a0c7b5.jpg?ver=1788161130\",\"url\":\"https:\\\/\\\/bertsch-holzbau.eu\\\/wp-content\\\/litespeed\\\/avatar\\\/81f1ede881040594386bd43727a0c7b5.jpg?ver=1788161130\",\"contentUrl\":\"https:\\\/\\\/bertsch-holzbau.eu\\\/wp-content\\\/litespeed\\\/avatar\\\/81f1ede881040594386bd43727a0c7b5.jpg?ver=1788161130\",\"caption\":\"Joachim Bertsch\"},\"url\":\"https:\\\/\\\/bertsch-holzbau.eu\\\/es\\\/blog\\\/author\\\/j-bertsch\\\/\"}]}<\/script>\n<!-- \/ Yoast SEO plugin. -->","yoast_head_json":{"title":"Casa de jard\u00edn a medida - BHB Bertsch Holzbau","robots":{"index":"index","follow":"follow","max-snippet":"max-snippet:-1","max-image-preview":"max-image-preview:large","max-video-preview":"max-video-preview:-1"},"og_locale":"es_ES","og_type":"article","og_title":"Casa de jard\u00edn a medida - BHB Bertsch Holzbau","og_description":"Las casas de jard\u00edn son siempre muy populares. Le permiten crear un espacio personalizado para relajarse en su propio jard\u00edn. Pueden adaptarse al estilo de la construcci\u00f3n, al espacio disponible y a sus preferencias. \u00bfC\u00f3mo se encargan estas estructuras? \u00bfQu\u00e9 influye en su precio y por qu\u00e9 merece la pena instalarlas en el jard\u00edn? \u00bfPor [&hellip;]","og_url":"https:\/\/bertsch-holzbau.eu\/es\/blog\/casa-de-jardin-a-medida\/","og_site_name":"BHB Bertsch Holzbau","article_publisher":"https:\/\/www.facebook.com\/bertschholzbau\/","article_published_time":"2024-07-15T10:18:08+00:00","article_modified_time":"2025-02-17T11:05:07+00:00","og_image":[{"width":2126,"height":1627,"url":"https:\/\/bertsch-holzbau.eu\/wp-content\/uploads\/2024\/07\/000575-01.jpg","type":"image\/jpeg"}],"author":"Joachim Bertsch","twitter_card":"summary_large_image","twitter_misc":{"Escrito por":"Joachim Bertsch","Tiempo de lectura":"6 minutos"},"schema":{"@context":"https:\/\/schema.org","@graph":[{"@type":"Article","@id":"https:\/\/bertsch-holzbau.eu\/es\/blog\/casa-de-jardin-a-medida\/#article","isPartOf":{"@id":"https:\/\/bertsch-holzbau.eu\/es\/blog\/casa-de-jardin-a-medida\/"},"author":{"name":"Joachim Bertsch","@id":"https:\/\/bertsch-holzbau.eu\/es\/#\/schema\/person\/13ecc06e359795647bc8686c8fc9628b"},"headline":"Casa de jard\u00edn a medida","datePublished":"2024-07-15T10:18:08+00:00","dateModified":"2025-02-17T11:05:07+00:00","mainEntityOfPage":{"@id":"https:\/\/bertsch-holzbau.eu\/es\/blog\/casa-de-jardin-a-medida\/"},"wordCount":1225,"commentCount":0,"publisher":{"@id":"https:\/\/bertsch-holzbau.eu\/es\/#organization"},"image":{"@id":"https:\/\/bertsch-holzbau.eu\/es\/blog\/casa-de-jardin-a-medida\/#primaryimage"},"thumbnailUrl":"https:\/\/bertsch-holzbau.eu\/wp-content\/uploads\/2024\/07\/10.-Domek-ogrodowy-na-zamowienie.jpg","articleSection":["Gu\u00edas pr\u00e1cticas"],"inLanguage":"es","potentialAction":[{"@type":"CommentAction","name":"Comment","target":["https:\/\/bertsch-holzbau.eu\/es\/blog\/casa-de-jardin-a-medida\/#respond"]}]},{"@type":"WebPage","@id":"https:\/\/bertsch-holzbau.eu\/es\/blog\/casa-de-jardin-a-medida\/","url":"https:\/\/bertsch-holzbau.eu\/es\/blog\/casa-de-jardin-a-medida\/","name":"Casa de jard\u00edn a medida - BHB Bertsch Holzbau","isPartOf":{"@id":"https:\/\/bertsch-holzbau.eu\/es\/#website"},"primaryImageOfPage":{"@id":"https:\/\/bertsch-holzbau.eu\/es\/blog\/casa-de-jardin-a-medida\/#primaryimage"},"image":{"@id":"https:\/\/bertsch-holzbau.eu\/es\/blog\/casa-de-jardin-a-medida\/#primaryimage"},"thumbnailUrl":"https:\/\/bertsch-holzbau.eu\/wp-content\/uploads\/2024\/07\/10.-Domek-ogrodowy-na-zamowienie.jpg","datePublished":"2024-07-15T10:18:08+00:00","dateModified":"2025-02-17T11:05:07+00:00","breadcrumb":{"@id":"https:\/\/bertsch-holzbau.eu\/es\/blog\/casa-de-jardin-a-medida\/#breadcrumb"},"inLanguage":"es","potentialAction":[{"@type":"ReadAction","target":["https:\/\/bertsch-holzbau.eu\/es\/blog\/casa-de-jardin-a-medida\/"]}]},{"@type":"ImageObject","inLanguage":"es","@id":"https:\/\/bertsch-holzbau.eu\/es\/blog\/casa-de-jardin-a-medida\/#primaryimage","url":"https:\/\/bertsch-holzbau.eu\/wp-content\/uploads\/2024\/07\/10.-Domek-ogrodowy-na-zamowienie.jpg","contentUrl":"https:\/\/bertsch-holzbau.eu\/wp-content\/uploads\/2024\/07\/10.-Domek-ogrodowy-na-zamowienie.jpg","width":1200,"height":900},{"@type":"BreadcrumbList","@id":"https:\/\/bertsch-holzbau.eu\/es\/blog\/casa-de-jardin-a-medida\/#breadcrumb","itemListElement":[{"@type":"ListItem","position":1,"name":"Home","item":"https:\/\/bertsch-holzbau.eu\/es\/"},{"@type":"ListItem","position":2,"name":"Casa de jard\u00edn a medida"}]},{"@type":"WebSite","@id":"https:\/\/bertsch-holzbau.eu\/es\/#website","url":"https:\/\/bertsch-holzbau.eu\/es\/","name":"BHB Bertsch Holzbau","description":"","publisher":{"@id":"https:\/\/bertsch-holzbau.eu\/es\/#organization"},"potentialAction":[{"@type":"SearchAction","target":{"@type":"EntryPoint","urlTemplate":"https:\/\/bertsch-holzbau.eu\/es\/?s={search_term_string}"},"query-input":{"@type":"PropertyValueSpecification","valueRequired":true,"valueName":"search_term_string"}}],"inLanguage":"es"},[],{"@type":"Person","@id":"https:\/\/bertsch-holzbau.eu\/es\/#\/schema\/person\/13ecc06e359795647bc8686c8fc9628b","name":"Joachim Bertsch","image":{"@type":"ImageObject","inLanguage":"es","@id":"https:\/\/bertsch-holzbau.eu\/wp-content\/litespeed\/avatar\/81f1ede881040594386bd43727a0c7b5.jpg?ver=1788161130","url":"https:\/\/bertsch-holzbau.eu\/wp-content\/litespeed\/avatar\/81f1ede881040594386bd43727a0c7b5.jpg?ver=1788161130","contentUrl":"https:\/\/bertsch-holzbau.eu\/wp-content\/litespeed\/avatar\/81f1ede881040594386bd43727a0c7b5.jpg?ver=1788161130","caption":"Joachim Bertsch"},"url":"https:\/\/bertsch-holzbau.eu\/es\/blog\/author\/j-bertsch\/"}]}},"_links":{"self":[{"href":"https:\/\/bertsch-holzbau.eu\/es\/wp-json\/wp\/v2\/posts\/57914","targetHints":{"allow":["GET"]}}],"collection":[{"href":"https:\/\/bertsch-holzbau.eu\/es\/wp-json\/wp\/v2\/posts"}],"about":[{"href":"https:\/\/bertsch-holzbau.eu\/es\/wp-json\/wp\/v2\/types\/post"}],"author":[{"embeddable":true,"href":"https:\/\/bertsch-holzbau.eu\/es\/wp-json\/wp\/v2\/users\/6"}],"replies":[{"embeddable":true,"href":"https:\/\/bertsch-holzbau.eu\/es\/wp-json\/wp\/v2\/comments?post=57914"}],"version-history":[{"count":2,"href":"https:\/\/bertsch-holzbau.eu\/es\/wp-json\/wp\/v2\/posts\/57914\/revisions"}],"predecessor-version":[{"id":88354,"href":"https:\/\/bertsch-holzbau.eu\/es\/wp-json\/wp\/v2\/posts\/57914\/revisions\/88354"}],"wp:featuredmedia":[{"embeddable":true,"href":"https:\/\/bertsch-holzbau.eu\/es\/wp-json\/wp\/v2\/media\/112058"}],"wp:attachment":[{"href":"https:\/\/bertsch-holzbau.eu\/es\/wp-json\/wp\/v2\/media?parent=57914"}],"wp:term":[{"taxonomy":"category","embeddable":true,"href":"https:\/\/bertsch-holzbau.eu\/es\/wp-json\/wp\/v2\/categories?post=57914"},{"taxonomy":"post_tag","embeddable":true,"href":"https:\/\/bertsch-holzbau.eu\/es\/wp-json\/wp\/v2\/tags?post=57914"}],"curies":[{"name":"wp","href":"https:\/\/api.w.org\/{rel}","templated":true}]}}