{"id":101690,"date":"2025-07-22T16:08:48","date_gmt":"2025-07-22T14:08:48","guid":{"rendered":"https:\/\/bertsch-holzbau.eu\/blog\/garden-house-vario-new-from-zuluna-and-hormann\/"},"modified":"2025-07-23T13:41:16","modified_gmt":"2025-07-23T11:41:16","slug":"casa-de-jardin-vario-novedad-de-zuluna-y-hormann","status":"publish","type":"post","link":"https:\/\/bertsch-holzbau.eu\/es\/blog\/casa-de-jardin-vario-novedad-de-zuluna-y-hormann\/","title":{"rendered":"VARIO de ZULUNA y H\u00f6rmann: donde el aluminio se une con la madera en una moderna caseta de jard\u00edn"},"content":{"rendered":"\n<p class=\"wp-block-paragraph\">La feria Spoga+Gafa 2025, celebrada en Colonia, es uno de los eventos m\u00e1s importantes del sector europeo de la jardiner\u00eda.<\/p>\n\n\n\n<p class=\"wp-block-paragraph\">El evento ha sido organizado por Spoga+Gafa, una marca conocida por organizar prestigiosas ferias dedicadas a la arquitectura de jardines y la vida al aire libre. La marca ZULUNA, con el apoyo tecnol\u00f3gico y de dise\u00f1o del renombrado fabricante H\u00f6rmann, ha presentado el innovador resultado de esta colaboraci\u00f3n: <strong>la moderna caseta de jard\u00edn modular<\/strong>&nbsp;<strong>VARIO<\/strong>.<\/p>\n\n\n\n<p class=\"wp-block-paragraph\">El nuevo dise\u00f1o combina la est\u00e9tica de la madera natural con la durabilidad del metal, satisfaciendo las necesidades de los usuarios que valoran tanto la apariencia como la funcionalidad. El resultado de la combinaci\u00f3n de la experiencia de ambas marcas es una estructura para todo el a\u00f1o que se adapta perfectamente a las \u00faltimas tendencias en arquitectura de jardines.<\/p>\n\n\n\n<h2 class=\"wp-block-heading\">ZULUNA y H\u00f6rmann: la combinaci\u00f3n perfecta de estilo y tecnolog\u00eda<\/h2>\n\n\n\n<p class=\"wp-block-paragraph\">La colaboraci\u00f3n entre&nbsp;<a href=\"https:\/\/bertsch-holzbau.eu\/es\/zuluna\/\">ZULUNA&nbsp;<\/a>y H\u00f6rmann ten\u00eda como objetivo crear una nueva generaci\u00f3n de estructuras para jard\u00edn. La caseta VARIO se basa en perfiles de acero con recubrimiento en polvo que pueden acabarse con diferentes revestimientos de madera o efecto madera (por ejemplo, cedro, roble gris, antracita). Esto no solo facilita la integraci\u00f3n con la arquitectura existente de la casa, sino que tambi\u00e9n garantiza una alta resistencia a la intemperie.<\/p>\n\n\n\n<p class=\"wp-block-paragraph\"><em>Quer\u00edamos crear un producto que combinara la est\u00e9tica con la durabilidad. VARIO es la respuesta a las necesidades de los usuarios modernos. Es minimalista, pero visualmente c\u00e1lido. Y, lo que es m\u00e1s importante, est\u00e1 100 % preparado para los retos del clima europeo<\/em>. \u2014&nbsp;<strong>afirma Lukas Bertsch, copropietario de Bertsch Holzbau<\/strong>.<\/p>\n\n\n\n<div class=\"wp-block-group green-box\"><div class=\"wp-block-group__inner-container is-layout-constrained wp-block-group-is-layout-constrained\">\n<h2 class=\"wp-block-heading\">\u00bfPara qu\u00e9 es adecuada la casa VARIO?<\/h2>\n\n\n\n<p class=\"wp-block-paragraph\">La casa VARIO no solo impresiona por su aspecto, sino tambi\u00e9n por su versatilidad. Su construcci\u00f3n modular y su dise\u00f1o bien pensado facilitan su adaptaci\u00f3n a diversas necesidades, tanto recreativas como pr\u00e1cticas. Es una soluci\u00f3n para quienes valoran la multifuncionalidad y desean aprovechar su jard\u00edn todos los d\u00edas.<\/p>\n<\/div><\/div>\n\n\n\n<p class=\"wp-block-paragraph\">Gracias a su forma moderna y su dise\u00f1o modular, VARIO puede servir para muchos fines:<\/p>\n\n\n\n<ul class=\"wp-block-list\">\n<li>una oficina en casa en el jard\u00edn: la soluci\u00f3n perfecta para trabajar a distancia en un entorno tranquilo y verde;<\/li>\n\n\n\n<li>un taller o sala de ocio: para aficionados al bricolaje, artesanos y artistas;<\/li>\n\n\n\n<li>una zona de relajaci\u00f3n o comedor de verano: un lugar c\u00f3modo para relajarse con la familia o los invitados;<\/li>\n\n\n\n<li>un trastero para bicicletas o material deportivo: un espacio de almacenamiento seguro y est\u00e9tico;<\/li>\n\n\n\n<li>un estudio de yoga, una zona de bienestar, etc.: un espacio privado de bienestar en su jard\u00edn.<\/li>\n<\/ul>\n\n\n\n<p class=\"wp-block-paragraph\">La caseta est\u00e1 disponible en muchas opciones de fachada y color, lo que le permite combinarla perfectamente con el estilo de su jard\u00edn, terraza o fachada del edificio. Su aspecto est\u00e9tico y su forma flexible la convierten en una alternativa al pabell\u00f3n o p\u00e9rgola cl\u00e1sicos, especialmente en arreglos modernos. VARIO es tambi\u00e9n una excelente opci\u00f3n para aquellos que se preguntan&nbsp;<em>qu\u00e9 pabell\u00f3n elegir<\/em>&nbsp;y buscan algo duradero, funcional y elegante al mismo tiempo.<\/p>\n\n\n\n<h2 class=\"wp-block-heading\">VARIO: dise\u00f1o moderno, forma duradera<\/h2>\n\n\n\n<p class=\"wp-block-paragraph\">La&nbsp;<a href=\"https:\/\/bertsch-holzbau.eu\/es\/casas-rurales-de-vacaciones-y-jardin\/\">caseta de jard\u00edn<\/a>&nbsp;VARIO es m\u00e1s que un simple trastero o cenador. Es una estructura refinada en cada detalle, que combina durabilidad, comodidad y est\u00e9tica en un solo producto. Gracias al uso de tecnolog\u00edas modernas, como el acero con recubrimiento en polvo y los paneles de fachada reemplazables, VARIO satisface las expectativas de los usuarios m\u00e1s exigentes, tanto particulares como comerciales. Se adapta perfectamente a jardines de diferentes estilos, desde los m\u00e1s minimalistas hasta los m\u00e1s cl\u00e1sicos, y combina muy bien con otras estructuras como p\u00e9rgolas, cocheras y terrazas de madera.<\/p>\n\n\n\n<ul class=\"wp-block-list\">\n<li>estructura de acero con recubrimiento en polvo,<\/li>\n\n\n\n<li>paneles de madera o imitaci\u00f3n madera,<\/li>\n\n\n\n<li>forma elegante y compacta, ideal para jardines peque\u00f1os y medianos,<\/li>\n\n\n\n<li>posibilidad de ampliaci\u00f3n y personalizaci\u00f3n.<\/li>\n<\/ul>\n\n\n\n<p class=\"wp-block-paragraph\">Es una opci\u00f3n ideal tanto para los amantes de las soluciones modernas como para los clientes que buscan un cobertizo para herramientas s\u00f3lido y con clase.<\/p>\n\n\n\n<h2 class=\"wp-block-heading\">\u00bfD\u00f3nde comprar un cobertizo de jard\u00edn VARIO?<\/h2>\n\n\n\n<p class=\"wp-block-paragraph\">Como empresa familiar con muchos a\u00f1os de tradici\u00f3n, BHB Bertsch HolzBau se esfuerza por garantizar que cada producto cumpla con los m\u00e1s altos est\u00e1ndares, no solo en t\u00e9rminos de calidad y est\u00e9tica, sino tambi\u00e9n en t\u00e9rminos del valor que aporta una artesan\u00eda fiable y honesta. El cobertizo VARIO es un ejemplo perfecto de ello, creado pensando en el usuario, su comodidad y su estilo de vida. Es una estructura dise\u00f1ada con el coraz\u00f3n, pero tambi\u00e9n con precisi\u00f3n ingenieril, para que dure muchos a\u00f1os.<\/p>\n\n\n\n<p class=\"wp-block-paragraph\">Si se pregunta qu\u00e9 caseta elegir, si busca una p\u00e9rgola de aluminio con techo o si le interesa un cobertizo para herramientas para todo el a\u00f1o, VARIO puede ser la elecci\u00f3n perfecta.<\/p>\n\n\n\n<h2 class=\"wp-block-heading\">Resumen<\/h2>\n\n\n\n<p class=\"wp-block-paragraph\">La caseta VARIO no es solo un producto, es el resultado de una colaboraci\u00f3n meditada entre el dise\u00f1o moderno y los valores que nos han guiado en BHB durante generaciones. Al crear este modelo, quer\u00edamos ofrecer a nuestros clientes algo m\u00e1s que una simple estructura. Hemos creado un espacio que nos inspira y nos sirve cada d\u00eda.<\/p>\n\n\n\n<p class=\"wp-block-paragraph\">La combinaci\u00f3n de metal y madera no solo garantiza la durabilidad, sino que tambi\u00e9n le confiere un estilo \u00fanico que se adapta a cualquier dise\u00f1o de jard\u00edn. VARIO es una soluci\u00f3n modular resistente a la intemperie, c\u00f3moda de usar y lista para sus ideas.<\/p>\n","protected":false},"excerpt":{"rendered":"<p>La feria Spoga+Gafa 2025, celebrada en Colonia, es uno de los eventos m\u00e1s importantes del sector europeo de la jardiner\u00eda. El evento ha sido organizado por Spoga+Gafa, una marca conocida por organizar prestigiosas ferias dedicadas a la arquitectura de jardines y la vida al aire libre. La marca ZULUNA, con el apoyo tecnol\u00f3gico y de [&hellip;]<\/p>\n","protected":false},"author":4,"featured_media":101661,"comment_status":"open","ping_status":"open","sticky":false,"template":"","format":"standard","meta":{"_acf_changed":false,"footnotes":""},"categories":[423],"tags":[],"class_list":["post-101690","post","type-post","status-publish","format-standard","has-post-thumbnail","hentry","category-noticias-de-bhb"],"acf":[],"yoast_head":"<!-- This site is optimized with the Yoast SEO plugin v27.8 - https:\/\/yoast.com\/product\/yoast-seo-wordpress\/ -->\n<title>VARIO de ZULUNA y H\u00f6rmann \u2013 caseta de jard\u00edn modular y con estilo<\/title>\n<meta name=\"description\" content=\"La caseta VARIO de metal y madera: ideal como oficina, taller o zona de descanso en el jard\u00edn. Dise\u00f1o elegante, estructura duradera y funcionalidad moderna.\" \/>\n<meta name=\"robots\" content=\"index, follow, max-snippet:-1, max-image-preview:large, max-video-preview:-1\" \/>\n<meta property=\"og:locale\" content=\"es_ES\" \/>\n<meta property=\"og:type\" content=\"article\" \/>\n<meta property=\"og:title\" content=\"VARIO de ZULUNA y H\u00f6rmann \u2013 caseta de jard\u00edn modular y con estilo\" \/>\n<meta property=\"og:description\" content=\"La caseta VARIO de metal y madera: ideal como oficina, taller o zona de descanso en el jard\u00edn. Dise\u00f1o elegante, estructura duradera y funcionalidad moderna.\" \/>\n<meta property=\"og:url\" content=\"https:\/\/bertsch-holzbau.eu\/es\/blog\/casa-de-jardin-vario-novedad-de-zuluna-y-hormann\/\" \/>\n<meta property=\"og:site_name\" content=\"BHB Bertsch Holzbau\" \/>\n<meta property=\"article:publisher\" content=\"https:\/\/www.facebook.com\/bertschholzbau\/\" \/>\n<meta property=\"article:published_time\" content=\"2025-07-22T14:08:48+00:00\" \/>\n<meta property=\"article:modified_time\" content=\"2025-07-23T11:41:16+00:00\" \/>\n<meta property=\"og:image\" content=\"https:\/\/bertsch-holzbau.eu\/wp-content\/uploads\/2025\/07\/Grafika_46_Targi.jpg\" \/>\n\t<meta property=\"og:image:width\" content=\"1200\" \/>\n\t<meta property=\"og:image:height\" content=\"900\" \/>\n\t<meta property=\"og:image:type\" content=\"image\/jpeg\" \/>\n<meta name=\"author\" content=\"l.bertsch\" \/>\n<meta name=\"twitter:card\" content=\"summary_large_image\" \/>\n<meta name=\"twitter:label1\" content=\"Escrito por\" \/>\n\t<meta name=\"twitter:data1\" content=\"l.bertsch\" \/>\n\t<meta name=\"twitter:label2\" content=\"Tiempo de lectura\" \/>\n\t<meta name=\"twitter:data2\" content=\"4 minutos\" \/>\n<script type=\"application\/ld+json\" class=\"yoast-schema-graph\">{\"@context\":\"https:\\\/\\\/schema.org\",\"@graph\":[{\"@type\":\"Article\",\"@id\":\"https:\\\/\\\/bertsch-holzbau.eu\\\/es\\\/blog\\\/casa-de-jardin-vario-novedad-de-zuluna-y-hormann\\\/#article\",\"isPartOf\":{\"@id\":\"https:\\\/\\\/bertsch-holzbau.eu\\\/es\\\/blog\\\/casa-de-jardin-vario-novedad-de-zuluna-y-hormann\\\/\"},\"author\":{\"name\":\"l.bertsch\",\"@id\":\"https:\\\/\\\/bertsch-holzbau.eu\\\/es\\\/#\\\/schema\\\/person\\\/4d07e01b7bb73487a8592fbd925811e5\"},\"headline\":\"VARIO de ZULUNA y H\u00f6rmann: donde el aluminio se une con la madera en una moderna caseta de jard\u00edn\",\"datePublished\":\"2025-07-22T14:08:48+00:00\",\"dateModified\":\"2025-07-23T11:41:16+00:00\",\"mainEntityOfPage\":{\"@id\":\"https:\\\/\\\/bertsch-holzbau.eu\\\/es\\\/blog\\\/casa-de-jardin-vario-novedad-de-zuluna-y-hormann\\\/\"},\"wordCount\":987,\"commentCount\":0,\"publisher\":{\"@id\":\"https:\\\/\\\/bertsch-holzbau.eu\\\/es\\\/#organization\"},\"image\":{\"@id\":\"https:\\\/\\\/bertsch-holzbau.eu\\\/es\\\/blog\\\/casa-de-jardin-vario-novedad-de-zuluna-y-hormann\\\/#primaryimage\"},\"thumbnailUrl\":\"https:\\\/\\\/bertsch-holzbau.eu\\\/wp-content\\\/uploads\\\/2025\\\/07\\\/Grafika_46_Targi.jpg\",\"articleSection\":[\"Noticias de BHB\"],\"inLanguage\":\"es\",\"potentialAction\":[{\"@type\":\"CommentAction\",\"name\":\"Comment\",\"target\":[\"https:\\\/\\\/bertsch-holzbau.eu\\\/es\\\/blog\\\/casa-de-jardin-vario-novedad-de-zuluna-y-hormann\\\/#respond\"]}]},{\"@type\":\"WebPage\",\"@id\":\"https:\\\/\\\/bertsch-holzbau.eu\\\/es\\\/blog\\\/casa-de-jardin-vario-novedad-de-zuluna-y-hormann\\\/\",\"url\":\"https:\\\/\\\/bertsch-holzbau.eu\\\/es\\\/blog\\\/casa-de-jardin-vario-novedad-de-zuluna-y-hormann\\\/\",\"name\":\"VARIO de ZULUNA y H\u00f6rmann \u2013 caseta de jard\u00edn modular y con estilo\",\"isPartOf\":{\"@id\":\"https:\\\/\\\/bertsch-holzbau.eu\\\/es\\\/#website\"},\"primaryImageOfPage\":{\"@id\":\"https:\\\/\\\/bertsch-holzbau.eu\\\/es\\\/blog\\\/casa-de-jardin-vario-novedad-de-zuluna-y-hormann\\\/#primaryimage\"},\"image\":{\"@id\":\"https:\\\/\\\/bertsch-holzbau.eu\\\/es\\\/blog\\\/casa-de-jardin-vario-novedad-de-zuluna-y-hormann\\\/#primaryimage\"},\"thumbnailUrl\":\"https:\\\/\\\/bertsch-holzbau.eu\\\/wp-content\\\/uploads\\\/2025\\\/07\\\/Grafika_46_Targi.jpg\",\"datePublished\":\"2025-07-22T14:08:48+00:00\",\"dateModified\":\"2025-07-23T11:41:16+00:00\",\"description\":\"La caseta VARIO de metal y madera: ideal como oficina, taller o zona de descanso en el jard\u00edn. Dise\u00f1o elegante, estructura duradera y funcionalidad moderna.\",\"breadcrumb\":{\"@id\":\"https:\\\/\\\/bertsch-holzbau.eu\\\/es\\\/blog\\\/casa-de-jardin-vario-novedad-de-zuluna-y-hormann\\\/#breadcrumb\"},\"inLanguage\":\"es\",\"potentialAction\":[{\"@type\":\"ReadAction\",\"target\":[\"https:\\\/\\\/bertsch-holzbau.eu\\\/es\\\/blog\\\/casa-de-jardin-vario-novedad-de-zuluna-y-hormann\\\/\"]}]},{\"@type\":\"ImageObject\",\"inLanguage\":\"es\",\"@id\":\"https:\\\/\\\/bertsch-holzbau.eu\\\/es\\\/blog\\\/casa-de-jardin-vario-novedad-de-zuluna-y-hormann\\\/#primaryimage\",\"url\":\"https:\\\/\\\/bertsch-holzbau.eu\\\/wp-content\\\/uploads\\\/2025\\\/07\\\/Grafika_46_Targi.jpg\",\"contentUrl\":\"https:\\\/\\\/bertsch-holzbau.eu\\\/wp-content\\\/uploads\\\/2025\\\/07\\\/Grafika_46_Targi.jpg\",\"width\":1200,\"height\":900},{\"@type\":\"BreadcrumbList\",\"@id\":\"https:\\\/\\\/bertsch-holzbau.eu\\\/es\\\/blog\\\/casa-de-jardin-vario-novedad-de-zuluna-y-hormann\\\/#breadcrumb\",\"itemListElement\":[{\"@type\":\"ListItem\",\"position\":1,\"name\":\"Home\",\"item\":\"https:\\\/\\\/bertsch-holzbau.eu\\\/es\\\/\"},{\"@type\":\"ListItem\",\"position\":2,\"name\":\"VARIO de ZULUNA y H\u00f6rmann: donde el aluminio se une con la madera en una moderna caseta de jard\u00edn\"}]},{\"@type\":\"WebSite\",\"@id\":\"https:\\\/\\\/bertsch-holzbau.eu\\\/es\\\/#website\",\"url\":\"https:\\\/\\\/bertsch-holzbau.eu\\\/es\\\/\",\"name\":\"BHB Bertsch Holzbau\",\"description\":\"\",\"publisher\":{\"@id\":\"https:\\\/\\\/bertsch-holzbau.eu\\\/es\\\/#organization\"},\"potentialAction\":[{\"@type\":\"SearchAction\",\"target\":{\"@type\":\"EntryPoint\",\"urlTemplate\":\"https:\\\/\\\/bertsch-holzbau.eu\\\/es\\\/?s={search_term_string}\"},\"query-input\":{\"@type\":\"PropertyValueSpecification\",\"valueRequired\":true,\"valueName\":\"search_term_string\"}}],\"inLanguage\":\"es\"},[],{\"@type\":\"Person\",\"@id\":\"https:\\\/\\\/bertsch-holzbau.eu\\\/es\\\/#\\\/schema\\\/person\\\/4d07e01b7bb73487a8592fbd925811e5\",\"name\":\"l.bertsch\",\"image\":{\"@type\":\"ImageObject\",\"inLanguage\":\"es\",\"@id\":\"https:\\\/\\\/bertsch-holzbau.eu\\\/wp-content\\\/litespeed\\\/avatar\\\/c7f290e24cac9aea0132e49c7d4d4a45.jpg?ver=1788160651\",\"url\":\"https:\\\/\\\/bertsch-holzbau.eu\\\/wp-content\\\/litespeed\\\/avatar\\\/c7f290e24cac9aea0132e49c7d4d4a45.jpg?ver=1788160651\",\"contentUrl\":\"https:\\\/\\\/bertsch-holzbau.eu\\\/wp-content\\\/litespeed\\\/avatar\\\/c7f290e24cac9aea0132e49c7d4d4a45.jpg?ver=1788160651\",\"caption\":\"l.bertsch\"},\"url\":\"https:\\\/\\\/bertsch-holzbau.eu\\\/es\\\/blog\\\/author\\\/l-bertsch\\\/\"}]}<\/script>\n<!-- \/ Yoast SEO plugin. -->","yoast_head_json":{"title":"VARIO de ZULUNA y H\u00f6rmann \u2013 caseta de jard\u00edn modular y con estilo","description":"La caseta VARIO de metal y madera: ideal como oficina, taller o zona de descanso en el jard\u00edn. Dise\u00f1o elegante, estructura duradera y funcionalidad moderna.","robots":{"index":"index","follow":"follow","max-snippet":"max-snippet:-1","max-image-preview":"max-image-preview:large","max-video-preview":"max-video-preview:-1"},"og_locale":"es_ES","og_type":"article","og_title":"VARIO de ZULUNA y H\u00f6rmann \u2013 caseta de jard\u00edn modular y con estilo","og_description":"La caseta VARIO de metal y madera: ideal como oficina, taller o zona de descanso en el jard\u00edn. Dise\u00f1o elegante, estructura duradera y funcionalidad moderna.","og_url":"https:\/\/bertsch-holzbau.eu\/es\/blog\/casa-de-jardin-vario-novedad-de-zuluna-y-hormann\/","og_site_name":"BHB Bertsch Holzbau","article_publisher":"https:\/\/www.facebook.com\/bertschholzbau\/","article_published_time":"2025-07-22T14:08:48+00:00","article_modified_time":"2025-07-23T11:41:16+00:00","og_image":[{"width":1200,"height":900,"url":"https:\/\/bertsch-holzbau.eu\/wp-content\/uploads\/2025\/07\/Grafika_46_Targi.jpg","type":"image\/jpeg"}],"author":"l.bertsch","twitter_card":"summary_large_image","twitter_misc":{"Escrito por":"l.bertsch","Tiempo de lectura":"4 minutos"},"schema":{"@context":"https:\/\/schema.org","@graph":[{"@type":"Article","@id":"https:\/\/bertsch-holzbau.eu\/es\/blog\/casa-de-jardin-vario-novedad-de-zuluna-y-hormann\/#article","isPartOf":{"@id":"https:\/\/bertsch-holzbau.eu\/es\/blog\/casa-de-jardin-vario-novedad-de-zuluna-y-hormann\/"},"author":{"name":"l.bertsch","@id":"https:\/\/bertsch-holzbau.eu\/es\/#\/schema\/person\/4d07e01b7bb73487a8592fbd925811e5"},"headline":"VARIO de ZULUNA y H\u00f6rmann: donde el aluminio se une con la madera en una moderna caseta de jard\u00edn","datePublished":"2025-07-22T14:08:48+00:00","dateModified":"2025-07-23T11:41:16+00:00","mainEntityOfPage":{"@id":"https:\/\/bertsch-holzbau.eu\/es\/blog\/casa-de-jardin-vario-novedad-de-zuluna-y-hormann\/"},"wordCount":987,"commentCount":0,"publisher":{"@id":"https:\/\/bertsch-holzbau.eu\/es\/#organization"},"image":{"@id":"https:\/\/bertsch-holzbau.eu\/es\/blog\/casa-de-jardin-vario-novedad-de-zuluna-y-hormann\/#primaryimage"},"thumbnailUrl":"https:\/\/bertsch-holzbau.eu\/wp-content\/uploads\/2025\/07\/Grafika_46_Targi.jpg","articleSection":["Noticias de BHB"],"inLanguage":"es","potentialAction":[{"@type":"CommentAction","name":"Comment","target":["https:\/\/bertsch-holzbau.eu\/es\/blog\/casa-de-jardin-vario-novedad-de-zuluna-y-hormann\/#respond"]}]},{"@type":"WebPage","@id":"https:\/\/bertsch-holzbau.eu\/es\/blog\/casa-de-jardin-vario-novedad-de-zuluna-y-hormann\/","url":"https:\/\/bertsch-holzbau.eu\/es\/blog\/casa-de-jardin-vario-novedad-de-zuluna-y-hormann\/","name":"VARIO de ZULUNA y H\u00f6rmann \u2013 caseta de jard\u00edn modular y con estilo","isPartOf":{"@id":"https:\/\/bertsch-holzbau.eu\/es\/#website"},"primaryImageOfPage":{"@id":"https:\/\/bertsch-holzbau.eu\/es\/blog\/casa-de-jardin-vario-novedad-de-zuluna-y-hormann\/#primaryimage"},"image":{"@id":"https:\/\/bertsch-holzbau.eu\/es\/blog\/casa-de-jardin-vario-novedad-de-zuluna-y-hormann\/#primaryimage"},"thumbnailUrl":"https:\/\/bertsch-holzbau.eu\/wp-content\/uploads\/2025\/07\/Grafika_46_Targi.jpg","datePublished":"2025-07-22T14:08:48+00:00","dateModified":"2025-07-23T11:41:16+00:00","description":"La caseta VARIO de metal y madera: ideal como oficina, taller o zona de descanso en el jard\u00edn. Dise\u00f1o elegante, estructura duradera y funcionalidad moderna.","breadcrumb":{"@id":"https:\/\/bertsch-holzbau.eu\/es\/blog\/casa-de-jardin-vario-novedad-de-zuluna-y-hormann\/#breadcrumb"},"inLanguage":"es","potentialAction":[{"@type":"ReadAction","target":["https:\/\/bertsch-holzbau.eu\/es\/blog\/casa-de-jardin-vario-novedad-de-zuluna-y-hormann\/"]}]},{"@type":"ImageObject","inLanguage":"es","@id":"https:\/\/bertsch-holzbau.eu\/es\/blog\/casa-de-jardin-vario-novedad-de-zuluna-y-hormann\/#primaryimage","url":"https:\/\/bertsch-holzbau.eu\/wp-content\/uploads\/2025\/07\/Grafika_46_Targi.jpg","contentUrl":"https:\/\/bertsch-holzbau.eu\/wp-content\/uploads\/2025\/07\/Grafika_46_Targi.jpg","width":1200,"height":900},{"@type":"BreadcrumbList","@id":"https:\/\/bertsch-holzbau.eu\/es\/blog\/casa-de-jardin-vario-novedad-de-zuluna-y-hormann\/#breadcrumb","itemListElement":[{"@type":"ListItem","position":1,"name":"Home","item":"https:\/\/bertsch-holzbau.eu\/es\/"},{"@type":"ListItem","position":2,"name":"VARIO de ZULUNA y H\u00f6rmann: donde el aluminio se une con la madera en una moderna caseta de jard\u00edn"}]},{"@type":"WebSite","@id":"https:\/\/bertsch-holzbau.eu\/es\/#website","url":"https:\/\/bertsch-holzbau.eu\/es\/","name":"BHB Bertsch Holzbau","description":"","publisher":{"@id":"https:\/\/bertsch-holzbau.eu\/es\/#organization"},"potentialAction":[{"@type":"SearchAction","target":{"@type":"EntryPoint","urlTemplate":"https:\/\/bertsch-holzbau.eu\/es\/?s={search_term_string}"},"query-input":{"@type":"PropertyValueSpecification","valueRequired":true,"valueName":"search_term_string"}}],"inLanguage":"es"},[],{"@type":"Person","@id":"https:\/\/bertsch-holzbau.eu\/es\/#\/schema\/person\/4d07e01b7bb73487a8592fbd925811e5","name":"l.bertsch","image":{"@type":"ImageObject","inLanguage":"es","@id":"https:\/\/bertsch-holzbau.eu\/wp-content\/litespeed\/avatar\/c7f290e24cac9aea0132e49c7d4d4a45.jpg?ver=1788160651","url":"https:\/\/bertsch-holzbau.eu\/wp-content\/litespeed\/avatar\/c7f290e24cac9aea0132e49c7d4d4a45.jpg?ver=1788160651","contentUrl":"https:\/\/bertsch-holzbau.eu\/wp-content\/litespeed\/avatar\/c7f290e24cac9aea0132e49c7d4d4a45.jpg?ver=1788160651","caption":"l.bertsch"},"url":"https:\/\/bertsch-holzbau.eu\/es\/blog\/author\/l-bertsch\/"}]}},"_links":{"self":[{"href":"https:\/\/bertsch-holzbau.eu\/es\/wp-json\/wp\/v2\/posts\/101690","targetHints":{"allow":["GET"]}}],"collection":[{"href":"https:\/\/bertsch-holzbau.eu\/es\/wp-json\/wp\/v2\/posts"}],"about":[{"href":"https:\/\/bertsch-holzbau.eu\/es\/wp-json\/wp\/v2\/types\/post"}],"author":[{"embeddable":true,"href":"https:\/\/bertsch-holzbau.eu\/es\/wp-json\/wp\/v2\/users\/4"}],"replies":[{"embeddable":true,"href":"https:\/\/bertsch-holzbau.eu\/es\/wp-json\/wp\/v2\/comments?post=101690"}],"version-history":[{"count":2,"href":"https:\/\/bertsch-holzbau.eu\/es\/wp-json\/wp\/v2\/posts\/101690\/revisions"}],"predecessor-version":[{"id":101695,"href":"https:\/\/bertsch-holzbau.eu\/es\/wp-json\/wp\/v2\/posts\/101690\/revisions\/101695"}],"wp:featuredmedia":[{"embeddable":true,"href":"https:\/\/bertsch-holzbau.eu\/es\/wp-json\/wp\/v2\/media\/101661"}],"wp:attachment":[{"href":"https:\/\/bertsch-holzbau.eu\/es\/wp-json\/wp\/v2\/media?parent=101690"}],"wp:term":[{"taxonomy":"category","embeddable":true,"href":"https:\/\/bertsch-holzbau.eu\/es\/wp-json\/wp\/v2\/categories?post=101690"},{"taxonomy":"post_tag","embeddable":true,"href":"https:\/\/bertsch-holzbau.eu\/es\/wp-json\/wp\/v2\/tags?post=101690"}],"curies":[{"name":"wp","href":"https:\/\/api.w.org\/{rel}","templated":true}]}}